{"id":134406,"date":"2020-05-01T13:43:06","date_gmt":"2020-05-01T11:43:06","guid":{"rendered":"https:\/\/www.radiopiu.net\/wordpress\/?p=134406"},"modified":"2020-05-01T13:43:06","modified_gmt":"2020-05-01T11:43:06","slug":"la-provincia-di-belluno-scrive-a-dolomiti-bus-perche-rimetta-in-moto-il-servizio-extraurbano-obiettivo-arrivare-almeno-al-50-dei-livelli-di-servizio-pre-epidemia","status":"publish","type":"post","link":"https:\/\/www.radiopiu.net\/wordpress\/la-provincia-di-belluno-scrive-a-dolomiti-bus-perche-rimetta-in-moto-il-servizio-extraurbano-obiettivo-arrivare-almeno-al-50-dei-livelli-di-servizio-pre-epidemia\/","title":{"rendered":"LA PROVINCIA DI BELLUNO SCRIVE A DOLOMITI BUS PERCH\u00c9 RIMETTA IN MOTO IL SERVIZIO EXTRAURBANO. OBIETTIVO: ARRIVARE ALMENO AL 50% DEI LIVELLI DI SERVIZIO PRE-EPIDEMIA"},"content":{"rendered":"<p><strong><a class=\"dt-pswp-item\" href=\"https:\/\/www.radiopiu.net\/wordpress\/wp-content\/uploads\/2018\/08\/dolomitibus.jpeg\" data-dt-img-description=\"\" data-large_image_width=\"621\" data-large_image_height=\"414\"><img loading=\"lazy\" decoding=\"async\" class=\"size-medium wp-image-59158 alignleft\" src=\"https:\/\/www.radiopiu.net\/wordpress\/wp-content\/uploads\/2018\/08\/dolomitibus-300x200.jpeg\" alt=\"\" width=\"300\" height=\"200\" srcset=\"https:\/\/www.radiopiu.net\/wordpress\/wp-content\/uploads\/2018\/08\/dolomitibus-300x200.jpeg 300w, https:\/\/www.radiopiu.net\/wordpress\/wp-content\/uploads\/2018\/08\/dolomitibus.jpeg 621w\" sizes=\"auto, (max-width: 300px) 100vw, 300px\" \/><\/a>BELLUNO<\/strong>\u00a0<span class=\"s2\"><span class=\"bumpedFont15\">\u201c<em>I<\/em><\/span><\/span><span class=\"s2\"><span class=\"bumpedFont15\"><em>l momento non \u00e8 facile e le incertezze rimangono molte, in tantissimi settori. Il trasporto pubblico locale &#8211; soprattutto nei collegam<\/em><\/span><\/span><em><span class=\"s2\"><span class=\"bumpedFont15\">e<\/span><\/span><span class=\"s2\"><span class=\"bumpedFont15\">nti extraurbani t<\/span><\/span><span class=\"s2\"><span class=\"bumpedFont15\">ra<\/span><\/span><span class=\"s2\"><span class=\"bumpedFont15\">\u00a0le zone marginali<\/span><\/span><span class=\"s2\"><span class=\"bumpedFont15\">\u00a0<\/span><\/span><span class=\"s2\"><span class=\"bumpedFont15\">e i paesi di montagna<\/span><\/span><span class=\"s2\"><span class=\"bumpedFont15\">\u00a0con i centri maggiori<\/span><\/span><span class=\"s2\"><span class=\"bumpedFont15\">, co<\/span><\/span><span class=\"s2\"><span class=\"bumpedFont15\">me<\/span><\/span><span class=\"s2\"><span class=\"bumpedFont15\">\u00a0nel caso d<\/span><\/span><span class=\"s2\"><span class=\"bumpedFont15\">ella\u00a0<\/span><\/span><span class=\"s2\"><span class=\"bumpedFont15\">nostra provincia<\/span><\/span><span class=\"s2\"><span class=\"bumpedFont15\">\u00a0&#8211;<\/span><\/span><span class=\"s2\"><span class=\"bumpedFont15\">\u00a0\u00e8 per\u00f2 un servizio primario e irrinunciabile<\/span><\/span><span class=\"s2\"><span class=\"bumpedFont15\">,<\/span><\/span><span class=\"s2\"><span class=\"bumpedFont15\">\u00a0che deve\u00a0<\/span><\/span><span class=\"s2\"><span class=\"bumpedFont15\">e<\/span><\/span><\/em><span class=\"s2\"><span class=\"bumpedFont15\"><em>ssere riattivato con celerit\u00e0 e in via prioritaria<\/em>\u201d. \u00a0<\/span><\/span><span class=\"s2\"><span class=\"bumpedFont15\">Cos\u00ec i<\/span><\/span><span class=\"s2\"><span class=\"bumpedFont15\">l<\/span><\/span><span class=\"s2\"><span class=\"bumpedFont15\">\u00a0consi<\/span><\/span><span class=\"s2\"><span class=\"bumpedFont15\">gliere<\/span><\/span><span class=\"s2\"><span class=\"bumpedFont15\">\u00a0provinciale con delega al<\/span><\/span><span class=\"s2\"><span class=\"bumpedFont15\">la<\/span><\/span><span class=\"s2\"><span class=\"bumpedFont15\">\u00a0mobilit\u00e0\u00a0<\/span><\/span><span class=\"s2\"><span class=\"bumpedFont15\">e ai\u00a0<\/span><\/span><span class=\"s2\"><span class=\"bumpedFont15\">trasporti Dario\u00a0<\/span><\/span><span class=\"s2\"><span class=\"bumpedFont15\">Scop<\/span><\/span><span class=\"s2\"><span class=\"bumpedFont15\">e<\/span><\/span><span class=\"s2\"><span class=\"bumpedFont15\">l<\/span><\/span><span class=\"s2\"><span class=\"bumpedFont15\">, a comme<\/span><\/span><span class=\"s2\"><span class=\"bumpedFont15\">n<\/span><\/span><span class=\"s2\"><span class=\"bumpedFont15\">to di una lettera inviata in queste ore ai ve<\/span><\/span><span class=\"s2\"><span class=\"bumpedFont15\">r<\/span><\/span><span class=\"s2\"><span class=\"bumpedFont15\">tici di Dolomiti Bus e firmata congiuntam<\/span><\/span><span class=\"s2\"><span class=\"bumpedFont15\">ente al<\/span><\/span><span class=\"s2\"><span class=\"bumpedFont15\">\u00a0<\/span><\/span><span class=\"s2\"><span class=\"bumpedFont15\">presidente della Provincia Roberto\u00a0<\/span><\/span><span class=\"s2\"><span class=\"bumpedFont15\">Padrin<\/span><\/span><span class=\"s2\"><span class=\"bumpedFont15\">.\u00a0<\/span><\/span><span class=\"s2\"><span class=\"bumpedFont15\">\u201c<\/span><\/span><em><span class=\"s2\"><span class=\"bumpedFont15\">Al momento, sottolinea\u00a0<\/span><\/span><span class=\"s2\"><span class=\"bumpedFont15\">Scopel<\/span><\/span><span class=\"s2\"><span class=\"bumpedFont15\">, stiamo erogando meno del 20% del servizio totale previsto per<\/span><\/span><span class=\"s2\"><span class=\"bumpedFont15\">\u00a0<\/span><\/span><span class=\"s2\"><span class=\"bumpedFont15\">le linee extraurbane<\/span><\/span><span class=\"s2\"><span class=\"bumpedFont15\">: per molti nostri concittadini che vivono in aree periferiche e non dispongono di un mezzo proprio \u00e8 dunque quasi impossibile spostarsi. Nel momento in cui si delineano le nuove misure di allentamento delle restrizioni, dobbiamo dunque farci trovare pronti con un piano di riattivazione puntuale e sostanzioso; questo, naturalmente, nel pieno rispetto delle normative sulla sicurezza<\/span><\/span>\u00a0<span class=\"s2\"><span class=\"bumpedFont15\">sia nazionali che regionali<\/span><\/span>\u00a0(<span class=\"s2\"><span class=\"bumpedFont15\">sanificazione\u00a0<\/span><\/span><span class=\"s2\"><span class=\"bumpedFont15\">dei\u00a0<\/span><\/span><span class=\"s2\"><span class=\"bumpedFont15\">mezzi, distanziamento<\/span><\/span><span class=\"s2\"><span class=\"bumpedFont15\">\u00a0degli utenti<\/span><\/span><span class=\"s2\"><span class=\"bumpedFont15\">, capienza massima dei mezzi)<\/span><\/span><span class=\"s2\"><span class=\"bumpedFont15\">.<\/span><\/span><span class=\"s2\"><span class=\"bumpedFont15\">\u00a0<\/span><\/span><span class=\"s2\"><span class=\"bumpedFont15\">La nostra intenzione, aggiunge il consigliere delegato alla mobilit\u00e0 e al trasporto, \u00e8 arrivare alla riattivazione di almeno il 50-60% del servizio, con priorit\u00e0\u00a0<\/span><\/span><span class=\"s2\"><span class=\"bumpedFont15\">per<\/span><\/span><\/em><span class=\"s2\"><span class=\"bumpedFont15\"><em>\u00a0quelle aree che soffrono maggiormente delle difficolt\u00e0 di collegamento con il capoluogo e le altre cittadine della provincia<\/em>\u201d.\u00a0<\/span><\/span><span class=\"s2\"><span class=\"bumpedFont15\">Per questo, come detto, \u00e8 partita in queste ore da Palazzo Piloni una lettera a firma congiunta tra lo stesso\u00a0<\/span><\/span><span class=\"s2\"><span class=\"bumpedFont15\">Scopel<\/span><\/span><span class=\"s2\"><span class=\"bumpedFont15\">\u00a0e il presidente\u00a0<\/span><\/span><span class=\"s2\"><span class=\"bumpedFont15\">Padrin<\/span><\/span><span class=\"s2\"><span class=\"bumpedFont15\">\u00a0all\u2019indirizzo di Dolomiti Bus<\/span><\/span><span class=\"s2\"><span class=\"bumpedFont15\">, per chiedere una rimodulazione del servizio e la proposta dei nuovi\u00a0<\/span><\/span><span class=\"s2\"><span class=\"bumpedFont15\">orari.\u00a0<\/span><\/span><span class=\"s2\"><span class=\"bumpedFont15\">L\u2019iniziativa parte dalle previsioni di una forte riduzione di domanda\u00a0<\/span><\/span><span class=\"s2\"><span class=\"bumpedFont15\">di trasporto pubblico rispetto al<\/span><\/span><span class=\"s2\"><span class=\"bumpedFont15\">\u00a0periodo\u00a0<\/span><\/span><span class=\"s2\"><span class=\"bumpedFont15\">pre<\/span><\/span><span class=\"s2\"><span class=\"bumpedFont15\">&#8211;<\/span><\/span><span class=\"s2\"><span class=\"bumpedFont15\">emergenza (si stima a livello nazionale pari al 15%)<\/span><\/span><span class=\"s2\"><span class=\"bumpedFont15\">; \u00e8 dunque il momento opportuno rimodulare i piani di servizio per raggiungere quel<\/span><\/span><span class=\"s2\"><span class=\"bumpedFont15\">\u00a0target<\/span><\/span><span class=\"s2\"><span class=\"bumpedFont15\">\u00a0di \u201criaperture\u201d dell\u2019ordine del 50 % che la Provincia si\u00a0<\/span><\/span><span class=\"s2\"><span class=\"bumpedFont15\">p<\/span><\/span><span class=\"s2\"><span class=\"bumpedFont15\">one come obiettivo.\u00a0<\/span><\/span><span class=\"s2\"><span class=\"bumpedFont15\">Un piano, sottolinea la Provincia di Belluno nella missiva Dolomiti Bus, che potr\u00e0 avvenire anche\u00a0<\/span><\/span><span class=\"s2\"><span class=\"bumpedFont15\">in diversi stralci<\/span><\/span><span class=\"s2\"><span class=\"bumpedFont15\">,<\/span><\/span><span class=\"s2\"><span class=\"bumpedFont15\">\u00a0dando la precedenza alle esigenze derivanti da motivi di lavoro che dovessero manifestarsi a seguito delle aperture delle attivit\u00e0 produttive nelle diverse aree della provincia<\/span><\/span><span class=\"s2\"><span class=\"bumpedFont15\">; p<\/span><\/span><span class=\"s2\"><span class=\"bumpedFont15\">otrebbero altres\u00ec essere individuati dei servizi da attivare solo a chiamata.\u00a0<\/span><\/span><span class=\"s2\"><span class=\"bumpedFont15\">\u201c<em>Restiamo dunque\u00a0<\/em><\/span><\/span><em><span class=\"s2\"><span class=\"bumpedFont15\">ora in attesa della\u00a0<\/span><\/span><span class=\"s2\"><span class=\"bumpedFont15\">proposta operativa\u00a0<\/span><\/span><span class=\"s2\"><span class=\"bumpedFont15\">della societ\u00e0 con tutti\u00a0<\/span><\/span><span class=\"s2\"><span class=\"bumpedFont15\">i dati\u00a0<\/span><\/span><span class=\"s2\"><span class=\"bumpedFont15\">utili e necessari per\u00a0<\/span><\/span><span class=\"s2\"><span class=\"bumpedFont15\">la programmazione dell<\/span><\/span><span class=\"s2\"><span class=\"bumpedFont15\">a parte residua dell\u2019<\/span><\/span><span class=\"s2\"><span class=\"bumpedFont15\">orario invernale 19\/20<\/span><\/span><span class=\"s2\"><span class=\"bumpedFont15\">\u00a0(fino al 7 giugno), ma anche per il prossimo orario estivo.<\/span><\/span><\/em><span class=\"s2\"><span class=\"bumpedFont15\"><em>\u00a0La partita della mobilit\u00e0 e del trasporto pubblico sono decisivi per il nostro territorio, pi\u00f9 che mai in questa fase di emergenza o post-emergenza; occorre farsi trovare preparati fin da subito<\/em>\u201d, conclude\u00a0<\/span><\/span><span class=\"s2\"><span class=\"bumpedFont15\">Scopel<\/span><\/span><\/p>\n","protected":false},"excerpt":{"rendered":"<p>BELLUNO\u00a0\u201cIl momento non \u00e8 facile e le incertezze rimangono molte, in tantissimi settori. Il trasporto pubblico locale &#8211; soprattutto nei collegamenti extraurbani tra\u00a0le zone marginali\u00a0e i paesi di montagna\u00a0con i centri maggiori, come\u00a0nel caso della\u00a0nostra provincia\u00a0&#8211;\u00a0\u00e8 per\u00f2 un servizio primario e irrinunciabile,\u00a0che deve\u00a0essere riattivato con celerit\u00e0 e in via prioritaria\u201d. \u00a0Cos\u00ec il\u00a0consigliere\u00a0provinciale con delega alla\u00a0mobilit\u00e0\u00a0e&hellip;<\/p>\n","protected":false},"author":4,"featured_media":59158,"comment_status":"closed","ping_status":"closed","sticky":false,"template":"","format":"standard","meta":{"_monsterinsights_skip_tracking":false,"_monsterinsights_sitenote_active":false,"_monsterinsights_sitenote_note":"","_monsterinsights_sitenote_category":0,"footnotes":""},"categories":[49],"tags":[],"class_list":["post-134406","post","type-post","status-publish","format-standard","has-post-thumbnail","hentry","category-news-18","category-49","description-off"],"img_url":"https:\/\/www.radiopiu.net\/wordpress\/wp-content\/uploads\/2018\/08\/dolomitibus.jpeg","_links":{"self":[{"href":"https:\/\/www.radiopiu.net\/wordpress\/wp-json\/wp\/v2\/posts\/134406","targetHints":{"allow":["GET"]}}],"collection":[{"href":"https:\/\/www.radiopiu.net\/wordpress\/wp-json\/wp\/v2\/posts"}],"about":[{"href":"https:\/\/www.radiopiu.net\/wordpress\/wp-json\/wp\/v2\/types\/post"}],"author":[{"embeddable":true,"href":"https:\/\/www.radiopiu.net\/wordpress\/wp-json\/wp\/v2\/users\/4"}],"replies":[{"embeddable":true,"href":"https:\/\/www.radiopiu.net\/wordpress\/wp-json\/wp\/v2\/comments?post=134406"}],"version-history":[{"count":0,"href":"https:\/\/www.radiopiu.net\/wordpress\/wp-json\/wp\/v2\/posts\/134406\/revisions"}],"wp:featuredmedia":[{"embeddable":true,"href":"https:\/\/www.radiopiu.net\/wordpress\/wp-json\/wp\/v2\/media\/59158"}],"wp:attachment":[{"href":"https:\/\/www.radiopiu.net\/wordpress\/wp-json\/wp\/v2\/media?parent=134406"}],"wp:term":[{"taxonomy":"category","embeddable":true,"href":"https:\/\/www.radiopiu.net\/wordpress\/wp-json\/wp\/v2\/categories?post=134406"},{"taxonomy":"post_tag","embeddable":true,"href":"https:\/\/www.radiopiu.net\/wordpress\/wp-json\/wp\/v2\/tags?post=134406"}],"curies":[{"name":"wp","href":"https:\/\/api.w.org\/{rel}","templated":true}]}}