{"id":134422,"date":"2020-05-01T14:42:34","date_gmt":"2020-05-01T12:42:34","guid":{"rendered":"https:\/\/www.radiopiu.net\/wordpress\/?p=134422"},"modified":"2020-05-01T14:42:34","modified_gmt":"2020-05-01T12:42:34","slug":"primo-maggio-3-macchine-per-tamponi-nuove-le-frontiere-e-altro-dalla-conferenza-stampa-di-zaia","status":"publish","type":"post","link":"https:\/\/www.radiopiu.net\/wordpress\/primo-maggio-3-macchine-per-tamponi-nuove-le-frontiere-e-altro-dalla-conferenza-stampa-di-zaia\/","title":{"rendered":"PRIMO MAGGIO, 3 MACCHINE PER TAMPONI NUOVE, LE FRONTIERE E ALTRO. DALLA CONFERENZA STAMPA DI ZAIA"},"content":{"rendered":"<p><strong>PRIMO MAGGIO<\/strong><\/p>\n<p>Festa del lavoro atipica\u00a0 celebriamo la memoria, la storia ma anche il lavoro di chi non ce\u00a0 l\u2019ha e spera che ritorni e riparta tutto. E\u2019 la festa dei lavoratori che hanno rischiato la vita in un\u2019altra maniera. SI parlava di sicurezza nel lavoro mai nessuno avrebbe pensato che uscisse da un processo produttivo, oggi c\u2019\u00e8 la questione dei lavoratori della sanit\u00e0 che hanno perso la vita o si sono ammalati.<\/p>\n<audio class=\"wp-audio-shortcode\" id=\"audio-134422-1\" preload=\"none\" style=\"width: 100%;\" controls=\"controls\"><source type=\"audio\/mpeg\" src=\"https:\/\/www.radiopiu.net\/wordpress\/wp-content\/uploads\/2020\/05\/ZAIA-PRIMO-MAGGIO.mp3?_=1\" \/><a href=\"https:\/\/www.radiopiu.net\/wordpress\/wp-content\/uploads\/2020\/05\/ZAIA-PRIMO-MAGGIO.mp3\">https:\/\/www.radiopiu.net\/wordpress\/wp-content\/uploads\/2020\/05\/ZAIA-PRIMO-MAGGIO.mp3<\/a><\/audio>\n<p>&nbsp;<\/p>\n<p><strong>TAMPONI<\/strong><\/p>\n<p>Vogliamo acquistare tre macchine per Treviso, Vicenza e Venezia per fare pi\u00f9 tamponi, \u00e8 una macchina americana che oggi in Italia abbiamo solo noi. Produrranno 9000 per 3 tamponi al giorno, l\u2019obiettivo ambizioso \u00e8 di raggiungere i 50.000 al giorno. Il fattore limitante poi sar\u00e0 chi processa i tamponi, un\u2019artiglieria. Abbiamo chiesto a tutte le Ulss l\u2019elenco dei formati in grado di essere autonomi nel fare i tamponi<\/p>\n<audio class=\"wp-audio-shortcode\" id=\"audio-134422-2\" preload=\"none\" style=\"width: 100%;\" controls=\"controls\"><source type=\"audio\/mpeg\" src=\"https:\/\/www.radiopiu.net\/wordpress\/wp-content\/uploads\/2020\/05\/ZAIA-3-MACCHINE-NUOVE.mp3?_=2\" \/><a href=\"https:\/\/www.radiopiu.net\/wordpress\/wp-content\/uploads\/2020\/05\/ZAIA-3-MACCHINE-NUOVE.mp3\">https:\/\/www.radiopiu.net\/wordpress\/wp-content\/uploads\/2020\/05\/ZAIA-3-MACCHINE-NUOVE.mp3<\/a><\/audio>\n<p>&nbsp;<\/p>\n<p><strong>ORDINANZE<\/strong><\/p>\n<p>Resto fiducioso che si capisca che quelle emesse da noi non sono in contrasto con il DPCM ma fatte con il buon senso nel rispetto del cittadino, nel momento in cui si puo\u2019 andare dal congiunto che \u00e8 anche un amico, ognuno puo\u2019 uscire di casa quindi anche per una passeggiata o attivit\u00e0 motoria nel territorio comunale in solitaria con la mascherina e tutte le attenzioni del caso per il rispetto del distanziamento sociale<\/p>\n<audio class=\"wp-audio-shortcode\" id=\"audio-134422-3\" preload=\"none\" style=\"width: 100%;\" controls=\"controls\"><source type=\"audio\/mpeg\" src=\"https:\/\/www.radiopiu.net\/wordpress\/wp-content\/uploads\/2020\/05\/ZAIA-ORDINANZE-LUNEDI.mp3?_=3\" \/><a href=\"https:\/\/www.radiopiu.net\/wordpress\/wp-content\/uploads\/2020\/05\/ZAIA-ORDINANZE-LUNEDI.mp3\">https:\/\/www.radiopiu.net\/wordpress\/wp-content\/uploads\/2020\/05\/ZAIA-ORDINANZE-LUNEDI.mp3<\/a><\/audio>\n<p>&nbsp;<\/p>\n<p><strong>COMITATO SCIENTIFICO ALLA LUCE DEI NUMERI?<\/strong><\/p>\n<p>Non ha espresso opinioni e pareri perch\u00e9 legato a quello nazionale che ci mette il timbro anche dal punto di vista giuridico. E\u2019 una scelta nostra averlo regioanale, non tutte le regioni lo hanno quindi ci si rif\u00e0 al parere nazionale, il nostro \u00e8 di livello secondario perch\u00e9 questa \u00e8 la legge. Abbiamo chiuso il lockdown il 10 aprile con i codici Ateco e il silenzio assenso sulle aperture. Dopo 20 giorni si registrano solo cali. Quindi le aperture hanno prodotto zero impennate di contagi ed \u00e8 un dato molto positivo nel Veneto<\/p>\n<audio class=\"wp-audio-shortcode\" id=\"audio-134422-4\" preload=\"none\" style=\"width: 100%;\" controls=\"controls\"><source type=\"audio\/mpeg\" src=\"https:\/\/www.radiopiu.net\/wordpress\/wp-content\/uploads\/2020\/05\/ZAIA-COMITATO-SCENTIFICO.mp3?_=4\" \/><a href=\"https:\/\/www.radiopiu.net\/wordpress\/wp-content\/uploads\/2020\/05\/ZAIA-COMITATO-SCENTIFICO.mp3\">https:\/\/www.radiopiu.net\/wordpress\/wp-content\/uploads\/2020\/05\/ZAIA-COMITATO-SCENTIFICO.mp3<\/a><\/audio>\n<p>&nbsp;<\/p>\n<p><strong>IL 4 LA\u00a0 VARIABILE CAMBIERANNO MOLTE COSE, COSA RISPETTO A PRIMA? TRASPORTO PUBBLICO A ESEMPIO<\/strong><\/p>\n<p>Ne abbiamo parlato ci sono molte casistiche e si sono fatti accordi con le parti sociali. Portiamo avanti il distanziamento di un metro met\u00e0 del carico sui treni e un terzo sugli autobus. Triplicare i mezzi \u00e8 impossibile anche per mancanza di mezzi, dobbiamo lavorare sulle variazione degli orari di lavoro.<\/p>\n<audio class=\"wp-audio-shortcode\" id=\"audio-134422-5\" preload=\"none\" style=\"width: 100%;\" controls=\"controls\"><source type=\"audio\/mpeg\" src=\"https:\/\/www.radiopiu.net\/wordpress\/wp-content\/uploads\/2020\/05\/ZAIA-TRASPORTO-PUBBLICO.mp3?_=5\" \/><a href=\"https:\/\/www.radiopiu.net\/wordpress\/wp-content\/uploads\/2020\/05\/ZAIA-TRASPORTO-PUBBLICO.mp3\">https:\/\/www.radiopiu.net\/wordpress\/wp-content\/uploads\/2020\/05\/ZAIA-TRASPORTO-PUBBLICO.mp3<\/a><\/audio>\n<p>&nbsp;<\/p>\n<p><strong>TURISMO QUANDO RIAPRONO LE FRONTIERE\u00a0<\/strong><\/p>\n<p>Non si sa. l\u2019appello va sempre al turismo domestico. Fate turismo in Italia ma anche i veneti nel Veneto per scoprire localit\u00e0 ignorate dal lago alla montagna alle terme alle citt\u00e0 murate ai colli al prosecco al Polesine. Si puo\u2019 andare a sciare d\u2019estate in Marmolada<\/p>\n<audio class=\"wp-audio-shortcode\" id=\"audio-134422-6\" preload=\"none\" style=\"width: 100%;\" controls=\"controls\"><source type=\"audio\/mpeg\" src=\"https:\/\/www.radiopiu.net\/wordpress\/wp-content\/uploads\/2020\/05\/ZAIA-FRONTIERE.mp3?_=6\" \/><a href=\"https:\/\/www.radiopiu.net\/wordpress\/wp-content\/uploads\/2020\/05\/ZAIA-FRONTIERE.mp3\">https:\/\/www.radiopiu.net\/wordpress\/wp-content\/uploads\/2020\/05\/ZAIA-FRONTIERE.mp3<\/a><\/audio>\n","protected":false},"excerpt":{"rendered":"<p>PRIMO MAGGIO Festa del lavoro atipica\u00a0 celebriamo la memoria, la storia ma anche il lavoro di chi non ce\u00a0 l\u2019ha e spera che ritorni e riparta tutto. E\u2019 la festa dei lavoratori che hanno rischiato la vita in un\u2019altra maniera. SI parlava di sicurezza nel lavoro mai nessuno avrebbe pensato che uscisse da un processo&hellip;<\/p>\n","protected":false},"author":4,"featured_media":134423,"comment_status":"closed","ping_status":"closed","sticky":false,"template":"","format":"standard","meta":{"_monsterinsights_skip_tracking":false,"_monsterinsights_sitenote_active":false,"_monsterinsights_sitenote_note":"","_monsterinsights_sitenote_category":0,"footnotes":""},"categories":[49],"tags":[],"class_list":["post-134422","post","type-post","status-publish","format-standard","has-post-thumbnail","hentry","category-news-18","category-49","description-off"],"img_url":"https:\/\/www.radiopiu.net\/wordpress\/wp-content\/uploads\/2020\/05\/Zaia-OOOOKKKK.jpg","_links":{"self":[{"href":"https:\/\/www.radiopiu.net\/wordpress\/wp-json\/wp\/v2\/posts\/134422","targetHints":{"allow":["GET"]}}],"collection":[{"href":"https:\/\/www.radiopiu.net\/wordpress\/wp-json\/wp\/v2\/posts"}],"about":[{"href":"https:\/\/www.radiopiu.net\/wordpress\/wp-json\/wp\/v2\/types\/post"}],"author":[{"embeddable":true,"href":"https:\/\/www.radiopiu.net\/wordpress\/wp-json\/wp\/v2\/users\/4"}],"replies":[{"embeddable":true,"href":"https:\/\/www.radiopiu.net\/wordpress\/wp-json\/wp\/v2\/comments?post=134422"}],"version-history":[{"count":0,"href":"https:\/\/www.radiopiu.net\/wordpress\/wp-json\/wp\/v2\/posts\/134422\/revisions"}],"wp:featuredmedia":[{"embeddable":true,"href":"https:\/\/www.radiopiu.net\/wordpress\/wp-json\/wp\/v2\/media\/134423"}],"wp:attachment":[{"href":"https:\/\/www.radiopiu.net\/wordpress\/wp-json\/wp\/v2\/media?parent=134422"}],"wp:term":[{"taxonomy":"category","embeddable":true,"href":"https:\/\/www.radiopiu.net\/wordpress\/wp-json\/wp\/v2\/categories?post=134422"},{"taxonomy":"post_tag","embeddable":true,"href":"https:\/\/www.radiopiu.net\/wordpress\/wp-json\/wp\/v2\/tags?post=134422"}],"curies":[{"name":"wp","href":"https:\/\/api.w.org\/{rel}","templated":true}]}}