{"id":134458,"date":"2023-04-07T05:19:22","date_gmt":"2023-04-07T03:19:22","guid":{"rendered":"https:\/\/www.radiopiu.net\/wordpress\/?p=134458"},"modified":"2023-04-07T05:28:53","modified_gmt":"2023-04-07T03:28:53","slug":"il-giorno-dellappello-si-ai-cani-guida-anche-sulle-scale-mobili-di-lambioi","status":"publish","type":"post","link":"https:\/\/www.radiopiu.net\/wordpress\/il-giorno-dellappello-si-ai-cani-guida-anche-sulle-scale-mobili-di-lambioi\/","title":{"rendered":"IN CASSAZIONE, DISCRIMINAZIONE DEI DISABILI VISIVI SULLE SCALE MOBILI"},"content":{"rendered":"<p><strong>REDAZIONE<\/strong> Giornata storica per la tutela delle persone disabili vittime di discriminazione. La Corte di Cassazione sigla, di fatto, il primo precedente della Corte in materia di tutela giurisdizionale delle persone disabili vittime di discriminazione. Non si tratta di un caso di barriere architettoniche, per il quale la Cassazione si era gi\u00e0 espressa nel recente passato.\u00a0 \u00a0La Suprema Corte ha,\u00a0 rigettato sia il ricorso proposto dal Comune di Belluno sia quello incidentale svolto da Bellunum s.r.l., stabilendo in maniera definitiva ed inequivocabile la natura discriminatoria delle condotte tenute da entrambe nei confronti dei disabili visivi accompagnati dai loro cani guida e condannando l\u2019ente e la societ\u00e0 partecipata anche alle spese del giudizio di Cassazione. I legali dei ricorrenti, avvocato Chiara Frare, con studio a San Don\u00e0 di Piave\u00a0 commenta: \u201c<em>La sentenza della Suprema Corte, unitamente alla precedente sentenza della Corte d\u2019Appello di Venezia del 2020 oggi divenuta definitiva, rappresentano la pietra angolare per la tutela delle persone disabili vittime di discriminazione\u201d In effetti si tratta delle prime sentenze concernenti la discriminazione in ragione della disabilit\u00e0, svincolate dalle tematiche relative alle barriere architettoniche ma riguardanti il diritto del disabile visivo di essere accompagnato nella sua quotidianit\u00e0 da un cane guida, anche a prescindere dal contenuto di norme tecniche riguardanti la sicurezza dei trasporti. Con queste due pronunce si \u00e8 finalmente ottenuta una piena applicazione della Legge n. 67\/2006 che tutela le persone disabili vittime di discriminazione.\u00a0<\/em><\/p>\n<p>&nbsp;<\/p>\n<p>&nbsp;<\/p>\n<p>&nbsp;<\/p>\n<p><strong>ARCHIVIO RADIOPIU, 02 MAGGIO 2020<\/strong><\/p>\n<p><strong>IL GIORNO DELL&#8217;APPELLO: SI AI CANI GUIDA ANCHE SULLE SCALE MOBILI DI LAMBIOI<\/strong><\/p>\n<p><strong><a class=\"dt-pswp-item\" href=\"https:\/\/www.radiopiu.net\/wordpress\/wp-content\/uploads\/2020\/05\/645e0044-b341-492a-b95a-80d70f5985ea.jpg\" data-dt-img-description=\"\" data-large_image_width=\"1508\" data-large_image_height=\"1230\"><img loading=\"lazy\" decoding=\"async\" class=\"wp-image-134461 alignleft\" src=\"https:\/\/www.radiopiu.net\/wordpress\/wp-content\/uploads\/2020\/05\/645e0044-b341-492a-b95a-80d70f5985ea-1024x835.jpg\" alt=\"\" width=\"276\" height=\"225\" srcset=\"https:\/\/www.radiopiu.net\/wordpress\/wp-content\/uploads\/2020\/05\/645e0044-b341-492a-b95a-80d70f5985ea-1024x835.jpg 1024w, https:\/\/www.radiopiu.net\/wordpress\/wp-content\/uploads\/2020\/05\/645e0044-b341-492a-b95a-80d70f5985ea-300x245.jpg 300w, https:\/\/www.radiopiu.net\/wordpress\/wp-content\/uploads\/2020\/05\/645e0044-b341-492a-b95a-80d70f5985ea-768x626.jpg 768w, https:\/\/www.radiopiu.net\/wordpress\/wp-content\/uploads\/2020\/05\/645e0044-b341-492a-b95a-80d70f5985ea.jpg 1508w\" sizes=\"auto, (max-width: 276px) 100vw, 276px\" \/><\/a>BELLUNO<\/strong> Dopo anni di battaglie legali la sentenza della Corte d\u2019appello di Venezia, quindi al secondo grado di giudizio (appello) che condanna l&#8217;amministrazione comunale di Belluno e la Bellunum Srl. Riportiamo le parole dell\u2019avvocato Chiara Frare sulla sentenza: <em>\u201cLa Corte d\u2019Appello ha ritenuto responsabili sia il Comune di Belluno sia la societ\u00e0 partecipata Bellunum s.r.l. di condotte discriminatorie nei confronti di persone disabili visive accompagnate dal proprio cane guida per i fatti accaduti il 9 maggio di cinque anni fa sulle scale mobili di Lambioi e per il cartello di divieto di accesso apposto, Il tribunale di Venezia ha scritto una condanna che prevede il risarcimento del danno morale ma anche la cessazione delle condotte discriminatorie nei confronti dei diversamente abili\u201d<\/em>. Per l&#8217;avvocato<em> \u201cUna sentenza importantissima, un grande passo in avanti per la tutela giudiziaria delle persone con disabilit\u00e0, vittime di discriminazioni\u201d<\/em> Alessandra Bragagnolo, Ilaria Frenez, Fernando Giacomin, Mauro Quintavalle, Laura Raffaeli, Massimo Vettoretti, Nadia Zanella, Simona Zanel che hanno sporto denuncia dichiarano<em> \u201cTutti noi siamo appagati dal risultato ottenuto, poich\u00e9 quel giorno, assieme ai nostri cani guida, ci siamo ritrovati a subire su quelle scale mobili una umiliazione e una discriminazione in quanto persone con disabilit\u00e0 visiva che hanno scelto un cane guida come ausilio per la propria libert\u00e0 di vivere autonomamente. L\u2019impegno e le competenze dell\u2019avvocato Frare sono state determinanti per l\u2019ottenimento di questa sentenza (nel giudizio di secondo grado ndr.) che rappresenta un importante traguardo contro la lotta alle discriminazioni\u201d.<\/em><\/p>\n<p><strong>LA STORIA<\/strong><\/p>\n<p>Nel 2015 un gruppo di amici con disabilit\u00e0 visive, provenienti da varie parti d\u2019Italia, accompagnati dai loro cani guida, si recarono in visita nella citt\u00e0 di Belluno. Arrivati al parcheggio di Lambioi, vennero bloccati dagli addetti dell\u2019impianto delle scale mobili e fu impedito loro, con arresto della scala, di raggiungere il centro citt\u00e0. Da qualche tempo la societ\u00e0 Bellunum s.r.l., gestore dell\u2019impianto, in accordo con l\u2019amministrazione comunale, aveva affisso all\u2019ingresso un cartello in cui si vietava l\u2019accesso all\u2019impianto anche ai cani guida che accompagnano le persone disabili visive ovunque nei loro spostamenti. Questo gruppo di amici si \u00e8 trovato a dover contrastare una violazione di legge subendo una discriminazione dovuta alla loro disabilit\u00e0. La vicenda arriv\u00f2 al tribunale di Belluno dove le richieste di questi amici, in prima istanza, furono rigettate. Quindi il seguito della vicenda nell&#8217;appello avanti ai giudici veneziani.<\/p>\n<p>&nbsp;<\/p>\n<p>&nbsp;<\/p>\n<p>&nbsp;<\/p>\n<p>&nbsp;<\/p>\n<hr \/>\n<p>&nbsp;<\/p>\n","protected":false},"excerpt":{"rendered":"<p>REDAZIONE Giornata storica per la tutela delle persone disabili vittime di discriminazione. La Corte di Cassazione sigla, di fatto, il primo precedente della Corte in materia di tutela giurisdizionale delle persone disabili vittime di discriminazione. Non si tratta di un caso di barriere architettoniche, per il quale la Cassazione si era gi\u00e0 espressa nel recente&hellip;<\/p>\n","protected":false},"author":1,"featured_media":134461,"comment_status":"closed","ping_status":"closed","sticky":false,"template":"","format":"standard","meta":{"_monsterinsights_skip_tracking":false,"_monsterinsights_sitenote_active":false,"_monsterinsights_sitenote_note":"","_monsterinsights_sitenote_category":0,"footnotes":""},"categories":[51,49],"tags":[],"class_list":["post-134458","post","type-post","status-publish","format-standard","has-post-thumbnail","hentry","category-evidenza-top","category-news-18","category-51","category-49","description-off"],"img_url":"https:\/\/www.radiopiu.net\/wordpress\/wp-content\/uploads\/2020\/05\/645e0044-b341-492a-b95a-80d70f5985ea.jpg","_links":{"self":[{"href":"https:\/\/www.radiopiu.net\/wordpress\/wp-json\/wp\/v2\/posts\/134458","targetHints":{"allow":["GET"]}}],"collection":[{"href":"https:\/\/www.radiopiu.net\/wordpress\/wp-json\/wp\/v2\/posts"}],"about":[{"href":"https:\/\/www.radiopiu.net\/wordpress\/wp-json\/wp\/v2\/types\/post"}],"author":[{"embeddable":true,"href":"https:\/\/www.radiopiu.net\/wordpress\/wp-json\/wp\/v2\/users\/1"}],"replies":[{"embeddable":true,"href":"https:\/\/www.radiopiu.net\/wordpress\/wp-json\/wp\/v2\/comments?post=134458"}],"version-history":[{"count":0,"href":"https:\/\/www.radiopiu.net\/wordpress\/wp-json\/wp\/v2\/posts\/134458\/revisions"}],"wp:featuredmedia":[{"embeddable":true,"href":"https:\/\/www.radiopiu.net\/wordpress\/wp-json\/wp\/v2\/media\/134461"}],"wp:attachment":[{"href":"https:\/\/www.radiopiu.net\/wordpress\/wp-json\/wp\/v2\/media?parent=134458"}],"wp:term":[{"taxonomy":"category","embeddable":true,"href":"https:\/\/www.radiopiu.net\/wordpress\/wp-json\/wp\/v2\/categories?post=134458"},{"taxonomy":"post_tag","embeddable":true,"href":"https:\/\/www.radiopiu.net\/wordpress\/wp-json\/wp\/v2\/tags?post=134458"}],"curies":[{"name":"wp","href":"https:\/\/api.w.org\/{rel}","templated":true}]}}