{"id":134574,"date":"2020-05-02T11:27:54","date_gmt":"2020-05-02T09:27:54","guid":{"rendered":"https:\/\/www.radiopiu.net\/wordpress\/?p=134574"},"modified":"2020-05-02T11:27:54","modified_gmt":"2020-05-02T09:27:54","slug":"martedi-5-maggio-la-consegna-al-comune-del-sistema-di-monitoraggio-e-allarme-sul-rudan-a-vodo-di-cadore-lassessore-bottacin-sicurezza-del-territorio-sempre-in-primo-piano","status":"publish","type":"post","link":"https:\/\/www.radiopiu.net\/wordpress\/martedi-5-maggio-la-consegna-al-comune-del-sistema-di-monitoraggio-e-allarme-sul-rudan-a-vodo-di-cadore-lassessore-bottacin-sicurezza-del-territorio-sempre-in-primo-piano\/","title":{"rendered":"MARTED\u00cc 5 MAGGIO LA CONSEGNA AL COMUNE DEL SISTEMA DI MONITORAGGIO E ALLARME SUL RUDAN A VODO DI CADORE, L\u2019ASSESSORE BOTTACIN: \u201cSICUREZZA DEL TERRITORIO SEMPRE IN PRIMO PIANO\u201d"},"content":{"rendered":"<p><strong><a class=\"dt-pswp-item\" href=\"https:\/\/www.radiopiu.net\/wordpress\/wp-content\/uploads\/2020\/05\/564fca10-50c9-400f-9bc4-533e5fb31de8.jpg\" data-dt-img-description=\"\" data-large_image_width=\"1600\" data-large_image_height=\"1200\"><img loading=\"lazy\" decoding=\"async\" class=\"size-medium wp-image-134575 alignleft\" src=\"https:\/\/www.radiopiu.net\/wordpress\/wp-content\/uploads\/2020\/05\/564fca10-50c9-400f-9bc4-533e5fb31de8-300x225.jpg\" alt=\"\" width=\"300\" height=\"225\" srcset=\"https:\/\/www.radiopiu.net\/wordpress\/wp-content\/uploads\/2020\/05\/564fca10-50c9-400f-9bc4-533e5fb31de8-300x225.jpg 300w, https:\/\/www.radiopiu.net\/wordpress\/wp-content\/uploads\/2020\/05\/564fca10-50c9-400f-9bc4-533e5fb31de8-1024x768.jpg 1024w, https:\/\/www.radiopiu.net\/wordpress\/wp-content\/uploads\/2020\/05\/564fca10-50c9-400f-9bc4-533e5fb31de8-768x576.jpg 768w, https:\/\/www.radiopiu.net\/wordpress\/wp-content\/uploads\/2020\/05\/564fca10-50c9-400f-9bc4-533e5fb31de8-1536x1152.jpg 1536w, https:\/\/www.radiopiu.net\/wordpress\/wp-content\/uploads\/2020\/05\/564fca10-50c9-400f-9bc4-533e5fb31de8.jpg 1600w\" sizes=\"auto, (max-width: 300px) 100vw, 300px\" \/><\/a>VODO DI CADORE<\/strong> Terminata la realizzazione del sistema di monitoraggio ed allarme sul torrente Rudan, impianto che verr\u00e0 consegnato all\u2019amministrazione comunale di Vodo di Cadore marted\u00ec 5 maggio dai tecnici regionali dopo che nei giorni scorsi si \u00e8 provveduto a completare anche il collaudo.\u00a0\u201c<em>Con l\u2019obiettivo di mitigare il rischio in particolare per l\u2019abitato di Peaio \u2013 spiega l\u2019assessore alla Difesa del Suolo Gianpaolo Bottacin &#8211; sono diversi gli interventi che i nostri uffici regionali, del Genio Civile e dei Servizi Forestali regionali, hanno gi\u00e0 realizzato e continuano a programmare lungo il tratto terminale del corso d\u2019acqua, di cui il pi\u00f9 importante \u00e8 la grande briglia filtrante a monte dell\u2019abitato che \u00e8 stata gi\u00e0 in qualche occasione provvidenziale nel trattenere gran parte del materiale detritico rimobilizzato dalle frane<\/em>\u201d.\u00a0Ad integrazione delle opere strutturali di mitigazione del rischio ora si aggiunge anche un impianto di monitoraggio per il quale sono stati impegnati 240.000 euro. <a class=\"dt-pswp-item\" href=\"https:\/\/www.radiopiu.net\/wordpress\/wp-content\/uploads\/2020\/05\/60c88a97-23f1-4bd2-909d-fcb570e70deb.jpg\" data-dt-img-description=\"\" data-large_image_width=\"754\" data-large_image_height=\"1398\"><img loading=\"lazy\" decoding=\"async\" class=\"size-medium wp-image-134576 alignright\" src=\"https:\/\/www.radiopiu.net\/wordpress\/wp-content\/uploads\/2020\/05\/60c88a97-23f1-4bd2-909d-fcb570e70deb-162x300.jpg\" alt=\"\" width=\"162\" height=\"300\" srcset=\"https:\/\/www.radiopiu.net\/wordpress\/wp-content\/uploads\/2020\/05\/60c88a97-23f1-4bd2-909d-fcb570e70deb-162x300.jpg 162w, https:\/\/www.radiopiu.net\/wordpress\/wp-content\/uploads\/2020\/05\/60c88a97-23f1-4bd2-909d-fcb570e70deb-552x1024.jpg 552w, https:\/\/www.radiopiu.net\/wordpress\/wp-content\/uploads\/2020\/05\/60c88a97-23f1-4bd2-909d-fcb570e70deb.jpg 754w\" sizes=\"auto, (max-width: 162px) 100vw, 162px\" \/><\/a>\u201c<em>Questo sistema, che abbiamo attivato sulla base di un progetto definitivo redatto con il nostro braccio operativo di ARPAV &#8211; dettaglia l\u2019assessore -, \u00e8 stato collaudato con esito positivo e pu\u00f2 adesso essere attivato a supporto delle attivit\u00e0 di protezione civile del Comune relativamente alle colate detritiche provenienti dal Monte Antelao lungo il canalone del rio Rudan. E\u2019 costituito di due distinte stazioni, di sensori in grado di monitorare le precipitazioni intense che innescano il fenomeno di dissesto e l\u2019avanzamento verso l\u2019area abitata della colata detritica innescata lungo il corso d\u2019acqua<\/em>,\u201d.\u00a0Una prima stazione, per monitorare le precipitazioni intense, \u00e8 stata posizionata a quota 2.140 metri, nella zona di alimentazione delle colate detritiche ed \u00e8 costituita principalmente da due pluviometri.\u00a0Una seconda stazione \u00e8 stata invece posta in corrispondenza della briglia filtrante, alla quota di 905 metri, oltre che nell\u2019abitato di Peaio e lungo le vie di comunicazione dello stesso. Tale stazione comprende sensori in grado di segnalare il passaggio della colata costituiti da cavi a strappo, posti trasversalmente al corso d\u2019acqua a monte, in corrispondenza e a valle della briglia filtrante. Sempre afferenti a questa stazione sono stati predisposti un impianto d\u2019illuminazione dotato di 3 fari a led, i software di raccolta dati, elaborazione del segnale di allarme e gestione del sistema, oltre che gli impianti semaforici sulle viabilit\u00e0 comunali, i cartelli informativi e l\u2019impianto di diffusione del segnale di allarme (sirene, lampeggianti e sistema di invio della messaggistica di allertamento). <a class=\"dt-pswp-item\" href=\"https:\/\/www.radiopiu.net\/wordpress\/wp-content\/uploads\/2020\/05\/661a2f34-a2fa-427c-8721-75711dc9da78.jpg\" data-dt-img-description=\"\" data-large_image_width=\"960\" data-large_image_height=\"1280\"><img loading=\"lazy\" decoding=\"async\" class=\" wp-image-134577 alignleft\" src=\"https:\/\/www.radiopiu.net\/wordpress\/wp-content\/uploads\/2020\/05\/661a2f34-a2fa-427c-8721-75711dc9da78-225x300.jpg\" alt=\"\" width=\"155\" height=\"207\" srcset=\"https:\/\/www.radiopiu.net\/wordpress\/wp-content\/uploads\/2020\/05\/661a2f34-a2fa-427c-8721-75711dc9da78-225x300.jpg 225w, https:\/\/www.radiopiu.net\/wordpress\/wp-content\/uploads\/2020\/05\/661a2f34-a2fa-427c-8721-75711dc9da78-768x1024.jpg 768w, https:\/\/www.radiopiu.net\/wordpress\/wp-content\/uploads\/2020\/05\/661a2f34-a2fa-427c-8721-75711dc9da78.jpg 960w\" sizes=\"auto, (max-width: 155px) 100vw, 155px\" \/><\/a>\u201c<em>Con il supporto di ARPAV, della Protezione Civile, di Genio Civile e Servizi Forestali regionali, \u00e8 stato anche predisposto uno schema di Piano di Protezione civile che prevede le modalit\u00e0 di attivazione e gestione del sistema di monitoraggio secondo vari scenari di intervento e che anch\u2019esso verr\u00e0 consegnato al Comune<\/em>\u201d.\u00a0\u201c<em>Il sistema di monitoraggio comunale, ennesimo intervento con cui confermiamo la nostra scelta di mantenere la sicurezza del territorio sempre in primo piano &#8211; conclude Bottacin &#8211; verr\u00e0 prossimamente integrato anche con apparecchiature di segnalazione lungo la Strada statale di Alemagna, che saranno installate da parte di ANAS e che fruiranno della centralina di gestione gi\u00e0 montata dalla Regione<\/em>\u201d.<\/p>\n","protected":false},"excerpt":{"rendered":"<p>VODO DI CADORE Terminata la realizzazione del sistema di monitoraggio ed allarme sul torrente Rudan, impianto che verr\u00e0 consegnato all\u2019amministrazione comunale di Vodo di Cadore marted\u00ec 5 maggio dai tecnici regionali dopo che nei giorni scorsi si \u00e8 provveduto a completare anche il collaudo.\u00a0\u201cCon l\u2019obiettivo di mitigare il rischio in particolare per l\u2019abitato di Peaio&hellip;<\/p>\n","protected":false},"author":4,"featured_media":134575,"comment_status":"closed","ping_status":"closed","sticky":false,"template":"","format":"standard","meta":{"_monsterinsights_skip_tracking":false,"_monsterinsights_sitenote_active":false,"_monsterinsights_sitenote_note":"","_monsterinsights_sitenote_category":0,"footnotes":""},"categories":[49],"tags":[],"class_list":["post-134574","post","type-post","status-publish","format-standard","has-post-thumbnail","hentry","category-news-18","category-49","description-off"],"img_url":"https:\/\/www.radiopiu.net\/wordpress\/wp-content\/uploads\/2020\/05\/564fca10-50c9-400f-9bc4-533e5fb31de8.jpg","_links":{"self":[{"href":"https:\/\/www.radiopiu.net\/wordpress\/wp-json\/wp\/v2\/posts\/134574","targetHints":{"allow":["GET"]}}],"collection":[{"href":"https:\/\/www.radiopiu.net\/wordpress\/wp-json\/wp\/v2\/posts"}],"about":[{"href":"https:\/\/www.radiopiu.net\/wordpress\/wp-json\/wp\/v2\/types\/post"}],"author":[{"embeddable":true,"href":"https:\/\/www.radiopiu.net\/wordpress\/wp-json\/wp\/v2\/users\/4"}],"replies":[{"embeddable":true,"href":"https:\/\/www.radiopiu.net\/wordpress\/wp-json\/wp\/v2\/comments?post=134574"}],"version-history":[{"count":0,"href":"https:\/\/www.radiopiu.net\/wordpress\/wp-json\/wp\/v2\/posts\/134574\/revisions"}],"wp:featuredmedia":[{"embeddable":true,"href":"https:\/\/www.radiopiu.net\/wordpress\/wp-json\/wp\/v2\/media\/134575"}],"wp:attachment":[{"href":"https:\/\/www.radiopiu.net\/wordpress\/wp-json\/wp\/v2\/media?parent=134574"}],"wp:term":[{"taxonomy":"category","embeddable":true,"href":"https:\/\/www.radiopiu.net\/wordpress\/wp-json\/wp\/v2\/categories?post=134574"},{"taxonomy":"post_tag","embeddable":true,"href":"https:\/\/www.radiopiu.net\/wordpress\/wp-json\/wp\/v2\/tags?post=134574"}],"curies":[{"name":"wp","href":"https:\/\/api.w.org\/{rel}","templated":true}]}}