{"id":134654,"date":"2020-05-02T18:34:40","date_gmt":"2020-05-02T16:34:40","guid":{"rendered":"https:\/\/www.radiopiu.net\/wordpress\/?p=134654"},"modified":"2020-05-02T20:16:30","modified_gmt":"2020-05-02T18:16:30","slug":"da-lunedi-entra-in-vigore-il-nuovo-dpcm-ma-chi-sono-i-congiunti","status":"publish","type":"post","link":"https:\/\/www.radiopiu.net\/wordpress\/da-lunedi-entra-in-vigore-il-nuovo-dpcm-ma-chi-sono-i-congiunti\/","title":{"rendered":"DA LUNEDI&#8217; ENTRA IN VIGORE IL NUOVO DPCM, MA CHI SONO I CONGIUNTI?"},"content":{"rendered":"<p><strong><a class=\"dt-pswp-item\" href=\"https:\/\/www.radiopiu.net\/wordpress\/wp-content\/uploads\/2020\/04\/passeggiata.jpg\" data-dt-img-description=\"\" data-large_image_width=\"1920\" data-large_image_height=\"1281\"><img loading=\"lazy\" decoding=\"async\" class=\"size-medium wp-image-133426 alignleft\" src=\"https:\/\/www.radiopiu.net\/wordpress\/wp-content\/uploads\/2020\/04\/passeggiata-300x200.jpg\" alt=\"\" width=\"300\" height=\"200\" srcset=\"https:\/\/www.radiopiu.net\/wordpress\/wp-content\/uploads\/2020\/04\/passeggiata-300x200.jpg 300w, https:\/\/www.radiopiu.net\/wordpress\/wp-content\/uploads\/2020\/04\/passeggiata-1024x683.jpg 1024w, https:\/\/www.radiopiu.net\/wordpress\/wp-content\/uploads\/2020\/04\/passeggiata-768x512.jpg 768w, https:\/\/www.radiopiu.net\/wordpress\/wp-content\/uploads\/2020\/04\/passeggiata-1536x1025.jpg 1536w, https:\/\/www.radiopiu.net\/wordpress\/wp-content\/uploads\/2020\/04\/passeggiata.jpg 1920w\" sizes=\"auto, (max-width: 300px) 100vw, 300px\" \/><\/a>ROMA<\/strong> Nelle ultime ore sul sito del Governo sono comparse le F.A.Q. che vanno a rispondere ad alcuni quesiti in merito al nuovo DPCM che entrer\u00e0 in vigore a partire dalle prossime ore.<\/p>\n<p><strong>F.A.Q DEL GOVERNO: CHI SONO I CONGIUNTI CON CUI \u00c8 POSSIBILE INCONTRARSI?<\/strong><\/p>\n<p>&#8220;L\u2019ambito cui pu\u00f2 riferirsi la dizione \u201ccongiunti\u201d pu\u00f2 indirettamente ricavarsi, sistematicamente, dalle norme sulla parentela e affinit\u00e0, nonch\u00e9 dalla giurisprudenza in tema di responsabilit\u00e0 civile.<br \/>\nAlla luce di questi riferimenti, deve ritenersi che i \u201ccongiunti\u201d cui fa riferimento il DPCM ricomprendano: i coniugi, i partner conviventi, i partner delle unioni civili, le persone che sono legate da uno stabile legame affettivo, nonch\u00e9 i parenti fino al sesto grado (come, per esempio, i figli dei cugini tra loro) e gli affini fino al quarto grado (come, per esempio, i cugini del coniuge).&#8221;<\/p>\n<p>Per tutte le altre domande e risposte vi lasciamo al sito internet ufficiale del Governo.<\/p>\n<p><a href=\"http:\/\/www.governo.it\/it\/faq-fasedue\"><strong>CLICCA QUI PER ACCEDERE ALLLA SEZIONE DELLE F.A.Q. DEL SITO UFFICIALE<\/strong><\/a><\/p>\n<p>&nbsp;<\/p>\n<p><strong>RICEVIAMO E PUBBLICHIAMO IL PENSIERO DI EMILIO BEZ\u00a0<\/strong><\/p>\n<p><em>In pratica uno potrebbe al limite andare a trovare anche un centinaio di parenti in tutta la regione&#8230;<\/em><br \/>\n<em>Ma quando in Veneto a inizio settimana hanno dato l&#8217;ok alle passeggiate DA SOLI E CON MASCHERINA e solamente NEL PROPRIO COMUNE volevano fargli ritirare l&#8217;ordinanza perch\u00e9 troppo permissiva?<\/em><br \/>\n<em>Sai che, a quanto sento, molta gente \u00e8 stufa di essere presa in giro?<\/em><br \/>\n<em>(Senza per questo dimenticare la gravit\u00e0 della situazione sanitaria generale e le vittime, ci mancherebbe altro!)<\/em><\/p>\n","protected":false},"excerpt":{"rendered":"<p>ROMA Nelle ultime ore sul sito del Governo sono comparse le F.A.Q. che vanno a rispondere ad alcuni quesiti in merito al nuovo DPCM che entrer\u00e0 in vigore a partire dalle prossime ore. F.A.Q DEL GOVERNO: CHI SONO I CONGIUNTI CON CUI \u00c8 POSSIBILE INCONTRARSI? &#8220;L\u2019ambito cui pu\u00f2 riferirsi la dizione \u201ccongiunti\u201d pu\u00f2 indirettamente ricavarsi,&hellip;<\/p>\n","protected":false},"author":4,"featured_media":133426,"comment_status":"closed","ping_status":"closed","sticky":false,"template":"","format":"standard","meta":{"_monsterinsights_skip_tracking":false,"_monsterinsights_sitenote_active":false,"_monsterinsights_sitenote_note":"","_monsterinsights_sitenote_category":0,"footnotes":""},"categories":[104,49],"tags":[],"class_list":["post-134654","post","type-post","status-publish","format-standard","has-post-thumbnail","hentry","category-evidenza_3","category-news-18","category-104","category-49","description-off"],"img_url":"https:\/\/www.radiopiu.net\/wordpress\/wp-content\/uploads\/2020\/04\/passeggiata.jpg","_links":{"self":[{"href":"https:\/\/www.radiopiu.net\/wordpress\/wp-json\/wp\/v2\/posts\/134654","targetHints":{"allow":["GET"]}}],"collection":[{"href":"https:\/\/www.radiopiu.net\/wordpress\/wp-json\/wp\/v2\/posts"}],"about":[{"href":"https:\/\/www.radiopiu.net\/wordpress\/wp-json\/wp\/v2\/types\/post"}],"author":[{"embeddable":true,"href":"https:\/\/www.radiopiu.net\/wordpress\/wp-json\/wp\/v2\/users\/4"}],"replies":[{"embeddable":true,"href":"https:\/\/www.radiopiu.net\/wordpress\/wp-json\/wp\/v2\/comments?post=134654"}],"version-history":[{"count":0,"href":"https:\/\/www.radiopiu.net\/wordpress\/wp-json\/wp\/v2\/posts\/134654\/revisions"}],"wp:featuredmedia":[{"embeddable":true,"href":"https:\/\/www.radiopiu.net\/wordpress\/wp-json\/wp\/v2\/media\/133426"}],"wp:attachment":[{"href":"https:\/\/www.radiopiu.net\/wordpress\/wp-json\/wp\/v2\/media?parent=134654"}],"wp:term":[{"taxonomy":"category","embeddable":true,"href":"https:\/\/www.radiopiu.net\/wordpress\/wp-json\/wp\/v2\/categories?post=134654"},{"taxonomy":"post_tag","embeddable":true,"href":"https:\/\/www.radiopiu.net\/wordpress\/wp-json\/wp\/v2\/tags?post=134654"}],"curies":[{"name":"wp","href":"https:\/\/api.w.org\/{rel}","templated":true}]}}