{"id":134950,"date":"2020-05-05T04:56:12","date_gmt":"2020-05-05T02:56:12","guid":{"rendered":"https:\/\/www.radiopiu.net\/wordpress\/?p=134950"},"modified":"2020-05-05T10:28:59","modified_gmt":"2020-05-05T08:28:59","slug":"giornale-radiopiu-05-maggio-2020-direttore-mirko-mezzacasa","status":"publish","type":"post","link":"https:\/\/www.radiopiu.net\/wordpress\/giornale-radiopiu-05-maggio-2020-direttore-mirko-mezzacasa\/","title":{"rendered":"GIORNALE RADIOPIU 05 MAGGIO 2020 DIRETTORE MIRKO MEZZACASA"},"content":{"rendered":"<h3><strong>PER RICEVERE QUESTO NOTIZIARIO DIRETTAMENTE SUL TUO CELLULARE ISCRIVITI AL CANALE TELEGRAM\u00a0<\/strong><strong>\u201cRADIO PIU\u00a0 INFORMAZIONE\u201d<\/strong><\/h3>\n<hr \/>\n<p>&nbsp;<\/p>\n<p>&nbsp;<\/p>\n<p><a class=\"dt-pswp-item\" href=\"https:\/\/www.radiopiu.net\/wordpress\/wp-content\/uploads\/2020\/05\/d28e3be8-865f-4fc0-a0a4-5eeb9180f3b5.jpg\" data-dt-img-description=\"\" data-large_image_width=\"320\" data-large_image_height=\"223\"><img loading=\"lazy\" decoding=\"async\" class=\"wp-image-135241 alignleft\" src=\"https:\/\/www.radiopiu.net\/wordpress\/wp-content\/uploads\/2020\/05\/d28e3be8-865f-4fc0-a0a4-5eeb9180f3b5-300x209.jpg\" alt=\"\" width=\"127\" height=\"89\" srcset=\"https:\/\/www.radiopiu.net\/wordpress\/wp-content\/uploads\/2020\/05\/d28e3be8-865f-4fc0-a0a4-5eeb9180f3b5-300x209.jpg 300w, https:\/\/www.radiopiu.net\/wordpress\/wp-content\/uploads\/2020\/05\/d28e3be8-865f-4fc0-a0a4-5eeb9180f3b5.jpg 320w\" sizes=\"auto, (max-width: 127px) 100vw, 127px\" \/><\/a>PROVINCIALE 347 PASSO DURAN, LOCALITA\u2019 SANT\u2019ANDREA DI GOSALDO. DA DOMANI\u00a0 ALLE 7 A MERCOLEDI ALLE 18 INTERDIZIONE TOTALE AL TRAFFICO. DALLE 18 DI MERCOLEDI AL 5 GIUGNO SENSO UNICO ALTERNATO<\/p>\n<p>&nbsp;<\/p>\n<p>&nbsp;<\/p>\n<hr \/>\n<p><strong>CHIUDE PONTE MAS, FINO AL 30 GIUGNO PER I LAVORI DI CONSOLIDAMENTO:<\/strong>\u00a0 fino al\u00a0 30 giugno sar\u00e0 chiuso sia alle macchine sia ai pedoni il collegamento principale tra i comuni di Sospirolo e Sedico.\u00a0 L\u2019intera struttura subir\u00e0 notevoli lavori di risistemazione. Un intervento urgente, specie in seguito ai danni subiti dalla piena del torrente durante Vaia.Verr\u00e0 allargata la sede stradale, sul lato sud \u00e8 programmata l\u2019installazione della passerella pedonale. Dell\u2019attuale ponte rester\u00e0 solo la struttura portante. Percorso alternativo: da Ponte Mas a Vignole in Comune di Sedico.<\/p>\n<hr \/>\n<p>&nbsp;<\/p>\n<p><strong>INTERRUZIONE ENERGIA ELETTRICA<\/strong>: Gioved\u00ec 7 maggio nel comune di Voltago Agordino verr\u00e0 interrotta l&#8217;energia elettrica dalle 14 alle 17 in Via Roma, Via Trento Trieste, Via Piandison, Via Vaticano, Via Simonetti, Via 4 Novembre, Via Cal Del Cot, Via Struz e Via Castello. Interruzioni per effettuare lavori sugli impianti.<\/p>\n<hr \/>\n<p>&nbsp;<\/p>\n<p>&#x1f5de; <strong>RIEPILOGO DELLA GIORNATA <\/strong>\u2022 I malati in Italia<strong> scendono sotto la soglia dei 100mila<\/strong>, prima volta in un mese; \u2022 Istat: le vittime \u201criconducibili\u201d al virus sono <strong>oltre 11mila in pi\u00f9,<\/strong> a marzo <strong>+49% dei decessi in pi\u00f9<\/strong> rispetto al 2019; \u2022 <strong>Trump torna a puntare il dito<\/strong> contro l&#8217;Istituto di virologia di Wuhan. I media cinesi: &#8220;<strong>Tutte bugie<\/strong>&#8220;; \u2022 L&#8217;Oms <strong>smentisce l\u2019accusa<\/strong> dal segretario di stato americano Pompeo secondo cui<strong> il virus sarebbe stato creato in laboratorio<\/strong>.<\/p>\n<p>&nbsp;<\/p>\n<blockquote>\n<h2>FASE 2, PRIMO GIORNO: CAOS SUGLI INSUFFICIENTI MEZZI PUBBLICI, ANZIANO PICCHIATO A VENEZIA PER AVER INVITATO UN GRUPPO DI SBRUFFONI AD INDOSSARE LA MASCHERINA. ZAIA ALLENTA DI NUOVO LE RESTRIZIONI<\/h2>\n<h3><em>STRAGE A NORD-EST LA MORTALITA&#8217; IN ITALIA A MARZO E&#8217; AUMENTATA DEL 50%, +568% A BERGAMO, +186% IN LOMBARDIA, +65,2% IN TRENTINO,\u00a0 + 70% IN EMILIA ROMAGNA\u00a0 +24,3% IN VENETO. -8% NEL LAZIO, -3% IN SICILIA -2% IN CAMPANIA.<\/em><\/h3>\n<\/blockquote>\n<p><strong>di Mirko Mezzacasa<\/strong><\/p>\n<p>Un 4 maggio da ricordare, il primo giorno della fase 2 con la ripresa di molte attivit\u00e0, strade e parcheggi che si sono di nuovo riempiti e i mezzi pubblici che con tutte le restrizioni del caso si sono rimessi in moto. E&#8217; altres\u00ec iniziato un percorso di sorveglianza attiva nel Veneto, ricoveri e terapie intensive costantemente monitorati, in caso di recrudescenza del virus scatteranno nuovi provvedimenti restrittivi. Dagli ultimi dati della protezione civile per la prima volta in Italia i malati sono scesi sotto i 100 mila. In calo ricoveri e contagi tanto nel Veneto che in provincia di Belluno. <em>&#8220;Nei prossimi 7-10 giorni &#8211; ha detto Zaia da Marghera &#8211; ci giochiamo il futuro&#8221;.<\/em> Dal Viminale un invito alle Forze dell&#8217;Ordine all&#8217;elasticit\u00e0, agli italiani al buon senso ma ha anche ammonito che contro gli assembramenti sar\u00e0 tolleranza zero. Sui bus e vaporetti ieri tanta confusione, assembramenti di pendolari, proteste, spintoni e intervento dei Carabinieri. Di ieri pomeriggio l&#8217;aggiunta all&#8217;ordinanza della Regione con relativi chiarimenti: riaperte le mense per i lavoratori, agriturismo a disposizione di medici e infermieri, via libera all&#8217;attivit\u00e0 sportiva anche per i nuclei famigliari, in auto e moto sar\u00e0 possibile viaggiare in coppia o per nucleo famigliare, i mercati all&#8217;aperto potranno vendere alimentari, fiori e abiti per bimbi, sar\u00e0 possibile spostarsi per fare la spesa anche fuori dal Comune, ma dentro i confini regionali, nelle seconde case oltre al proprietario potr\u00e0 andarci anche il convivente e gli operai professionisti, nelle aziende ancora chiuse libero accesso ai proprietari per la manutenzione, anche del magazzino. Da ieri sono riaperti gli ospedali con nuove norme di accesso: misurazione della temperatura all&#8217;ingresso, l&#8217;obbligo di usare i dispositivi, lo scaglionamento degli appuntamenti. &#8220;<em>In questo primo giorno &#8211; rileva il presidente della Regione &#8211; nelle strutture sanitarie abbiamo registrato code e difficolt\u00e0, ma \u00e8 comprensibile, perch\u00e9 stiamo ripartendo da zero. Per questo abbiamo deciso di dare agli utenti un braccialetto, come quelli da villaggio turistico, che non si pu\u00f2 togliere se non tagliandolo. Chi lo indosser\u00e0, vorr\u00e0 dire che \u00e8 stato controllato all&#8217;entrata. I diversi colori identificheranno le differenti finalit\u00e0 della presenza&#8221;.<\/em> La riapertura dei centri estivi \u00e8 all&#8217;attenzione dell&#8217;assessore Manuela Lanzarin, &#8220;<em>Abbiamo un piano dettagliato, lo presenteremo a tutti i soggetti coinvolti mercoled\u00ec. Aspettiamo il vaglio della comunit\u00e0 scientifica, ma noi siamo pronti a partire&#8221;<\/em>. <strong>VENETO<\/strong> ulteriore riduzione dei positivi a 7.209 (-91),\u00a0 persone in isolamento domiciliare\u00a0 6.779 (-51) ricoverati in area non critica a quota 1057 (-9)\u00a0 terapie intensive 101 come domenica,\u00a0 guariti sono 9.631 (+114)\u00a0 vittime 1.539, 14 in pi\u00f9 in 24 ore,\u00a0 tamponi 383.442 (+5000). <strong>BELLUNO<\/strong> Due decessi anche ieri, un uomo di 80 anni ricoverato in geriatria e una paziente di 85 che era ospitata in medicina, precedentemente ospite dalla casa Kolbe di Pedavena. I morti in provincia dall&#8217;inizio dell&#8217;epidemia sono 85 e questo \u00e8 il dato ufficiale della Ulss1. Nessuno nuovo positivo nelle ultime 12 ore, mentre il bollettino delle 8 del mattino ne segnalava uno soltanto. Attualmente positivi 586 (-23) negativizzati 464 (-21)\u00a0 in isolamento 1063 (-5). In ospedale: San Martino 31 (-3), terapia intensiva 6 (0), San Martino Comunit\u00e0 14 (-4) Agordo 26 (0).\u00a0 Decessi in ospedale 64. A Cortina la situazione \u00e8 in deciso miglioramento come comunicato ieri mattina dal sindaco Gianpietro Ghedina: <em>&#8220;In questo lungo fine settimana il numero di positivi al Covid-19 \u00e8 ulteriormente diminuito, portando da 61 a 49 casi (-12) nel territorio di Cortina d\u2019Ampezzo. Le persone in quarantena (isolamento domiciliare) sono 22. Continua la discesa della curva del contagi<\/em>o&#8221;.<\/p>\n<p>&nbsp;<\/p>\n<p>&nbsp;<\/p>\n<p>&nbsp;<\/p>\n<hr \/>\n<blockquote>\n<h2>LO SCRITTORE ANONIMO CHE ACCENDE LA POLEMICA DI PAESE, S&#8217;INFURIA IL SINDACO MORENO DE VAL<\/h2>\n<\/blockquote>\n<p><strong>SAN TOMASO<\/strong> Un foglio scritto a computer e attaccato alla porta della Pizzeria Off Line, i giovani gestori Giovanni e Beatrice non lo hanno volutamente tolto affinch\u00e9 la gente lo potesse leggere e giudicare. Se la Pizzeria non ha proposto il servizio da asporto in questi giorni non \u00e8 solo per motivi economici ma perch\u00e9 i gestori vogliono mantenere lo standard qualitativo importante, il territorio di San Tomaso \u00e8 orograficamente difficile e da quando la pizza esce dal forno ed arriva nelle case perde il suo valore e il suo gusto.Questa la dichiarazione del sindaco Moreno De Val (pagina facebook) per il cartello affisso in paese da mano anonima e solo per questo non meriterebbe alcuna considerazione.<\/p>\n<blockquote><p><em><strong>&#8220;Dispiace leggere certe pretese gente senza palle che non riesce a dirtelo in faccia. Gente che insegna e non ha mai fatto niente nella propria vita, gente che parla di spirito imprenditoriale e non sa nemmeno cosa sia una partita iva.\u00a0 Gestiscilo tu il locale genio e firmalo per te stesso\/sa non mettere il nome di chi non ha chiesto niente. Sono solidale con i gestori&#8221;<\/strong><\/em><\/p><\/blockquote>\n<p>audio dalla rassegna stampa delle 8<\/p>\n<audio class=\"wp-audio-shortcode\" id=\"audio-134950-1\" preload=\"none\" style=\"width: 100%;\" controls=\"controls\"><source type=\"audio\/mpeg\" src=\"https:\/\/www.radiopiu.net\/wordpress\/wp-content\/uploads\/2020\/05\/MORENO.mp3?_=1\" \/><a href=\"https:\/\/www.radiopiu.net\/wordpress\/wp-content\/uploads\/2020\/05\/MORENO.mp3\">https:\/\/www.radiopiu.net\/wordpress\/wp-content\/uploads\/2020\/05\/MORENO.mp3<\/a><\/audio>\n<p>&nbsp;<\/p>\n<p>&nbsp;<\/p>\n<p><a class=\"dt-pswp-item\" href=\"https:\/\/www.radiopiu.net\/wordpress\/wp-content\/uploads\/2020\/05\/95877980_3085077574848510_4193503151808053248_n.jpg\" data-dt-img-description=\"\" data-large_image_width=\"768\" data-large_image_height=\"576\"><img loading=\"lazy\" decoding=\"async\" class=\"alignnone wp-image-135245 size-full\" src=\"https:\/\/www.radiopiu.net\/wordpress\/wp-content\/uploads\/2020\/05\/95877980_3085077574848510_4193503151808053248_n.jpg\" alt=\"\" width=\"768\" height=\"576\" srcset=\"https:\/\/www.radiopiu.net\/wordpress\/wp-content\/uploads\/2020\/05\/95877980_3085077574848510_4193503151808053248_n.jpg 768w, https:\/\/www.radiopiu.net\/wordpress\/wp-content\/uploads\/2020\/05\/95877980_3085077574848510_4193503151808053248_n-300x225.jpg 300w\" sizes=\"auto, (max-width: 768px) 100vw, 768px\" \/><\/a><\/p>\n<p>&nbsp;<\/p>\n<p>&nbsp;<\/p>\n<p>&nbsp;<\/p>\n<hr \/>\n<p>&nbsp;<\/p>\n<blockquote>\n<h3 class=\"entry-title\">CORONAVIRUS: IERI DUE DECESSI A BELLUNO<\/h3>\n<\/blockquote>\n<p><strong><a class=\"dt-pswp-item\" href=\"https:\/\/www.radiopiu.net\/wordpress\/wp-content\/uploads\/2020\/03\/covid-ulss.jpg\" data-dt-img-description=\"\" data-large_image_width=\"800\" data-large_image_height=\"600\"><img loading=\"lazy\" decoding=\"async\" class=\"wp-image-121260 alignleft\" src=\"https:\/\/www.radiopiu.net\/wordpress\/wp-content\/uploads\/2020\/03\/covid-ulss-300x225.jpg\" alt=\"\" width=\"141\" height=\"106\" srcset=\"https:\/\/www.radiopiu.net\/wordpress\/wp-content\/uploads\/2020\/03\/covid-ulss-300x225.jpg 300w, https:\/\/www.radiopiu.net\/wordpress\/wp-content\/uploads\/2020\/03\/covid-ulss-768x576.jpg 768w, https:\/\/www.radiopiu.net\/wordpress\/wp-content\/uploads\/2020\/03\/covid-ulss.jpg 800w\" sizes=\"auto, (max-width: 141px) 100vw, 141px\" \/><\/a>BELLUNO\u00a0<\/strong>Nella mattinata di ieri, una donna di 85 anni \u00e8 deceduta all\u2019ospedale di comunit\u00e0 di Belluno, era ricoverata nel reparto Medicina COVID a bassa intensit\u00e0. Nel pomeriggio \u00e8 volato in cielo un uomo di 80 anni ricoverato in Geriatria COVID all\u2019ospedale di Belluno<\/p>\n<p><strong>65 DECESSI NEGLI OSPEDALI BELLUNESI DAL 21 FEBBRAIO<\/strong> Ospedale San Martino di Belluno 45 (+1), Feltre 6, Belluno Ospedale di Comunit\u00e0 12 (+1), Agordo 1 e Pieve di Cadore 1.<\/p>\n<p>&nbsp;<\/p>\n<p>&nbsp;<\/p>\n<hr \/>\n<p>&nbsp;<\/p>\n<p>&nbsp;<\/p>\n<blockquote class=\"wp-embedded-content\" data-secret=\"0rHZhc2g2D\"><p><a href=\"https:\/\/www.radiopiu.net\/wordpress\/aggiornamento-assessorato-protezione-civile-04-maggio-2020\/\">AGGIORNAMENTO ASSESSORATO PROTEZIONE CIVILE 04 MAGGIO 2020<\/a><\/p><\/blockquote>\n<p><iframe loading=\"lazy\" title=\"&#8220;AGGIORNAMENTO ASSESSORATO PROTEZIONE CIVILE 04 MAGGIO 2020&#8221; &#8212; Radio Pi\u00f9\" class=\"wp-embedded-content\" sandbox=\"allow-scripts\" security=\"restricted\" style=\"position: absolute; clip: rect(1px, 1px, 1px, 1px);\" src=\"https:\/\/www.radiopiu.net\/wordpress\/aggiornamento-assessorato-protezione-civile-04-maggio-2020\/embed\/#?secret=0rHZhc2g2D\" data-secret=\"0rHZhc2g2D\" width=\"600\" height=\"338\" frameborder=\"0\" marginwidth=\"0\" marginheight=\"0\" scrolling=\"no\"><\/iframe><\/p>\n<p><strong>L&#8217;INTERVENTO DELL&#8217;ASSESSORE GIANPAOLO BOTTACIN IERI A RADIO PIU&#8217;<\/strong><\/p>\n<audio class=\"wp-audio-shortcode\" id=\"audio-134950-2\" preload=\"none\" style=\"width: 100%;\" controls=\"controls\"><source type=\"audio\/mpeg\" src=\"https:\/\/www.radiopiu.net\/wordpress\/wp-content\/uploads\/2020\/05\/BOTTACIN.mp3?_=2\" \/><a href=\"https:\/\/www.radiopiu.net\/wordpress\/wp-content\/uploads\/2020\/05\/BOTTACIN.mp3\">https:\/\/www.radiopiu.net\/wordpress\/wp-content\/uploads\/2020\/05\/BOTTACIN.mp3<\/a><\/audio>\n<p>&nbsp;<\/p>\n<p>&nbsp;<\/p>\n<hr \/>\n<p>&nbsp;<\/p>\n<blockquote>\n<h3>DATI E GRAFICI DEL GIORNO, PROVINCIA \u2013 REGIONE 04 MAGGIO 2020<\/h3>\n<\/blockquote>\n<p><strong>Con la collaborazione di Tiziano De Col<\/strong><\/p>\n<p>La Provincia di Belluno fa segnare ancora un incremento giornaliero pi\u00f9 alto tra le province del Veneto anche il rapporto contagi\/popolazione \u00e8 ancora il pi\u00f9 alto in Regione.<\/p>\n<p><a class=\"dt-pswp-item\" href=\"https:\/\/www.radiopiu.net\/wordpress\/wp-content\/uploads\/2020\/05\/Schermata-2020-05-04-alle-18.56.28.png\" data-dt-img-description=\"\" data-large_image_width=\"812\" data-large_image_height=\"450\"><img loading=\"lazy\" decoding=\"async\" class=\"alignnone wp-image-135182\" src=\"https:\/\/www.radiopiu.net\/wordpress\/wp-content\/uploads\/2020\/05\/Schermata-2020-05-04-alle-18.56.28-300x166.png\" alt=\"\" width=\"322\" height=\"178\" srcset=\"https:\/\/www.radiopiu.net\/wordpress\/wp-content\/uploads\/2020\/05\/Schermata-2020-05-04-alle-18.56.28-300x166.png 300w, https:\/\/www.radiopiu.net\/wordpress\/wp-content\/uploads\/2020\/05\/Schermata-2020-05-04-alle-18.56.28-768x426.png 768w, https:\/\/www.radiopiu.net\/wordpress\/wp-content\/uploads\/2020\/05\/Schermata-2020-05-04-alle-18.56.28.png 812w\" sizes=\"auto, (max-width: 322px) 100vw, 322px\" \/><\/a><a class=\"dt-pswp-item\" href=\"https:\/\/www.radiopiu.net\/wordpress\/wp-content\/uploads\/2020\/05\/6ea33019-f475-4ee1-aa19-954946a36a64.jpg\" data-dt-img-description=\"\" data-large_image_width=\"672\" data-large_image_height=\"402\"><img loading=\"lazy\" decoding=\"async\" class=\"alignnone wp-image-135183\" src=\"https:\/\/www.radiopiu.net\/wordpress\/wp-content\/uploads\/2020\/05\/6ea33019-f475-4ee1-aa19-954946a36a64-300x179.jpg\" alt=\"\" width=\"300\" height=\"179\" srcset=\"https:\/\/www.radiopiu.net\/wordpress\/wp-content\/uploads\/2020\/05\/6ea33019-f475-4ee1-aa19-954946a36a64-300x179.jpg 300w, https:\/\/www.radiopiu.net\/wordpress\/wp-content\/uploads\/2020\/05\/6ea33019-f475-4ee1-aa19-954946a36a64.jpg 672w\" sizes=\"auto, (max-width: 300px) 100vw, 300px\" \/><\/a><a class=\"dt-pswp-item\" href=\"https:\/\/www.radiopiu.net\/wordpress\/wp-content\/uploads\/2020\/05\/36f1c9a3-98cc-45d8-893f-fe0904e91818.jpg\" data-dt-img-description=\"\" data-large_image_width=\"742\" data-large_image_height=\"368\"><img loading=\"lazy\" decoding=\"async\" class=\"alignnone wp-image-135184\" src=\"https:\/\/www.radiopiu.net\/wordpress\/wp-content\/uploads\/2020\/05\/36f1c9a3-98cc-45d8-893f-fe0904e91818-300x149.jpg\" alt=\"\" width=\"300\" height=\"149\" srcset=\"https:\/\/www.radiopiu.net\/wordpress\/wp-content\/uploads\/2020\/05\/36f1c9a3-98cc-45d8-893f-fe0904e91818-300x149.jpg 300w, https:\/\/www.radiopiu.net\/wordpress\/wp-content\/uploads\/2020\/05\/36f1c9a3-98cc-45d8-893f-fe0904e91818.jpg 742w\" sizes=\"auto, (max-width: 300px) 100vw, 300px\" \/><\/a><\/p>\n<p>&nbsp;<\/p>\n<p>&nbsp;<\/p>\n<hr \/>\n<p>&nbsp;<\/p>\n<blockquote>\n<h2>LEGGI LA CONFERENZA STAMPA DI LUCA ZAIA<\/h2>\n<\/blockquote>\n<p><em><strong>SE I DATI TENGONO MEDIEREMO CON IL GOVERNO NUOVE APERTURA.<\/strong> Oggi videoconferenza con la Corea del Sud per tessere\u00a0 buoni rapporti per cercare di capire cosa c&#8217;\u00e8 da mutuare sulle altrui esperienze. Un rapporto che andr\u00e0 avnati.\u00a0<\/em><\/p>\n<p>&nbsp;<\/p>\n<p><strong>DONAZIONE<\/strong> 36817 donatori per un totale di 57 milioni di euro. Non una goccia nel mare, ma container di acqua che stanno arrivando.\u00a0 Lucia Coldebella da Lamon ha inviato una bella lettera e la sua donazione di 1 euro rompendo il salvadanaio. Grazie Lucia. Veronica Cattelan ci ha inviato un disegno Molti bimbi hanno donato a mandato disegni, faremo una gran bella mostra. \u00a0\u00a0<strong>RIAPERTURA<\/strong> Incremento importante di traffico e parcheggi, 1 milione 200 mila venti hanno ripreso le attivit\u00e0 lavorative e iniziamo il percorso di sorveglianza estrama, non di tranquillit\u00e0 ma grande preoccupazione per il rispetto delle regole, di molti accorgimenti suggeriti e anche messi nelle diverse ordiananze. In questa settimana, dieci giorni ci giochiamo il futuro. Una recrudescenza con aumento di ricoveri e terapie intensive ricorreremo a nuove misure restrittive. Serve l&#8217;impegno di tutti. Ci sono arrivate tante segnalazioni di chi gira con la mascherina abbassata. L&#8217;ordinanza dice che gli sportivi quando escono di casa devono indossare la mascherina, non durante lo sforzo fisico e al termine la devono rimettere.<strong>VIDEO<\/strong> Anche oggi Zaia ha mostrato i due video sul contagio da coronavirus (audio purtroppo molto scadente). Per dare modo ai cittadini che non sono fantasie ma problemi reali, di qui l&#8217;invito a indossare la mascherina. <strong>DATI SPOSTAMENTO<\/strong>, oggi rispetto al 27 aprile fino alle 10 del mattino avevamo 30-32% di traffico in pi\u00f9 sulla Padova-Brescia. Vaporetti +15%, La Cav (passante) +35%, 40% mezzi leggeri 15% mezzi pesanti, Bus Italia +15%.<\/p>\n<p><span style=\"color: #ff0000;\"><strong>OGGI NUOVA ORDINANZA<\/strong><\/span> Un&#8217;altra nel pomeriggio per alcuni aspetti ancora pi\u00f9 comprensibili 1 per le meNse sui lavoratori, \u00a0possono essere ammessi solo i lavoratori indicati dal datore di lavoro con turni, distanziamento e norme igienico sanitarie. Sale separate tra imprese diverse. Sanificazione tra un turno e l&#8217;altro. 2 Ristoranti e mense chiusi, possono erogare il servizio a gruppi definiti. Ospitalit\u00e0 per i sanitari da fuori Regione, possono stazionare in strutture chiuse per addetti anche agriturismo. 3 Attivit\u00e0 motoria e sportiva ammessa con spostamento e svolgimento in coppia nel rispetto delle norme di protezione. In moto si puo&#8217; andare in due, se sono conviventi non serve la mascherina. Se sono congiunti che non vivono assieme devono avere la mascherina. Questo vale anche per l&#8217;auto. Senza mascherina se le persone convivono o se uno \u00e8 da solo, in tutte le altre situazioni con terze persone la mascherina \u00e8 obbligatoria. 4 Mercati ammessa la vendita di prodotti alimentari, fiori, libri, abbigliamento per bambini. 5 Accesso locali attivit\u00e0 economica (anche quelle chiuse) per lo svolgimento di lavori di vigilanza, manutenzione, pulizia e accesso al magazzino. Ognuno puo&#8217; andare nel suo negozio. 6 Spostamenti ammessi per visite a congiunti, anche con pi\u00f9 convinventi, si puo&#8217; andare a trovare i parenti con la famiglia. 7 Si puo&#8217; andare fuori dal Comune di residenza a fare la spesa. 8 Seconde case, spostamenti ammessi solo per manutenzioni, vi possono andare anche i conviventi.<\/p>\n<p>&nbsp;<\/p>\n<h2><strong><a href=\"https:\/\/www.radiopiu.net\/wordpress\/wp-content\/uploads\/2020\/05\/ordinanza-4-5-2020.pdf\">CLICCA QUI PER VISUALIZZARE L&#8217;ORDINANZA<\/a><\/strong><\/h2>\n<p>&nbsp;<\/p>\n<h2><strong>DOMANDE<\/strong><\/h2>\n<p><strong>QUAL&#8217;E&#8217; LA SENTINELLA PER IL RISCHIO CONTAGIO?<\/strong> L&#8217;ordinanza importante \u00e8 quella del 10 aprile con deroghe e silenzio assenso, 24 giorni fa. Abbiamo avuto una discesa di valori dalle terapie intensive ai ricoveri. Vuol dire che non ci sono dati di incremento e preoccupazione. Ora si aggiunge la fine del lockdown quel poco che rimaneva eccetto bar, ristoranti, commercianti, ma i cittadini escono di casa ci sono tante motivazioni per farlo, per chiunque. Oggi sappiamo che questo \u00e8 il banco di prova. Da un punto di vista di re-infezione 7-10 giorni. Abbiamo un piano di bio sorveglianza, monitoriamo la presenza del minimo focolaio. Al primo positivo scatta il suo isolamento e quello dei suoi contatti seppure &#8220;innocenti&#8221;. Abbiamo la mappa del Veneto con i puntini rossi (oggi purtroppo primeggiano le case di riposo). Stiamo costruendo una mappa minuziosa. Nel momento in cui il lavoratore dell&#8217;azienda X abita a 100 chilometri crea un focuso dalla fabbrica alla residenza.<\/p>\n<p><strong>SPORT INDIVIDUALI ANCHE DI SQUADRA?<\/strong> SI anche il tennis che \u00e8 individuale. I centri sportivi possono aprire solo per l&#8217;agonismo. Solo professionisti e agonismo in generale.<\/p>\n<p><strong>BAR ASPORTO SU PRENOTAZIONE? <\/strong>Abbiamo mantenuto l&#8217;ossatura dell&#8217;ordinanza la mutuiamo in maniera estensiva. Non avventuriamoci in questione giuridiche, chi controlla si attenga alle ordinanze non deve giudicare. Se il DPCM dice che l&#8217;ordinazione non serve farla va cosi&#8217;.<\/p>\n<p><strong>COMUNIONI E CRESIME?<\/strong> Non compete a noi. Se i dati tengono apriamo le ultime attivit\u00e0 a breve chiese comprese.<\/p>\n<p><strong>NOALE NUOVO FOCOLAIO <\/strong>stiamo seguendo questo fronte, ma ci dovremo abituare a qualche focolaio<\/p>\n<p><strong>TEST SIEROLOGICO PRIVATO <\/strong>Obbligo dei refertanti a segnalare i casi. Che vada dal medico di base che \u00e8 tenuto a prescrivere tampone e un primo isolamento. Dopodich\u00e9 interviene la sanit\u00e0 pubblica per gli accertamenti.<\/p>\n<p><strong>CENTRI ESTIVI E SCUOLE PRIVATE DA RIAPRIRE<\/strong> Abbiamo un piano pronto da presentare al Governo in attesa della validazione scientifica. Il Governo parla del 1 giugno, dura da aspettare<\/p>\n<p><strong>GLI SPECIALIZZANDI DI PADOVA MINACCIANO LO SCIOPERO AD OLTRANZA<\/strong> gli specializzandi sono una colonna portante della Sanit\u00e0, se vogliono essere ricevuti dal dottor Daniele\u00a0 Donato (dopo le precedenti affermazioni, praticamente gli ha dato degli &#8220;untori&#8221; ndr.) \u00e8 fondamentale che le scuse siano fatte in modo trasparente e si riparta pi\u00f9 veloci di prima.<\/p>\n<p><strong>ZAIA PREMIER?<\/strong> \u00abPi\u00f9 che un sogno, un incubo\u00bb. Il fatto che ci siano degli oppositori\u00a0 che dicono che sono bravo, gi\u00e0 \u00e8 evidente che l&#8217;obiettivo non \u00e8 dire che io sono bravo ma che qualcun altro non lo \u00e8. Sono alto nei sondaggi? Gli attori del Covid sono tutti alti nei sondaggi. Tutta questa partita politica mi rallenta nell&#8217;attivit\u00e0 amministrativa, ma io non voglio andare da nessuna parte.<\/p>\n<p><strong>CONTROLLI TRASPORTO PUBBLICO LOCALE CHI REGOLA DI FLUSSI? <\/strong>Chiarito che i volontari di protezione non sono pubblici ufficiali e non possono nemmeno imporre la mascherina. C&#8217;e&#8217; un problema a livello nazionale che possono fare 60 giorni continuativi e poi sospendere e sono tutti al limite. Si da il supporto dove necessario, qualora richiesto nelle citt\u00e0 metropolitane (solo a Venezia). Il servizio lo daranno le Forze dell&#8217;ordine ed eventuali supporti del gestore del servizio pubblico.<\/p>\n<p><strong>SOGLIA SICUREZZA PER LA TENUTA?<\/strong> Sono valori che stiamo tentando di identificare, ci dovr\u00e0 essere un incremento che si sussegue per pi\u00f9 giorni e che sia importante.<\/p>\n<p><strong>PISCINE COMUNALI NON HANNO PROTOCOLLI PER LA RIAPERTURA. QUINDI NON LE RIAPRIRANNO<\/strong> Capiamo le difficolt\u00e0 ma all&#8217;interno dei centri sportivi per i professionisti \u00e8 possibile.<\/p>\n<p><strong>MENSE AZIENDALI IL BAR PUO&#8217; APRIRE?<\/strong> Si se negoziato con il datore di lavoro a porte chiuse<\/p>\n<p><strong>OSPEDALI COM&#8217;E&#8217; ANDATA<\/strong> In alcuni code, ci stiamo organizzando sempre piu&#8217;, studiamo un braccialetto colorato con colori alternativi che rispettano il triage d&#8217;entrata.<\/p>\n<p>&nbsp;<\/p>\n<p>https:\/\/www.facebook.com\/zaiaufficiale\/videos\/2712741282334557<\/p>\n<p>&nbsp;<\/p>\n<p>&nbsp;<\/p>\n<hr \/>\n<p>&nbsp;<\/p>\n<blockquote>\n<h3 class=\"entry-title\">RIPRESA L\u2019ATTIVITA\u2019 OSPEDALERA CON TANTE PRECAUZIONI: IL DIRETTORE GENERALE DELLA ULSS 1 DOLOMITI<\/h3>\n<h2>LEGGI LA CONFERENZA STAMPA<\/h2>\n<\/blockquote>\n<p>Negli ospedali e distretti si stanno perfezionando i percorsi di accesso con appuntamento (almeno 15 minuti). Accessi dagli ingressi principali presidiati, per tutte le attivit\u00e0 richiesta la copertura con mascherina e igiene delle mani con guanti o liquido igienizzante. Accesso non consentito ad accompagnatori, eccetto minori, disabili, utenti fragili o persone con difficolt\u00e0 linguistiche, concesso 1 solo accompagnatore. Deve essere mantenuto il distanziamento sociale. Come gi\u00e0 all&#8217;ospedale di Belluno necessaria la prenotazione anche per gli elettrocardiogrammi tramite il centro unico di prenotazioni.<\/p>\n<h2><span style=\"color: #ff0000;\">QUESITI<\/span><\/h2>\n<p><strong>Sono ammesse visite ai ricoverati?<\/strong> In linea generale 1 visitatore una volta al giorno nei reparti non covid. Accesso interdetto nei reparti covid <strong>Visita sospesa cosa si deve fare?<\/strong> Non serve ri prenotare Cup o reparti chiameranno gli utenti. A tale proposito ricordo che a ieri c&#8217;erano 12mila prestazioni prenotate. In corso un&#8217;imponente attivit\u00e0 di riprogrammazione. Servir\u00e0 pazienza e comprensione. <strong>Se una persona ha appuntamento deve avere il codice di prenotazione?<\/strong> Nei punti di accesso ridotti rispetto al passato (controllati) predisposte le liste nominative delle persone con gli appuntamenti o per i ricoveri. I soggetti si presentino all&#8217;ingresso il personale verificher\u00e0. Verr\u00e0 misurata la temperatura e controllo delle protezioni. Non prima di un quarto d&#8217;ora. Nelle strutture dovr\u00e0 sempre essere tenuta la mascherina e il distanziamento. Valgono le regole di responsabilit\u00e0 e consapevolezza gi\u00e0 ricordate.<strong>I pap\u00e0 possono accompagnare le neo mamme?<\/strong> Non \u00e8 ancora possibile per limitare gli accessi agli ospedali. In ogni caso unit\u00e0 operative ostetricia e ginecologia offrono servizi on line. Pubblicate una serie di disposizioni per il riavvio delle attivit\u00e0. sono sul sito aziendale. Colgo l&#8217;occasione &#8211; dice Caldogno &#8211; per ringraziare il personale sanitario e non impegnato in area covid con un numero consistente di ricoverati sia nell&#8217;area semi intensiva che ospedali di comunit\u00e0 Fortunatamente la terapia intensiva si sta allegerendo. Ma uno dei dati anche per dare una risposta ai tanti quesiti: la degenza non \u00e8 breve per poter essere considerati guariti e dimessi il tempo trascorre e in alcuni casi vanno via settimane.\u00a0 Un grazie a un dirigente dottor Fabio Soppelsa che il 30 aprile ha terminato il periodo di collaborazione ma ha scelto di posticipare l&#8217;accesso alla pensione venendo incontro all&#8217;esigenza dettata dall&#8217;emergenza. Il suo \u00e8 un grande impegno per questo il grazie \u00e8 grande.<\/p>\n<p>https:\/\/www.facebook.com\/RasiCaldognoUlssDolomiti\/videos\/584606245772793\/<\/p>\n<p>&nbsp;<\/p>\n<p>&nbsp;<\/p>\n<hr \/>\n<p>&nbsp;<\/p>\n<blockquote>\n<h3>&#8220;DE COCCIO&#8221;: IN UNA SETTIMANA 47 SANZIONI E 2 DENUNCE<\/h3>\n<\/blockquote>\n<p><strong>BELLUNO<\/strong> Si chiude un&#8217;altra settimana di controlli per il contenimento del Covid-19 da parte delle Forze dell&#8217;Ordine. La domenica appena trascorsa \u00e8 stata la giornata della settimana con il maggior numero di contravvenzioni, 14. 440 le persone controllate ed \u00e8 scattata anche una denuncia per altri reati. Da inizio settimana sono 47 le sanzioni inflitte e 2 le persone denunciate, una per altri reati. Controllati anche gli esercizi commerciali. 1110 nella giornata di domenica e nessuna infrazione rilevata. In una settimana controllate 7765 attivit\u00e0 commerciali, una sanzione e 2 esercizi chiusi provvisoriamente.<\/p>\n<p><a class=\"dt-pswp-item\" href=\"https:\/\/www.radiopiu.net\/wordpress\/wp-content\/uploads\/2020\/05\/MONITORAGGIO_SERVIZI_DI_CONTROLLO_-_SETTIMANA_DAL_27-04_AL_03-05.jpg\" data-dt-img-description=\"\" data-large_image_width=\"1240\" data-large_image_height=\"1754\"><img loading=\"lazy\" decoding=\"async\" class=\"alignnone wp-image-134953 \" src=\"https:\/\/www.radiopiu.net\/wordpress\/wp-content\/uploads\/2020\/05\/MONITORAGGIO_SERVIZI_DI_CONTROLLO_-_SETTIMANA_DAL_27-04_AL_03-05-724x1024.jpg\" alt=\"\" width=\"283\" height=\"400\" srcset=\"https:\/\/www.radiopiu.net\/wordpress\/wp-content\/uploads\/2020\/05\/MONITORAGGIO_SERVIZI_DI_CONTROLLO_-_SETTIMANA_DAL_27-04_AL_03-05-724x1024.jpg 724w, https:\/\/www.radiopiu.net\/wordpress\/wp-content\/uploads\/2020\/05\/MONITORAGGIO_SERVIZI_DI_CONTROLLO_-_SETTIMANA_DAL_27-04_AL_03-05-212x300.jpg 212w, https:\/\/www.radiopiu.net\/wordpress\/wp-content\/uploads\/2020\/05\/MONITORAGGIO_SERVIZI_DI_CONTROLLO_-_SETTIMANA_DAL_27-04_AL_03-05-768x1086.jpg 768w, https:\/\/www.radiopiu.net\/wordpress\/wp-content\/uploads\/2020\/05\/MONITORAGGIO_SERVIZI_DI_CONTROLLO_-_SETTIMANA_DAL_27-04_AL_03-05-1086x1536.jpg 1086w, https:\/\/www.radiopiu.net\/wordpress\/wp-content\/uploads\/2020\/05\/MONITORAGGIO_SERVIZI_DI_CONTROLLO_-_SETTIMANA_DAL_27-04_AL_03-05.jpg 1240w\" sizes=\"auto, (max-width: 283px) 100vw, 283px\" \/><\/a><\/p>\n<p>&nbsp;<\/p>\n<p>&nbsp;<\/p>\n<hr \/>\n<p>&nbsp;<\/p>\n<blockquote>\n<h3>CORONAVIRUS, INCONTRO CON IL PREFETTO DI BELLUNO. DE CARLO: \u201cS\u00cc AI CONTROLLI, MA SENZA VESSARE I CITTADINI. NESSUNA ESASPERAZIONE, MA SITUAZIONE AL LIMITE\u201d<\/h3>\n<\/blockquote>\n<p><strong><a class=\"dt-pswp-item\" href=\"https:\/\/www.radiopiu.net\/wordpress\/wp-content\/uploads\/2019\/03\/DE-CARLO.jpg\" data-dt-img-description=\"\" data-large_image_width=\"471\" data-large_image_height=\"471\"><img loading=\"lazy\" decoding=\"async\" class=\" wp-image-78825 alignleft\" src=\"https:\/\/www.radiopiu.net\/wordpress\/wp-content\/uploads\/2019\/03\/DE-CARLO-300x300.jpg\" alt=\"\" width=\"217\" height=\"217\" srcset=\"https:\/\/www.radiopiu.net\/wordpress\/wp-content\/uploads\/2019\/03\/DE-CARLO-300x300.jpg 300w, https:\/\/www.radiopiu.net\/wordpress\/wp-content\/uploads\/2019\/03\/DE-CARLO-150x150.jpg 150w, https:\/\/www.radiopiu.net\/wordpress\/wp-content\/uploads\/2019\/03\/DE-CARLO.jpg 471w\" sizes=\"auto, (max-width: 217px) 100vw, 217px\" \/><\/a>BELLUNO<\/strong> Le problematiche del mondo del lavoro e la necessit\u00e0 di coniugare sicurezza e vicinanza ai cittadini: questi i due temi principali al centro dell&#8217;incontro che si \u00e8 tenuto questa mattina tra il Prefetto di Belluno e il deputato di Fratelli d&#8217;Italia, Luca De Carlo. \u00a0\u201c<em>\u00c8 stato un colloquio proficuo, che ha visto molti temi sul tavolo, e che ha visto Sua Eccellenza il Prefetto molto collaborativa<\/em>\u201d, commenta De Carlo. \u201c<em>Siamo tutti coscienti che la situazione \u00e8 delicata e che serve buon senso per dare un segnale di vicinanza ai cittadini<\/em>\u201d.\u00a0Si \u00e8 partiti con il tema del lavoro, \u201c<em>questione ben nota al Prefetto. Anche ieri ho partecipato all&#8217;incontro dei commercianti in piazza a Pieve di Cadore, e questa mattina ho ribadito la situazione di grave disagio in cui versano tante piccole aziende e professionisti, ossatura del tessuto sociale ed economico bellunese e veneto\u201d, spiega De Carlo. \u201cGli operatori chiedono chiarezza sulle date di riapertura delle loro attivit\u00e0, e vogliono sapere come potranno riprendere il lavoro. Chiedono semplicemente di poter lavorare, nel pieno rispetto dei requisiti di sicurezza: c&#8217;\u00e8 disagio e preoccupazione, e non so quanto ancora possano resistere. La situazione \u00e8 ormai al limite<\/em>\u201d.\u00a0Altro aspetto affrontato \u00e8 quello della sicurezza e dei controlli: \u201c<em>C&#8217;\u00e8 ancora molta confusione tra DPCM e ordinanze, i cittadini fanno fatica a capire i provvedimenti, prima ancora di poterli interpretare. Ho sottolineato come sia necessario che vengano effettuati i controlli per la sicurezza sul territorio, ma ho anche auspicato che ci sia vicinanza ai cittadini: lo Stato deve far rispettare le norme, ma soprattutto deve essere vicino alle persone, senza vessarle inutilmente<\/em>\u201d.\u00a0\u201c<em>Tutto questo<\/em>\u201d conclude De Carlo \u201c<em>l&#8217;ho sottoposto al Prefetto di Belluno con chiarezza e pacatezza, ma con determinazione. Sono un sindaco, un deputato e coordinatore regionale di una forza politica: sono un uomo delle istituzioni, non sobiller\u00f2 mai una protesta n\u00e9 esasperer\u00f2 questa situazione di disagio, ma mi far\u00f2 sempre portavoce di chi denuncia delle difficolt\u00e0. Certo \u00e8 che, in questo momento, cittadini e imprese hanno bisogno di sentire lo Stato vicino a loro, e non di vederlo solo come un controllore di un sistema che restringe le loro libert\u00e0\u201d<\/em>.<\/p>\n<p><strong>LUCA DE CARLO<\/strong><\/p>\n<audio class=\"wp-audio-shortcode\" id=\"audio-134950-3\" preload=\"none\" style=\"width: 100%;\" controls=\"controls\"><source type=\"audio\/mpeg\" src=\"https:\/\/www.radiopiu.net\/wordpress\/wp-content\/uploads\/2020\/05\/DE-CARLO-PREFETTO.mp3?_=3\" \/><a href=\"https:\/\/www.radiopiu.net\/wordpress\/wp-content\/uploads\/2020\/05\/DE-CARLO-PREFETTO.mp3\">https:\/\/www.radiopiu.net\/wordpress\/wp-content\/uploads\/2020\/05\/DE-CARLO-PREFETTO.mp3<\/a><\/audio>\n<p>&nbsp;<\/p>\n<p>&nbsp;<\/p>\n<hr \/>\n<p>&nbsp;<\/p>\n<blockquote>\n<h3 class=\"entry-title\">DOMENICA SULLA STRADA PER DAVEDINO L\u2019ULTERIORE SCHIANTO POST VAIA<\/h3>\n<\/blockquote>\n<p><strong><a class=\"dt-pswp-item\" href=\"https:\/\/www.radiopiu.net\/wordpress\/wp-content\/uploads\/2020\/05\/1c3ef2db-f5c7-46a6-8f93-9d6a0eb8d2ac.jpg\" data-dt-img-description=\"\" data-large_image_width=\"768\" data-large_image_height=\"1024\"><img loading=\"lazy\" decoding=\"async\" class=\"wp-image-135104 alignleft\" src=\"https:\/\/www.radiopiu.net\/wordpress\/wp-content\/uploads\/2020\/05\/1c3ef2db-f5c7-46a6-8f93-9d6a0eb8d2ac-225x300.jpg\" alt=\"\" width=\"146\" height=\"195\" srcset=\"https:\/\/www.radiopiu.net\/wordpress\/wp-content\/uploads\/2020\/05\/1c3ef2db-f5c7-46a6-8f93-9d6a0eb8d2ac-225x300.jpg 225w, https:\/\/www.radiopiu.net\/wordpress\/wp-content\/uploads\/2020\/05\/1c3ef2db-f5c7-46a6-8f93-9d6a0eb8d2ac.jpg 768w\" sizes=\"auto, (max-width: 146px) 100vw, 146px\" \/><\/a>LIVINALLONGO<\/strong> Anche questa volta \u00e8 andata bene. Fosse passata un\u2019auto o una persona nel frangente oggi si sarebbe costretti a raccontarne un\u2019altra di storia. Sul posto Ieri. Carabinieri di\u00a0 Arabba e i vigili del fuoco\u00a0 volontari di Livinallongo.<\/p>\n<p><strong>IL SINDACO DI LIVINALLONGO LEANDRO GRONES<\/strong><\/p>\n<audio class=\"wp-audio-shortcode\" id=\"audio-134950-4\" preload=\"none\" style=\"width: 100%;\" controls=\"controls\"><source type=\"audio\/mpeg\" src=\"https:\/\/www.radiopiu.net\/wordpress\/wp-content\/uploads\/2020\/05\/leandro.mp3?_=4\" \/><a href=\"https:\/\/www.radiopiu.net\/wordpress\/wp-content\/uploads\/2020\/05\/leandro.mp3\">https:\/\/www.radiopiu.net\/wordpress\/wp-content\/uploads\/2020\/05\/leandro.mp3<\/a><\/audio>\n<p>&nbsp;<\/p>\n<p>&nbsp;<\/p>\n<hr \/>\n<p>&nbsp;<\/p>\n<p>&nbsp;<\/p>\n<blockquote>\n<h3>FRANA A CARACOI (ROCCA PIETORE): MESSA IN SICUREZZA QUASI CONCLUSA<\/h3>\n<\/blockquote>\n<p><strong><a class=\"dt-pswp-item\" href=\"https:\/\/www.radiopiu.net\/wordpress\/wp-content\/uploads\/2020\/05\/82bebf64-378f-4711-bcac-3d37cfbc902b.jpg\" data-dt-img-description=\"\" data-large_image_width=\"1600\" data-large_image_height=\"1200\"><img loading=\"lazy\" decoding=\"async\" class=\" wp-image-135075 alignleft\" src=\"https:\/\/www.radiopiu.net\/wordpress\/wp-content\/uploads\/2020\/05\/82bebf64-378f-4711-bcac-3d37cfbc902b-300x225.jpg\" alt=\"\" width=\"247\" height=\"185\" srcset=\"https:\/\/www.radiopiu.net\/wordpress\/wp-content\/uploads\/2020\/05\/82bebf64-378f-4711-bcac-3d37cfbc902b-300x225.jpg 300w, https:\/\/www.radiopiu.net\/wordpress\/wp-content\/uploads\/2020\/05\/82bebf64-378f-4711-bcac-3d37cfbc902b-1024x768.jpg 1024w, https:\/\/www.radiopiu.net\/wordpress\/wp-content\/uploads\/2020\/05\/82bebf64-378f-4711-bcac-3d37cfbc902b-768x576.jpg 768w, https:\/\/www.radiopiu.net\/wordpress\/wp-content\/uploads\/2020\/05\/82bebf64-378f-4711-bcac-3d37cfbc902b-1536x1152.jpg 1536w, https:\/\/www.radiopiu.net\/wordpress\/wp-content\/uploads\/2020\/05\/82bebf64-378f-4711-bcac-3d37cfbc902b.jpg 1600w\" sizes=\"auto, (max-width: 247px) 100vw, 247px\" \/><\/a>BELLUNO<\/strong> Si avviano a conclusione i lavori in localit\u00e0 Caracoi (Comune di Rocca Pietore) avviati dalla Provincia a gennaio. Nonostante il lockdown e le misure di contenimento del coronavirus, il cantiere si \u00e8 rimesso in moto il 20 aprile e sta procedendo spedito. \u00abEntro la met\u00e0 di maggio, meteo permettendo, l\u2019operazione sar\u00e0 conclusa\u00bb afferma il consigliere provinciale delegato alla Difesa del Suolo, Massimo Bortoluzzi.\u00a0I lavori riguardano la sistemazione di una frana e la messa in sicurezza del versante che sovrasta la strada comunale di collegamento tra Le Grazie e Caracoi Agoin (in prossimit\u00e0 della diramazione stradale che conduce alla localit\u00e0 di Bramezze). Una zona che dopo Vaia e a seguito delle piogge torrenziali di novembre 2019 ha mostrato diversi segni di cedimento, come hanno rivelato le perizie geologiche commissionate dalla Provincia nei mesi scorsi.\u00a0Il cantiere, in somma urgenza, \u00e8 intervenuto gi\u00e0 durante l\u2019inverno, per la pulizia del versante e la regimazione delle acque, con l\u2019obiettivo di evitare aggravamenti in caso di piogge primaverili. \u00abPoi l\u2019interruzione forzata ha imposto un cambio nel cronoprogramma, ma adesso ci avviamo alla conclusione &#8211; continua il consigliere Bortoluzzi -. La fine del lockdown dovr\u00e0 vederci ancora molto attivi, perch\u00e9 sono diverse le situazioni di dissesto a cui far fronte. Le ferite di Vaia sono ancora ben presenti, soprattutto nelle zone alte, dove la Provincia intende intervenire anche per evitare lo spopolamento della montagna\u00bb.\u00a0L\u2019operazione in questo caso ha un costo complessivo di circa 150.000 euro.<\/p>\n<p>&nbsp;<\/p>\n<hr \/>\n<p>&nbsp;<\/p>\n<h2>IL SINDACO DI CANALE RISPONDE ALLA MINORANZA<\/h2>\n<p><a class=\"dt-pswp-item\" href=\"https:\/\/www.radiopiu.net\/wordpress\/wp-content\/uploads\/2018\/08\/FLAVIO-COLCE.jpg\" data-dt-img-description=\"\" data-large_image_width=\"575\" data-large_image_height=\"1024\"><img loading=\"lazy\" decoding=\"async\" class=\"size-medium wp-image-56267 alignleft\" src=\"https:\/\/www.radiopiu.net\/wordpress\/wp-content\/uploads\/2018\/08\/FLAVIO-COLCE-168x300.jpg\" alt=\"\" width=\"168\" height=\"300\" srcset=\"https:\/\/www.radiopiu.net\/wordpress\/wp-content\/uploads\/2018\/08\/FLAVIO-COLCE-168x300.jpg 168w, https:\/\/www.radiopiu.net\/wordpress\/wp-content\/uploads\/2018\/08\/FLAVIO-COLCE.jpg 575w\" sizes=\"auto, (max-width: 168px) 100vw, 168px\" \/><\/a>di Gianni Santomaso<\/p>\n<audio class=\"wp-audio-shortcode\" id=\"audio-134950-5\" preload=\"none\" style=\"width: 100%;\" controls=\"controls\"><source type=\"audio\/mpeg\" src=\"https:\/\/www.radiopiu.net\/wordpress\/wp-content\/uploads\/2020\/05\/GIANNI-COLCERGNAN-RISPONDE.mp3?_=5\" \/><a href=\"https:\/\/www.radiopiu.net\/wordpress\/wp-content\/uploads\/2020\/05\/GIANNI-COLCERGNAN-RISPONDE.mp3\">https:\/\/www.radiopiu.net\/wordpress\/wp-content\/uploads\/2020\/05\/GIANNI-COLCERGNAN-RISPONDE.mp3<\/a><\/audio>\n<p>&nbsp;<\/p>\n<p>&nbsp;<\/p>\n<hr \/>\n<p>&nbsp;<\/p>\n<blockquote>\n<h3>SCUOLA: DONAZZAN A MINISTRO AZZOLINA, \u201cSERVE PROTOCOLLO SANITARIO UNICO PER LA RIAPERTURA IN SICUREZZA. ALLARME PER SCUOLE PROFESSIONALI\u201d<\/h3>\n<\/blockquote>\n<p><strong><a class=\"dt-pswp-item\" href=\"https:\/\/www.radiopiu.net\/wordpress\/wp-content\/uploads\/2020\/04\/DONAZZAN-1.jpg\" data-dt-img-description=\"\" data-large_image_width=\"2048\" data-large_image_height=\"2048\"><img loading=\"lazy\" decoding=\"async\" class=\" wp-image-133654 alignleft\" src=\"https:\/\/www.radiopiu.net\/wordpress\/wp-content\/uploads\/2020\/04\/DONAZZAN-1-300x300.jpg\" alt=\"\" width=\"208\" height=\"208\" srcset=\"https:\/\/www.radiopiu.net\/wordpress\/wp-content\/uploads\/2020\/04\/DONAZZAN-1-300x300.jpg 300w, https:\/\/www.radiopiu.net\/wordpress\/wp-content\/uploads\/2020\/04\/DONAZZAN-1-1024x1024.jpg 1024w, https:\/\/www.radiopiu.net\/wordpress\/wp-content\/uploads\/2020\/04\/DONAZZAN-1-150x150.jpg 150w, https:\/\/www.radiopiu.net\/wordpress\/wp-content\/uploads\/2020\/04\/DONAZZAN-1-768x768.jpg 768w, https:\/\/www.radiopiu.net\/wordpress\/wp-content\/uploads\/2020\/04\/DONAZZAN-1-1536x1536.jpg 1536w, https:\/\/www.radiopiu.net\/wordpress\/wp-content\/uploads\/2020\/04\/DONAZZAN-1.jpg 2048w\" sizes=\"auto, (max-width: 208px) 100vw, 208px\" \/><\/a>VENEZIA<\/strong>\u00a0\u201c<em>Il Ministro della Pubblica istruzione continua a sfuggire al confronto con le Regioni sui temi cruciali della ripresa dell\u2019attivit\u00e0 scolastica e formativa<\/em>\u201d. L\u2019assessore all\u2019istruzione e formazione professionale del Veneto, Elena Donazzan, esprime il proprio rammarico per il mancato incontro tra il consesso degli assessori regionali all\u2019istruzione con il ministro Lucia Azzolina in programma domani. L\u2019incontro con la titolare del ministero di via Trastevere, richiesto da tempo dalla IX Commissione della Conferenza delle Regioni, si tradurr\u00e0 in un incontro ristretto con tre assessori. \u201c<em>Spiace che il ministro \u2013 dichiara Donazzan al termine della riunione preparatoria<span class=\"Apple-converted-space\">\u00a0 <\/span>della IX Commissione, svoltasi oggi<span class=\"Apple-converted-space\">\u00a0 <\/span>&#8211; si sottragga al confronto diretto con le Regioni che, in modo corale e condiviso, le hanno posto alcuni temi di assoluta urgenza da affrontare, a partire dalle condizioni per la riapertura delle scuole e dal riconoscimento effettivo del diritto allo studio<\/em>\u201d.\u00a0\u201c<em>Al Ministro abbiamo chiesto \u2013 elenca Donazzan \u2013 un protocollo sanitario unico in tema di riapertura delle scuole, che sia declinato per le diverse fasce di et\u00e0 (e quindi ordini e gradi del sistema scolastico) e contempli scenari diversi in termini di quadro epidemiologico e di territori, in modo da fornire alle Regioni linee guida per immaginare servizi e modelli organizzativi rispettosi dei principi generali di salute, sicurezza e tutela di tutte le componenti del mondo scolastico<\/em>\u201d.\u00a0\u201c<em>L\u2019altro grande tema, sinora ignorato dal ministro e dal governo, \u00e8 quello della formazione professionale<\/em>\u201d, aggiunge l\u2019assessore. \u201c<em>Dell\u2019emendamento proposto all\u2019unanimit\u00e0 dalla IX Commissione e recepito dal presidente della Conferenza delle Regioni Bonaccini nella conversione del decreto \u2018Cura Italia\u2019 per riconoscere la validit\u00e0 dell\u2019anno formativo, parimenti a quello scolastico, si \u00e8 persa traccia. Mi preoccupano il futuro degli allievi della formazione professionale e ancor pi\u00f9 quello delle nostre scuole, finanziate in larga parte con i fondi comunitari, con regole ante Covid, che non tenevano conto della possibilit\u00e0 di fare formazione a distanza<\/em>\u201d.<\/p>\n<p>&nbsp;<\/p>\n<p>&nbsp;<\/p>\n<hr \/>\n<p>&nbsp;<\/p>\n<blockquote>\n<h3>ZANONI (PD): \u201cAL PROFESSOR ANDREA CRISANTI IL LEONE DEL VENETO: SAREBBE UN GIUSTO PREMIO\u00a0PER CHI HA PERMESSO DI GESTIRE AL MEGLIO L\u2019EMERGENZA COVID 19, LIMITANDO CONTAGI E VITTIME\u201d<\/h3>\n<\/blockquote>\n<p><strong><a class=\"dt-pswp-item\" href=\"https:\/\/www.radiopiu.net\/wordpress\/wp-content\/uploads\/2019\/02\/1543590727530_andrea_zanoni_1-2.jpg\" data-dt-img-description=\"\" data-large_image_width=\"1000\" data-large_image_height=\"667\"><img loading=\"lazy\" decoding=\"async\" class=\"size-medium wp-image-75857 alignleft\" src=\"https:\/\/www.radiopiu.net\/wordpress\/wp-content\/uploads\/2019\/02\/1543590727530_andrea_zanoni_1-2-300x200.jpg\" alt=\"\" width=\"300\" height=\"200\" srcset=\"https:\/\/www.radiopiu.net\/wordpress\/wp-content\/uploads\/2019\/02\/1543590727530_andrea_zanoni_1-2-300x200.jpg 300w, https:\/\/www.radiopiu.net\/wordpress\/wp-content\/uploads\/2019\/02\/1543590727530_andrea_zanoni_1-2-768x512.jpg 768w, https:\/\/www.radiopiu.net\/wordpress\/wp-content\/uploads\/2019\/02\/1543590727530_andrea_zanoni_1-2.jpg 1000w\" sizes=\"auto, (max-width: 300px) 100vw, 300px\" \/><\/a>VENEZIA<\/strong> \u201c<i>Il Leone del Veneto vada al professor Andrea Crisanti, le cui idee hanno permesso di salvare la vita a migliaia di persone nella nostra regione<\/i>\u201d. La proposta \u00e8 di Andrea Zanoni, consigliere del Partito Democratico che candida al premio, istituito nel 1999 per onorare i cittadini che in Veneto si sono particolarmente distinti nei campi delle scienze, lettere, arti, economia, finanza e in attivit\u00e0 professionali, sociali, umanitarie o sportive, il direttore del laboratorio di Microbiologia e Virologia dell\u2019Universit\u00e0-azienda ospedaliera di Padova.\u00a0 \u201c<i>Lo scorso anno &#8211; ricorda &#8211; \u00e8 toccato a Federica Pellegrini, prima ancora a Federico Faggin, l\u2019inventore del chip che ha fatto nascere il computer, allo scrittore Ferdinando Camon, ai Medici con l\u2019Africa Cuamm, a Pierre Cardin, Andrea Zanzotto, Giovanni Rana, Claudio Scimone, Solisti Veneti e al patriarca di Venezia Marco Ora \u00e8 il momento del professor Crisanti. \u00c8 grazie a lui se oggi il Veneto \u00e8 riconosciuto a livello mondiale come esempio per la gestione del Covid-19<\/i>\u201d.\u00a0 \u201c<i>\u00c8 stato indubbiamente un faro per la nostra regione ed \u00e8 merito della sua brillante strategia se oggi il Veneto, pur essendo uno dei primi focolai in Italia, ha avuto meno contagi e vittime di molte altre aree. Ha consigliato a Zaia di fare tamponi a tutti i cittadini di Vo\u2019 Euganeo, anche a chi non aveva sintomi, andando contro l\u2019Oms e per questo \u00e8 stato pure\u00a0richiamato dai vertici della sanit\u00e0 regionale, cos\u00ec come \u00e8 stata sua la proposta di istituire la zona rossa per il comune padovano. Il 20 gennaio \u00e8 stato lo stesso Crisanti ad avvisare la direzione sanitaria del Veneto che avrebbe acquistato reagenti per ben 500.000 tamponi, mentre a fine marzo ha deciso di acquistare per il suo laboratorio una macchina dagli Usa con una capacit\u00e0 di ben 9.000 tamponi al giorno. E ancora \u00e8 stata sua l\u2019idea di gestire i contagiati da casa, mettendoli in isolamento domiciliare, a differenza per esempio di quanto accaduto in Lombardia, evitando un afflusso pericoloso verso gli ospedali che avrebbe aumentato in maniera esponenziale il rischio contag<\/i>i\u201d, sottolinea Zanoni. \u201c<i>Sono certamente meritevoli i cittadini di Vo\u2019, candidati da Zaia, che hanno dato molto in termini di sacrifici e collaborazione, ma questo vale anche per i tantissimi veneti sottoposti alle rigide misure restrittive e ancor di pi\u00f9 per medici, infermieri e operatori sanitari in prima linea. Su tutti per\u00f2 credo spicchi il professor Crisanti, \u00e8 grazie alle sue indicazioni se la Regione Veneto \u00e8 tra quelle che ha gestito nel migliore dei modi l\u2019emergenza, ad eccezione della triste parentesi delle case di riposo, salvando la vita a migliaia di persone<\/i>\u201d.<\/p>\n<p>&nbsp;<\/p>\n<p>&nbsp;<\/p>\n<hr \/>\n<p>&nbsp;<\/p>\n<p>&nbsp;<\/p>\n<blockquote>\n<h3>CENTO ANNI FA NASCEVA LA BANDIERA LADINA<\/h3>\n<\/blockquote>\n<p><strong><a class=\"dt-pswp-item\" href=\"https:\/\/www.radiopiu.net\/wordpress\/wp-content\/uploads\/2020\/05\/BANDIERA-LADINA.png\" data-dt-img-description=\"\" data-large_image_width=\"1200\" data-large_image_height=\"720\"><img loading=\"lazy\" decoding=\"async\" class=\"size-medium wp-image-135145 alignleft\" src=\"https:\/\/www.radiopiu.net\/wordpress\/wp-content\/uploads\/2020\/05\/BANDIERA-LADINA-300x180.png\" alt=\"\" width=\"300\" height=\"180\" srcset=\"https:\/\/www.radiopiu.net\/wordpress\/wp-content\/uploads\/2020\/05\/BANDIERA-LADINA-300x180.png 300w, https:\/\/www.radiopiu.net\/wordpress\/wp-content\/uploads\/2020\/05\/BANDIERA-LADINA-1024x614.png 1024w, https:\/\/www.radiopiu.net\/wordpress\/wp-content\/uploads\/2020\/05\/BANDIERA-LADINA-768x461.png 768w, https:\/\/www.radiopiu.net\/wordpress\/wp-content\/uploads\/2020\/05\/BANDIERA-LADINA.png 1200w\" sizes=\"auto, (max-width: 300px) 100vw, 300px\" \/><\/a>COLLE SANTA LUCIA<\/strong> L\u2019Istitut Cultural Ladin Cesa de Jan ricorda oggi un avvenimento che ha segnato la storia del popolo ladino. Il 05 maggio 1920 si radunarono sul Passo Gardena, settanta rappresentanti delle comunit\u00e0 ladine brissinotirolesi di Fodom, Colle S. Lucia, Ampezzo e delle valli di Fassa, Badia e Gardena. Quel giorno si lev\u00f2 una forte protesta in seguito al Trattato di Saint-Germain che il 10 settembre del 1919 aveva sancito il passaggio del Tirolo Cisalpino all\u2019Italia, e con esso le cinque valli ladine. I rappresentanti ladini chiedevano al Regno d\u2019Italia di potersi avvalere del diritto di autodeterminazione e che il popolo ladino fosse riconosciuto come gruppo etnico a s\u00e9 stante, in quanto n\u00e9 tedesco n\u00e9 italiano. In quell\u2019occasione fu issata per la prima volta la Bandiera Ladina. Oggi sono quindi 100 anni che essa sventola un po\u2019 ovunque nelle nostre valli, nelle sedi istituzionali e in quasi tutte le nostre manifestazioni. Ecco allora che il tricolore ladino (verde, bianco e azzurro) assume da quel giorno un forte significato storico, identitario e anche politico. Esso rappresenta ancora oggi il principio di autodeterminazione di un popolo e il desiderio di queste comunit\u00e0 di conservare la propria cultura, la propria lingua e la propria identit\u00e0 e di ritornare amministrativamente unite dopo la tripartizione fascista del 1923. Noi ladini di Fodom, Colle e Ampezzo conosciamo molto bene il significato e i valori rappresentati dalla nostra Bandiera e per questo continueremo a farla sventolare con orgoglio e amore per la nostra terra<\/p>\n<p>&nbsp;<\/p>\n<hr \/>\n<p>&nbsp;<\/p>\n<blockquote>\n<h3 class=\"entry-title\">RIPRESA DELL\u2019ATTIVIT\u00c0 IN MONTAGNA: INVITO ALLA PRUDENZA E AL RISPETTO DELLE DIRETTIVE COVID \u2013 19<\/h3>\n<\/blockquote>\n<div><strong><a class=\"dt-pswp-item\" href=\"https:\/\/www.radiopiu.net\/wordpress\/wp-content\/uploads\/2019\/01\/IMG-20190104-WA0017.jpg\" data-dt-img-description=\"\" data-large_image_width=\"1600\" data-large_image_height=\"1066\"><img loading=\"lazy\" decoding=\"async\" class=\"size-medium wp-image-74738 alignleft\" src=\"https:\/\/www.radiopiu.net\/wordpress\/wp-content\/uploads\/2019\/01\/IMG-20190104-WA0017-300x200.jpg\" alt=\"\" width=\"300\" height=\"200\" srcset=\"https:\/\/www.radiopiu.net\/wordpress\/wp-content\/uploads\/2019\/01\/IMG-20190104-WA0017-300x200.jpg 300w, https:\/\/www.radiopiu.net\/wordpress\/wp-content\/uploads\/2019\/01\/IMG-20190104-WA0017-768x512.jpg 768w, https:\/\/www.radiopiu.net\/wordpress\/wp-content\/uploads\/2019\/01\/IMG-20190104-WA0017-1024x682.jpg 1024w, https:\/\/www.radiopiu.net\/wordpress\/wp-content\/uploads\/2019\/01\/IMG-20190104-WA0017.jpg 1600w\" sizes=\"auto, (max-width: 300px) 100vw, 300px\" \/><\/a>RIPORTIAMO LE INDICAZIONI DEL SOCCORSO ALPINO BELLUNESE<\/strong><\/div>\n<div><\/div>\n<div>Con la possibilit\u00e0 di riprendere a spostarsi per attivit\u00e0 sportiva e motoria, individuale o con componenti del nucleo familiare, invitiamo alla massima prudenza e a osservare le misure di contenimento del contagio da Coronavirus previste. Da oggi, 4 maggio, sar\u00e0 possibile riprendere a praticare attivit\u00e0 fisica e sportiva all\u2019aperto, raggiungendo luoghi anche distanti da casa, sempre inclusi all\u2019interno dei confini regionali. Si potra quindi tornare in montagna. Di seguito riportiamo i punti dell\u2019Ordinanza regionale che ci riguardano pi\u00f9 da vicino. Al punto 4 dell\u2019Ordinanza del 3 maggio 2020 della Regione Veneto, in integrazione al Dpcm 26.4.2020, si legge: \u201cAttivit\u00e0 motoria e sportiva nel terrirorio regionale \u00c8 consentito lo svolgimento individuale o con componenti del nucleo famigliare di attivit\u00e0 sportiva o motoria quali, a titilo esemplificativo e non esaustivo, camminata, corsa, ciclismo, tiro con l\u2019arco, equitazione, tennis, golf, pesca sportiva, canottaggion ecc.. Al fine di svolgere l\u2019attivit\u00e0 motoria o sportiva di cui sopra, \u00e8 consentito anche spostarsi con mezzi pubblici o privati per raggiungere il luogo individuato per svolgere tali attivit\u00e0, nei limiti del terrirorio regionale; \u00e8 consentita l\u2019attivit\u00e0 motoria collegata all\u2019addestramento di animali all\u2019aperto\u201d Al punto 3 si specifica: \u201cPer coloro che svolgono attivit\u00e0 motoria intensa non \u00e8 obbligatorio l\u2019uso di mascherina o copertura durante l\u2019attivit\u00e0 fisica intensa, salvo l\u2019obbligo di utilizzo alla fine dell\u2019attivit\u00e0 stessa\u201d. Per spostamenti in auto e mezzi pubblici, distanze e norme igieniche, vigono le stesse regole previste per ogni attivit\u00e0.\u00a0Ci\u00f2 premesso, ricordiamo a tutti i frequentatori della montagna che la Fase 2 appena iniziata deve vederci partire con assoluto rispetto delle norme vigenti, gradualmente e all\u2019insegna della prudenza. Al riguardo sconsigliamo di muovervi da soli; informate sempre qualcuno dei vostri spostamenti e tempi presunti di rientro, avvertendo in caso di cambiamenti nel programma. Usciamo da quasi due mesi di scarsa attivit\u00e0, quindi ripartite con uscite alla portata, senza superare i vostri limiti. I Rifugi continuano ad essere chiusi, i bivacchi possono accogliere le persone solo in caso di emergenza e \u201cL\u2019accesso equivale all\u2019assunzione di responsabilit\u00e0 per l\u2019utente del rischio di contagio da Covid \u2013 19, non essendo luoghi controllati\u201d si legge in una nota del Cai Veneto. In caso di necessit\u00e0, contattare il 118. Le nostre squadre, come gi\u00e0 avvenuto durante la prima fase, risponderanno ad ogni eventuale chiamata di intervento.<\/div>\n<div><\/div>\n<blockquote>\n<div><strong><em>DALLA SEZIONE AGORDINA DEL CAI<\/em><\/strong><\/div>\n<div><em><span style=\"color: #000000;\"><img decoding=\"async\" class=\"alignleft\" src=\"https:\/\/www.radiopiu.net\/wordpress\/wp-content\/uploads\/2020\/04\/cai-agordo.jpg\" \/>Siamo finalmente entrati nella tanto attesa Fase2 di questa emergenza sanitaria che ci ha chiesto sacrifici soprattutto in termini di limitazione della libert\u00e0 di movimento. Tale situazione \u00e8 stata pi\u00f9 difficile da sopportare per noi immersi nelle valli dolomitiche, con le montagne a portata di mano ma di fatto irraggiungibili&#8230; <\/span>Siamo stati bravi e questo ci ha premiato. Ora ci \u00e8 consentito fare qualcosa in pi\u00f9 anche in termini di attivit\u00e0 fisica e quindi anche di camminate in montagna. Ovviamente anche la Sezione Agordina rinnova a Soci e amanti della montagna la raccomandazione di mantenere alta la guardia e rispettare le regole di prevenzione sanitaria al fine di contenere la diffusione del contagio. La Presidente ed il Consiglio Direttivo sono pronti alla ripresa delle attivit\u00e0 sociali non appena i vertici nazionali lo consentiranno, in linea con le direttive politiche e sanitarie nazionali. In questo periodo la vicinanza dei soci si \u00e8 manifestata anche con il rinnovo dei tesseramenti che, a causa della chiusura della Sede sociale, sono stati comunque possibili con pagamenti online. Ad oggi il numero dei soci \u00e8 di 1161 a fronte della chiusura del 2019 con 1238 iscritti. Tale risultato non pu\u00f2 che confermare il forte legame e senso di appartenenza\u00a0 alla nostra gloriosa Sezione da parte dei Soci.\u00a0 Augurandoci che Voi tutti e le vostre famiglie siate in buona salute, rinnoviamo le raccomandazioni per una frequentazione responsabile della montagna in attesa di poter condividere insieme\u00a0nuove esperienze ed emozioni.<\/em><\/div>\n<\/blockquote>\n<div><\/div>\n<div><\/div>\n<div>\n<hr \/>\n<\/div>\n<h3><\/h3>\n<blockquote>\n<h3>ATTIVITA&#8217; SPORTIVA ED ESCURSIONI IN MONTAGNA NELLA &#8220;FASE 2&#8221;\u00a0UNCEM: 10 CONSIGLI UTILI<\/h3>\n<\/blockquote>\n<p><strong><a class=\"dt-pswp-item\" href=\"https:\/\/www.radiopiu.net\/wordpress\/wp-content\/uploads\/2020\/04\/UNCEM.jpg\" data-dt-img-description=\"\" data-large_image_width=\"500\" data-large_image_height=\"500\"><img loading=\"lazy\" decoding=\"async\" class=\"size-medium wp-image-133399 alignleft\" src=\"https:\/\/www.radiopiu.net\/wordpress\/wp-content\/uploads\/2020\/04\/UNCEM-300x300.jpg\" alt=\"\" width=\"300\" height=\"300\" srcset=\"https:\/\/www.radiopiu.net\/wordpress\/wp-content\/uploads\/2020\/04\/UNCEM-300x300.jpg 300w, https:\/\/www.radiopiu.net\/wordpress\/wp-content\/uploads\/2020\/04\/UNCEM-150x150.jpg 150w, https:\/\/www.radiopiu.net\/wordpress\/wp-content\/uploads\/2020\/04\/UNCEM.jpg 500w\" sizes=\"auto, (max-width: 300px) 100vw, 300px\" \/><\/a>ROMA <\/strong>Da oggi si pu\u00f2 svolgere attivit\u00e0 sportiva in montagna, e non solo. Escursioni, gite in bicicletta e molto altro. &#8220;Al fine di svolgere l&#8217;attivit\u00e0 motoria o sportiva &#8211; si legge infatti nelle FAQ sul sito del Governo &#8211; \u00e8 consentito anche spostarsi con mezzi pubblici o privati per raggiungere il luogo individuato per svolgere tali attivit\u00e0. Non \u00e8 consentito svolgere attivit\u00e0 motoria o sportiva fuori dalla propria Regione&#8221;. Si potr\u00e0 andare in bicicletta: &#8220;\u00c8 consentito utilizzare la bicicletta per svolgere attivit\u00e0 motoria all&#8217;aperto&#8221;. Tutto questo salvo regole pi\u00f9 stringenti definite dalle singole Regioni. &#8220;Ne siamo molto contenti di queste opportunit\u00e0. Le avevamo chiesto &#8211; precisa il Presidente nazionale Uncem, Marco Bussone &#8211; I territori sono pronti. Servono buon senso e impegno da parte di tutti. Poche regole per\u00a0guardare ai territori come luogo dei beni comuni, compresi gli spazi dove fare sport. A piedi o in bici. Le FAQ del Governo, le regole delle Regioni devono essere ben chiare a chi va sui territori a fare attivit\u00e0 sportive. Ciascuno riscopra il proprio limite, fondamentale oggi. Siamo impegnati con tante associazioni di categoria a costruire opportunit\u00e0 per il turismo estivo, quando si potr\u00e0, e invernale. Lavoriamo per dare ai borghi e ai territori nuove opportunit\u00e0. Uncem fa la sua parte accanto ai Sindaci, con tutti i Comuni. Buona attivit\u00e0 sportiva in montagna, dunque, con buon senso e attenzione massima&#8221;.\u00a0Uncem propone una serie di dieci consigli in particolare per chi nei prossimi giorni andr\u00e0 in montagna:\u00a0Non scegliere luoghi per l&#8217;attivit\u00e0 sportiva eccessivamente lontani da casa. Resta sempre &#8211; per l&#8217;attivit\u00e0 sportiva &#8211; all&#8217;interno della tua regione. Non \u00e8 consentito svolgere attivit\u00e0 ludica, ma solo attivit\u00e0 sportiva anche in Comuni diversi dal proprio, entro i confini della propria regione.\u00a0Segui le disposizioni sugli spostamenti e in caso di ogni dubbio leggi le FAQ sul sito del Governo.\u00a0I soggetti con sintomatologia da infezione respiratoria e febbre (maggiore di 37,5\u00b0 C) devono rimanere a casa.\u00a0Rispetta la distanza interpersonale di almeno due metri se svolgi attivit\u00e0 sportiva.\u00a0Non scegliere &#8211; a piedi o in bicicletta &#8211; percorsi troppo impegnativi, rispetta i tuoi limiti e affronta le attivit\u00e0 sportive gradualmente in base alla preparazione fiscia.\u00a0Per gli spostamenti in auto per raggiungere la destinazione dell&#8217;attivit\u00e0 sportiva, compila e porta con te l&#8217;autocertificazione.\u00a0Le seconde case non si possono raggiungere. Anche per attivit\u00e0 sportiva in bicicletta porta con te una copia dell&#8217;autocertificazione, da avere in caso di controlli. Come scritto nelle FAQ: &#8220;\u00c8 consentito utilizzare la bicicletta per svolgere attivit\u00e0 motoria all&#8217;aperto. In ogni circostanza deve comunque essere osservata la prescritta distanza di sicurezza interpersonale&#8221;.\u00a0Fermati in un negozio del territorio. Se entri in un luogo chiuso devi indossare la mascherina. Nel negozio, acquista i prodotti tipici del territorio e del paese dove ti trovi da portare a casa. \u00c8 un segno di vicinanza al territorio stesso e un atto di sostegno all&#8217;economia locale. Se quando sei a casa ti piace acquistare on line, scegli i portali che realmente rappresentano il territorio e le sue imprese. Non le grandi piattaforme ma i siti internet &#8220;di valle&#8221;, di territorio. \u00c8 fondamentale per sostenere le aziende agricole e artigiane dei territori.\u00a0Se vuoi acquistare beni alimentari da consumare, con la formula del take away, chiama prima il ristorante o il bar dove potrai recarti, per ordinare i prodotti da ritirare. I prodotti non potranno essere consumati nell&#8217;esercizio n\u00e9 in prossimit\u00e0 dello stesso, per evitare assembramenti.\u00a0Ricorda che\u00a0la Montagna \u00e8 il cuore dei beni comuni: sentieri, aria, acqua, prati, foreste, clima e ambiente sono di tutti. Ma sono beni della Montagna. Rispettali &#8211; porta a casa sempre i rifiuti -, guarda ai territori e ai paesi come luogo pulsante, comunit\u00e0 vive, centri di innovazione, impresa, produttivit\u00e0, impegno e coesione dei singoli che generano comunit\u00e0. Non passare oltre. I territori sono cultura e all&#8217;ombra di un campanile c&#8217;\u00e8 la vitalit\u00e0 di un paese che nel Paese ha affrontato in modo diverso la crisi sanitaria rispetto alle aree urbane, che rinasce accogliendo &#8211; dai prossimi mesi &#8211; turisti ed escursionisti secondo le norme e le regole che verranno. La montagna non \u00e8 il parco giochi delle aree urbane. Accoglie e d\u00e0 vita a opportunit\u00e0 sportive che permettono di godere dei beni comuni. Scopri piano i territori e segui questo decalogo per poterti sentire parte di comunit\u00e0 che sono pi\u00f9 che mai vive.<\/p>\n<p>&nbsp;<\/p>\n<p>&nbsp;<\/p>\n<hr \/>\n<p>&nbsp;<\/p>\n<p>&nbsp;<\/p>\n<p>&nbsp;<\/p>\n<blockquote>\n<h3>INTERVENTI POST-VAIA: NUOVI FINANZIAMENTI PER LA SISTEMAZIONE DELLE SORGENTI<\/h3>\n<\/blockquote>\n<p><strong><a class=\"dt-pswp-item\" href=\"https:\/\/www.radiopiu.net\/wordpress\/wp-content\/uploads\/2015\/06\/bimgsp.jpg\" data-dt-img-description=\"\" data-large_image_width=\"300\" data-large_image_height=\"168\"><img loading=\"lazy\" decoding=\"async\" class=\"size-medium wp-image-6703 alignleft\" src=\"https:\/\/www.radiopiu.net\/wordpress\/wp-content\/uploads\/2015\/06\/bimgsp-300x168.jpg\" alt=\"\" width=\"300\" height=\"168\" \/><\/a>BELLUNO<\/strong>\u00a0Il Covid-19 non ferma la programmazione delle opere nel servizio idrico. Ammontano, infatti, complessivamente a 5,4 milioni di euro i recenti finanziamenti stanziati dal Commissario Delegato all\u2019emergenza Vaia, Luca Zaia e destinati al Bellunese per la sistemazione di circa un centinaio di sorgenti fortemente danneggiate dalla tempesta dell\u2019autunno 2018. Gli interventi sono distribuiti su tutto il territorio: Alto e Basso Agordino (2,6 milioni di euro), Cadore e Comelico (1,3 milioni di euro), Val d\u2019Ansiei, Val Boite, Zoldano, Alpago, Valbelluna e Feltrino (1,1 milioni di euro). A chiudere, infine, la realizzazione del collegamento tra gli acquedotti del Melin e di Campolongo a Santo Stefano di Cadore (480mila euro), per la dismissione della presa di Acquabona spesso soggetta a fenomeni di torbidit\u00e0. A progettare, appaltare e realizzare gli interventi, sotto il coordinamento tecnico di Bim Gsp, 4 gestori idrici di Viveracqua (il consorzio veneto delle aziende idriche) che opereranno come soggetti attuatori incaricati dal Commissario Delegato: Acquevenete (di Monselice), Acque Veronesi (di Verona), Alto Trevigiano Servizi (di Montebelluna) e Veritas (di Venezia).\u00a0\u00a0\u00ab<em>Si tratta di un pacchetto lavori importante \u2013 spiega Giuseppe Vignato, Amministratore Unico di Bim Gsp \u2013 che saranno contrattualizzati entro la fine di settembre 2020, finalizzati a ripristinare o migliorare la funzionalit\u00e0 degli impianti sotto diversi aspetti: tecnologico- impiantistico, con l\u2019installazione di sistemi evoluti per la misurazione dei volumi e per il telecontrollo da remoto; igienico \u2013 sanitario, con l\u2019impermeabilizzazione delle strutture murarie e l\u2019installazione di appositi sistemi antiintrusione; ambientale, con opere di salvaguardia dei prelievi a garanzia del deflusso minimo vitale, di difesa idraulica e dei suoli nell\u2019area adiacente ai manufatti; strutturale, mediante il rifacimento integrale e l\u2019installazione dei necessari dispositivi per gli accessi in sicurezza. Nei prossimi mesi \u2013 prosegue Vignato &#8211; i 5 gestori veneti eseguiranno sopralluoghi in loco per rilevare lo stato di fatto e valutare la tipologia e l\u2019entit\u00e0 dei danni: a seguire, svilupperanno i progetti e bandiranno le gare d\u2019appalto, per arrivare all\u2019effettiva contrattualizzazione dei lavori con le imprese incaricate entro la fine del prossimo mese di settembre. In parallelo &#8211; conclude Vignato \u2013 Bim Gsp realizzer\u00e0 interventi diversificati per 2,5 milioni di euro, sempre collegati all\u2019emergenza Vaia e finanziati dal Commissario delegato: si va dalla sistemazione e messa in sicurezza di tratte acquedottistiche, al rifacimento integrale di tratte fognarie, alla sistemazione di vasche Imhoff<\/em>\u00bb.<\/p>\n<p>&nbsp;<\/p>\n<p>&nbsp;<\/p>\n<hr \/>\n<p>&nbsp;<\/p>\n<blockquote>\n<h3>VIABILITA&#8217;: SEMPRE ATTIVO IL COMUNE DI FELTRE<\/h3>\n<\/blockquote>\n<p><strong><a class=\"dt-pswp-item\" href=\"https:\/\/www.radiopiu.net\/wordpress\/wp-content\/uploads\/2020\/05\/b1503672-a37e-4b6d-aac0-325e4a511a44.jpg\" data-dt-img-description=\"\" data-large_image_width=\"2000\" data-large_image_height=\"1500\"><img loading=\"lazy\" decoding=\"async\" class=\" wp-image-135011 alignleft\" src=\"https:\/\/www.radiopiu.net\/wordpress\/wp-content\/uploads\/2020\/05\/b1503672-a37e-4b6d-aac0-325e4a511a44-300x225.jpg\" alt=\"\" width=\"177\" height=\"133\" srcset=\"https:\/\/www.radiopiu.net\/wordpress\/wp-content\/uploads\/2020\/05\/b1503672-a37e-4b6d-aac0-325e4a511a44-300x225.jpg 300w, https:\/\/www.radiopiu.net\/wordpress\/wp-content\/uploads\/2020\/05\/b1503672-a37e-4b6d-aac0-325e4a511a44-1024x768.jpg 1024w, https:\/\/www.radiopiu.net\/wordpress\/wp-content\/uploads\/2020\/05\/b1503672-a37e-4b6d-aac0-325e4a511a44-768x576.jpg 768w, https:\/\/www.radiopiu.net\/wordpress\/wp-content\/uploads\/2020\/05\/b1503672-a37e-4b6d-aac0-325e4a511a44-1536x1152.jpg 1536w, https:\/\/www.radiopiu.net\/wordpress\/wp-content\/uploads\/2020\/05\/b1503672-a37e-4b6d-aac0-325e4a511a44.jpg 2000w\" sizes=\"auto, (max-width: 177px) 100vw, 177px\" \/><\/a>FELTRE\u00a0<\/strong>L&#8217;intervento di manutenzione\/implementazione dei guard rail stradali che si \u00e8 conclusa ieri finanziato nell&#8217;ambito del post Vaia (importo complessivo circa 23 mila euro). I lavori hanno interessato via S. Giuseppe a Tomo, via Pren, via Mengotti (cfr. foto), via Vignaven e via Cassie. Un altro intervento riguarder\u00e0 il tratto alto di via Panoramica a fine dei lavori in corso.<\/p>\n<p><strong>ADIS ZATTA ASSESSORE DEL COMUNE DI FELTRE<\/strong><\/p>\n<audio class=\"wp-audio-shortcode\" id=\"audio-134950-6\" preload=\"none\" style=\"width: 100%;\" controls=\"controls\"><source type=\"audio\/mpeg\" src=\"https:\/\/www.radiopiu.net\/wordpress\/wp-content\/uploads\/2020\/05\/ZATTA-VIABILITA-FELTRE.mp3?_=6\" \/><a href=\"https:\/\/www.radiopiu.net\/wordpress\/wp-content\/uploads\/2020\/05\/ZATTA-VIABILITA-FELTRE.mp3\">https:\/\/www.radiopiu.net\/wordpress\/wp-content\/uploads\/2020\/05\/ZATTA-VIABILITA-FELTRE.mp3<\/a><\/audio>\n<p>&nbsp;<\/p>\n<p>&nbsp;<\/p>\n<hr \/>\n<p>&nbsp;<\/p>\n<blockquote>\n<h3>TABLET E SMARTWATCH PER ANZIANI SOLI RICHIESTE ENTRO IL 15 MAGGIO<\/h3>\n<\/blockquote>\n<p><strong><a class=\"dt-pswp-item\" href=\"https:\/\/www.radiopiu.net\/wordpress\/wp-content\/uploads\/2020\/05\/Kit-tablet-e-smartwatch-SerSA.jpeg\" data-dt-img-description=\"\" data-large_image_width=\"1600\" data-large_image_height=\"900\"><img loading=\"lazy\" decoding=\"async\" class=\"size-medium wp-image-135089 alignleft\" src=\"https:\/\/www.radiopiu.net\/wordpress\/wp-content\/uploads\/2020\/05\/Kit-tablet-e-smartwatch-SerSA-300x169.jpeg\" alt=\"\" width=\"300\" height=\"169\" srcset=\"https:\/\/www.radiopiu.net\/wordpress\/wp-content\/uploads\/2020\/05\/Kit-tablet-e-smartwatch-SerSA-300x169.jpeg 300w, https:\/\/www.radiopiu.net\/wordpress\/wp-content\/uploads\/2020\/05\/Kit-tablet-e-smartwatch-SerSA-1024x576.jpeg 1024w, https:\/\/www.radiopiu.net\/wordpress\/wp-content\/uploads\/2020\/05\/Kit-tablet-e-smartwatch-SerSA-768x432.jpeg 768w, https:\/\/www.radiopiu.net\/wordpress\/wp-content\/uploads\/2020\/05\/Kit-tablet-e-smartwatch-SerSA-1536x864.jpeg 1536w, https:\/\/www.radiopiu.net\/wordpress\/wp-content\/uploads\/2020\/05\/Kit-tablet-e-smartwatch-SerSA.jpeg 1600w\" sizes=\"auto, (max-width: 300px) 100vw, 300px\" \/><\/a>BELLUNO<\/strong> Mantenere in contatto gli anziani che vivono da soli con i propri cari: con questo obbiettivo, Ser.S.A. mette a disposizione 25 kit comprendenti un tablet, uno smartwatch e due sim.\u00a0In questo modo, si intende tutelare quella fascia di popolazione a rischio contagio, in special modo in queste settimane di prima ripartenza, durante le quali il contenimento della diffusione del virus \u00e8 fondamentale.\u00a0\u00ab<em>Vogliamo mettere questi strumenti a disposizione delle persone anziane che vivono da sole nel territorio del comune di Belluno. &#8211; spiega l&#8217;amministratore unico di Ser.S.A., Paolo Santesso \u2013 In particolare, vorremmo consegnarli a persone con pi\u00f9 di 75 anni e che possano contare su un parente che possa venire a ritirarli e spiegarne poi loro le funzioni base<\/em>\u00bb.\u00a0Gli strumenti saranno concessi in comodato d&#8217;uso gratuito fino alla fine del 2020; per gli utenti, non ci sar\u00e0 alcun costo aggiuntivo, visto che le tariffe delle sim gi\u00e0 installate negli apparecchi saranno a carico di Ser.S.A.<\/p>\n<p><strong>IL SINDACO DI BELLUNO JACOPO MASSARO<\/strong><\/p>\n<audio class=\"wp-audio-shortcode\" id=\"audio-134950-7\" preload=\"none\" style=\"width: 100%;\" controls=\"controls\"><source type=\"audio\/mpeg\" src=\"https:\/\/www.radiopiu.net\/wordpress\/wp-content\/uploads\/2020\/05\/Massaro-Tablet-anziani-Coronavirus.mp3?_=7\" \/><a href=\"https:\/\/www.radiopiu.net\/wordpress\/wp-content\/uploads\/2020\/05\/Massaro-Tablet-anziani-Coronavirus.mp3\">https:\/\/www.radiopiu.net\/wordpress\/wp-content\/uploads\/2020\/05\/Massaro-Tablet-anziani-Coronavirus.mp3<\/a><\/audio>\n<p>&nbsp;<\/p>\n<hr \/>\n<p>&nbsp;<\/p>\n<blockquote>\n<h3>SOCIET\u00c0 NUOVA \u00c8 PRONTA PER LA FASE DUE<\/h3>\n<\/blockquote>\n<p><strong><a class=\"dt-pswp-item\" href=\"https:\/\/www.radiopiu.net\/wordpress\/wp-content\/uploads\/2020\/05\/21bcc8d3-336a-4c22-9571-b639ded19f4a-1.jpg\" data-dt-img-description=\"\" data-large_image_width=\"1308\" data-large_image_height=\"716\"><img loading=\"lazy\" decoding=\"async\" class=\"size-medium wp-image-135093 alignleft\" src=\"https:\/\/www.radiopiu.net\/wordpress\/wp-content\/uploads\/2020\/05\/21bcc8d3-336a-4c22-9571-b639ded19f4a-1-300x164.jpg\" alt=\"\" width=\"300\" height=\"164\" srcset=\"https:\/\/www.radiopiu.net\/wordpress\/wp-content\/uploads\/2020\/05\/21bcc8d3-336a-4c22-9571-b639ded19f4a-1-300x164.jpg 300w, https:\/\/www.radiopiu.net\/wordpress\/wp-content\/uploads\/2020\/05\/21bcc8d3-336a-4c22-9571-b639ded19f4a-1-1024x561.jpg 1024w, https:\/\/www.radiopiu.net\/wordpress\/wp-content\/uploads\/2020\/05\/21bcc8d3-336a-4c22-9571-b639ded19f4a-1-768x420.jpg 768w, https:\/\/www.radiopiu.net\/wordpress\/wp-content\/uploads\/2020\/05\/21bcc8d3-336a-4c22-9571-b639ded19f4a-1.jpg 1308w\" sizes=\"auto, (max-width: 300px) 100vw, 300px\" \/><\/a>BELLUNO<\/strong> Anche la Cooperativa di Belluno, che opera sul territorio dal 1977, si \u00e8 ritrovata all&#8217;inizio di marzo a dover sospendere gran parte dei propri Servizi, con la seguente necessit\u00e0 di dover intervenire tempestivamente attraverso una sostanziale riorganizzazione di tutta la sua struttura operativa. Chiusi tutti i Servizi rivolti ai minori, chiusi i Servizi Semiresidenziali e chiuse molte attivit\u00e0 di inserimento lavorativo. Molti lavoratori si sono ritrovati a casa da un giorno all&#8217;altro, ma soprattutto centinaia di persone con disabilit\u00e0 o svantaggiate hanno dovuto rinunciare al loro mondo extrafamiliare, ritrovandosi all&#8217;improvviso in un nuova realt\u00e0, fatta di regole nuove e per molti versi incomprensibile.\u00a0&#8220;<em>Il momento non \u00e8 facile per nessuno&#8221;, esordisce il Presidente della Cooperativa Societ\u00e0 Nuova, Federico Bristot, &#8220;in pochi giorni il mondo si \u00e8 ritrovato profondamente cambiato. Dobbiamo adattarci nel pi\u00f9 breve tempo possibile a nuovi stili di vita, nuove abitudini, rivedendo in parte anche le nostre certezze; solo cos\u00ec potremo arginare questo dramma umano e in seconda battuta economico. Dal canto nostro, superato il naturale disorientamento iniziale, abbiamo cercato di adattarci da subito ad una situazione in continua evoluzione, cercando di anticipare le strategie che ci condurranno fuori dall&#8217;incubo e soprattutto non perdendo mai di vista i nostri principi di solidariet\u00e0 e sostegno alle persone in difficolt\u00e0; nessuno deve sentirsi solo<\/em>.&#8221;\u00a0&#8220;<em>Sono orgoglioso e commosso dall&#8217;impegno che ho visto in questi mesi&#8221; sottolinea Bristot, &#8220;il personale impiegato nelle nostre Comunit\u00e0 Alloggio e presso l&#8217;Ulss ha dimostrato una forza, una professionalit\u00e0 e un senso civico indescrivibili, come pure i soci lavoratori che, trovatisi improvvisamente a casa per la chiusura dei loro servizi, si sono prontamente resi disponibili nel supportare le Comunit\u00e0 stesse e nel mantenere uno stretto contatto con i ragazzi rimasti a casa attraverso telefonate e videochiamate. E non ci sono parole per gli Operatori Socio Sanitari che hanno risposto senza esitazione alla richiesta delle Case di Riposo di una collaborazione, in questo periodo che le colloca in una posizione drammaticamente senza precedenti. Tutti, nessuno escluso, sono encomiabili nello svolgere il loro compito con gentilezza e rispetto della dignit\u00e0 di ogni singolo<\/em>.&#8221;\u00a0Societ\u00e0 Nuova si \u00e8 attivata per essere pronta alla riapertura dei propri Servizi garantendo tutte le misure di sicurezza necessarie; dalla dotazione dei DPI adeguati alle zone di sanificazione, alle procedure da attivare in caso di presunto contagio, cos\u00ec come agli interventi domiciliari in sicurezza. Descrive il Presidente Bristot &#8220;<em>abbiamo attivato immediatamente una fitta rete di supporto telefonico e videochiamata con famiglie e utenti, fornendo a domicilio i kit con il materiale necessario a proseguire le attivit\u00e0 che eseguivano nei Servizi. Quotidianamente vengono organizzate attivit\u00e0 di gruppo tramite i vari sistemi di videochat nei quali educatori e operatori hanno la possibilit\u00e0 di interagire con chi \u00e8 a casa. E lo stesso discorso vale anche per il Centro Infanzia UnoDueTre e i doposcuola Oppl\u00e0. In aprile sono iniziati anche gli interventi domiciliari, qualora richiesti dalle famiglie e ritenuti necessari. La nostra ultima azione \u00e8 di oggi: abbiamo montato due capannoni all&#8217;esterno dei nostri Servizi che potranno garantire pi\u00f9 di 300 metri quadrati di spazio all&#8217;aperto nei quali svolgere le attivit\u00e0 in maggiore sicurezza e la prossima settimana sar\u00e0 attivo un orto, per stimolare le attivit\u00e0 all&#8217;aperto<\/em>&#8220;.<\/p>\n<p>&nbsp;<\/p>\n<p>&nbsp;<\/p>\n<hr \/>\n<p>&nbsp;<\/p>\n<p>&nbsp;<\/p>\n<h2>IERI ALLA RADIO&#8230; PAOLA LANCIATO<\/h2>\n<audio class=\"wp-audio-shortcode\" id=\"audio-134950-8\" preload=\"none\" style=\"width: 100%;\" controls=\"controls\"><source type=\"audio\/mpeg\" src=\"https:\/\/www.radiopiu.net\/wordpress\/wp-content\/uploads\/2020\/05\/FATTORigel-il-terranova-del-Titanic.mp3?_=8\" \/><a href=\"https:\/\/www.radiopiu.net\/wordpress\/wp-content\/uploads\/2020\/05\/FATTORigel-il-terranova-del-Titanic.mp3\">https:\/\/www.radiopiu.net\/wordpress\/wp-content\/uploads\/2020\/05\/FATTORigel-il-terranova-del-Titanic.mp3<\/a><\/audio>\n<p>&nbsp;<\/p>\n<p>&nbsp;<\/p>\n<hr \/>\n<p>&nbsp;<\/p>\n<p>&nbsp;<\/p>\n<blockquote>\n<h3>DANZA CONTEMPORANEA E MODERNA, IL NUOVO VIDEO DELL&#8217;ASSOCIAZIONE DANZA AGORDINA<\/h3>\n<\/blockquote>\n<p><strong>AGORDO <\/strong>&#8220;<em>Certe cose si possono dire con le parole, altre con i movimenti. Ci sono anche dei momenti in cui si rimane senza parole, completamente perduti e disorientati, non si sa pi\u00f9 cosa fare. A questo punto comincia la danza<\/em>&#8221; Pina Baush<\/p>\n<p>Questo \u00e8 il messaggio di Valentina e dei suoi ragazzi di danza moderna e contemporanea da case, terrazzi, cortili\u00a0 e prati di Agordo, La Valle, San Tomaso, Gosaldo, Taibon , Alleghe.<\/p>\n<p><strong>IL VIDEO DELL&#8217;ASSOCIAZIONE DANZA AGORDINA<\/strong><\/p>\n<div style=\"width: 720px;\" class=\"wp-video\"><video class=\"wp-video-shortcode\" id=\"video-134950-1\" width=\"720\" height=\"480\" preload=\"metadata\" controls=\"controls\"><source type=\"video\/mp4\" src=\"https:\/\/www.radiopiu.net\/wordpress\/wp-content\/uploads\/2020\/05\/ADA-VIDEO-DEFINITIVO-OK.mp4?_=1\" \/><a href=\"https:\/\/www.radiopiu.net\/wordpress\/wp-content\/uploads\/2020\/05\/ADA-VIDEO-DEFINITIVO-OK.mp4\">https:\/\/www.radiopiu.net\/wordpress\/wp-content\/uploads\/2020\/05\/ADA-VIDEO-DEFINITIVO-OK.mp4<\/a><\/video><\/div>\n<p>&nbsp;<\/p>\n<p>&nbsp;<\/p>\n<hr \/>\n<p>&nbsp;<\/p>\n<blockquote class=\"wp-embedded-content\" data-secret=\"3aZauDwBaS\"><p><a href=\"https:\/\/www.radiopiu.net\/wordpress\/la-maestra-margherita-e-i-musicanti-di-brema\/\">LA MAESTRA MARGHERITA E I MUSICANTI DI BREMA<\/a><\/p><\/blockquote>\n<p><iframe loading=\"lazy\" title=\"&#8220;LA MAESTRA MARGHERITA E I MUSICANTI DI BREMA&#8221; &#8212; Radio Pi\u00f9\" class=\"wp-embedded-content\" sandbox=\"allow-scripts\" security=\"restricted\" style=\"position: absolute; clip: rect(1px, 1px, 1px, 1px);\" src=\"https:\/\/www.radiopiu.net\/wordpress\/la-maestra-margherita-e-i-musicanti-di-brema\/embed\/#?secret=3aZauDwBaS\" data-secret=\"3aZauDwBaS\" width=\"600\" height=\"338\" frameborder=\"0\" marginwidth=\"0\" marginheight=\"0\" scrolling=\"no\"><\/iframe><\/p>\n<p>&nbsp;<\/p>\n<hr \/>\n<p>&nbsp;<\/p>\n<blockquote class=\"wp-embedded-content\" data-secret=\"XiQk3STtxb\"><p><a href=\"https:\/\/www.radiopiu.net\/wordpress\/pier-aldo-vignazia-in-arte-vip-vignettista-nato-a-belluno-di-renato-bona\/\">PIER ALDO VIGNAZIA IN ARTE VIP VIGNETTISTA \u201cNATO\u201d A BELLUNO di Renato Bona<\/a><\/p><\/blockquote>\n<p><iframe loading=\"lazy\" title=\"&#8220;PIER ALDO VIGNAZIA IN ARTE VIP VIGNETTISTA \u201cNATO\u201d A BELLUNO di Renato Bona&#8221; &#8212; Radio Pi\u00f9\" class=\"wp-embedded-content\" sandbox=\"allow-scripts\" security=\"restricted\" style=\"position: absolute; clip: rect(1px, 1px, 1px, 1px);\" src=\"https:\/\/www.radiopiu.net\/wordpress\/pier-aldo-vignazia-in-arte-vip-vignettista-nato-a-belluno-di-renato-bona\/embed\/#?secret=XiQk3STtxb\" data-secret=\"XiQk3STtxb\" width=\"600\" height=\"338\" frameborder=\"0\" marginwidth=\"0\" marginheight=\"0\" scrolling=\"no\"><\/iframe><\/p>\n<p>&nbsp;<\/p>\n<hr \/>\n<p>&nbsp;<\/p>\n<h2>IERI ALLA RADIO<\/h2>\n<p><a class=\"dt-pswp-item\" href=\"https:\/\/www.radiopiu.net\/wordpress\/wp-content\/uploads\/2020\/05\/Schermata-2020-05-04-alle-16.04.00.png\" data-dt-img-description=\"\" data-large_image_width=\"812\" data-large_image_height=\"450\"><img loading=\"lazy\" decoding=\"async\" class=\"size-medium wp-image-135098 alignleft\" src=\"https:\/\/www.radiopiu.net\/wordpress\/wp-content\/uploads\/2020\/05\/Schermata-2020-05-04-alle-16.04.00-300x166.png\" alt=\"\" width=\"300\" height=\"166\" srcset=\"https:\/\/www.radiopiu.net\/wordpress\/wp-content\/uploads\/2020\/05\/Schermata-2020-05-04-alle-16.04.00-300x166.png 300w, https:\/\/www.radiopiu.net\/wordpress\/wp-content\/uploads\/2020\/05\/Schermata-2020-05-04-alle-16.04.00-768x426.png 768w, https:\/\/www.radiopiu.net\/wordpress\/wp-content\/uploads\/2020\/05\/Schermata-2020-05-04-alle-16.04.00.png 812w\" sizes=\"auto, (max-width: 300px) 100vw, 300px\" \/><\/a><strong>A TAIBON APRE UN NUOVO NEGOZIO DI VENDITA AL DETTAGLIO<\/strong><\/p>\n<p><strong>di Claudio Fontanive<\/strong><\/p>\n<audio class=\"wp-audio-shortcode\" id=\"audio-134950-9\" preload=\"none\" style=\"width: 100%;\" controls=\"controls\"><source type=\"audio\/mpeg\" src=\"https:\/\/www.radiopiu.net\/wordpress\/wp-content\/uploads\/2020\/05\/teresa-rossi-04-maggio-prima-parte.mp3?_=9\" \/><a href=\"https:\/\/www.radiopiu.net\/wordpress\/wp-content\/uploads\/2020\/05\/teresa-rossi-04-maggio-prima-parte.mp3\">https:\/\/www.radiopiu.net\/wordpress\/wp-content\/uploads\/2020\/05\/teresa-rossi-04-maggio-prima-parte.mp3<\/a><\/audio>\n<p>&nbsp;<\/p>\n<hr \/>\n<p>&nbsp;<\/p>\n<p>&nbsp;<\/p>\n<h3><span style=\"color: #800080;\">007 IN CONDOTTA\u00a0<\/span><\/h3>\n<blockquote class=\"wp-embedded-content\" data-secret=\"yR95FoqWl6\"><p><a href=\"https:\/\/www.radiopiu.net\/wordpress\/matematica-e-covid\/\">Matematica e Covid<\/a><\/p><\/blockquote>\n<p><iframe loading=\"lazy\" title=\"&#8220;Matematica e Covid&#8221; &#8212; Radio Pi\u00f9\" class=\"wp-embedded-content\" sandbox=\"allow-scripts\" security=\"restricted\" style=\"position: absolute; clip: rect(1px, 1px, 1px, 1px);\" src=\"https:\/\/www.radiopiu.net\/wordpress\/matematica-e-covid\/embed\/#?secret=yR95FoqWl6\" data-secret=\"yR95FoqWl6\" width=\"600\" height=\"338\" frameborder=\"0\" marginwidth=\"0\" marginheight=\"0\" scrolling=\"no\"><\/iframe><\/p>\n<p><strong>RACCOLTA COMPLETA<\/strong><\/p>\n<blockquote class=\"wp-embedded-content\" data-secret=\"whVEggp8XN\"><p><a href=\"https:\/\/www.radiopiu.net\/wordpress\/007incondotta-2-2\/\">007 in condotta<\/a><\/p><\/blockquote>\n<p><iframe loading=\"lazy\" title=\"&#8220;007 in condotta&#8221; &#8212; Radio Pi\u00f9\" class=\"wp-embedded-content\" sandbox=\"allow-scripts\" security=\"restricted\" style=\"position: absolute; clip: rect(1px, 1px, 1px, 1px);\" src=\"https:\/\/www.radiopiu.net\/wordpress\/007incondotta-2-2\/embed\/#?secret=whVEggp8XN\" data-secret=\"whVEggp8XN\" width=\"600\" height=\"338\" frameborder=\"0\" marginwidth=\"0\" marginheight=\"0\" scrolling=\"no\"><\/iframe><\/p>\n<p>&nbsp;<\/p>\n<p>&nbsp;<\/p>\n<p>&nbsp;<\/p>\n<h3><span style=\"color: #333399;\"><strong>I RACCONTI DI PAOLO SOPPELSA\u00a0<\/strong><\/span><\/h3>\n<p><strong>SERA A CENCE<\/strong><\/p>\n<p><strong>AUDIO<\/strong><\/p>\n<audio class=\"wp-audio-shortcode\" id=\"audio-134950-10\" preload=\"none\" style=\"width: 100%;\" controls=\"controls\"><source type=\"audio\/mpeg\" src=\"https:\/\/www.radiopiu.net\/wordpress\/wp-content\/uploads\/2020\/05\/PAOLO-SOPPELSA-21.mp3?_=10\" \/><a href=\"https:\/\/www.radiopiu.net\/wordpress\/wp-content\/uploads\/2020\/05\/PAOLO-SOPPELSA-21.mp3\">https:\/\/www.radiopiu.net\/wordpress\/wp-content\/uploads\/2020\/05\/PAOLO-SOPPELSA-21.mp3<\/a><\/audio>\n<p>&nbsp;<\/p>\n<p><a class=\"dt-pswp-item\" href=\"https:\/\/www.radiopiu.net\/wordpress\/wp-content\/uploads\/2020\/05\/CENCENIGHE.jpg\" data-dt-img-description=\"\" data-large_image_width=\"1080\" data-large_image_height=\"810\"><img loading=\"lazy\" decoding=\"async\" class=\"size-medium wp-image-134919 alignleft\" src=\"https:\/\/www.radiopiu.net\/wordpress\/wp-content\/uploads\/2020\/05\/CENCENIGHE-300x225.jpg\" alt=\"\" width=\"300\" height=\"225\" srcset=\"https:\/\/www.radiopiu.net\/wordpress\/wp-content\/uploads\/2020\/05\/CENCENIGHE-300x225.jpg 300w, https:\/\/www.radiopiu.net\/wordpress\/wp-content\/uploads\/2020\/05\/CENCENIGHE-1024x768.jpg 1024w, https:\/\/www.radiopiu.net\/wordpress\/wp-content\/uploads\/2020\/05\/CENCENIGHE-768x576.jpg 768w, https:\/\/www.radiopiu.net\/wordpress\/wp-content\/uploads\/2020\/05\/CENCENIGHE.jpg 1080w\" sizes=\"auto, (max-width: 300px) 100vw, 300px\" \/><\/a>Erano sere che arrivavano lente. Con il rumore del traffico che andava sfumando lasciando spazio alla voce del Biois. E c\u2019era un\u2019aria di quasi attesa, aspettando il suono potente eppure dolce della campana grande che suonava le venti. La porta della cucina che dava sul terrazzo era aperta e quella nota squillante di FA entrava in casa con una gradita prepotenza. Sovrastava ogni altro suono presente in quel momento; il tintinnare dei piatti e cucchiai che mamma metteva nel lavandino, la sigla di apertura del TG1. Solo avvicinandosi al televisore si poteva appena udire la voce di Angela Buttiglione che raccontava le vicende del governo di pentapartito. Poi i rintocchi incominciavano ad essere meno potenti e pi\u00f9 distanti fra loro. La campana grande stava ormai terminando il suo lavoro serale mentre in TV si parlava di Perestrojka. Uscivo in terrazzo e guardavo la piazza. Qualche rara auto scendeva da Alleghe o da Falcade. La bandiera del Monumento ai Caduti era tranquilla, appena mossa da un vento ancora tiepido che scendeva dalla Val del Biois. Mi allacciavo le scarpe ed iniziavo a scalpitare mettendo fretta a mio fratello per andare a giocare a calcio al campo aldil\u00e0 del Cordevole. \u201c\u2026ciao mama\u2026a dopo\u2026noi don..!!\u201d E mamma diceva, mentre chiudeva il rubinetto del lavandino e si asciugava le mani \u201c\u2026me racomande\u2026no ste tir\u00e0 masa tardi\u2026\u201d Si slacciava la traversa e si preparava ad uscire pure lei per andare \u201cdu su&#8217;n banca\u201d per le chiacchiere della sera. Al campo c\u2019era il vento a mescolare le voci di tanti ragazzi che correvano nella polvere della ghiaia, che allora l\u2019erba praticamente non c\u2019era ed un tuffo in porta era un gesto di coraggio. Ma qualche \u201cscusada\u201d era nulla rispetto al divertimento del giocare all\u2019ombra del Pelsa. Poi il campanile batteva le dieci ed il pallone diventava un&#8217;ombra sempre pi\u00f9 difficile da rincorrere. Era quasi l\u2019ora di ritornare aldiqu\u00e0 del Cordevole. Dopo tanti \u201cciao a doman\u201d ci si incamminava verso casa. Sul ponte di Avoscan l\u2019onnipresente folata di vento faceva venire la pelle d\u2019oca mentre via Roma ormai era illuminata dai lampioni. Giunti sul \u201csagr\u00e0\u201d la sera si era tramutata in notte. Qualche anziana si alzava salutando dalla panca in pietra, le mamme pi\u00f9 giovani rimanevano ancora un po\u2019 a raccontarsela. Era ancora il battere a martello dell\u2019orologio del campanile a sovrastare quell\u2019ultimo chiacchierare sottovoce. Un altro \u201ca doman\u201d e si rincasava. C\u2019era ancora tempo per ascoltare met\u00e0 \u201cThe Wall\u201d dei Pink Floyd: cassetta da \u201c90\u201d, ed il lato \u201cA\u201d era il mio preferito. Il modo pi\u00f9 bello per entrare nel mondo dei sogni. A volte ero ancora sveglio quando terminava la musica. Ed allora ci avrebbe pensato il mormorare del Biois ad accompagnarmi nel dolce sonno di quelle notti di inizio estate.<\/p>\n<p><strong>COLLEZIONE COMPLETA <\/strong><\/p>\n<p><iframe loading=\"lazy\" class=\"wp-embedded-content\" title=\"\u201cI racconti di Paolo Soppelsa\u201d \u2014 Radio Pi\u00f9\" src=\"https:\/\/www.radiopiu.net\/wordpress\/i-racconti-di-paolo-soppelsa\/embed\/#?secret=XDmAxj761m\" width=\"600\" height=\"200\" frameborder=\"0\" marginwidth=\"0\" marginheight=\"0\" scrolling=\"no\" sandbox=\"allow-scripts\" data-secret=\"XDmAxj761m\" data-mce-fragment=\"1\"><\/iframe><\/p>\n<h2><\/h2>\n<h3><span style=\"color: #ff00ff;\"><strong>IN VIVO VERSO<\/strong><\/span><\/h3>\n<blockquote class=\"wp-embedded-content\" data-secret=\"vxW23JTQ5k\"><p><a href=\"https:\/\/www.radiopiu.net\/wordpress\/pomeriggio-di-marzo-di-maurizio-zanon\/\">POMERIGGIO DI MARZO di MAURIZIO ZANON<\/a><\/p><\/blockquote>\n<p><iframe loading=\"lazy\" title=\"&#8220;POMERIGGIO DI MARZO di MAURIZIO ZANON&#8221; &#8212; Radio Pi\u00f9\" class=\"wp-embedded-content\" sandbox=\"allow-scripts\" security=\"restricted\" style=\"position: absolute; clip: rect(1px, 1px, 1px, 1px);\" src=\"https:\/\/www.radiopiu.net\/wordpress\/pomeriggio-di-marzo-di-maurizio-zanon\/embed\/#?secret=vxW23JTQ5k\" data-secret=\"vxW23JTQ5k\" width=\"600\" height=\"338\" frameborder=\"0\" marginwidth=\"0\" marginheight=\"0\" scrolling=\"no\"><\/iframe><\/p>\n<p><strong>COLLEZIONE COMPLETA<\/strong><\/p>\n<p><iframe loading=\"lazy\" class=\"wp-embedded-content\" title=\"\u201cIn Vivo Verso\u201d \u2014 Radio Pi\u00f9\" src=\"https:\/\/www.radiopiu.net\/wordpress\/in-vivo-verso\/embed\/#?secret=C6BZ7UQzka\" width=\"600\" height=\"200\" frameborder=\"0\" marginwidth=\"0\" marginheight=\"0\" scrolling=\"no\" sandbox=\"allow-scripts\" data-secret=\"C6BZ7UQzka\" data-mce-fragment=\"1\"><\/iframe><\/p>\n<p>&nbsp;<\/p>\n<p>&nbsp;<\/p>\n<h3><span style=\"color: #ff0000;\"><strong>DUE MINUTI UN LIBRO<\/strong><\/span><\/h3>\n<blockquote class=\"wp-embedded-content\" data-secret=\"MRj6S4PFMu\"><p><a href=\"https:\/\/www.radiopiu.net\/wordpress\/le-intermittenze-della-morte\/\">LE INTERMITTENZE DELLA MORTE<\/a><\/p><\/blockquote>\n<p><iframe loading=\"lazy\" title=\"&#8220;LE INTERMITTENZE DELLA MORTE&#8221; &#8212; Radio Pi\u00f9\" class=\"wp-embedded-content\" sandbox=\"allow-scripts\" security=\"restricted\" style=\"position: absolute; clip: rect(1px, 1px, 1px, 1px);\" src=\"https:\/\/www.radiopiu.net\/wordpress\/le-intermittenze-della-morte\/embed\/#?secret=MRj6S4PFMu\" data-secret=\"MRj6S4PFMu\" width=\"600\" height=\"338\" frameborder=\"0\" marginwidth=\"0\" marginheight=\"0\" scrolling=\"no\"><\/iframe><\/p>\n<p><strong>COLLEZIONE COMPLETA<\/strong><\/p>\n<p><iframe loading=\"lazy\" class=\"wp-embedded-content\" title=\"\u201cDue minuti un libro\u201d \u2014 Radio Pi\u00f9\" src=\"https:\/\/www.radiopiu.net\/wordpress\/due-minuti-un-libro\/embed\/#?secret=j7BPAdVORQ\" width=\"600\" height=\"251\" frameborder=\"0\" marginwidth=\"0\" marginheight=\"0\" scrolling=\"no\" sandbox=\"allow-scripts\" data-secret=\"j7BPAdVORQ\" data-mce-fragment=\"1\"><\/iframe><\/p>\n<p>&nbsp;<\/p>\n<h3><span style=\"color: #00ccff;\"><strong>SALUTE E SOCIETA\u2019<\/strong><\/span><\/h3>\n<blockquote class=\"wp-embedded-content\" data-secret=\"et4zvv5XIj\"><p><a href=\"https:\/\/www.radiopiu.net\/wordpress\/tumori-hiv-aids-talassemia-pediatria\/\">Tumori &#8211; HIV\/AIDS &#8211; Talassemia &#8211; Pediatria<\/a><\/p><\/blockquote>\n<p><iframe loading=\"lazy\" title=\"&#8220;Tumori &#8211; HIV\/AIDS &#8211; Talassemia &#8211; Pediatria&#8221; &#8212; Radio Pi\u00f9\" class=\"wp-embedded-content\" sandbox=\"allow-scripts\" security=\"restricted\" style=\"position: absolute; clip: rect(1px, 1px, 1px, 1px);\" src=\"https:\/\/www.radiopiu.net\/wordpress\/tumori-hiv-aids-talassemia-pediatria\/embed\/#?secret=et4zvv5XIj\" data-secret=\"et4zvv5XIj\" width=\"600\" height=\"338\" frameborder=\"0\" marginwidth=\"0\" marginheight=\"0\" scrolling=\"no\"><\/iframe><\/p>\n<p><strong>LE ALTRE PUNTATE<\/strong><\/p>\n<p><iframe loading=\"lazy\" class=\"wp-embedded-content\" title=\"\u201cSalute e Societ\u00e0\u201d \u2014 Radio Pi\u00f9\" src=\"https:\/\/www.radiopiu.net\/wordpress\/saluteesocieta\/embed\/#?secret=KkrARKzoF9\" width=\"600\" height=\"200\" frameborder=\"0\" marginwidth=\"0\" marginheight=\"0\" scrolling=\"no\" sandbox=\"allow-scripts\" data-secret=\"KkrARKzoF9\" data-mce-fragment=\"1\"><\/iframe><\/p>\n<p>&nbsp;<\/p>\n<h2><\/h2>\n<h3><span style=\"color: #339966;\"><strong>AGORDINOMERON<\/strong><\/span><\/h3>\n<blockquote class=\"wp-embedded-content\" data-secret=\"Ow5UFblONt\"><p><a href=\"https:\/\/www.radiopiu.net\/wordpress\/agordinomeron\/\">AGORDINOMERON, IL TERRITORIO SI RACCONTA Da un&#8217;idea di Gianni Santomaso<\/a><\/p><\/blockquote>\n<p><iframe loading=\"lazy\" title=\"&#8220;AGORDINOMERON, IL TERRITORIO SI RACCONTA Da un&#8217;idea di Gianni Santomaso&#8221; &#8212; Radio Pi\u00f9\" class=\"wp-embedded-content\" sandbox=\"allow-scripts\" security=\"restricted\" style=\"position: absolute; clip: rect(1px, 1px, 1px, 1px);\" src=\"https:\/\/www.radiopiu.net\/wordpress\/agordinomeron\/embed\/#?secret=Ow5UFblONt\" data-secret=\"Ow5UFblONt\" width=\"600\" height=\"338\" frameborder=\"0\" marginwidth=\"0\" marginheight=\"0\" scrolling=\"no\"><\/iframe><\/p>\n<p>&nbsp;<\/p>\n<h3><strong><span style=\"color: #808080;\">IL MESSAGGIO DEI SACERDOTI A RADIO PIU<\/span>&#8216;<\/strong><\/h3>\n<blockquote class=\"wp-embedded-content\" data-secret=\"sFDTvyvzfF\"><p><a href=\"https:\/\/www.radiopiu.net\/wordpress\/il-messaggio-dai-sacerdoti-della-conca-su-radio-piu-alle-7-30-e-19-30\/\">IL MESSAGGIO DAI SACERDOTI SU RADIO PIU&#8217; ALLE 7.30 E 19.30<\/a><\/p><\/blockquote>\n<p><iframe loading=\"lazy\" title=\"&#8220;IL MESSAGGIO DAI SACERDOTI SU RADIO PIU&#8217; ALLE 7.30 E 19.30&#8221; &#8212; Radio Pi\u00f9\" class=\"wp-embedded-content\" sandbox=\"allow-scripts\" security=\"restricted\" style=\"position: absolute; clip: rect(1px, 1px, 1px, 1px);\" src=\"https:\/\/www.radiopiu.net\/wordpress\/il-messaggio-dai-sacerdoti-della-conca-su-radio-piu-alle-7-30-e-19-30\/embed\/#?secret=sFDTvyvzfF\" data-secret=\"sFDTvyvzfF\" width=\"600\" height=\"338\" frameborder=\"0\" marginwidth=\"0\" marginheight=\"0\" scrolling=\"no\"><\/iframe><\/p>\n<p>&nbsp;<\/p>\n<hr \/>\n<p>&nbsp;<\/p>\n<p><iframe loading=\"lazy\" class=\"wp-embedded-content\" title=\"\u201cI SERVIZI A DOMICILIO DURANTE IL CORONAVIRUS\u201d \u2014 Radio Pi\u00f9\" src=\"https:\/\/www.radiopiu.net\/wordpress\/i-servizi-a-domicilio-durante-il-coronavirus\/embed\/#?secret=5I2TLg4MDi\" width=\"600\" height=\"318\" frameborder=\"0\" marginwidth=\"0\" marginheight=\"0\" scrolling=\"no\" sandbox=\"allow-scripts\" data-secret=\"5I2TLg4MDi\" data-mce-fragment=\"1\"><\/iframe><\/p>\n<p>&nbsp;<\/p>\n<hr \/>\n<p>&nbsp;<\/p>\n<p class=\"photoswipe-wrapper\"><a class=\"dt-pswp-item pspw-wrap-ready\" href=\"https:\/\/i0.wp.com\/www.radiopiu.net\/wordpress\/wp-content\/uploads\/2018\/09\/viabilita.jpeg?ssl=1\" data-dt-img-description=\"\" data-large_image_width=\"800\" data-large_image_height=\"100\"><img loading=\"lazy\" decoding=\"async\" class=\"alignnone size-full wp-image-61954\" src=\"https:\/\/i0.wp.com\/www.radiopiu.net\/wordpress\/wp-content\/uploads\/2018\/09\/viabilita.jpeg?resize=800%2C100&amp;ssl=1\" sizes=\"auto, (max-width: 800px) 100vw, 800px\" srcset=\"https:\/\/i0.wp.com\/www.radiopiu.net\/wordpress\/wp-content\/uploads\/2018\/09\/viabilita.jpeg?w=800&amp;ssl=1 800w, https:\/\/i0.wp.com\/www.radiopiu.net\/wordpress\/wp-content\/uploads\/2018\/09\/viabilita.jpeg?resize=300%2C38&amp;ssl=1 300w, https:\/\/i0.wp.com\/www.radiopiu.net\/wordpress\/wp-content\/uploads\/2018\/09\/viabilita.jpeg?resize=768%2C96&amp;ssl=1 768w\" alt=\"\" width=\"800\" height=\"100\" \/><\/a><\/p>\n<p>&nbsp;<\/p>\n<p>PROVINCIALE 20 DELLA VAL FIORENTINA, SELVA DI CADORE: DAL 14 FEBBRAIO AL 13 GIUGNO, CHIUSURA TOTALE TRA SOLATOR E IL CENTRO DEL PAESE ANCHE NEI GIORNI FESTIVI E PREFESTIVI, DAL CHILOMETRO 4.850 AL CHILOMETRO 5.100. TRANSITO CONSENTITO AI LOCALI CON TEMPI DI ATTESA MASSIMI STIMATI IN 30 MINUTI IN LOCALITA\u2019 SOLATOR DAL CHILOMETRO 4.400 AL CHILOMETRO 4.850<\/p>\n<p>SP641 PASSO FEDAIA DAL 27 APRILE AL 15 MAGGIO (SABATO E DOMENICA COMPRESI) SENSO UNICO ALTERNATO PER SOSTITUZIONE BARRIERE LATERALI DI SICUREZZA E CONSLIDAMENTO CIGLIO STRADALE<\/p>\n<p>PROVINCIALE 3 VAL IMPERINA, LOCALITA\u2019 CORDE MOLE VALESIN \u2013 TRA RIVAMONTE E GOSALDO \u2013 DAL 27 APRILE ALL\u20198 MAGGIO DALLE 8 ALLE 11.45 E DALLE 13.30 ALLE 17.30 TEMPORANEE INTERRUZIONI ALLA VIABILITA\u2019 DURATA MASSIMA 30 MINUTI PER LAVORI TAGLIO ALBERIR<\/p>\n<p>REGIONALE 48 DELLE DOLOMITI, LOCALIT\u00c0 POCOL INIZIO ABITATO CORTINA, DAL 4 MAGGIO AL 12 GIUGNO SEMAFORO PER TRATTI DI 250 METRI ANCHE NEI GIORNI FESTIVI E PREFESTIVI<\/p>\n<p>PROVINCIALE 347 DURAN CEREDA INNESTO VENAS FINO ALL\u20198 MAGGIO, FESTIVI E PREFESTIVI ESLCUSI, SEMAFORO E INTERRUZIONI FINO A 10 MINUTI<\/p>\n<p>REGIONALE 203 AGORDINA FINO AL 15 GIUGNO IN LOCALIT\u00c0 LA MUDA DEVIAZIONE SU VIABILIT\u00c0 PROVVISORIA, PRUDENZA<\/p>\n<p>PROVINCIALE 346 SAN PELLEGRINO DAL 4 AL 22 MAGGIO IN COMUNE DI CANALE D\u2019AGORDO SENSO UNICO ALTERNATO ESCLUSI SABATO E DOMENICA<\/p>\n<p>PROVINCIALE 12 PEDEMONTANA LOCALIT\u00c0 PONTE MAS, CHIUSURA TOTALE DI PONTE MAS DAL 4 MAGGIO AL 30 GIUGNO<\/p>\n<p>STRADA REGIONALE 48 DELLE DOLOMITI, DAL KM 110,350 AL KM 112, SENSO UNICO ALTERNATO REGOLATO DA IMPIANTO SEMAFORICO ANCHE SABATO E FESTIVI DAL 30 APRILE AL 31 MAGGIO PER POSA ELETTRODOTTO INTERRATO<\/p>\n<p>PROVINCIALE 563 DI SALESEI, DAL 4 MAGGIO AL 3 LUGLIO, SENSO UNICO ALTERNATO REGOLATO DA IMPIANTO SEMAFORICO IN LOCALIT\u00c0 DIGONERA PER MESSA IN SICUREZZA PIANO VIABILE, SABATO E FESTIVI INCLUSI<\/p>\n<p>PROVINCIALE 251 DELLA VAL DI ZOLDO E VAL CELLINA, TRA LE LOCALIT\u00c0 SOFFRANCO E MEZZOCANALE IN COMUNE DI LONGARONE, SENSO UNICO ALTERNATO REGOLATO DA IMPIANTO SEMAFORICO CON POSSIBILI BREVI INTERRUZIONI DI 10 MINUTI. SABATO E DOMENICA ESCLUSI<\/p>\n<p>PROVINCIALE 347 PASSO DURAN, LOCALITA\u2019 SANT\u2019ANDREA DI GOSALDO. DA MARTEDI ALLE 7 A MERCOLEDI ALLE 18 INTERDIZIONE TOTALE AL TRAFFICO. DALLE 18 DI MERCOLEDI AL 5 GIUGNO SENSO UNICO ALTERNATO<\/p>\n<p>STRADA PROVINCIALE 8 DI SAN TOMASO. DAL 7 AL 8 MAGGIO, DALLE 7 ALLE 18, SENSO UNICO ALTERNATO A VISTA PER LAVORI DI MANUTENZIONE ALLA LINEA ELETTRICA<\/p>\n<p>STRADA PROVINCIA 251 DELLA VAL DI ZOLDO E VAL CELLINA, DAL 6 AL 15 MAGGIO, SABATO E DOMENICA ESCLUSI, SENSO UNICO ALTRNATO REGOLATO DA IMPIANTO SEMAFORICO PER LAVORI DI RIPRISTINO RETI DI PROTEZIONE DEI VERSANTI<\/p>\n<p>&nbsp;<\/p>\n<hr \/>\n<p>&nbsp;<\/p>\n<p><a class=\"dt-pswp-item\" href=\"https:\/\/www.radiopiu.net\/wordpress\/wp-content\/uploads\/2018\/09\/sport.jpg\" data-dt-img-description=\"\" data-large_image_width=\"800\" data-large_image_height=\"100\"><img loading=\"lazy\" decoding=\"async\" class=\"aligncenter wp-image-60761 size-full\" src=\"https:\/\/www.radiopiu.net\/wordpress\/wp-content\/uploads\/2018\/09\/sport.jpg\" alt=\"\" width=\"800\" height=\"100\" srcset=\"https:\/\/www.radiopiu.net\/wordpress\/wp-content\/uploads\/2018\/09\/sport.jpg 800w, https:\/\/www.radiopiu.net\/wordpress\/wp-content\/uploads\/2018\/09\/sport-300x38.jpg 300w, https:\/\/www.radiopiu.net\/wordpress\/wp-content\/uploads\/2018\/09\/sport-768x96.jpg 768w\" sizes=\"auto, (max-width: 800px) 100vw, 800px\" \/><\/a><\/p>\n<p>&nbsp;<\/p>\n<blockquote>\n<h3>IL CONI DEL VENETO CHIEDE UN INCONTRO CON ZAIA<\/h3>\n<\/blockquote>\n<p><strong><a class=\"dt-pswp-item\" href=\"https:\/\/www.radiopiu.net\/wordpress\/wp-content\/uploads\/2020\/04\/CONI-VENETO.jpg\" data-dt-img-description=\"\" data-large_image_width=\"512\" data-large_image_height=\"410\"><img loading=\"lazy\" decoding=\"async\" class=\"size-medium wp-image-131586 alignleft\" src=\"https:\/\/www.radiopiu.net\/wordpress\/wp-content\/uploads\/2020\/04\/CONI-VENETO-300x240.jpg\" alt=\"\" width=\"300\" height=\"240\" srcset=\"https:\/\/www.radiopiu.net\/wordpress\/wp-content\/uploads\/2020\/04\/CONI-VENETO-300x240.jpg 300w, https:\/\/www.radiopiu.net\/wordpress\/wp-content\/uploads\/2020\/04\/CONI-VENETO.jpg 512w\" sizes=\"auto, (max-width: 300px) 100vw, 300px\" \/><\/a>VENEZIA<\/strong> Il Coni Veneto e il Cip Veneto hanno chiesto ufficialmente un incontro con il Presidente della Regione, Luca Zaia, per spiegare la situazione dello sport e soprattutto per rappresentare i gravi problemi che le 6000 Associazioni Sportive Dilettantistiche regionali avranno alla ripresa. Il Presidente del Coni Veneto Gianfranco Bardelle, insieme con il Presidente del Comitato Italiano Paralimpico Ruggero Vilnai, hanno mandato una proposta articolata al Governatore Zaia per iniziare a stendere un piano per lo sport a cominciare dalla cosiddetta fase 2 che salvaguardi le aspettative non solo delle societ\u00e0 ma anche di tutto il personale (dirigenti, tecnici, atleti) che opera nel mondo dello sport. \u201c<em>A livello numerico nello sport \u2013 spiega Gianfranco Bardelle \u2013 siamo la seconda regione in Italia. L\u20191% del Pil \u00e8 rappresentato dallo sport turistico. In pi\u00f9 teniamo conto che siamo coinvolti a pieno titolo in settori trasversali quali la sanit\u00e0, i lavori pubblici, l\u2019istruzione, la socialit\u00e0, il turismo, la cultura e l\u2019economia. E\u2019 questo il motivo che ci ha spinto, a livello regionale, a chiedere la costituzione di un tavolo di lavoro dove noi ci siamo resi disponibili a dare il nostro contributo<\/em>.&#8221; Nei giorni scorsi le federazioni, gli enti di promozione sportiva e le discipline associate al Coni Regionale sono state convocate in video conferenza dallo stesso Bardelle con il coordinamento del vice presidente Guido Di Guida e del presidente della Fipav, nonch\u00e9 componente di Giunta, Roberto Maso, per fare il punto della situazione. Ne \u00e8 emerso un quadro veramente preoccupante e ampio non solo di esigenze legate all\u2019impatto economico che lo sport tutto ha avuto ma anche di future prospettive di sopravvivenza. Le risposte che si attendono riguardano, ad esempio, come unire le forze con gli enti locali sul tema della gestione degli impianti, quale sar\u00e0 l\u2019organizzazione sanitaria a cui le ASD dovranno sottostare e soprattutto quale ruolo avr\u00e0 lo Sport nel percorso di ripresa. \u201c<em>Siamo tutti compatti per arrivare a dire che lo Sport sia \u201cusato\u201d \u2013 continua il Presidente Regionale del Coni &#8211; per costruire un grande piano strategico di ripresa che coinvolga l\u2019Ente Regionale e tutti gli Enti locali i quali possono poi successivamente farsi portavoce anche presso il Governo Italiano. Per questo stiamo cercando di organizzare a breve termine un incontro con il Presidente dell\u2019Anci Veneto Mario Conte proprio per cercare di incidere sui programmi operativi dei vari comuni affinch\u00e8 lo Sport sia in cima ai pensieri e soprattutto per attivare azioni concrete<\/em>.\u201d Fin dall\u2019inizio il Coni Veneto e il Cip Veneto hanno svolto un ruolo importante di riferimento per il mondo sportivo alle prese con le incertezze create dall\u2019emergenza Covid19. \u201cPenso che abbiamo dimostrato grande maturit\u00e0 in questa fase di emergenza nazionale. Ora \u2013 conclude Gianfranco Bardelle \u2013 \u00e8 il tempo di dire la nostra e proporci per la soluzione dei problemi, che \u00e8 quello che abbiamo sempre fatto lavorando e soprattutto usando la grande esperienza accumulata in tutti questi anni.\u201d<\/p>\n<div class=\"page\" title=\"Page 1\">\n<div class=\"layoutArea\">\n<div class=\"column\">\n<p>&nbsp;<\/p>\n<p>&nbsp;<\/p>\n<hr \/>\n<p>&nbsp;<\/p>\n<\/div>\n<\/div>\n<\/div>\n<blockquote>\n<h3>IL RALLY BELLUNESE VIRTUALE VA UN SICILIANO<\/h3>\n<\/blockquote>\n<p><a class=\"dt-pswp-item\" href=\"https:\/\/www.radiopiu.net\/wordpress\/wp-content\/uploads\/2020\/04\/b9317a79-1bf3-4e89-b872-1c1f9ac145fa.jpg\" data-dt-img-description=\"\" data-large_image_width=\"1024\" data-large_image_height=\"680\"><img loading=\"lazy\" decoding=\"async\" class=\"size-medium wp-image-134098 alignleft\" src=\"https:\/\/www.radiopiu.net\/wordpress\/wp-content\/uploads\/2020\/04\/b9317a79-1bf3-4e89-b872-1c1f9ac145fa-300x199.jpg\" alt=\"\" width=\"300\" height=\"199\" srcset=\"https:\/\/www.radiopiu.net\/wordpress\/wp-content\/uploads\/2020\/04\/b9317a79-1bf3-4e89-b872-1c1f9ac145fa-300x199.jpg 300w, https:\/\/www.radiopiu.net\/wordpress\/wp-content\/uploads\/2020\/04\/b9317a79-1bf3-4e89-b872-1c1f9ac145fa-768x510.jpg 768w, https:\/\/www.radiopiu.net\/wordpress\/wp-content\/uploads\/2020\/04\/b9317a79-1bf3-4e89-b872-1c1f9ac145fa.jpg 1024w\" sizes=\"auto, (max-width: 300px) 100vw, 300px\" \/><\/a>di Roberto Bona<\/p>\n<audio class=\"wp-audio-shortcode\" id=\"audio-134950-11\" preload=\"none\" style=\"width: 100%;\" controls=\"controls\"><source type=\"audio\/mpeg\" src=\"https:\/\/www.radiopiu.net\/wordpress\/wp-content\/uploads\/2020\/05\/BONA-RALLY-BELLUNESE-VIRTUALE.mp3?_=11\" \/><a href=\"https:\/\/www.radiopiu.net\/wordpress\/wp-content\/uploads\/2020\/05\/BONA-RALLY-BELLUNESE-VIRTUALE.mp3\">https:\/\/www.radiopiu.net\/wordpress\/wp-content\/uploads\/2020\/05\/BONA-RALLY-BELLUNESE-VIRTUALE.mp3<\/a><\/audio>\n<p>&nbsp;<\/p>\n<p>&nbsp;<\/p>\n<hr \/>\n<p>&nbsp;<\/p>\n<p><a class=\"dt-pswp-item\" href=\"https:\/\/www.radiopiu.net\/wordpress\/wp-content\/uploads\/2020\/05\/BICI.jpg\" data-dt-img-description=\"\" data-large_image_width=\"1920\" data-large_image_height=\"1440\"><img loading=\"lazy\" decoding=\"async\" class=\"size-medium wp-image-135149 alignleft\" src=\"https:\/\/www.radiopiu.net\/wordpress\/wp-content\/uploads\/2020\/05\/BICI-300x225.jpg\" alt=\"\" width=\"300\" height=\"225\" srcset=\"https:\/\/www.radiopiu.net\/wordpress\/wp-content\/uploads\/2020\/05\/BICI-300x225.jpg 300w, https:\/\/www.radiopiu.net\/wordpress\/wp-content\/uploads\/2020\/05\/BICI-1024x768.jpg 1024w, https:\/\/www.radiopiu.net\/wordpress\/wp-content\/uploads\/2020\/05\/BICI-768x576.jpg 768w, https:\/\/www.radiopiu.net\/wordpress\/wp-content\/uploads\/2020\/05\/BICI-1536x1152.jpg 1536w, https:\/\/www.radiopiu.net\/wordpress\/wp-content\/uploads\/2020\/05\/BICI.jpg 1920w\" sizes=\"auto, (max-width: 300px) 100vw, 300px\" \/><\/a><strong>DAVIDE STOFFIE: LA MARCIALONGA CYCLING VIRTUALE<\/strong><\/p>\n<p><strong>di Claudio Fontanive<\/strong><\/p>\n<audio class=\"wp-audio-shortcode\" id=\"audio-134950-12\" preload=\"none\" style=\"width: 100%;\" controls=\"controls\"><source type=\"audio\/mpeg\" src=\"https:\/\/www.radiopiu.net\/wordpress\/wp-content\/uploads\/2020\/05\/davide-stoffie-marcialonga-4-maggio.mp3?_=12\" \/><a href=\"https:\/\/www.radiopiu.net\/wordpress\/wp-content\/uploads\/2020\/05\/davide-stoffie-marcialonga-4-maggio.mp3\">https:\/\/www.radiopiu.net\/wordpress\/wp-content\/uploads\/2020\/05\/davide-stoffie-marcialonga-4-maggio.mp3<\/a><\/audio>\n<p>&nbsp;<\/p>\n<hr \/>\n<p>&nbsp;<\/p>\n<p>&nbsp;<\/p>\n<p>&nbsp;<\/p>\n<p><img decoding=\"async\" class=\"aligncenter jetpack-lazy-image jetpack-lazy-image--handled\" src=\"https:\/\/i0.wp.com\/www.radiopiu.net\/wordpress\/wp-content\/uploads\/2018\/09\/WhatsApp-Image-2018-09-20-at-16.04.06.jpeg?resize=800%2C100&amp;ssl=1\" data-lazy-loaded=\"1\" \/><\/p>\n<p>&nbsp;<\/p>\n<p><center><b>Martedi 5<\/b><\/center><b>Tempo atteso:\u00a0<\/b>Residui tratti soleggiati e presenza di velature per nubi alte, via via pi\u00f9 estese nel corso della mattinata. Al pomeriggio oltre alle nubi alte, si aggiungeranno nubi stratiformi medie ed addensamenti, tale nuvolosit\u00e0 intensa sar\u00e0 associata a qualche locale fenomeno. Clima notturno meno fresco, mentre il deficit di sole in giornata ridurr\u00e0 la mitezza diurna.<br \/>\n<b>Precipitazioni:\u00a0<\/b>Al mattino assenti (0%), al pomeriggio non escluso del tutto qualche isolato piovasco sulle Dolomiti da met\u00e0 pomeriggio in poi e qualche pioviggina serale sulle Prealpi (20\/30%). Un po&#8217; di neve cadr\u00e0 sopra i 2600 m qualora precipitasse.<br \/>\n<b>Temperature:\u00a0<\/b>Minime in aumento; massime in leggera ripresa in alta quota e in lieve flessione nelle valli. Sono previste punte di 20\/21\u00b0C nei fondovalle prealpini e di 14\/16\u00b0C a 1000\/1200 m. Su Prealpi a 1500 m min 7\u00b0C max 13\u00b0C, a 2000 m min 2\u00b0C max 11\u00b0C. Su Dolomiti a 2000 m min 3\u00b0C max 8\u00b0C, a 3000 m min -2\u00b0C max -1\u00b0C.<br \/>\n<b>Venti:\u00a0<\/b>Nelle valli perlopi\u00f9 deboli di direzione variabile, a tratti moderati su alcuni settori prealpini per consuete brezze notturne; in alta quota moderati\/tesi da nord nord-ovest al mattino, in graduale attenuazione nel corso del pomeriggio, a 10\/20 km\/h a 2000 m e 25\/40 km\/h a 3000 m.<\/p>\n<hr \/>\n<p><center><b>Mercoledi 6<\/b><\/center><b>Tempo atteso:\u00a0<\/b>Giornata di nuovo ben soleggiata sulle Dolomiti e gran parte delle Prealpi bellunese, mentre nubi basse saranno presenti sulle Prealpi centro-occidentali. Il loro dissolvimento favorir\u00e0 il ritorno del sole, ma la maggiore umidit\u00e0 iniziale favorir\u00e0 lo sviluppo di nubi cumuliformi nelle ore pi\u00f9 calde. Clima notturno assai fresco sulle Dolomiti, mentre il ritorno del sole garantir\u00e0 un buon riscaldamento diurno, specie nelle valli.<br \/>\n<b>Precipitazioni:\u00a0<\/b>Assenti (0%), eccetto qualche pioviggima su Prealpi occidentali tra la notte e il primo mattino.<br \/>\n<b>Temperature:\u00a0<\/b>Minime in generale calo; massime in diminuzione nei settori prealpini interessati da nubi basse, mentre saranno in ripresa nelle valli dolomitiche, con probabile forte escursione termica giornaliera. Su Prealpi a 1500 m min 5\u00b0C max 9\u00b0C, a 2000 m min 2\u00b0C max 7\u00b0C. Su Dolomiti a 2000 m min 1\u00b0C max 6\u00b0C, a 3000 m min -4\u00b0C max -3\u00b0C.<br \/>\n<b>Venti:\u00a0<\/b>Nelle valli perlopi\u00f9 deboli a regime di brezza, a tratti moderati su alcuni settori prealpini per rinforzi notturni; in alta quota moderati\/tesi da nord-ovest tra la notte e il primo mattino, in attenuazione in giornata, a 5\/15 km\/h a 2000 m e 25\/35 km\/h a 3000 m.<\/p>\n<hr \/>\n<p><center><b>Giovedi 7<\/b><\/center>Tempo ben soleggiato con cielo sereno tutto il giorno, aria tersa ed ottima visibilit\u00e0. Temperature in generale aumento, eccetto calo delle minime nelle nei fondovalle, dove il clima sar\u00e0 fresco di notte, con probabile lieve inversione termica, mentre far\u00e0 decisamente pi\u00f9 caldo in giornata, con marcata escursione termica diurna nelle valli e sugli altopiani prealpini. Venti in quota perlopi\u00f9 deboli da nord, a tratti moderati sulle vette dolomitiche pi\u00f9 alte; deboli a regime di brezza nelle valli, salvo consueti rinforzi notturni su alcuni settori prealpini.<\/p>\n<hr \/>\n<p><center><b>Venerdi 8<\/b><\/center>Tempo ben soleggiato con cielo sereno, eccetto presenza di residue velature al primo mattino e di qualche modesto cumulo durante le ore pi\u00f9 calde. Temperature in generale ulteriore aumento a tutte le quote, con clima prettamente primaverile. Venti in quota deboli da ovest nord-ovest, deboli\/moderati a regime di brezza nelle valli. Previsore: R.L.Th.<\/p>\n","protected":false},"excerpt":{"rendered":"<p>PER RICEVERE QUESTO NOTIZIARIO DIRETTAMENTE SUL TUO CELLULARE ISCRIVITI AL CANALE TELEGRAM\u00a0\u201cRADIO PIU\u00a0 INFORMAZIONE\u201d &nbsp; &nbsp; PROVINCIALE 347 PASSO DURAN, LOCALITA\u2019 SANT\u2019ANDREA DI GOSALDO. DA DOMANI\u00a0 ALLE 7 A MERCOLEDI ALLE 18 INTERDIZIONE TOTALE AL TRAFFICO. DALLE 18 DI MERCOLEDI AL 5 GIUGNO SENSO UNICO ALTERNATO &nbsp; &nbsp; CHIUDE PONTE MAS, FINO AL 30 GIUGNO&hellip;<\/p>\n","protected":false},"author":4,"featured_media":135241,"comment_status":"closed","ping_status":"closed","sticky":false,"template":"","format":"standard","meta":{"_monsterinsights_skip_tracking":false,"_monsterinsights_sitenote_active":false,"_monsterinsights_sitenote_note":"","_monsterinsights_sitenote_category":0,"footnotes":""},"categories":[1,51,86],"tags":[],"class_list":["post-134950","post","type-post","status-publish","format-standard","has-post-thumbnail","hentry","category-senza-categoria","category-evidenza-top","category-gr","category-1","category-51","category-86","description-off"],"img_url":"https:\/\/www.radiopiu.net\/wordpress\/wp-content\/uploads\/2020\/05\/d28e3be8-865f-4fc0-a0a4-5eeb9180f3b5.jpg","_links":{"self":[{"href":"https:\/\/www.radiopiu.net\/wordpress\/wp-json\/wp\/v2\/posts\/134950","targetHints":{"allow":["GET"]}}],"collection":[{"href":"https:\/\/www.radiopiu.net\/wordpress\/wp-json\/wp\/v2\/posts"}],"about":[{"href":"https:\/\/www.radiopiu.net\/wordpress\/wp-json\/wp\/v2\/types\/post"}],"author":[{"embeddable":true,"href":"https:\/\/www.radiopiu.net\/wordpress\/wp-json\/wp\/v2\/users\/4"}],"replies":[{"embeddable":true,"href":"https:\/\/www.radiopiu.net\/wordpress\/wp-json\/wp\/v2\/comments?post=134950"}],"version-history":[{"count":0,"href":"https:\/\/www.radiopiu.net\/wordpress\/wp-json\/wp\/v2\/posts\/134950\/revisions"}],"wp:featuredmedia":[{"embeddable":true,"href":"https:\/\/www.radiopiu.net\/wordpress\/wp-json\/wp\/v2\/media\/135241"}],"wp:attachment":[{"href":"https:\/\/www.radiopiu.net\/wordpress\/wp-json\/wp\/v2\/media?parent=134950"}],"wp:term":[{"taxonomy":"category","embeddable":true,"href":"https:\/\/www.radiopiu.net\/wordpress\/wp-json\/wp\/v2\/categories?post=134950"},{"taxonomy":"post_tag","embeddable":true,"href":"https:\/\/www.radiopiu.net\/wordpress\/wp-json\/wp\/v2\/tags?post=134950"}],"curies":[{"name":"wp","href":"https:\/\/api.w.org\/{rel}","templated":true}]}}