{"id":134980,"date":"2020-05-04T11:36:04","date_gmt":"2020-05-04T09:36:04","guid":{"rendered":"https:\/\/www.radiopiu.net\/wordpress\/?p=134980"},"modified":"2020-05-04T11:46:56","modified_gmt":"2020-05-04T09:46:56","slug":"il-direttore-generale-della-ulss-1-dolomiti-in-diretta-2","status":"publish","type":"post","link":"https:\/\/www.radiopiu.net\/wordpress\/il-direttore-generale-della-ulss-1-dolomiti-in-diretta-2\/","title":{"rendered":"RIPRESA L&#8217;ATTIVITA&#8217; OSPEDALERA  CON TANTE PRECAUZIONI: IL DIRETTORE GENERALE DELLA ULSS 1 DOLOMITI IN DIRETTA"},"content":{"rendered":"<p><strong>COLLEGAMENTO IN DIRETTA CON L&#8217;ULSS1 DOLOMITI BELLUNO. PARLA IL DIRETTORE ADRIANO RASI CALDOGNO.<\/strong><\/p>\n<p><em>Da oggi l\u2018ACCESSO alle strutture della Azienda ULSS 1 Dolomiti (esclusi i Pronto Soccorso), sia per le prestazioni sanitarie che per quelle amministrative, \u00e8 consentito solo previo <a class=\"_58cn\" href=\"https:\/\/www.facebook.com\/hashtag\/appuntamento?source=feed_text&amp;epa=HASHTAG&amp;__xts__%5B0%5D=68.ARBgJjM8IfyZpSy3Ul8kk-ufQTJKtf_tZdpel_31tZ_HdmicPJDfCTy3J467uAVdAZ41tSOdajERQaYsatcpdiwzFHShFabH1AnrOzPkP_tZHPBWpqBiCwNaSbZj0WH65M_LMaxrdubc9Vo-EGepo6Q2luf5bqapNxd9nCYM-hAmvwv8709oB0h4FJa-X2_2U-hmmDKxGIuoVhrp-fsFU8zz_WCD6wyt9CneYtk06_V9tspZAkIYJn1BMY7JEoXL-W4jibWTUfIFx2nS31fbmqrNeLKlRftsmKhQH8TfBBQGVGf8CLCshbvk_Cl-k_bKz_Zs_LwzO-Nefg3BRPO-qRs&amp;__tn__=%2ANK-R\" data-ft=\"{&quot;type&quot;:104,&quot;tn&quot;:&quot;*N&quot;}\"><span class=\"_5afx\"><span class=\"_58cl _5afz\" aria-label=\"hashtag\">#<\/span><span class=\"_58cm\">APPUNTAMENTO<\/span><\/span><\/a><span class=\"_5mfr\"><span class=\"_6qdm\">&#x1f4f2;<\/span><\/span>e non prima di 15 minuti dell\u2019orario della prestazione. Gli accessi sono possibili tramite gli ingressi principali presidiati da personale incaricato che verificher\u00e0: la reale necessit\u00e0 di accedere le condizioni di salute (sar\u00e0 misurata la temperatura e saranno chieste notizie sullo stato di salute) l\u2019idonea copertura del naso e della bocca (mascherina) l\u2019idonea l&#8217;igiene delle mani (sar\u00e0 disponibile gel alcolico). L\u2019accesso NON \u00e8 consentito agli accompagnatori, eccezion fatta per minori, disabili, utenti fragili, non autosufficienti e persone con difficolt\u00e0 linguistiche-culturali, nel qual caso \u00e8 consentito l\u2019accesso ad un solo accompagnatore. Dovr\u00e0 essere mantenuta sempre la distanza di almeno 1 metro tra le persone.Fino a nuove disposizioni, \u00e8 consentito l\u2019accesso senza appuntamento ai Punti Prelievo.<\/em><\/p>\n<p>&nbsp;<\/p>\n<blockquote>\n<h2>LEGGI LA CONFERENZA STAMPA<\/h2>\n<\/blockquote>\n<p>Negli ospedali e distretti si stanno perfezionando i percorsi di accesso con appuntamento (almeno 15 minuti). Accessi dagli ingressi principali presidiati, per tutte le attivit\u00e0 richiesta la copertura con mascherina e igiene delle mani con guanti o liquido igienizzante. Acesso non consentito ad accompagnatori, eccetto minori, disabili, utenti fragili o persone con difficolt\u00e0 linguistiche, concesso 1 solo accompagnatore. Deve essere mantenuto il distanziamento sociale. Come gi\u00e0 all&#8217;ospedale di Belluno necessaria la prenotazione anche per gli elettrocardiogrammi tramite il centro unico di prenotazioni.<\/p>\n<h2><span style=\"color: #ff0000;\">QUESITI<\/span><\/h2>\n<p><strong>Sono ammesse visite ai ricoverati?<\/strong> In linea generale 1 visitatore una volta al giorno nei reparti non covid. Accesso interdetto nei reparti covid<br \/>\n<strong>Visita sospesa cosa si deve fare?<\/strong> Non serve riprenotare Cup o reparti chiameranno gli utenti. A tale proposito ricordo che a ieri c&#8217;erano 12mila prestazioni prenotate. In corso un&#8217;imponente attivit\u00e0 di riprogrammazione. Servir\u00e0 pazienza e comprensione.<br \/>\n<strong>Se una persona ha appuntamento deve avere il codice di prenotazione?<\/strong> Nei punti di accesso ridotti rispetto al passato (controllati) predisposte le liste nominative delle persone con gli appuntamenti o per i ricoveri. I soggetti si presentino all&#8217;ingresso il personale verificher\u00e0. Verr\u00e0 misurata la temperatura e controllo delle protezioni. Non prima di un quarto d&#8217;ora. Nelle strutture dovr\u00e0 sempre essere tenuta la mascherina e il distanziamento. Valgono le regole di responsabilit\u00e0 e consapevolezza gi\u00e0 ricordate.<\/p>\n<p><strong>I pap\u00e0 possono accompagnare ne neo mamme?<\/strong> Non \u00e8 ancora possibile per limitare gli accessi agli ospedali. In ogni caso unit\u00e0 operative ostetricia e ginecologia offrono servizi on line. Pubblicate una serie di diposizioni per il riavvio delle attivit\u00e0. sono sul sito aziendale.<\/p>\n<p>Colgo l&#8217;occasione &#8211; dice Caldogno &#8211; per ringraziare il personale sanitario e non impegnato in area covid con un numero consistente di ricoverati sia nell&#8217;area semi intensiva che ospedali di comunit\u00e0 Fortunatamente la terapia intensiva si sta allegerendo. Ma uno dei dati anche per dare una risposta ai tanti quesiti: la degenza non \u00e8 breve per poter essere considerati guariti e dimessi il tempo trascorre e in alcuni casi vanno via settimane.\u00a0 Un grazie a un dirigente dottor Fabio Soppelsa che il 30 aprile ha terminato il periodo di collaborazione ma ha scelto di posticipare l&#8217;accesso alla pensione venendo incontro all&#8217;esigenza dettata dall&#8217;emergenza. Il suo \u00e8 un grande impegno per questo il grazie \u00e8 grande.<\/p>\n<p>https:\/\/www.facebook.com\/RasiCaldognoUlssDolomiti\/videos\/584606245772793\/<\/p>\n<p>&nbsp;<\/p>\n<p>&nbsp;<\/p>\n","protected":false},"excerpt":{"rendered":"<p>COLLEGAMENTO IN DIRETTA CON L&#8217;ULSS1 DOLOMITI BELLUNO. PARLA IL DIRETTORE ADRIANO RASI CALDOGNO. Da oggi l\u2018ACCESSO alle strutture della Azienda ULSS 1 Dolomiti (esclusi i Pronto Soccorso), sia per le prestazioni sanitarie che per quelle amministrative, \u00e8 consentito solo previo #APPUNTAMENTO&#x1f4f2;e non prima di 15 minuti dell\u2019orario della prestazione. Gli accessi sono possibili tramite gli&hellip;<\/p>\n","protected":false},"author":4,"featured_media":134982,"comment_status":"closed","ping_status":"closed","sticky":false,"template":"","format":"standard","meta":{"_monsterinsights_skip_tracking":false,"_monsterinsights_sitenote_active":false,"_monsterinsights_sitenote_note":"","_monsterinsights_sitenote_category":0,"footnotes":""},"categories":[51,49],"tags":[],"class_list":["post-134980","post","type-post","status-publish","format-standard","has-post-thumbnail","hentry","category-evidenza-top","category-news-18","category-51","category-49","description-off"],"img_url":"https:\/\/www.radiopiu.net\/wordpress\/wp-content\/uploads\/2020\/05\/RASI-CALDOGNO.jpeg","_links":{"self":[{"href":"https:\/\/www.radiopiu.net\/wordpress\/wp-json\/wp\/v2\/posts\/134980","targetHints":{"allow":["GET"]}}],"collection":[{"href":"https:\/\/www.radiopiu.net\/wordpress\/wp-json\/wp\/v2\/posts"}],"about":[{"href":"https:\/\/www.radiopiu.net\/wordpress\/wp-json\/wp\/v2\/types\/post"}],"author":[{"embeddable":true,"href":"https:\/\/www.radiopiu.net\/wordpress\/wp-json\/wp\/v2\/users\/4"}],"replies":[{"embeddable":true,"href":"https:\/\/www.radiopiu.net\/wordpress\/wp-json\/wp\/v2\/comments?post=134980"}],"version-history":[{"count":0,"href":"https:\/\/www.radiopiu.net\/wordpress\/wp-json\/wp\/v2\/posts\/134980\/revisions"}],"wp:featuredmedia":[{"embeddable":true,"href":"https:\/\/www.radiopiu.net\/wordpress\/wp-json\/wp\/v2\/media\/134982"}],"wp:attachment":[{"href":"https:\/\/www.radiopiu.net\/wordpress\/wp-json\/wp\/v2\/media?parent=134980"}],"wp:term":[{"taxonomy":"category","embeddable":true,"href":"https:\/\/www.radiopiu.net\/wordpress\/wp-json\/wp\/v2\/categories?post=134980"},{"taxonomy":"post_tag","embeddable":true,"href":"https:\/\/www.radiopiu.net\/wordpress\/wp-json\/wp\/v2\/tags?post=134980"}],"curies":[{"name":"wp","href":"https:\/\/api.w.org\/{rel}","templated":true}]}}