{"id":135072,"date":"2020-05-04T18:40:04","date_gmt":"2020-05-04T16:40:04","guid":{"rendered":"https:\/\/www.radiopiu.net\/wordpress\/?p=135072"},"modified":"2020-05-04T20:04:52","modified_gmt":"2020-05-04T18:04:52","slug":"coronavirus-stamattina-un-decesso-a-belluno","status":"publish","type":"post","link":"https:\/\/www.radiopiu.net\/wordpress\/coronavirus-stamattina-un-decesso-a-belluno\/","title":{"rendered":"CORONAVIRUS: OGGI SONO DUE I DECESSI A BELLUNO"},"content":{"rendered":"<p><strong>BELLUNO\u00a0<\/strong>Nella mattinata di oggi, una donna di 85 anni \u00e8 deceduta all&#8217;ospedale di comunit\u00e0 di Belluno, era ricoverata nel reparto Medicina COVID a bassa intensit\u00e0. Nel pomeriggio \u00e8 volato in cielo un uomo di 80 anni ricoverato in Geriatria COVID all&#8217;ospedale di Belluno<\/p>\n<p><strong>64 DECESSI NEGLI OSPEDALI BELLUNESI DAL 21 FEBBRAIO<\/strong> Ospedale San Martino di Belluno 44 (+1), Feltre 6, Belluno Ospedale di Comunit\u00e0 11 (+1), Agordo 1 e Pieve di Cadore 1.<\/p>\n<p>&nbsp;<\/p>\n","protected":false},"excerpt":{"rendered":"<p>BELLUNO\u00a0Nella mattinata di oggi, una donna di 85 anni \u00e8 deceduta all&#8217;ospedale di comunit\u00e0 di Belluno, era ricoverata nel reparto Medicina COVID a bassa intensit\u00e0. Nel pomeriggio \u00e8 volato in cielo un uomo di 80 anni ricoverato in Geriatria COVID all&#8217;ospedale di Belluno 64 DECESSI NEGLI OSPEDALI BELLUNESI DAL 21 FEBBRAIO Ospedale San Martino di&hellip;<\/p>\n","protected":false},"author":4,"featured_media":121260,"comment_status":"closed","ping_status":"closed","sticky":false,"template":"","format":"standard","meta":{"_monsterinsights_skip_tracking":false,"_monsterinsights_sitenote_active":false,"_monsterinsights_sitenote_note":"","_monsterinsights_sitenote_category":0,"footnotes":""},"categories":[51,49],"tags":[],"class_list":["post-135072","post","type-post","status-publish","format-standard","has-post-thumbnail","hentry","category-evidenza-top","category-news-18","category-51","category-49","description-off"],"img_url":"https:\/\/www.radiopiu.net\/wordpress\/wp-content\/uploads\/2020\/03\/covid-ulss.jpg","_links":{"self":[{"href":"https:\/\/www.radiopiu.net\/wordpress\/wp-json\/wp\/v2\/posts\/135072","targetHints":{"allow":["GET"]}}],"collection":[{"href":"https:\/\/www.radiopiu.net\/wordpress\/wp-json\/wp\/v2\/posts"}],"about":[{"href":"https:\/\/www.radiopiu.net\/wordpress\/wp-json\/wp\/v2\/types\/post"}],"author":[{"embeddable":true,"href":"https:\/\/www.radiopiu.net\/wordpress\/wp-json\/wp\/v2\/users\/4"}],"replies":[{"embeddable":true,"href":"https:\/\/www.radiopiu.net\/wordpress\/wp-json\/wp\/v2\/comments?post=135072"}],"version-history":[{"count":0,"href":"https:\/\/www.radiopiu.net\/wordpress\/wp-json\/wp\/v2\/posts\/135072\/revisions"}],"wp:featuredmedia":[{"embeddable":true,"href":"https:\/\/www.radiopiu.net\/wordpress\/wp-json\/wp\/v2\/media\/121260"}],"wp:attachment":[{"href":"https:\/\/www.radiopiu.net\/wordpress\/wp-json\/wp\/v2\/media?parent=135072"}],"wp:term":[{"taxonomy":"category","embeddable":true,"href":"https:\/\/www.radiopiu.net\/wordpress\/wp-json\/wp\/v2\/categories?post=135072"},{"taxonomy":"post_tag","embeddable":true,"href":"https:\/\/www.radiopiu.net\/wordpress\/wp-json\/wp\/v2\/tags?post=135072"}],"curies":[{"name":"wp","href":"https:\/\/api.w.org\/{rel}","templated":true}]}}