{"id":135092,"date":"2020-05-04T15:52:28","date_gmt":"2020-05-04T13:52:28","guid":{"rendered":"https:\/\/www.radiopiu.net\/wordpress\/?p=135092"},"modified":"2020-05-04T15:52:28","modified_gmt":"2020-05-04T13:52:28","slug":"societa-nuova-e-pronta-per-la-fase-due","status":"publish","type":"post","link":"https:\/\/www.radiopiu.net\/wordpress\/societa-nuova-e-pronta-per-la-fase-due\/","title":{"rendered":"SOCIET\u00c0 NUOVA \u00c8 PRONTA PER LA FASE DUE"},"content":{"rendered":"<p><strong><a class=\"dt-pswp-item\" href=\"https:\/\/www.radiopiu.net\/wordpress\/wp-content\/uploads\/2020\/05\/21bcc8d3-336a-4c22-9571-b639ded19f4a-1.jpg\" data-dt-img-description=\"\" data-large_image_width=\"1308\" data-large_image_height=\"716\"><img loading=\"lazy\" decoding=\"async\" class=\"size-medium wp-image-135093 alignleft\" src=\"https:\/\/www.radiopiu.net\/wordpress\/wp-content\/uploads\/2020\/05\/21bcc8d3-336a-4c22-9571-b639ded19f4a-1-300x164.jpg\" alt=\"\" width=\"300\" height=\"164\" srcset=\"https:\/\/www.radiopiu.net\/wordpress\/wp-content\/uploads\/2020\/05\/21bcc8d3-336a-4c22-9571-b639ded19f4a-1-300x164.jpg 300w, https:\/\/www.radiopiu.net\/wordpress\/wp-content\/uploads\/2020\/05\/21bcc8d3-336a-4c22-9571-b639ded19f4a-1-1024x561.jpg 1024w, https:\/\/www.radiopiu.net\/wordpress\/wp-content\/uploads\/2020\/05\/21bcc8d3-336a-4c22-9571-b639ded19f4a-1-768x420.jpg 768w, https:\/\/www.radiopiu.net\/wordpress\/wp-content\/uploads\/2020\/05\/21bcc8d3-336a-4c22-9571-b639ded19f4a-1.jpg 1308w\" sizes=\"auto, (max-width: 300px) 100vw, 300px\" \/><\/a>BELLUNO<\/strong> Anche la Cooperativa di Belluno, che opera sul territorio dal 1977, si \u00e8 ritrovata all&#8217;inizio di marzo a dover sospendere gran parte dei propri Servizi, con la seguente necessit\u00e0 di dover intervenire tempestivamente attraverso una sostanziale riorganizzazione di tutta la sua struttura operativa. Chiusi tutti i Servizi rivolti ai minori, chiusi i Servizi Semiresidenziali e chiuse molte attivit\u00e0 di inserimento lavorativo. Molti lavoratori si sono ritrovati a casa da un giorno all&#8217;altro, ma soprattutto centinaia di persone con disabilit\u00e0 o svantaggiate hanno dovuto rinunciare al loro mondo extrafamiliare, ritrovandosi all&#8217;improvviso in un nuova realt\u00e0, fatta di regole nuove e per molti versi incomprensibile.\u00a0&#8220;<em>Il momento non \u00e8 facile per nessuno&#8221;, esordisce il Presidente della Cooperativa Societ\u00e0 Nuova, Federico Bristot, &#8220;in pochi giorni il mondo si \u00e8 ritrovato profondamente cambiato. Dobbiamo adattarci nel pi\u00f9 breve tempo possibile a nuovi stili di vita, nuove abitudini, rivedendo in parte anche le nostre certezze; solo cos\u00ec potremo arginare questo dramma umano e in seconda battuta economico. Dal canto nostro, superato il naturale disorientamento iniziale, abbiamo cercato di adattarci da subito ad una situazione in continua evoluzione, cercando di anticipare le strategie che ci condurranno fuori dall&#8217;incubo e soprattutto non perdendo mai di vista i nostri principi di solidariet\u00e0 e sostegno alle persone in difficolt\u00e0; nessuno deve sentirsi solo<\/em>.&#8221;\u00a0&#8220;<em>Sono orgoglioso e commosso dall&#8217;impegno che ho visto in questi mesi&#8221; sottolinea Bristot, &#8220;il personale impiegato nelle nostre Comunit\u00e0 Alloggio e presso l&#8217;Ulss ha dimostrato una forza, una professionalit\u00e0 e un senso civico indescrivibili, come pure i soci lavoratori che, trovatisi improvvisamente a casa per la chiusura dei loro servizi, si sono prontamente resi disponibili nel supportare le Comunit\u00e0 stesse e nel mantenere uno stretto contatto con i ragazzi rimasti a casa attraverso telefonate e videochiamate. E non ci sono parole per gli Operatori Socio Sanitari che hanno risposto senza esitazione alla richiesta delle Case di Riposo di una collaborazione, in questo periodo che le colloca in una posizione drammaticamente senza precedenti. Tutti, nessuno escluso, sono encomiabili nello svolgere il loro compito con gentilezza e rispetto della dignit\u00e0 di ogni singolo<\/em>.&#8221;\u00a0Societ\u00e0 Nuova si \u00e8 attivata per essere pronta alla riapertura dei propri Servizi garantendo tutte le misure di sicurezza necessarie; dalla dotazione dei DPI adeguati alle zone di sanificazione, alle procedure da attivare in caso di presunto contagio, cos\u00ec come agli interventi domiciliari in sicurezza. Descrive il Presidente Bristot &#8220;<em>abbiamo attivato immediatamente una fitta rete di supporto telefonico e videochiamata con famiglie e utenti, fornendo a domicilio i kit con il materiale necessario a proseguire le attivit\u00e0 che eseguivano nei Servizi. Quotidianamente vengono organizzate attivit\u00e0 di gruppo tramite i vari sistemi di videochat nei quali educatori e operatori hanno la possibilit\u00e0 di interagire con chi \u00e8 a casa. E lo stesso discorso vale anche per il Centro Infanzia UnoDueTre e i doposcuola Oppl\u00e0. In aprile sono iniziati anche gli interventi domiciliari, qualora richiesti dalle famiglie e ritenuti necessari. La nostra ultima azione \u00e8 di oggi: abbiamo montato due capannoni all&#8217;esterno dei nostri Servizi che potranno garantire pi\u00f9 di 300 metri quadrati di spazio all&#8217;aperto nei quali svolgere le attivit\u00e0 in maggiore sicurezza e la prossima settimana sar\u00e0 attivo un orto, per stimolare le attivit\u00e0 all&#8217;aperto<\/em>&#8220;.<\/p>\n","protected":false},"excerpt":{"rendered":"<p>BELLUNO Anche la Cooperativa di Belluno, che opera sul territorio dal 1977, si \u00e8 ritrovata all&#8217;inizio di marzo a dover sospendere gran parte dei propri Servizi, con la seguente necessit\u00e0 di dover intervenire tempestivamente attraverso una sostanziale riorganizzazione di tutta la sua struttura operativa. Chiusi tutti i Servizi rivolti ai minori, chiusi i Servizi Semiresidenziali&hellip;<\/p>\n","protected":false},"author":4,"featured_media":135093,"comment_status":"closed","ping_status":"closed","sticky":false,"template":"","format":"standard","meta":{"_monsterinsights_skip_tracking":false,"_monsterinsights_sitenote_active":false,"_monsterinsights_sitenote_note":"","_monsterinsights_sitenote_category":0,"footnotes":""},"categories":[49],"tags":[],"class_list":["post-135092","post","type-post","status-publish","format-standard","has-post-thumbnail","hentry","category-news-18","category-49","description-off"],"img_url":"https:\/\/www.radiopiu.net\/wordpress\/wp-content\/uploads\/2020\/05\/21bcc8d3-336a-4c22-9571-b639ded19f4a-1.jpg","_links":{"self":[{"href":"https:\/\/www.radiopiu.net\/wordpress\/wp-json\/wp\/v2\/posts\/135092","targetHints":{"allow":["GET"]}}],"collection":[{"href":"https:\/\/www.radiopiu.net\/wordpress\/wp-json\/wp\/v2\/posts"}],"about":[{"href":"https:\/\/www.radiopiu.net\/wordpress\/wp-json\/wp\/v2\/types\/post"}],"author":[{"embeddable":true,"href":"https:\/\/www.radiopiu.net\/wordpress\/wp-json\/wp\/v2\/users\/4"}],"replies":[{"embeddable":true,"href":"https:\/\/www.radiopiu.net\/wordpress\/wp-json\/wp\/v2\/comments?post=135092"}],"version-history":[{"count":0,"href":"https:\/\/www.radiopiu.net\/wordpress\/wp-json\/wp\/v2\/posts\/135092\/revisions"}],"wp:featuredmedia":[{"embeddable":true,"href":"https:\/\/www.radiopiu.net\/wordpress\/wp-json\/wp\/v2\/media\/135093"}],"wp:attachment":[{"href":"https:\/\/www.radiopiu.net\/wordpress\/wp-json\/wp\/v2\/media?parent=135092"}],"wp:term":[{"taxonomy":"category","embeddable":true,"href":"https:\/\/www.radiopiu.net\/wordpress\/wp-json\/wp\/v2\/categories?post=135092"},{"taxonomy":"post_tag","embeddable":true,"href":"https:\/\/www.radiopiu.net\/wordpress\/wp-json\/wp\/v2\/tags?post=135092"}],"curies":[{"name":"wp","href":"https:\/\/api.w.org\/{rel}","templated":true}]}}