{"id":135142,"date":"2020-05-04T23:59:52","date_gmt":"2020-05-04T21:59:52","guid":{"rendered":"https:\/\/www.radiopiu.net\/wordpress\/?p=135142"},"modified":"2020-05-04T18:04:14","modified_gmt":"2020-05-04T16:04:14","slug":"cento-anni-fa-nasceva-la-bandiera-ladina","status":"publish","type":"post","link":"https:\/\/www.radiopiu.net\/wordpress\/cento-anni-fa-nasceva-la-bandiera-ladina\/","title":{"rendered":"CENTO ANNI FA NASCEVA LA BANDIERA LADINA"},"content":{"rendered":"<p><strong><a class=\"dt-pswp-item\" href=\"https:\/\/www.radiopiu.net\/wordpress\/wp-content\/uploads\/2020\/05\/BANDIERA-LADINA.png\" data-dt-img-description=\"\" data-large_image_width=\"1200\" data-large_image_height=\"720\"><img loading=\"lazy\" decoding=\"async\" class=\"size-medium wp-image-135145 alignleft\" src=\"https:\/\/www.radiopiu.net\/wordpress\/wp-content\/uploads\/2020\/05\/BANDIERA-LADINA-300x180.png\" alt=\"\" width=\"300\" height=\"180\" srcset=\"https:\/\/www.radiopiu.net\/wordpress\/wp-content\/uploads\/2020\/05\/BANDIERA-LADINA-300x180.png 300w, https:\/\/www.radiopiu.net\/wordpress\/wp-content\/uploads\/2020\/05\/BANDIERA-LADINA-1024x614.png 1024w, https:\/\/www.radiopiu.net\/wordpress\/wp-content\/uploads\/2020\/05\/BANDIERA-LADINA-768x461.png 768w, https:\/\/www.radiopiu.net\/wordpress\/wp-content\/uploads\/2020\/05\/BANDIERA-LADINA.png 1200w\" sizes=\"auto, (max-width: 300px) 100vw, 300px\" \/><\/a>COLLE SANTA LUCIA<\/strong> L\u2019Istitut Cultural Ladin Cesa de Jan ricorda oggi un avvenimento che ha segnato la storia del popolo ladino. Il 05 maggio 1920 si radunarono sul Passo Gardena, settanta rappresentanti delle comunit\u00e0 ladine brissinotirolesi di Fodom, Colle S. Lucia, Ampezzo e delle valli di Fassa, Badia e Gardena. Quel giorno si lev\u00f2 una forte protesta in seguito al Trattato di Saint-Germain che il 10 settembre del 1919 aveva sancito il passaggio del Tirolo Cisalpino all\u2019Italia, e con esso le cinque valli ladine. I rappresentanti ladini chiedevano al Regno d\u2019Italia di potersi avvalere del diritto di autodeterminazione e che il popolo ladino fosse riconosciuto come gruppo etnico a s\u00e9 stante, in quanto n\u00e9 tedesco n\u00e9 italiano. In quell\u2019occasione fu issata per la prima volta la Bandiera Ladina. Oggi sono quindi 100 anni che essa sventola un po\u2019 ovunque nelle nostre valli, nelle sedi istituzionali e in quasi tutte le nostre manifestazioni. Ecco allora che il tricolore ladino (verde, bianco e azzurro) assume da quel giorno un forte significato storico, identitario e anche politico. Esso rappresenta ancora oggi il principio di autodeterminazione di un popolo e il desiderio di queste comunit\u00e0 di conservare la propria cultura, la propria lingua e la propria identit\u00e0 e di ritornare amministrativamente unite dopo la tripartizione fascista del 1923. Noi ladini di Fodom, Colle e Ampezzo conosciamo molto bene il significato e i valori rappresentati dalla nostra Bandiera e per questo continueremo a farla sventolare con orgoglio e amore per la nostra terra<\/p>\n","protected":false},"excerpt":{"rendered":"<p>COLLE SANTA LUCIA L\u2019Istitut Cultural Ladin Cesa de Jan ricorda oggi un avvenimento che ha segnato la storia del popolo ladino. Il 05 maggio 1920 si radunarono sul Passo Gardena, settanta rappresentanti delle comunit\u00e0 ladine brissinotirolesi di Fodom, Colle S. Lucia, Ampezzo e delle valli di Fassa, Badia e Gardena. Quel giorno si lev\u00f2 una&hellip;<\/p>\n","protected":false},"author":4,"featured_media":135145,"comment_status":"closed","ping_status":"closed","sticky":false,"template":"","format":"standard","meta":{"_monsterinsights_skip_tracking":false,"_monsterinsights_sitenote_active":false,"_monsterinsights_sitenote_note":"","_monsterinsights_sitenote_category":0,"footnotes":""},"categories":[49],"tags":[],"class_list":["post-135142","post","type-post","status-publish","format-standard","has-post-thumbnail","hentry","category-news-18","category-49","description-off"],"img_url":"https:\/\/www.radiopiu.net\/wordpress\/wp-content\/uploads\/2020\/05\/BANDIERA-LADINA.png","_links":{"self":[{"href":"https:\/\/www.radiopiu.net\/wordpress\/wp-json\/wp\/v2\/posts\/135142","targetHints":{"allow":["GET"]}}],"collection":[{"href":"https:\/\/www.radiopiu.net\/wordpress\/wp-json\/wp\/v2\/posts"}],"about":[{"href":"https:\/\/www.radiopiu.net\/wordpress\/wp-json\/wp\/v2\/types\/post"}],"author":[{"embeddable":true,"href":"https:\/\/www.radiopiu.net\/wordpress\/wp-json\/wp\/v2\/users\/4"}],"replies":[{"embeddable":true,"href":"https:\/\/www.radiopiu.net\/wordpress\/wp-json\/wp\/v2\/comments?post=135142"}],"version-history":[{"count":0,"href":"https:\/\/www.radiopiu.net\/wordpress\/wp-json\/wp\/v2\/posts\/135142\/revisions"}],"wp:featuredmedia":[{"embeddable":true,"href":"https:\/\/www.radiopiu.net\/wordpress\/wp-json\/wp\/v2\/media\/135145"}],"wp:attachment":[{"href":"https:\/\/www.radiopiu.net\/wordpress\/wp-json\/wp\/v2\/media?parent=135142"}],"wp:term":[{"taxonomy":"category","embeddable":true,"href":"https:\/\/www.radiopiu.net\/wordpress\/wp-json\/wp\/v2\/categories?post=135142"},{"taxonomy":"post_tag","embeddable":true,"href":"https:\/\/www.radiopiu.net\/wordpress\/wp-json\/wp\/v2\/tags?post=135142"}],"curies":[{"name":"wp","href":"https:\/\/api.w.org\/{rel}","templated":true}]}}