{"id":135244,"date":"2020-05-05T05:40:29","date_gmt":"2020-05-05T03:40:29","guid":{"rendered":"https:\/\/www.radiopiu.net\/wordpress\/?p=135244"},"modified":"2020-05-05T07:11:56","modified_gmt":"2020-05-05T05:11:56","slug":"lo-scrittore-anonimo-che-accende-la-polemica-di-paese-sinfuria-il-sindaco-moreno-de-val","status":"publish","type":"post","link":"https:\/\/www.radiopiu.net\/wordpress\/lo-scrittore-anonimo-che-accende-la-polemica-di-paese-sinfuria-il-sindaco-moreno-de-val\/","title":{"rendered":"LO SCRITTORE ANONIMO CHE ACCENDE LA POLEMICA DI PAESE, S&#8217;INFURIA IL SINDACO MORENO DE VAL"},"content":{"rendered":"<p><strong>SAN TOMASO<\/strong> Un foglio scritto a computer a attaccato alla porta della Pizzeria Off Line, i giovani gestori Giovanni e Beatrice non lo hanno volutamente tolto affinch\u00e9 la gente lo potesse leggere e giudicare. Se la Pizzeria non ha proposto il servizio da asporto in questi giorni non \u00e8 solo per motivi economici ma perch\u00e9 i gestori vogliono mantenere lo standard qualitativo importante, il territorio di San Tomaso \u00e8 orograficamente difficile e da quando la pizza esce dal forno ed arriva nelle case perde il suo valore e il suo gusto. Questa la dichiarazione del sindaco Moreno De Val (pagina facebook) per il cartello affisso in paese da mano anonima e solo per questo non meriterebbe alcuna considerazione.<\/p>\n<blockquote><p><em><strong>&#8220;Dispiace leggere certe pretese gente senza palle che non riesce a dirtelo in faccia Gente che insegna e non ha mai fatto niente nella propria vita, gente che parla di spirito imprenditoriale e non sa nemmeno cosa sia una partita iva.\u00a0 Gestiscilo tu il locale Genio e firmalo per te stesso\/sa non mettere il nome di chi non ha chiesto niente. Sono solidale con i gestori&#8221;<\/strong><\/em><\/p><\/blockquote>\n<p>audio dalla rassegna stampa delle 8<\/p>\n<audio class=\"wp-audio-shortcode\" id=\"audio-135244-1\" preload=\"none\" style=\"width: 100%;\" controls=\"controls\"><source type=\"audio\/mpeg\" src=\"https:\/\/www.radiopiu.net\/wordpress\/wp-content\/uploads\/2020\/05\/MORENO.mp3?_=1\" \/><a href=\"https:\/\/www.radiopiu.net\/wordpress\/wp-content\/uploads\/2020\/05\/MORENO.mp3\">https:\/\/www.radiopiu.net\/wordpress\/wp-content\/uploads\/2020\/05\/MORENO.mp3<\/a><\/audio>\n<p>&nbsp;<\/p>\n<p>&nbsp;<\/p>\n<p><a class=\"dt-pswp-item\" href=\"https:\/\/www.radiopiu.net\/wordpress\/wp-content\/uploads\/2020\/05\/95877980_3085077574848510_4193503151808053248_n.jpg\" data-dt-img-description=\"\" data-large_image_width=\"768\" data-large_image_height=\"576\"><img loading=\"lazy\" decoding=\"async\" class=\"alignnone wp-image-135245 size-full\" src=\"https:\/\/www.radiopiu.net\/wordpress\/wp-content\/uploads\/2020\/05\/95877980_3085077574848510_4193503151808053248_n.jpg\" alt=\"\" width=\"768\" height=\"576\" srcset=\"https:\/\/www.radiopiu.net\/wordpress\/wp-content\/uploads\/2020\/05\/95877980_3085077574848510_4193503151808053248_n.jpg 768w, https:\/\/www.radiopiu.net\/wordpress\/wp-content\/uploads\/2020\/05\/95877980_3085077574848510_4193503151808053248_n-300x225.jpg 300w\" sizes=\"auto, (max-width: 768px) 100vw, 768px\" \/><\/a><\/p>\n","protected":false},"excerpt":{"rendered":"<p>SAN TOMASO Un foglio scritto a computer a attaccato alla porta della Pizzeria Off Line, i giovani gestori Giovanni e Beatrice non lo hanno volutamente tolto affinch\u00e9 la gente lo potesse leggere e giudicare. Se la Pizzeria non ha proposto il servizio da asporto in questi giorni non \u00e8 solo per motivi economici ma perch\u00e9&hellip;<\/p>\n","protected":false},"author":1,"featured_media":135245,"comment_status":"closed","ping_status":"closed","sticky":false,"template":"","format":"standard","meta":{"_monsterinsights_skip_tracking":false,"_monsterinsights_sitenote_active":false,"_monsterinsights_sitenote_note":"","_monsterinsights_sitenote_category":0,"footnotes":""},"categories":[51,49],"tags":[],"class_list":["post-135244","post","type-post","status-publish","format-standard","has-post-thumbnail","hentry","category-evidenza-top","category-news-18","category-51","category-49","description-off"],"img_url":"https:\/\/www.radiopiu.net\/wordpress\/wp-content\/uploads\/2020\/05\/95877980_3085077574848510_4193503151808053248_n.jpg","_links":{"self":[{"href":"https:\/\/www.radiopiu.net\/wordpress\/wp-json\/wp\/v2\/posts\/135244","targetHints":{"allow":["GET"]}}],"collection":[{"href":"https:\/\/www.radiopiu.net\/wordpress\/wp-json\/wp\/v2\/posts"}],"about":[{"href":"https:\/\/www.radiopiu.net\/wordpress\/wp-json\/wp\/v2\/types\/post"}],"author":[{"embeddable":true,"href":"https:\/\/www.radiopiu.net\/wordpress\/wp-json\/wp\/v2\/users\/1"}],"replies":[{"embeddable":true,"href":"https:\/\/www.radiopiu.net\/wordpress\/wp-json\/wp\/v2\/comments?post=135244"}],"version-history":[{"count":0,"href":"https:\/\/www.radiopiu.net\/wordpress\/wp-json\/wp\/v2\/posts\/135244\/revisions"}],"wp:featuredmedia":[{"embeddable":true,"href":"https:\/\/www.radiopiu.net\/wordpress\/wp-json\/wp\/v2\/media\/135245"}],"wp:attachment":[{"href":"https:\/\/www.radiopiu.net\/wordpress\/wp-json\/wp\/v2\/media?parent=135244"}],"wp:term":[{"taxonomy":"category","embeddable":true,"href":"https:\/\/www.radiopiu.net\/wordpress\/wp-json\/wp\/v2\/categories?post=135244"},{"taxonomy":"post_tag","embeddable":true,"href":"https:\/\/www.radiopiu.net\/wordpress\/wp-json\/wp\/v2\/tags?post=135244"}],"curies":[{"name":"wp","href":"https:\/\/api.w.org\/{rel}","templated":true}]}}