{"id":135288,"date":"2020-05-05T08:00:39","date_gmt":"2020-05-05T06:00:39","guid":{"rendered":"https:\/\/www.radiopiu.net\/wordpress\/?p=135288"},"modified":"2020-05-05T10:30:28","modified_gmt":"2020-05-05T08:30:28","slug":"oggi-la-rassegna-stampa-labbiamo-aperta-cosi-15","status":"publish","type":"post","link":"https:\/\/www.radiopiu.net\/wordpress\/oggi-la-rassegna-stampa-labbiamo-aperta-cosi-15\/","title":{"rendered":"OGGI LA RASSEGNA STAMPA L&#8217;ABBIAMO APERTA COSI&#8230;"},"content":{"rendered":"<blockquote>\n<h2>FASE 2, PRIMO GIORNO: CAOS SUGLI INSUFFICIENTI MEZZI PUBBLICI, ANZIANO PICCHIATO A VENEZIA PER AVER INVITATO UN GRUPPO DI SBRUFFONI AD INDOSSARE LA MASCHERINA. ZAIA ALLENTA DI NUOVO LE RESTRIZIONI<\/h2>\n<h3><em>STRAGE A NORD-EST LA MORTALITA&#8217; IN ITALIA A MARZO E&#8217; AUMENTATA DEL 50%, +568% A BERGAMO, +186% IN LOMBARDIA, +65,2% IN TRENTINO,\u00a0 + 70% IN EMILIA ROMAGNA\u00a0 +24,3% IN VENETO. -8% NEL LAZIO, -3% IN SICILIA -2% IN CAMPANIA.<\/em><\/h3>\n<\/blockquote>\n<p><strong>di Mirko Mezzacasa<\/strong><\/p>\n<p>Un 4 maggio da ricordare, il primo giorno della fase 2 con la ripresa di molte attivit\u00e0, strade e parcheggi che si sono di nuovo riempiti e i mezzi pubblici che con tutte le restrizioni del caso si sono rimessi in moto. E&#8217; altres\u00ec iniziato un percorso di sorveglianza attiva nel Veneto, ricoveri e terapie intensive costantemente monitorati, in caso di recrudescenza del virus scatteranno nuovi provvedimenti restrittivi. Dagli ultimi dati della protezione civile per la prima volta in Italia i malati sono scesi sotto i 100 mila. In calo ricoveri e contagi tanto nel Veneto che in provincia di Belluno. <em>&#8220;Nei prossimi 7-10 giorni &#8211; ha detto Zaia da Marghera &#8211; ci giochiamo il futuro&#8221;.<\/em> Dal Viminale un invito alle Forze dell&#8217;Ordine all&#8217;elasticit\u00e0, agli italiani al buon senso ma ha anche ammonito che contro gli assembramenti sar\u00e0 tolleranza zero. Sui bus e vaporetti ieri tanta confusione, assembramenti di pendolari, proteste, spintoni e intervento dei Carabinieri. Di ieri pomeriggio l&#8217;aggiunta all&#8217;ordinanza della Regione con relativi chiarimenti: riaperte le mense per i lavoratori, agriturismo a disposizione di medici e infermieri, via libera all&#8217;attivit\u00e0 sportiva anche per i nuclei famigliari, in auto e moto sar\u00e0 possibile viaggiare in coppia o per nucleo famigliare, i mercati all&#8217;aperto potranno vendere alimentari, fiori e abiti per bimbi, sar\u00e0 possibile spostarsi per fare la spesa anche fuori dal Comune, ma dentro i confini regionali, nelle seconde case oltre al proprietario potr\u00e0 andarci anche il convivente e gli operai professionisti, nelle aziende ancora chiuse libero accesso ai proprietari per la manutenzione, anche del magazzino. Da ieri sono riaperti gli ospedali con nuove norme di accesso: misurazione della temperatura all&#8217;ingresso, l&#8217;obbligo di usare i dispositivi, lo scaglionamento degli appuntamenti. &#8220;<em>In questo primo giorno &#8211; rileva il presidente della Regione &#8211; nelle strutture sanitarie abbiamo registrato code e difficolt\u00e0, ma \u00e8 comprensibile, perch\u00e9 stiamo ripartendo da zero. Per questo abbiamo deciso di dare agli utenti un braccialetto, come quelli da villaggio turistico, che non si pu\u00f2 togliere se non tagliandolo. Chi lo indosser\u00e0, vorr\u00e0 dire che \u00e8 stato controllato all&#8217;entrata. I diversi colori identificheranno le differenti finalit\u00e0 della presenza&#8221;.<\/em> La riapertura dei centri estivi \u00e8 all&#8217;attenzione dell&#8217;assessore Manuela Lanzarin, &#8220;<em>Abbiamo un piano dettagliato, lo presenteremo a tutti i soggetti coinvolti mercoled\u00ec. Aspettiamo il vaglio della comunit\u00e0 scientifica, ma noi siamo pronti a partire&#8221;<\/em>. <strong>VENETO<\/strong> ulteriore riduzione dei positivi a 7.209 (-91),\u00a0 persone in isolamento domiciliare\u00a0 6.779 (-51) ricoverati in area non critica a quota 1057 (-9)\u00a0 terapie intensive 101 come domenica,\u00a0 guariti sono 9.631 (+114)\u00a0 vittime 1.539, 14 in pi\u00f9 in 24 ore,\u00a0 tamponi 383.442 (+5000). <strong>BELLUNO<\/strong> Due decessi anche ieri, un uomo di 80 anni ricoverato in geriatria e una paziente di 85 che era ospitata in medicina, precedentemente ospite dalla casa Kolbe di Pedavena. I morti in provincia dall&#8217;inizio dell&#8217;epidemia sono 85 e questo \u00e8 il dato ufficiale della Ulss1. Nessuno nuovo positivo nelle ultime 12 ore, mentre il bollettino delle 8 del mattino ne segnalava uno soltanto. Attualmente positivi 586 (-23) negativizzati 464 (-21)\u00a0 in isolamento 1063 (-5). In ospedale: San Martino 31 (-3), terapia intensiva 6 (0), San Martino Comunit\u00e0 14 (-4) Agordo 26 (0).\u00a0 Decessi in ospedale 64. A Cortina la situazione \u00e8 in deciso miglioramento come comunicato ieri mattina dal sindaco Gianpietro Ghedina: <em>&#8220;In questo lungo fine settimana il numero di positivi al Covid-19 \u00e8 ulteriormente diminuito, portando da 61 a 49 casi (-12) nel territorio di Cortina d\u2019Ampezzo. Le persone in quarantena (isolamento domiciliare) sono 22. Continua la discesa della curva del contagi<\/em>o&#8221;.<\/p>\n<p>&nbsp;<\/p>\n<p>&nbsp;<\/p>\n<p>&nbsp;<\/p>\n<hr \/>\n<blockquote>\n<h2>LO SCRITTORE ANONIMO CHE ACCENDE LA POLEMICA DI PAESE, S&#8217;INFURIA IL SINDACO MORENO DE VAL<\/h2>\n<\/blockquote>\n<p><strong>SAN TOMASO<\/strong> Un foglio scritto a computer e attaccato alla porta della Pizzeria Off Line, i giovani gestori Giovanni e Beatrice non lo hanno volutamente tolto affinch\u00e9 la gente lo potesse leggere e giudicare. Se la Pizzeria non ha proposto il servizio da asporto in questi giorni non \u00e8 solo per motivi economici ma perch\u00e9 i gestori vogliono mantenere lo standard qualitativo importante, il territorio di San Tomaso \u00e8 orograficamente difficile e da quando la pizza esce dal forno ed arriva nelle case perde il suo valore e il suo gusto.Questa la dichiarazione del sindaco Moreno De Val (pagina facebook) per il cartello affisso in paese da mano anonima e solo per questo non meriterebbe alcuna considerazione.<\/p>\n<blockquote><p><em><strong>&#8220;Dispiace leggere certe pretese gente senza palle che non riesce a dirtelo in faccia. Gente che insegna e non ha mai fatto niente nella propria vita, gente che parla di spirito imprenditoriale e non sa nemmeno cosa sia una partita iva.\u00a0 Gestiscilo tu il locale genio e firmalo per te stesso\/sa non mettere il nome di chi non ha chiesto niente. Sono solidale con i gestori&#8221;<\/strong><\/em><\/p><\/blockquote>\n<p>audio dalla rassegna stampa delle 8<\/p>\n<audio class=\"wp-audio-shortcode\" id=\"audio-135288-1\" preload=\"none\" style=\"width: 100%;\" controls=\"controls\"><source type=\"audio\/mpeg\" src=\"https:\/\/www.radiopiu.net\/wordpress\/wp-content\/uploads\/2020\/05\/MORENO.mp3?_=1\" \/><a href=\"https:\/\/www.radiopiu.net\/wordpress\/wp-content\/uploads\/2020\/05\/MORENO.mp3\">https:\/\/www.radiopiu.net\/wordpress\/wp-content\/uploads\/2020\/05\/MORENO.mp3<\/a><\/audio>\n<p>&nbsp;<\/p>\n","protected":false},"excerpt":{"rendered":"<p>FASE 2, PRIMO GIORNO: CAOS SUGLI INSUFFICIENTI MEZZI PUBBLICI, ANZIANO PICCHIATO A VENEZIA PER AVER INVITATO UN GRUPPO DI SBRUFFONI AD INDOSSARE LA MASCHERINA. ZAIA ALLENTA DI NUOVO LE RESTRIZIONI STRAGE A NORD-EST LA MORTALITA&#8217; IN ITALIA A MARZO E&#8217; AUMENTATA DEL 50%, +568% A BERGAMO, +186% IN LOMBARDIA, +65,2% IN TRENTINO,\u00a0 + 70% IN&hellip;<\/p>\n","protected":false},"author":1,"featured_media":135182,"comment_status":"closed","ping_status":"closed","sticky":false,"template":"","format":"standard","meta":{"_monsterinsights_skip_tracking":false,"_monsterinsights_sitenote_active":false,"_monsterinsights_sitenote_note":"","_monsterinsights_sitenote_category":0,"footnotes":""},"categories":[51,49],"tags":[],"class_list":["post-135288","post","type-post","status-publish","format-standard","has-post-thumbnail","hentry","category-evidenza-top","category-news-18","category-51","category-49","description-off"],"img_url":"https:\/\/www.radiopiu.net\/wordpress\/wp-content\/uploads\/2020\/05\/Schermata-2020-05-04-alle-18.56.28.png","_links":{"self":[{"href":"https:\/\/www.radiopiu.net\/wordpress\/wp-json\/wp\/v2\/posts\/135288","targetHints":{"allow":["GET"]}}],"collection":[{"href":"https:\/\/www.radiopiu.net\/wordpress\/wp-json\/wp\/v2\/posts"}],"about":[{"href":"https:\/\/www.radiopiu.net\/wordpress\/wp-json\/wp\/v2\/types\/post"}],"author":[{"embeddable":true,"href":"https:\/\/www.radiopiu.net\/wordpress\/wp-json\/wp\/v2\/users\/1"}],"replies":[{"embeddable":true,"href":"https:\/\/www.radiopiu.net\/wordpress\/wp-json\/wp\/v2\/comments?post=135288"}],"version-history":[{"count":0,"href":"https:\/\/www.radiopiu.net\/wordpress\/wp-json\/wp\/v2\/posts\/135288\/revisions"}],"wp:featuredmedia":[{"embeddable":true,"href":"https:\/\/www.radiopiu.net\/wordpress\/wp-json\/wp\/v2\/media\/135182"}],"wp:attachment":[{"href":"https:\/\/www.radiopiu.net\/wordpress\/wp-json\/wp\/v2\/media?parent=135288"}],"wp:term":[{"taxonomy":"category","embeddable":true,"href":"https:\/\/www.radiopiu.net\/wordpress\/wp-json\/wp\/v2\/categories?post=135288"},{"taxonomy":"post_tag","embeddable":true,"href":"https:\/\/www.radiopiu.net\/wordpress\/wp-json\/wp\/v2\/tags?post=135288"}],"curies":[{"name":"wp","href":"https:\/\/api.w.org\/{rel}","templated":true}]}}