{"id":135367,"date":"2020-05-05T17:00:19","date_gmt":"2020-05-05T15:00:19","guid":{"rendered":"https:\/\/www.radiopiu.net\/wordpress\/?p=135367"},"modified":"2020-05-05T17:00:19","modified_gmt":"2020-05-05T15:00:19","slug":"labm-piange-la-scomparsa-di-luisa-bona-tomaselli-fondatrice-della-famiglia-bellunese-di-san-paolo-brasile","status":"publish","type":"post","link":"https:\/\/www.radiopiu.net\/wordpress\/labm-piange-la-scomparsa-di-luisa-bona-tomaselli-fondatrice-della-famiglia-bellunese-di-san-paolo-brasile\/","title":{"rendered":"L\u2019ABM PIANGE LA SCOMPARSA DI LUISA BONA TOMASELLI FONDATRICE DELLA FAMIGLIA BELLUNESE DI SAN PAOLO (BRASILE)"},"content":{"rendered":"<p><strong><a class=\"dt-pswp-item\" href=\"https:\/\/www.radiopiu.net\/wordpress\/wp-content\/uploads\/2020\/05\/luisa_bona.jpg\" data-dt-img-description=\"\" data-large_image_width=\"252\" data-large_image_height=\"366\"><img loading=\"lazy\" decoding=\"async\" class=\"size-medium wp-image-135353 alignleft\" src=\"https:\/\/www.radiopiu.net\/wordpress\/wp-content\/uploads\/2020\/05\/luisa_bona-207x300.jpg\" alt=\"\" width=\"207\" height=\"300\" srcset=\"https:\/\/www.radiopiu.net\/wordpress\/wp-content\/uploads\/2020\/05\/luisa_bona-207x300.jpg 207w, https:\/\/www.radiopiu.net\/wordpress\/wp-content\/uploads\/2020\/05\/luisa_bona.jpg 252w\" sizes=\"auto, (max-width: 207px) 100vw, 207px\" \/><\/a>BELLUNO<\/strong> L\u2019Associazione Bellunesi nel Mondo perde un\u2019importante figura del mondo dell\u2019emigrazione bellunese. All\u2019et\u00e0 di 83 anni ci ha lasciato Luisa Bona Tomaselli.\u00a0Nata a Spert d\u2019Alpago nel 1937 appena ventiduenne emigr\u00f2 a San Paolo, Brasile, dove insegn\u00f2 filosofia e storia al Liceo della Scuola Italiana. Nel 1976 fond\u00f2 la Famiglia Bellunese di San Paolo e fu la prima presidente. Oltre a far parte dell\u2019Associazione Veneta della stessa citt\u00e0 ha ricoperto la carica di Consultore della Regione Veneto per dieci anni.\u00a0\u00abHo un ricordo intenso di Luisa\u00bb, le parole del presidente Abm Oscar De Bona, \u00abnegli anni Novanta io, come presidente della Provincia di Belluno, e l\u2019allora presidente della nostra Associazione, Maurizio Paniz, andammo a trovarla proprio a San Paolo, ospitati a casa sua. Era una persone di grande cultura e che ha dato tanto alle nostre comunit\u00e0 all\u2019estero. Ho ancora davanti il grattacielo in cui, all\u2019ultimo piano, era presente la sede della Casa d\u2019Italia, con una sala che poteva ospitare oltre trecento persone e un panorama rivolto alla citt\u00e0\u00bb.\u00a0La Famiglia Bellunese di San Paolo era composta da imprenditori e bellunesi di successo. \u00abCome non dimenticare il vice presidente di questo sodalizio, il grande Giorgio De Kunovich\u00bb, continua De Bona, \u00abassieme a Luisa hanno fatto diventare grande questo circolo, con numerose iniziative ed eventi\u00bb.\u00a0Agli inizi degli anni 2000 Luisa rientr\u00f2 in Italia per raggiungere la figlia Paola a Roma.\u00a0Ha dedicato molto del suo tempo all\u2019assistenza logistica, sociale e intellettiva a quanti a lei si rivolgevano; italiani o bellunesi che fossero.\u00a0Alla sua partenza dal Brasile la stampa locale le dedic\u00f2 molto spazio in virt\u00f9 di quanto fece per l\u2019itera comunit\u00e0.\u00a0\u00abDi certo la ricorderemo\u00bb, conclude sempre De Bona, \u00abin occasione della XXI edizione del Premio internazionale \u201cBellunesi che hanno onorato la provincia di Belluno in Italia e all\u2019estero\u201d in programma a Lamon nel mese di dicembre\u00bb.<\/p>\n","protected":false},"excerpt":{"rendered":"<p>BELLUNO L\u2019Associazione Bellunesi nel Mondo perde un\u2019importante figura del mondo dell\u2019emigrazione bellunese. All\u2019et\u00e0 di 83 anni ci ha lasciato Luisa Bona Tomaselli.\u00a0Nata a Spert d\u2019Alpago nel 1937 appena ventiduenne emigr\u00f2 a San Paolo, Brasile, dove insegn\u00f2 filosofia e storia al Liceo della Scuola Italiana. Nel 1976 fond\u00f2 la Famiglia Bellunese di San Paolo e fu&hellip;<\/p>\n","protected":false},"author":4,"featured_media":135353,"comment_status":"closed","ping_status":"closed","sticky":false,"template":"","format":"standard","meta":{"_monsterinsights_skip_tracking":false,"_monsterinsights_sitenote_active":false,"_monsterinsights_sitenote_note":"","_monsterinsights_sitenote_category":0,"footnotes":""},"categories":[49],"tags":[],"class_list":["post-135367","post","type-post","status-publish","format-standard","has-post-thumbnail","hentry","category-news-18","category-49","description-off"],"img_url":"https:\/\/www.radiopiu.net\/wordpress\/wp-content\/uploads\/2020\/05\/luisa_bona.jpg","_links":{"self":[{"href":"https:\/\/www.radiopiu.net\/wordpress\/wp-json\/wp\/v2\/posts\/135367","targetHints":{"allow":["GET"]}}],"collection":[{"href":"https:\/\/www.radiopiu.net\/wordpress\/wp-json\/wp\/v2\/posts"}],"about":[{"href":"https:\/\/www.radiopiu.net\/wordpress\/wp-json\/wp\/v2\/types\/post"}],"author":[{"embeddable":true,"href":"https:\/\/www.radiopiu.net\/wordpress\/wp-json\/wp\/v2\/users\/4"}],"replies":[{"embeddable":true,"href":"https:\/\/www.radiopiu.net\/wordpress\/wp-json\/wp\/v2\/comments?post=135367"}],"version-history":[{"count":0,"href":"https:\/\/www.radiopiu.net\/wordpress\/wp-json\/wp\/v2\/posts\/135367\/revisions"}],"wp:featuredmedia":[{"embeddable":true,"href":"https:\/\/www.radiopiu.net\/wordpress\/wp-json\/wp\/v2\/media\/135353"}],"wp:attachment":[{"href":"https:\/\/www.radiopiu.net\/wordpress\/wp-json\/wp\/v2\/media?parent=135367"}],"wp:term":[{"taxonomy":"category","embeddable":true,"href":"https:\/\/www.radiopiu.net\/wordpress\/wp-json\/wp\/v2\/categories?post=135367"},{"taxonomy":"post_tag","embeddable":true,"href":"https:\/\/www.radiopiu.net\/wordpress\/wp-json\/wp\/v2\/tags?post=135367"}],"curies":[{"name":"wp","href":"https:\/\/api.w.org\/{rel}","templated":true}]}}