{"id":135383,"date":"2020-05-05T23:58:22","date_gmt":"2020-05-05T21:58:22","guid":{"rendered":"https:\/\/www.radiopiu.net\/wordpress\/?p=135383"},"modified":"2020-05-05T18:01:29","modified_gmt":"2020-05-05T16:01:29","slug":"la-sinistra-e-la-destra-piave-nel-libro-di-vecchie-cartoline-di-renato-bona","status":"publish","type":"post","link":"https:\/\/www.radiopiu.net\/wordpress\/la-sinistra-e-la-destra-piave-nel-libro-di-vecchie-cartoline-di-renato-bona\/","title":{"rendered":"LA SINISTRA E LA DESTRA PIAVE NEL LIBRO DI VECCHIE CARTOLINE di Renato Bona"},"content":{"rendered":"<p><strong><a class=\"dt-pswp-item\" href=\"https:\/\/www.radiopiu.net\/wordpress\/wp-content\/uploads\/2019\/08\/553085_385905871470280_1626001170_n.jpg\" data-dt-img-description=\"\" data-large_image_width=\"855\" data-large_image_height=\"569\"><img loading=\"lazy\" decoding=\"async\" class=\" wp-image-94070 alignleft\" src=\"https:\/\/www.radiopiu.net\/wordpress\/wp-content\/uploads\/2019\/08\/553085_385905871470280_1626001170_n-300x200.jpg\" alt=\"\" width=\"158\" height=\"105\" \/><\/a>di Renato Bona<\/strong><\/p>\n<p>Prosegue il nostro \u201cviaggio\u201d propiziato da \u201cBelluno e provincia nelle vecchie cartoline\u201d realizzato per il Lions club di Belluno dagli storici Giovanni Fabbiani e Giuseppe Sorge nel dicembre 1975 con la Canova editori Treviso per i tipi della Grafiche Longo e Zoppelli. Oggi tocca a Sinistra e Destra Piave di cui proponiamo alcune immagini (e relative diciture) che i due storici hanno selezionato e commentato nel pregevole volume nel quale abbiamo rilevato una \u201cstranezza\u201d: Lentiai inserita nel capitolo riservato a Feltre! E allora partiamo proprio da LENTIAI del quale viene proposta l\u2019immagine dello \u201cSlanciato campanile della chiesa parrocchiale, eretta verso la fine del secolo XI, vigila sulla bella costruzione che conserva tante opere di pittura, specialmente di Cesare Vecellio, cugino di Tiziano. Il paese, oltre agli altri centri della Sinistra Piave, nel secolo scorso era collegato con la stazione ferroviaria di Cesio-Busche attraverso un grande ponte di ferro, che univa presso Cesana, le due rive del Piave. Ci trasferiamo nello spazio riservato alla Sinistra Piave e Destra Piave e troviamo, sotto il titolo BRIBANO, la vecchia cartolina \u201cSouvenir di Bribano (Belluno) \u2013 Arrivo del diretto\u201d. Ecco cosa scrivono Fabbiani-Sorge: \u201cUsciti di citt\u00e0 (Belluno \u2013 ndr.), attraverso Porta Feltre, il primo rilevante centro che si incontra \u00e8 Bribano, con importante Stazione Ferroviaria. Il paese \u00e8 ripreso mentre sta arrivando un treno diretto. Su una casa, a destra, la scritta \u2018Birra e concimi\u2019. Di Sedico \u00e8 Giovanni Buzzatti, capitano d\u2019industria, iniziatore della prima grande azienda di autotrasporti della provincia. Nel secolo scorso, a Sedico, Agostino Buzzatti \u2018oltre a fabbricare aratri, velocipedi, viti di enormi dimensioni, torchi, mortaretti in ghisa, lavora anche il rame, occupando per ci\u00f2 giornalmente 9 operai, il cui numero potrebbe di gran lunga venire aumentato se si formasse una societ\u00e0 che concorresse allo sviluppo del ramificio\u2019. Cos\u00ec scrive Riccardo Volpe nella pubblicazione La Provincia di Belluno\u201d. Poco oltre ci imbattiamo su \u201cIl castello di PADERNO\u201d: \u201cCostruzione con bifora veneziana sullo sfondo delle montagne. In primo piano una donna all\u2019abbeveratoio attinge acqua. Il palazzo sorge sulle mura di un castello romano di epoca augustea\u201d. Ed eccoci a SUSIN DI SOSPIROLO di cui i due storici annotano: \u201cAll\u2019inizio del secolo il paese acquist\u00f2 la fama di localit\u00e0 turistica. Qui villeggiava anche Ermanno Wolf Ferrari che compose \u2018I quattro rusteghi\u2019. Nella cartolina \u00e8 visibile l\u2019Albergo Alpino dei fratelli Doglioni\u201d. Torniamo in Sinistra Piave per riportare la dicitura a commento di TRICHIANA: \u201cUna veduta panoramica del paese. I campi sono ben lavorati a testimoniare che l\u2019agricoltura ancora resiste. Il comune apparteneva al territorio di Belluno, mentre al di l\u00e0 dell\u2019Ardo si erano formate le contee di Zumelle e di Cesana. Esso costituiva la Pieve di S. Felice, che fu il pi\u00f9 antico capoluogo. Modeste strade andavano da S. Felice per Pialdier a Mel, a Casteldardo e S. Boldo, a Limana e Belluno. La moderna strada dall\u2019Ardo a Limana fu costruita nel periodo austriaco\u201d. Concludiamo con MEL-CORSO CAVALLOTTI: \u201cLa salita che da Belluno porta alla paizza del paese: le belle case esposte al sole. In basso a destra la chiesetta e il campanile di S. Pietro\u201d. Infine con l\u2019immancabile CASTELLO DI ZUMELLE di cui gli storici Fabbiani-Sorge scrivono: \u201cSorge a poca distanza da Mel. Sulla via romana Claudia Augusta Altinate che da Altino (Venezia) portava a Cesio e a Maia (Bolzano). Il castrum Gemellarum o Zumellarum \u00e8 di origine romana. Recentemente \u00e8 stato restaurato. Fu teatro di guerra e di avventure romanzesche. Si narra che il nobile castellano Murcimiro si invagh\u00ec della bellissima Atleta, promessa al conte Azzone di Feltre. Da ci\u00f2 derivarono lunghe lotte, assalti uccisioni, rapimenti e rovine dei castelli di Zumelle e di Azzone\u201d.<\/p>\n\n\t\t\t<style type='text\/css'>\n\t\t\t\t#gallery-1 {\n\t\t\t\t\tmargin: auto;\n\t\t\t\t}\n\t\t\t\t#gallery-1 .gallery-item {\n\t\t\t\t\tfloat: left;\n\t\t\t\t\tmargin-top: 10px;\n\t\t\t\t\ttext-align: center;\n\t\t\t\t\twidth: 14%;\n\t\t\t\t}\n\t\t\t\t#gallery-1 img {\n\t\t\t\t\tborder: 2px solid #cfcfcf;\n\t\t\t\t}\n\t\t\t\t#gallery-1 .gallery-caption {\n\t\t\t\t\tmargin-left: 0;\n\t\t\t\t}\n\t\t\t\t\/* see gallery_shortcode() in wp-includes\/media.php *\/\n\t\t\t<\/style>\n\t\t<div id='gallery-1' class='dt-gallery-container gallery galleryid-135383 gallery-columns-7 gallery-size-thumbnail'><dl class='gallery-item'>\n\t\t\t\t<dt class='gallery-icon portrait'>\n\t\t\t\t\t<a class=\"rollover\" href='https:\/\/www.radiopiu.net\/wordpress\/la-sinistra-e-la-destra-piave-nel-libro-di-vecchie-cartoline-di-renato-bona\/95676358_874458026363149_6646038174856380416_n\/'><img loading=\"lazy\" decoding=\"async\" width=\"150\" height=\"150\" src=\"https:\/\/www.radiopiu.net\/wordpress\/wp-content\/uploads\/2020\/05\/95676358_874458026363149_6646038174856380416_n-150x150.jpg\" class=\"attachment-thumbnail size-thumbnail\" alt=\"\" \/><\/a>\n\t\t\t\t<\/dt><\/dl><dl class='gallery-item'>\n\t\t\t\t<dt class='gallery-icon landscape'>\n\t\t\t\t\t<a class=\"rollover\" href='https:\/\/www.radiopiu.net\/wordpress\/la-sinistra-e-la-destra-piave-nel-libro-di-vecchie-cartoline-di-renato-bona\/95662746_678890782945688_2171479471368962048_n\/'><img loading=\"lazy\" decoding=\"async\" width=\"150\" height=\"150\" src=\"https:\/\/www.radiopiu.net\/wordpress\/wp-content\/uploads\/2020\/05\/95662746_678890782945688_2171479471368962048_n-150x150.jpg\" class=\"attachment-thumbnail size-thumbnail\" alt=\"\" \/><\/a>\n\t\t\t\t<\/dt><\/dl><dl class='gallery-item'>\n\t\t\t\t<dt class='gallery-icon landscape'>\n\t\t\t\t\t<a class=\"rollover\" href='https:\/\/www.radiopiu.net\/wordpress\/la-sinistra-e-la-destra-piave-nel-libro-di-vecchie-cartoline-di-renato-bona\/95709341_165664821504009_8608715457488224256_n\/'><img loading=\"lazy\" decoding=\"async\" width=\"150\" height=\"150\" src=\"https:\/\/www.radiopiu.net\/wordpress\/wp-content\/uploads\/2020\/05\/95709341_165664821504009_8608715457488224256_n-150x150.jpg\" class=\"attachment-thumbnail size-thumbnail\" alt=\"\" \/><\/a>\n\t\t\t\t<\/dt><\/dl><dl class='gallery-item'>\n\t\t\t\t<dt class='gallery-icon landscape'>\n\t\t\t\t\t<a class=\"rollover\" href='https:\/\/www.radiopiu.net\/wordpress\/la-sinistra-e-la-destra-piave-nel-libro-di-vecchie-cartoline-di-renato-bona\/96128201_3214340771957500_4874300200308441088_n\/'><img loading=\"lazy\" decoding=\"async\" width=\"150\" height=\"150\" src=\"https:\/\/www.radiopiu.net\/wordpress\/wp-content\/uploads\/2020\/05\/96128201_3214340771957500_4874300200308441088_n-150x150.jpg\" class=\"attachment-thumbnail size-thumbnail\" alt=\"\" \/><\/a>\n\t\t\t\t<\/dt><\/dl><dl class='gallery-item'>\n\t\t\t\t<dt class='gallery-icon landscape'>\n\t\t\t\t\t<a class=\"rollover\" href='https:\/\/www.radiopiu.net\/wordpress\/la-sinistra-e-la-destra-piave-nel-libro-di-vecchie-cartoline-di-renato-bona\/95916697_685193705612548_6670369628444688384_n\/'><img loading=\"lazy\" decoding=\"async\" width=\"150\" height=\"150\" src=\"https:\/\/www.radiopiu.net\/wordpress\/wp-content\/uploads\/2020\/05\/95916697_685193705612548_6670369628444688384_n-150x150.jpg\" class=\"attachment-thumbnail size-thumbnail\" alt=\"\" \/><\/a>\n\t\t\t\t<\/dt><\/dl><dl class='gallery-item'>\n\t\t\t\t<dt class='gallery-icon landscape'>\n\t\t\t\t\t<a class=\"rollover\" href='https:\/\/www.radiopiu.net\/wordpress\/la-sinistra-e-la-destra-piave-nel-libro-di-vecchie-cartoline-di-renato-bona\/96153393_239075200695216_2114272714599432192_n\/'><img loading=\"lazy\" decoding=\"async\" width=\"150\" height=\"150\" src=\"https:\/\/www.radiopiu.net\/wordpress\/wp-content\/uploads\/2020\/05\/96153393_239075200695216_2114272714599432192_n-150x150.jpg\" class=\"attachment-thumbnail size-thumbnail\" alt=\"\" \/><\/a>\n\t\t\t\t<\/dt><\/dl><dl class='gallery-item'>\n\t\t\t\t<dt class='gallery-icon portrait'>\n\t\t\t\t\t<a class=\"rollover\" href='https:\/\/www.radiopiu.net\/wordpress\/la-sinistra-e-la-destra-piave-nel-libro-di-vecchie-cartoline-di-renato-bona\/96066443_3546363132045796_42455421008478208_n\/'><img loading=\"lazy\" decoding=\"async\" width=\"150\" height=\"150\" src=\"https:\/\/www.radiopiu.net\/wordpress\/wp-content\/uploads\/2020\/05\/96066443_3546363132045796_42455421008478208_n-150x150.jpg\" class=\"attachment-thumbnail size-thumbnail\" alt=\"\" \/><\/a>\n\t\t\t\t<\/dt><\/dl><br style=\"clear: both\" \/>\n\t\t\t<\/div>\n\n","protected":false},"excerpt":{"rendered":"<p>di Renato Bona Prosegue il nostro \u201cviaggio\u201d propiziato da \u201cBelluno e provincia nelle vecchie cartoline\u201d realizzato per il Lions club di Belluno dagli storici Giovanni Fabbiani e Giuseppe Sorge nel dicembre 1975 con la Canova editori Treviso per i tipi della Grafiche Longo e Zoppelli. Oggi tocca a Sinistra e Destra Piave di cui proponiamo&hellip;<\/p>\n","protected":false},"author":4,"featured_media":135389,"comment_status":"closed","ping_status":"closed","sticky":false,"template":"","format":"standard","meta":{"_monsterinsights_skip_tracking":false,"_monsterinsights_sitenote_active":false,"_monsterinsights_sitenote_note":"","_monsterinsights_sitenote_category":0,"footnotes":""},"categories":[49],"tags":[],"class_list":["post-135383","post","type-post","status-publish","format-standard","has-post-thumbnail","hentry","category-news-18","category-49","description-off"],"img_url":"https:\/\/www.radiopiu.net\/wordpress\/wp-content\/uploads\/2020\/05\/96153393_239075200695216_2114272714599432192_n-scaled.jpg","_links":{"self":[{"href":"https:\/\/www.radiopiu.net\/wordpress\/wp-json\/wp\/v2\/posts\/135383","targetHints":{"allow":["GET"]}}],"collection":[{"href":"https:\/\/www.radiopiu.net\/wordpress\/wp-json\/wp\/v2\/posts"}],"about":[{"href":"https:\/\/www.radiopiu.net\/wordpress\/wp-json\/wp\/v2\/types\/post"}],"author":[{"embeddable":true,"href":"https:\/\/www.radiopiu.net\/wordpress\/wp-json\/wp\/v2\/users\/4"}],"replies":[{"embeddable":true,"href":"https:\/\/www.radiopiu.net\/wordpress\/wp-json\/wp\/v2\/comments?post=135383"}],"version-history":[{"count":0,"href":"https:\/\/www.radiopiu.net\/wordpress\/wp-json\/wp\/v2\/posts\/135383\/revisions"}],"wp:featuredmedia":[{"embeddable":true,"href":"https:\/\/www.radiopiu.net\/wordpress\/wp-json\/wp\/v2\/media\/135389"}],"wp:attachment":[{"href":"https:\/\/www.radiopiu.net\/wordpress\/wp-json\/wp\/v2\/media?parent=135383"}],"wp:term":[{"taxonomy":"category","embeddable":true,"href":"https:\/\/www.radiopiu.net\/wordpress\/wp-json\/wp\/v2\/categories?post=135383"},{"taxonomy":"post_tag","embeddable":true,"href":"https:\/\/www.radiopiu.net\/wordpress\/wp-json\/wp\/v2\/tags?post=135383"}],"curies":[{"name":"wp","href":"https:\/\/api.w.org\/{rel}","templated":true}]}}