{"id":135446,"date":"2020-05-05T19:38:27","date_gmt":"2020-05-05T17:38:27","guid":{"rendered":"https:\/\/www.radiopiu.net\/wordpress\/?p=135446"},"modified":"2020-05-05T19:50:24","modified_gmt":"2020-05-05T17:50:24","slug":"della-giacoma-fp-cgil-sui-nuovi-oss-che-la-ulss-ha-assegnato-a-carcere-e-case-di-riposo","status":"publish","type":"post","link":"https:\/\/www.radiopiu.net\/wordpress\/della-giacoma-fp-cgil-sui-nuovi-oss-che-la-ulss-ha-assegnato-a-carcere-e-case-di-riposo\/","title":{"rendered":"DELLA GIACOMA (FP CGIL) SUI NUOVI OSS CHE LA ULSS HA ASSEGNATO A CARCERE E CASE DI RIPOSO"},"content":{"rendered":"<p><strong><a class=\"dt-pswp-item\" href=\"https:\/\/www.radiopiu.net\/wordpress\/wp-content\/uploads\/2020\/03\/fp-cgil.png\" data-dt-img-description=\"\" data-large_image_width=\"175\" data-large_image_height=\"191\"><img loading=\"lazy\" decoding=\"async\" class=\"wp-image-122552 alignleft\" src=\"https:\/\/www.radiopiu.net\/wordpress\/wp-content\/uploads\/2020\/03\/fp-cgil.png\" alt=\"\" width=\"97\" height=\"106\" \/><\/a>BELLUNO<\/strong> Gianluigi Della Giacoma (FP CGIL) commenta la comunicazione della ULSS Dolomiti che ha assegnato 7 OSS all&#8217;istituto penitenziario di Belluno e alla RSA di Trichiana.<\/p>\n<p><strong>GIANLUIGI DELLA GIACOMA, FP CGIL<\/strong><\/p>\n<audio class=\"wp-audio-shortcode\" id=\"audio-135446-1\" preload=\"none\" style=\"width: 100%;\" controls=\"controls\"><source type=\"audio\/mpeg\" src=\"https:\/\/www.radiopiu.net\/wordpress\/wp-content\/uploads\/2020\/05\/DELLA-GIACOMA-OSS.mp3?_=1\" \/><a href=\"https:\/\/www.radiopiu.net\/wordpress\/wp-content\/uploads\/2020\/05\/DELLA-GIACOMA-OSS.mp3\">https:\/\/www.radiopiu.net\/wordpress\/wp-content\/uploads\/2020\/05\/DELLA-GIACOMA-OSS.mp3<\/a><\/audio>\n<p>&nbsp;<\/p>\n<blockquote>\n<h3><b>OSS PER CARCERE E RSA DAGLI ELENCHI DELLA PROTEZIONE CIVILE<\/b><\/h3>\n<\/blockquote>\n<p><b><a class=\"dt-pswp-item\" href=\"https:\/\/www.radiopiu.net\/wordpress\/wp-content\/uploads\/2020\/03\/ULSS-1-DOLOMITI-LOGO.jpg\" data-dt-img-description=\"\" data-large_image_width=\"298\" data-large_image_height=\"219\"><img loading=\"lazy\" decoding=\"async\" class=\"size-full wp-image-121256 alignleft\" src=\"https:\/\/www.radiopiu.net\/wordpress\/wp-content\/uploads\/2020\/03\/ULSS-1-DOLOMITI-LOGO.jpg\" alt=\"\" width=\"298\" height=\"219\" \/><\/a>BELLUNO<\/b> Sette OSS, di cui 4 per il carcere e 3 per le RSA , sono stati reclutati in tempi<span class=\"Apple-converted-space\">\u00a0 <\/span>rapidissimi attraverso il bando della Protezione Civile.\u00a0La Protezione Civile Nazionale ha promosso, con ordinanza del 22 aprile 2020, un bando volto al reclutamento su base volontaria di operatori socio sanitari, da destinare &#8211; fino al 31 luglio &#8211; alle carceri e alle RSA.\u00a0La Protezione Civile si \u00e8 avvalsa delle Regioni\u00a0 per l&#8217;organizzazione degli aspetti amministrativi e gestionali dell&#8217;attivit\u00e0 di reclutamento.\u00a0La Regione Veneto &#8211; area Sanit\u00e0 e Sociale &#8211; ha segnalato alle singole Aziende Sanitarie, fra mercoled\u00ec e gioved\u00ec, l&#8217;assegnazione di un\u00a0 numero di OSS da destinare, in primis, agli istituti penitenziari.\u00a0 L\u2019Ulss Dolomiti,\u00a0 ha trovato rapidamente l\u2019 immediata disponibilit\u00e0 di 4 professionisti assegnati per il carcere. In tempi stretti sono stati effettuati gli accertamenti sanitari, fra cui naturalmente il tampone,\u00a0e la visita del Medico Competente. Ieri, si \u00e8 tenuto un briefing di presentazione con gli operatori, che hanno conosciuto ed avuto le prime indicazioni\u00a0dal responsabile della sanit\u00e0 penitenziaria della Ulss Dolomiti Marco Cristofoletti, e hanno espletato una serie di pratiche amministrative.\u00a0Due degli OSS risiedono in provincia; uno \u00e8 arrivato dalla Lombardia, un quarto operatore vive nella provincia di Treviso. La loro attivit\u00e0 avr\u00e0 inizio luned\u00ec prossimo, 11 maggio, alla casa circondariale di Baldenich. La Protezione Civile li ricompenser\u00e0 con un &#8220;premio forfettario giornaliero &#8221; e coprir\u00e0 i costi dei viaggi , dei pasti e , se necessario, dell&#8217;alloggio. Per quanto riguarda le RSA, l&#8217;Azienda ha contatto le persone segnalate per l&#8217;inserimento nelle RSA della provincia. Al momento sono state raccolte tre disponibilit\u00e0. Questi saranno inseriti alla casa di riposo di Trichiana gi\u00e0 dai prossimi giorni.<\/p>\n","protected":false},"excerpt":{"rendered":"<p>BELLUNO Gianluigi Della Giacoma (FP CGIL) commenta la comunicazione della ULSS Dolomiti che ha assegnato 7 OSS all&#8217;istituto penitenziario di Belluno e alla RSA di Trichiana. GIANLUIGI DELLA GIACOMA, FP CGIL &nbsp; OSS PER CARCERE E RSA DAGLI ELENCHI DELLA PROTEZIONE CIVILE BELLUNO Sette OSS, di cui 4 per il carcere e 3 per le&hellip;<\/p>\n","protected":false},"author":4,"featured_media":122552,"comment_status":"closed","ping_status":"closed","sticky":false,"template":"","format":"standard","meta":{"_monsterinsights_skip_tracking":false,"_monsterinsights_sitenote_active":false,"_monsterinsights_sitenote_note":"","_monsterinsights_sitenote_category":0,"footnotes":""},"categories":[49],"tags":[],"class_list":["post-135446","post","type-post","status-publish","format-standard","has-post-thumbnail","hentry","category-news-18","category-49","description-off"],"img_url":"https:\/\/www.radiopiu.net\/wordpress\/wp-content\/uploads\/2020\/03\/fp-cgil.png","_links":{"self":[{"href":"https:\/\/www.radiopiu.net\/wordpress\/wp-json\/wp\/v2\/posts\/135446","targetHints":{"allow":["GET"]}}],"collection":[{"href":"https:\/\/www.radiopiu.net\/wordpress\/wp-json\/wp\/v2\/posts"}],"about":[{"href":"https:\/\/www.radiopiu.net\/wordpress\/wp-json\/wp\/v2\/types\/post"}],"author":[{"embeddable":true,"href":"https:\/\/www.radiopiu.net\/wordpress\/wp-json\/wp\/v2\/users\/4"}],"replies":[{"embeddable":true,"href":"https:\/\/www.radiopiu.net\/wordpress\/wp-json\/wp\/v2\/comments?post=135446"}],"version-history":[{"count":0,"href":"https:\/\/www.radiopiu.net\/wordpress\/wp-json\/wp\/v2\/posts\/135446\/revisions"}],"wp:featuredmedia":[{"embeddable":true,"href":"https:\/\/www.radiopiu.net\/wordpress\/wp-json\/wp\/v2\/media\/122552"}],"wp:attachment":[{"href":"https:\/\/www.radiopiu.net\/wordpress\/wp-json\/wp\/v2\/media?parent=135446"}],"wp:term":[{"taxonomy":"category","embeddable":true,"href":"https:\/\/www.radiopiu.net\/wordpress\/wp-json\/wp\/v2\/categories?post=135446"},{"taxonomy":"post_tag","embeddable":true,"href":"https:\/\/www.radiopiu.net\/wordpress\/wp-json\/wp\/v2\/tags?post=135446"}],"curies":[{"name":"wp","href":"https:\/\/api.w.org\/{rel}","templated":true}]}}