{"id":135543,"date":"2020-05-07T06:48:17","date_gmt":"2020-05-07T04:48:17","guid":{"rendered":"https:\/\/www.radiopiu.net\/wordpress\/?p=135543"},"modified":"2020-05-07T06:56:31","modified_gmt":"2020-05-07T04:56:31","slug":"dillo-alla-radio-prepariamoci-allassalto-in-montagna","status":"publish","type":"post","link":"https:\/\/www.radiopiu.net\/wordpress\/dillo-alla-radio-prepariamoci-allassalto-in-montagna\/","title":{"rendered":"DILLO ALLA RADIO, PREPARIAMOCI ALL&#8217;ASSALTO DELLA MONTAGNA"},"content":{"rendered":"<p><strong><a class=\"dt-pswp-item\" href=\"https:\/\/www.radiopiu.net\/wordpress\/wp-content\/uploads\/2020\/05\/BAGNO-BOSCO.jpg\" data-dt-img-description=\"\" data-large_image_width=\"1920\" data-large_image_height=\"1280\"><img loading=\"lazy\" decoding=\"async\" class=\"size-medium wp-image-135544 alignleft\" src=\"https:\/\/www.radiopiu.net\/wordpress\/wp-content\/uploads\/2020\/05\/BAGNO-BOSCO-300x200.jpg\" alt=\"\" width=\"300\" height=\"200\" srcset=\"https:\/\/www.radiopiu.net\/wordpress\/wp-content\/uploads\/2020\/05\/BAGNO-BOSCO-300x200.jpg 300w, https:\/\/www.radiopiu.net\/wordpress\/wp-content\/uploads\/2020\/05\/BAGNO-BOSCO-1024x683.jpg 1024w, https:\/\/www.radiopiu.net\/wordpress\/wp-content\/uploads\/2020\/05\/BAGNO-BOSCO-768x512.jpg 768w, https:\/\/www.radiopiu.net\/wordpress\/wp-content\/uploads\/2020\/05\/BAGNO-BOSCO-1536x1024.jpg 1536w, https:\/\/www.radiopiu.net\/wordpress\/wp-content\/uploads\/2020\/05\/BAGNO-BOSCO.jpg 1920w\" sizes=\"auto, (max-width: 300px) 100vw, 300px\" \/><\/a>RADIO PIU&#8217;<\/strong> Riceviamo e pubblichiamo una lettera arrivata in redazione.<\/p>\n<blockquote><p><strong>LA LETTERA<\/strong><\/p>\n<p>Ho letto attentamente le novit\u00e0 normative nazionali e regionali , mi stupisce che in provincia e sopratutto nella nostra zona, non ci si renda conto che nei prossimi giorni c\u2019\u00e8 il rischio di veder arrivare turisti da altre provincie con il pretesto del giro in montagna . La mia personale opinione \u00e8 che vista l\u2019attuale chiusura delle attivit\u00e0, questo non avr\u00e0 nessun ritorno economico ma un rischio epidemico anche dovuto al fatto che con la scusa della intensa attivit\u00e0 fisica pochi useranno le mascherine . Non secondario poi lo smaltimento rifiuti e bisogni fisiologici essendo chiuse le attivit\u00e0 di ristoro e bar. Spero di sbagliarmi ma in passato possiamo ricordare aneddoti di poca civilt\u00e0 da parte dei turisti. Mi chiedo quindi se a fronte di un ritorno economico pari a zero sia utile alla collettivit\u00e0 questa improvvisa libert\u00e0 di movimento con il principio della sola libert\u00e0 di praticare sport.<\/p>\n<p>Cordialmente<\/p><\/blockquote>\n","protected":false},"excerpt":{"rendered":"<p>RADIO PIU&#8217; Riceviamo e pubblichiamo una lettera arrivata in redazione. LA LETTERA Ho letto attentamente le novit\u00e0 normative nazionali e regionali , mi stupisce che in provincia e sopratutto nella nostra zona, non ci si renda conto che nei prossimi giorni c\u2019\u00e8 il rischio di veder arrivare turisti da altre provincie con il pretesto del&hellip;<\/p>\n","protected":false},"author":4,"featured_media":135544,"comment_status":"closed","ping_status":"closed","sticky":false,"template":"","format":"standard","meta":{"_monsterinsights_skip_tracking":false,"_monsterinsights_sitenote_active":false,"_monsterinsights_sitenote_note":"","_monsterinsights_sitenote_category":0,"footnotes":""},"categories":[49],"tags":[],"class_list":["post-135543","post","type-post","status-publish","format-standard","has-post-thumbnail","hentry","category-news-18","category-49","description-off"],"img_url":"https:\/\/www.radiopiu.net\/wordpress\/wp-content\/uploads\/2020\/05\/BAGNO-BOSCO.jpg","_links":{"self":[{"href":"https:\/\/www.radiopiu.net\/wordpress\/wp-json\/wp\/v2\/posts\/135543","targetHints":{"allow":["GET"]}}],"collection":[{"href":"https:\/\/www.radiopiu.net\/wordpress\/wp-json\/wp\/v2\/posts"}],"about":[{"href":"https:\/\/www.radiopiu.net\/wordpress\/wp-json\/wp\/v2\/types\/post"}],"author":[{"embeddable":true,"href":"https:\/\/www.radiopiu.net\/wordpress\/wp-json\/wp\/v2\/users\/4"}],"replies":[{"embeddable":true,"href":"https:\/\/www.radiopiu.net\/wordpress\/wp-json\/wp\/v2\/comments?post=135543"}],"version-history":[{"count":0,"href":"https:\/\/www.radiopiu.net\/wordpress\/wp-json\/wp\/v2\/posts\/135543\/revisions"}],"wp:featuredmedia":[{"embeddable":true,"href":"https:\/\/www.radiopiu.net\/wordpress\/wp-json\/wp\/v2\/media\/135544"}],"wp:attachment":[{"href":"https:\/\/www.radiopiu.net\/wordpress\/wp-json\/wp\/v2\/media?parent=135543"}],"wp:term":[{"taxonomy":"category","embeddable":true,"href":"https:\/\/www.radiopiu.net\/wordpress\/wp-json\/wp\/v2\/categories?post=135543"},{"taxonomy":"post_tag","embeddable":true,"href":"https:\/\/www.radiopiu.net\/wordpress\/wp-json\/wp\/v2\/tags?post=135543"}],"curies":[{"name":"wp","href":"https:\/\/api.w.org\/{rel}","templated":true}]}}