{"id":135584,"date":"2020-05-06T11:44:06","date_gmt":"2020-05-06T09:44:06","guid":{"rendered":"https:\/\/www.radiopiu.net\/wordpress\/?p=135584"},"modified":"2020-05-06T11:44:06","modified_gmt":"2020-05-06T09:44:06","slug":"interventi-di-ripristino-post-vaia-siglato-con-etifor-un-accordo-per-la-sistemazione-del-bosco-drio-le-rive","status":"publish","type":"post","link":"https:\/\/www.radiopiu.net\/wordpress\/interventi-di-ripristino-post-vaia-siglato-con-etifor-un-accordo-per-la-sistemazione-del-bosco-drio-le-rive\/","title":{"rendered":"INTERVENTI DI RIPRISTINO POST-VAIA: SIGLATO CON ETIFOR UN ACCORDO PER LA SISTEMAZIONE DEL BOSCO \u201cDRIO LE RIVE\u201d"},"content":{"rendered":"<p><strong><a class=\"dt-pswp-item\" href=\"https:\/\/www.radiopiu.net\/wordpress\/wp-content\/uploads\/2020\/05\/cddc4fa6-e547-4d95-8dd3-99dc07764e00.jpg\" data-dt-img-description=\"\" data-large_image_width=\"2000\" data-large_image_height=\"1500\"><img loading=\"lazy\" decoding=\"async\" class=\" wp-image-135589 alignleft\" src=\"https:\/\/www.radiopiu.net\/wordpress\/wp-content\/uploads\/2020\/05\/cddc4fa6-e547-4d95-8dd3-99dc07764e00-300x225.jpg\" alt=\"\" width=\"211\" height=\"158\" srcset=\"https:\/\/www.radiopiu.net\/wordpress\/wp-content\/uploads\/2020\/05\/cddc4fa6-e547-4d95-8dd3-99dc07764e00-300x225.jpg 300w, https:\/\/www.radiopiu.net\/wordpress\/wp-content\/uploads\/2020\/05\/cddc4fa6-e547-4d95-8dd3-99dc07764e00-1024x768.jpg 1024w, https:\/\/www.radiopiu.net\/wordpress\/wp-content\/uploads\/2020\/05\/cddc4fa6-e547-4d95-8dd3-99dc07764e00-768x576.jpg 768w, https:\/\/www.radiopiu.net\/wordpress\/wp-content\/uploads\/2020\/05\/cddc4fa6-e547-4d95-8dd3-99dc07764e00-1536x1152.jpg 1536w, https:\/\/www.radiopiu.net\/wordpress\/wp-content\/uploads\/2020\/05\/cddc4fa6-e547-4d95-8dd3-99dc07764e00.jpg 2000w\" sizes=\"auto, (max-width: 211px) 100vw, 211px\" \/><\/a>FELTRE<\/strong>\u00a0Il Bosco \u201cDrio le Rive\u201d \u00e8 una delle aree verdi cittadine che ha maggiormente subito i drammatici effetti della tempesta Vaia per lo schianto e lo sradicamento di molti alberi che hanno danneggiato anche manufatti, percorsi e camminamenti interni.<span class=\"Apple-converted-space\">\u00a0<\/span>Nei mesi successivi all\u2019evento atmosferico il Comune aveva eseguito i primi urgenti lavori di taglio e messa in sicurezza dell&#8217;area boscata, ma si \u00e8 posto in seguito il tema di un recupero pi\u00f9 complessivo e \u201cstudiato\u201d dell\u2019area, nel quale si \u00e8 inserita a pieno titolo la societ\u00e0 ETIFOR S.R.L., spin-off dell&#8217;Universit\u00e0 di Padova, nel quadro dell\u2019iniziativa \u201cFratello Albero\u201d.<span class=\"Apple-converted-space\">\u00a0<\/span>La societ\u00e0 ha trasmesso all\u2019Amministrazione una proposta di donazione di un progetto di reimpianto di alberi, composto da 2000 piante forestali da mettere a dimora a sue spese su una superficie totale di circa <a class=\"dt-pswp-item\" href=\"https:\/\/www.radiopiu.net\/wordpress\/wp-content\/uploads\/2020\/05\/3f5d5b63-77ac-4299-97d4-9f75a3c26094.jpg\" data-dt-img-description=\"\" data-large_image_width=\"953\" data-large_image_height=\"588\"><img loading=\"lazy\" decoding=\"async\" class=\" wp-image-135590 alignright\" src=\"https:\/\/www.radiopiu.net\/wordpress\/wp-content\/uploads\/2020\/05\/3f5d5b63-77ac-4299-97d4-9f75a3c26094-300x185.jpg\" alt=\"\" width=\"339\" height=\"209\" srcset=\"https:\/\/www.radiopiu.net\/wordpress\/wp-content\/uploads\/2020\/05\/3f5d5b63-77ac-4299-97d4-9f75a3c26094-300x185.jpg 300w, https:\/\/www.radiopiu.net\/wordpress\/wp-content\/uploads\/2020\/05\/3f5d5b63-77ac-4299-97d4-9f75a3c26094-768x474.jpg 768w, https:\/\/www.radiopiu.net\/wordpress\/wp-content\/uploads\/2020\/05\/3f5d5b63-77ac-4299-97d4-9f75a3c26094.jpg 953w\" sizes=\"auto, (max-width: 339px) 100vw, 339px\" \/><\/a>1 ha, nonch\u00e9 per la riqualificazione dell\u2019area boscata urbana del Bosco Drio le Rive.Il progetto prevede, tra l\u2019altro, interamente a cura e spese di ETIFOR S.R.L.:\u00a0la progettazione tecnica, comprensiva della relazione paesaggistica;\u00a0la preparazione del terreno e la fornitura e messa a dimora di 2000 piante forestali di specie arboree autoctone provenienti da seme certificato di provenienza locale;\u00a0la fornitura e la posa di materiale di tutoraggio;\u00a0la manutenzione atta a garantire l\u2019attecchimento nei 3 anni successivi all\u2019impianto.\u00a0Il progetto ha un valore economico complessivo stimato di 20 mila euro.<\/p>\n<p><strong>VALTER BONAN ASSESORE ALL&#8217;AMBIENTE COMUNE DI FELTRE<\/strong><\/p>\n<audio class=\"wp-audio-shortcode\" id=\"audio-135584-1\" preload=\"none\" style=\"width: 100%;\" controls=\"controls\"><source type=\"audio\/mpeg\" src=\"https:\/\/www.radiopiu.net\/wordpress\/wp-content\/uploads\/2020\/05\/BONAN-DRIO-LE-RIVE.mp3?_=1\" \/><a href=\"https:\/\/www.radiopiu.net\/wordpress\/wp-content\/uploads\/2020\/05\/BONAN-DRIO-LE-RIVE.mp3\">https:\/\/www.radiopiu.net\/wordpress\/wp-content\/uploads\/2020\/05\/BONAN-DRIO-LE-RIVE.mp3<\/a><\/audio>\n","protected":false},"excerpt":{"rendered":"<p>FELTRE\u00a0Il Bosco \u201cDrio le Rive\u201d \u00e8 una delle aree verdi cittadine che ha maggiormente subito i drammatici effetti della tempesta Vaia per lo schianto e lo sradicamento di molti alberi che hanno danneggiato anche manufatti, percorsi e camminamenti interni.\u00a0Nei mesi successivi all\u2019evento atmosferico il Comune aveva eseguito i primi urgenti lavori di taglio e messa&hellip;<\/p>\n","protected":false},"author":4,"featured_media":135589,"comment_status":"closed","ping_status":"closed","sticky":false,"template":"","format":"standard","meta":{"_monsterinsights_skip_tracking":false,"_monsterinsights_sitenote_active":false,"_monsterinsights_sitenote_note":"","_monsterinsights_sitenote_category":0,"footnotes":""},"categories":[49],"tags":[],"class_list":["post-135584","post","type-post","status-publish","format-standard","has-post-thumbnail","hentry","category-news-18","category-49","description-off"],"img_url":"https:\/\/www.radiopiu.net\/wordpress\/wp-content\/uploads\/2020\/05\/cddc4fa6-e547-4d95-8dd3-99dc07764e00.jpg","_links":{"self":[{"href":"https:\/\/www.radiopiu.net\/wordpress\/wp-json\/wp\/v2\/posts\/135584","targetHints":{"allow":["GET"]}}],"collection":[{"href":"https:\/\/www.radiopiu.net\/wordpress\/wp-json\/wp\/v2\/posts"}],"about":[{"href":"https:\/\/www.radiopiu.net\/wordpress\/wp-json\/wp\/v2\/types\/post"}],"author":[{"embeddable":true,"href":"https:\/\/www.radiopiu.net\/wordpress\/wp-json\/wp\/v2\/users\/4"}],"replies":[{"embeddable":true,"href":"https:\/\/www.radiopiu.net\/wordpress\/wp-json\/wp\/v2\/comments?post=135584"}],"version-history":[{"count":0,"href":"https:\/\/www.radiopiu.net\/wordpress\/wp-json\/wp\/v2\/posts\/135584\/revisions"}],"wp:featuredmedia":[{"embeddable":true,"href":"https:\/\/www.radiopiu.net\/wordpress\/wp-json\/wp\/v2\/media\/135589"}],"wp:attachment":[{"href":"https:\/\/www.radiopiu.net\/wordpress\/wp-json\/wp\/v2\/media?parent=135584"}],"wp:term":[{"taxonomy":"category","embeddable":true,"href":"https:\/\/www.radiopiu.net\/wordpress\/wp-json\/wp\/v2\/categories?post=135584"},{"taxonomy":"post_tag","embeddable":true,"href":"https:\/\/www.radiopiu.net\/wordpress\/wp-json\/wp\/v2\/tags?post=135584"}],"curies":[{"name":"wp","href":"https:\/\/api.w.org\/{rel}","templated":true}]}}