{"id":135676,"date":"2020-05-06T16:11:08","date_gmt":"2020-05-06T14:11:08","guid":{"rendered":"https:\/\/www.radiopiu.net\/wordpress\/?p=135676"},"modified":"2020-05-06T16:11:08","modified_gmt":"2020-05-06T14:11:08","slug":"palio-di-feltre-la-riunione-sul-da-farsi","status":"publish","type":"post","link":"https:\/\/www.radiopiu.net\/wordpress\/palio-di-feltre-la-riunione-sul-da-farsi\/","title":{"rendered":"PALIO DI FELTRE: LA RIUNIONE SUL DA FARSI"},"content":{"rendered":"<p><strong><a class=\"dt-pswp-item\" href=\"https:\/\/www.radiopiu.net\/wordpress\/wp-content\/uploads\/2019\/02\/51757621_786919278332374_4057065011615367168_n.jpg\" data-dt-img-description=\"\" data-large_image_width=\"720\" data-large_image_height=\"540\"><img loading=\"lazy\" decoding=\"async\" class=\"size-medium wp-image-76193 alignleft\" src=\"https:\/\/www.radiopiu.net\/wordpress\/wp-content\/uploads\/2019\/02\/51757621_786919278332374_4057065011615367168_n-300x225.jpg\" alt=\"\" width=\"300\" height=\"225\" srcset=\"https:\/\/www.radiopiu.net\/wordpress\/wp-content\/uploads\/2019\/02\/51757621_786919278332374_4057065011615367168_n-300x225.jpg 300w, https:\/\/www.radiopiu.net\/wordpress\/wp-content\/uploads\/2019\/02\/51757621_786919278332374_4057065011615367168_n.jpg 720w\" sizes=\"auto, (max-width: 300px) 100vw, 300px\" \/><\/a>FELTRE<\/strong>\u00a0Riunione impegnativa del Consiglio del Palio di Feltre (Direttivo e i cinque soci<span class=\"Apple-converted-space\">\u00a0 <\/span>dell\u2019Associazione che si identificano nel Comune e nei quattro quartieri), protrattasi oltre la mezzanotte, per l\u2019importanza delle decisioni da assumere in un clima di incertezza sul futuro della manifestazione, un futuro direttamente dipendente dagli esiti di sopravvivenza e di diffusione del Covid19.\u00a0La situazione generale, sul piano sanitario e normativo, sta infatti mettendo in forte difficolt\u00e0 l\u2019intero comparto dell\u2019organizzazione degli eventi. Dopo lunghe riflessioni non \u00e8 stato ancora possibile individuare una decisione in merito all\u2019edizione 2020 della manifestazione agostana, anche se nessuna delle soluzioni sul tavolo \u00e8 stata al momento scartata. Tra le varie ipotesi si configura quella dell\u2019annullamento dell\u2019edizione 2020, cos\u00ec come la non variazione dell\u2019appuntamento ad agosto o lo spostamento a una data posteriore. Ogni decisione \u00e8 stata rinviata e sar\u00e0 presa dopo aver attentamente analizzato l\u2019evoluzione della situazione generale. A proposito il presidente Eugenio Tamburrino ha dichiarato: \u201c<em>Abbiamo innanzitutto una buona notizia, che \u00e8 il senso di responsabilit\u00e0 su cui si regge l\u2019Associazione, e per il quale devo ringraziare i soci e il Direttivo. Contrariamente a qualche notizia circolata in precedenza, l\u2019Associazione sta valutando compattamente tutte le ipotesi sul tavolo, per il bene del Palio e dell\u2019intera citt\u00e0. Abbiamo intanto condiviso quelli che sono gli elementi fondamentali intorno ai quali svilupperemo ogni considerazione man mano che la situazione generale ci porter\u00e0 ad avere nuove possibilit\u00e0 da valutare. Innanzitutto sono convinto che il Palio non pu\u00f2 essere derubricato a una semplice manifestazione, ma che ha un impatto sociale di cui si deve necessariamente tenere conto, cercando di dargli l\u2019accezione pi\u00f9 positiva possibile. In secondo luogo, che proprio per il suo essere una festa della Citt\u00e0, non possiamo immaginare di avere un Palio \u201cmonco\u201d o in qualsiasi maniera deprivato della sua dimensione di socialit\u00e0<\/em>.<em> Infine, ma \u00e8 stato solo un ribadirsi un principio di fondo fatto proprio fin dall\u2019inizio da tutti gli attori in campo, che se Palio ci sar\u00e0, sar\u00e0 all\u2019insegna del pi\u00f9 totale e completo senso di responsabilit\u00e0 e di accortezza: non saranno percorribili quindi ipotesi che rappresentino una forzatura, anche se formalmente consentita, a quanto le disposizioni di legge e di sicurezza ci consentiranno&#8221;<\/em><\/p>\n","protected":false},"excerpt":{"rendered":"<p>FELTRE\u00a0Riunione impegnativa del Consiglio del Palio di Feltre (Direttivo e i cinque soci\u00a0 dell\u2019Associazione che si identificano nel Comune e nei quattro quartieri), protrattasi oltre la mezzanotte, per l\u2019importanza delle decisioni da assumere in un clima di incertezza sul futuro della manifestazione, un futuro direttamente dipendente dagli esiti di sopravvivenza e di diffusione del Covid19.\u00a0La&hellip;<\/p>\n","protected":false},"author":4,"featured_media":76193,"comment_status":"closed","ping_status":"closed","sticky":false,"template":"","format":"standard","meta":{"_monsterinsights_skip_tracking":false,"_monsterinsights_sitenote_active":false,"_monsterinsights_sitenote_note":"","_monsterinsights_sitenote_category":0,"footnotes":""},"categories":[49],"tags":[],"class_list":["post-135676","post","type-post","status-publish","format-standard","has-post-thumbnail","hentry","category-news-18","category-49","description-off"],"img_url":"https:\/\/www.radiopiu.net\/wordpress\/wp-content\/uploads\/2019\/02\/51757621_786919278332374_4057065011615367168_n.jpg","_links":{"self":[{"href":"https:\/\/www.radiopiu.net\/wordpress\/wp-json\/wp\/v2\/posts\/135676","targetHints":{"allow":["GET"]}}],"collection":[{"href":"https:\/\/www.radiopiu.net\/wordpress\/wp-json\/wp\/v2\/posts"}],"about":[{"href":"https:\/\/www.radiopiu.net\/wordpress\/wp-json\/wp\/v2\/types\/post"}],"author":[{"embeddable":true,"href":"https:\/\/www.radiopiu.net\/wordpress\/wp-json\/wp\/v2\/users\/4"}],"replies":[{"embeddable":true,"href":"https:\/\/www.radiopiu.net\/wordpress\/wp-json\/wp\/v2\/comments?post=135676"}],"version-history":[{"count":0,"href":"https:\/\/www.radiopiu.net\/wordpress\/wp-json\/wp\/v2\/posts\/135676\/revisions"}],"wp:featuredmedia":[{"embeddable":true,"href":"https:\/\/www.radiopiu.net\/wordpress\/wp-json\/wp\/v2\/media\/76193"}],"wp:attachment":[{"href":"https:\/\/www.radiopiu.net\/wordpress\/wp-json\/wp\/v2\/media?parent=135676"}],"wp:term":[{"taxonomy":"category","embeddable":true,"href":"https:\/\/www.radiopiu.net\/wordpress\/wp-json\/wp\/v2\/categories?post=135676"},{"taxonomy":"post_tag","embeddable":true,"href":"https:\/\/www.radiopiu.net\/wordpress\/wp-json\/wp\/v2\/tags?post=135676"}],"curies":[{"name":"wp","href":"https:\/\/api.w.org\/{rel}","templated":true}]}}