{"id":135705,"date":"2020-05-06T23:59:53","date_gmt":"2020-05-06T21:59:53","guid":{"rendered":"https:\/\/www.radiopiu.net\/wordpress\/?p=135705"},"modified":"2020-05-06T18:36:20","modified_gmt":"2020-05-06T16:36:20","slug":"don-ferdinando-tamis-agordino-padre-delle-comunita-montane-di-renato-bona","status":"publish","type":"post","link":"https:\/\/www.radiopiu.net\/wordpress\/don-ferdinando-tamis-agordino-padre-delle-comunita-montane-di-renato-bona\/","title":{"rendered":"DON FERDINANDO TAMIS, AGORDINO \u201cPADRE\u201d DELLE COMUNITA\u2019 MONTANE di Renato Bona"},"content":{"rendered":"<p><strong><a class=\"dt-pswp-item\" href=\"https:\/\/www.radiopiu.net\/wordpress\/wp-content\/uploads\/2019\/08\/553085_385905871470280_1626001170_n.jpg\" data-dt-img-description=\"\" data-large_image_width=\"855\" data-large_image_height=\"569\"><img loading=\"lazy\" decoding=\"async\" class=\" wp-image-94070 alignleft\" src=\"https:\/\/www.radiopiu.net\/wordpress\/wp-content\/uploads\/2019\/08\/553085_385905871470280_1626001170_n-300x200.jpg\" alt=\"\" width=\"174\" height=\"116\" \/><\/a>di Renato Bona\u00a0<\/strong><\/p>\n<p>L\u2019ultimo numero, il 2 dell\u2019anno XLIII, della prestigiosa rivista bimestrale di cultura ed attualit\u00e0 della Provincia di Belluno \u201cdolomiti\u201d, diretta dal prof. don Sergio Sacco, ospita fra gli altri, un servizio dell\u2019editore, scrittore, storico, alpinista, amministratore pubblico Bepi Pellegrinon, intitolato: \u201cFerdinando Tamis sacerdote, studioso di storia locale, mentore nella vita amministrativa\u201d. Si tratta in buona sostanza della riproposizione dell\u2019intervento svolto dallo stesso Pellegrinon in occasione della cerimonia che si svolse nel centenario della nascita di don Ferdinando Tamis, nel quale si ricorda che era venuto alla luce il 25 aprile 1912 ad Agordo da padre friulano e da madre agordina, \u201cuna Buttol sorella del pap\u00e0 di don Nino, terzo figlio di 11 fratelli dei quali 5 deceduti alla nascita\u201d. Ancora Pellegrinon: comp\u00ec gli studi nel seminario minorile di Feltre e in quello maggiore di Belluno: qui fu ordinato sacerdote l\u201911 giugno 1938 e per breve tempo insegn\u00f2 proprio nel Seminario; dal 1941 al 1947 fu vice cancelliere di curia e quindi insegnante di religione al Magistrale e alla media Ricci e temporaneamente nella Scuola di avviamento professionale femminile. In apertura l\u2019autore afferma giustamente che \u201cFra i personaggi che hanno illustrato e degnamente onorato la loro terra nel secolo XX un posto particolare e di rilievo \u00e8 riservato a don Ferdinando Tamis, sacerdote ma soprattutto storico profondo, rigoroso e accurato autore di innumerevoli studi e del fondamentale testo sulla Storia dell\u2019Agordino che, con la collaborazione della Comunit\u00e0 montana, abbiamo pubblicato in sei volumi fra il 1978 ed il 1987\u201d. E non omette di segnalare che il nostro era: \u201c\u2026Portatore di un difficile carattere, talvolta rigoroso e spesso umorale, era per\u00f2 capace di comprendere i giovani e le loro difficolt\u00e0. Molti di questi, oggi uomini maturi, lo ricordano con affetto perch\u00e9 nei suoi consigli trovarono conforto e soluzione ai loro problemi\u201d. Ricorda quindi che l\u2019attivit\u00e0 di studioso di storia locale ebbe inizio per Tamis fin da quando era studente di teologia, e continu\u00f2 senza interruzioni per oltre mezzo secolo fino alla morte a Belluno il 12 settembre 1992 (\u00e8 stato tumulato nella tomba degli arcidiaconi nel cimitero di Agordo \u2013 ndr.). E non omette di dire che \u201c\u2026 studi\u00f2 e si specializz\u00f2 in diritto canonico a Roma dal 1939 al 1941, avendo come maestro l\u2019agordino padre gesuita Felice Maria Cappello\u2026 collabor\u00f2 nell\u2019attivit\u00e0 liturgica e pastorale per molti anni con il titolare della parrocchia cittadina dei Ss. Biagio e Stefano don Antonio De Cassan, nativo di Laste, da lui particolarmente ammirato per le sue virt\u00f9 e al quale ha dedicato una biografia\u2026\u201d. Poi Pellegrinon ripercorre l\u2019 attivit\u00e0 culturale di Ferdinando Tamis con studi, ricerche, pubblicazione di articoli e libri e non trascura il fatto che: \u201c\u2026 Visse anche scontri all\u2019interno della chiesa bellunese e molti confratelli non avevano un rapporto di serena amicizia con lui. Perci\u00f2 non gli sono mancate amarezze\u201d (un\u2019eccezione: il rettore del seminario mons. Giuseppe Andrich, attuale vescovo emerito, cui Tamis consegn\u00f2 il frutto dei diritti d\u2019autore per \u201cLa storia dell\u2019Agordino\u201d; con lo stesso sacerdote, divenuto poi vescovo di Belluno-Feltre \u201cebbe sempre un rapporto lineare ed improntato anche ad amicizia e stima, che mons. Andrich onor\u00f2 anche con una bella, affettuosa presentazione ad uno degli ultimi studi del sacerdote, dedicato al \u201cCulto dei santi nella Diocesi di Belluno-Feltre\u201d, e la partecipazione convinta\u201d \u2013 ndr.). A proposito del rapporto con i confratelli ed in particolare con Albino Luciani futuro pontefice, ha scritto anche il comelicese Lucio Eicher Clere, collaboratore di giornali locali. Bepi Pellegrinon annota poi che \u201cLa societ\u00e0 civile lo stim\u00f2 assai e gli riserv\u00f2 anche alcuni riconoscimenti\u201d: Premio San Martino della Citt\u00e0 di Belluno \u201cper insigni benemerenze nel campo della ricerca e della conservazione di preziose testimonianze di storia e di cultura\u201d; la Comunit\u00e0 montana Agordina, per la cui istituzione Tamis aveva attivamente operato \u2013 venendo considerato anche fuori dai confini provinciali l\u2019ideatore delle Comunit\u00e0 montane &#8211; gli assegn\u00f2 l\u2019 \u201cAgordino d\u2019oro\u201d nel 1984 e la sezione agordina del Cai gli concesse la tessera di socio onorario in occasione del Raduno dei preti alpinisti e pubblic\u00f2 l\u2019opuscolo \u201cFerdinando Tamis agordino. Scritti di una Comunit\u00e0 Alpina\u201d in cui \u00e8 brevemente delineata la sua figura di sacerdote e studioso ed \u00e8 riportata la vasta bibliografia. Dopo la sua morte la Comunit\u00e0 montana ha intitolato a suo nome la sala congressi di Agordo. In chiusura del suo \u201ccontributo\u201d Bepi Pellegrinon dice di Tamis: \u201cPer lui valgono le parole che aveva scritto in occasione della morte di mons. Luigi Cappello: \u2018La morte \u00e8 quasi sempre lo scoglio e il termine fatale della nostra gloria. Le vane lodi, con le quali siamo esaltati mentre siamo in vita, cadono, quasi allo stesso tempo con noi, nell\u2019oblio della tomba\u2019. Il fatto stesso che per\u00f2 siamo qui a ricordarlo come illustre figlio della nostra terra testimonia che la piccola patria ha inteso onorare un debito di riconoscenza verso il sacerdote e che la sua vicenda umana, religiosa e culturale non pu\u00f2 essere trascurata n\u00e9 dimenticata!\u201d. NELLE FOTO: espressioni di don Ferdinando Tamis; con Armando Da Roit ed il prof. Omero Millo; a sinistra nell\u2019immagine con i fratelli Cappello (al centro il gesuita Felice ora \u201cservo di Dio\u201d); copertina della rivista \u201cdolomiti\u201d; Bepi Pellegrinon; opere dello storico Tamis; la sala della Comunit\u00e0 montana agordina che gli \u00e8 stata intitolata.<\/p>\n\n\t\t\t<style type='text\/css'>\n\t\t\t\t#gallery-1 {\n\t\t\t\t\tmargin: auto;\n\t\t\t\t}\n\t\t\t\t#gallery-1 .gallery-item {\n\t\t\t\t\tfloat: left;\n\t\t\t\t\tmargin-top: 10px;\n\t\t\t\t\ttext-align: center;\n\t\t\t\t\twidth: 14%;\n\t\t\t\t}\n\t\t\t\t#gallery-1 img {\n\t\t\t\t\tborder: 2px solid #cfcfcf;\n\t\t\t\t}\n\t\t\t\t#gallery-1 .gallery-caption {\n\t\t\t\t\tmargin-left: 0;\n\t\t\t\t}\n\t\t\t\t\/* see gallery_shortcode() in wp-includes\/media.php *\/\n\t\t\t<\/style>\n\t\t<div id='gallery-1' class='dt-gallery-container gallery galleryid-135705 gallery-columns-7 gallery-size-thumbnail'><dl class='gallery-item'>\n\t\t\t\t<dt class='gallery-icon portrait'>\n\t\t\t\t\t<a class=\"rollover\" href='https:\/\/www.radiopiu.net\/wordpress\/don-ferdinando-tamis-agordino-padre-delle-comunita-montane-di-renato-bona\/58842464_312654639631571_7342077800297267200_n-3\/'><img loading=\"lazy\" decoding=\"async\" width=\"150\" height=\"150\" src=\"https:\/\/www.radiopiu.net\/wordpress\/wp-content\/uploads\/2020\/05\/58842464_312654639631571_7342077800297267200_n-150x150.png\" class=\"attachment-thumbnail size-thumbnail\" alt=\"\" \/><\/a>\n\t\t\t\t<\/dt><\/dl><dl class='gallery-item'>\n\t\t\t\t<dt class='gallery-icon landscape'>\n\t\t\t\t\t<a class=\"rollover\" href='https:\/\/www.radiopiu.net\/wordpress\/don-ferdinando-tamis-agordino-padre-delle-comunita-montane-di-renato-bona\/96101915_262759794769835_7582084811930468352_n\/'><img loading=\"lazy\" decoding=\"async\" width=\"150\" height=\"150\" src=\"https:\/\/www.radiopiu.net\/wordpress\/wp-content\/uploads\/2020\/05\/96101915_262759794769835_7582084811930468352_n-150x150.jpg\" class=\"attachment-thumbnail size-thumbnail\" alt=\"\" \/><\/a>\n\t\t\t\t<\/dt><\/dl><dl class='gallery-item'>\n\t\t\t\t<dt class='gallery-icon landscape'>\n\t\t\t\t\t<a class=\"rollover\" href='https:\/\/www.radiopiu.net\/wordpress\/don-ferdinando-tamis-agordino-padre-delle-comunita-montane-di-renato-bona\/95946447_228440895124269_7852596214603186176_n\/'><img loading=\"lazy\" decoding=\"async\" width=\"150\" height=\"150\" src=\"https:\/\/www.radiopiu.net\/wordpress\/wp-content\/uploads\/2020\/05\/95946447_228440895124269_7852596214603186176_n-150x150.jpg\" class=\"attachment-thumbnail size-thumbnail\" alt=\"\" srcset=\"https:\/\/www.radiopiu.net\/wordpress\/wp-content\/uploads\/2020\/05\/95946447_228440895124269_7852596214603186176_n-150x150.jpg 150w, https:\/\/www.radiopiu.net\/wordpress\/wp-content\/uploads\/2020\/05\/95946447_228440895124269_7852596214603186176_n-300x300.jpg 300w, https:\/\/www.radiopiu.net\/wordpress\/wp-content\/uploads\/2020\/05\/95946447_228440895124269_7852596214603186176_n.jpg 500w\" sizes=\"auto, (max-width: 150px) 100vw, 150px\" \/><\/a>\n\t\t\t\t<\/dt><\/dl><dl class='gallery-item'>\n\t\t\t\t<dt class='gallery-icon portrait'>\n\t\t\t\t\t<a class=\"rollover\" href='https:\/\/www.radiopiu.net\/wordpress\/don-ferdinando-tamis-agordino-padre-delle-comunita-montane-di-renato-bona\/95662759_581755362458779_529911093590491136_n\/'><img loading=\"lazy\" decoding=\"async\" width=\"150\" height=\"150\" src=\"https:\/\/www.radiopiu.net\/wordpress\/wp-content\/uploads\/2020\/05\/95662759_581755362458779_529911093590491136_n-150x150.jpg\" class=\"attachment-thumbnail size-thumbnail\" alt=\"\" \/><\/a>\n\t\t\t\t<\/dt><\/dl><dl class='gallery-item'>\n\t\t\t\t<dt class='gallery-icon portrait'>\n\t\t\t\t\t<a class=\"rollover\" href='https:\/\/www.radiopiu.net\/wordpress\/don-ferdinando-tamis-agordino-padre-delle-comunita-montane-di-renato-bona\/96363633_2392889497668082_3615210862240858112_n\/'><img loading=\"lazy\" decoding=\"async\" width=\"150\" height=\"150\" src=\"https:\/\/www.radiopiu.net\/wordpress\/wp-content\/uploads\/2020\/05\/96363633_2392889497668082_3615210862240858112_n-150x150.jpg\" class=\"attachment-thumbnail size-thumbnail\" alt=\"\" \/><\/a>\n\t\t\t\t<\/dt><\/dl><dl class='gallery-item'>\n\t\t\t\t<dt class='gallery-icon portrait'>\n\t\t\t\t\t<a class=\"rollover\" href='https:\/\/www.radiopiu.net\/wordpress\/don-ferdinando-tamis-agordino-padre-delle-comunita-montane-di-renato-bona\/95890742_170878407558266_7931890596606640128_n\/'><img loading=\"lazy\" decoding=\"async\" width=\"150\" height=\"150\" src=\"https:\/\/www.radiopiu.net\/wordpress\/wp-content\/uploads\/2020\/05\/95890742_170878407558266_7931890596606640128_n-150x150.jpg\" class=\"attachment-thumbnail size-thumbnail\" alt=\"\" \/><\/a>\n\t\t\t\t<\/dt><\/dl><dl class='gallery-item'>\n\t\t\t\t<dt class='gallery-icon portrait'>\n\t\t\t\t\t<a class=\"rollover\" href='https:\/\/www.radiopiu.net\/wordpress\/don-ferdinando-tamis-agordino-padre-delle-comunita-montane-di-renato-bona\/96003879_576724242949869_282656998955155456_n\/'><img loading=\"lazy\" decoding=\"async\" width=\"150\" height=\"150\" src=\"https:\/\/www.radiopiu.net\/wordpress\/wp-content\/uploads\/2020\/05\/96003879_576724242949869_282656998955155456_n-150x150.jpg\" class=\"attachment-thumbnail size-thumbnail\" alt=\"\" \/><\/a>\n\t\t\t\t<\/dt><\/dl><br style=\"clear: both\" \/><dl class='gallery-item'>\n\t\t\t\t<dt class='gallery-icon landscape'>\n\t\t\t\t\t<a class=\"rollover\" href='https:\/\/www.radiopiu.net\/wordpress\/don-ferdinando-tamis-agordino-padre-delle-comunita-montane-di-renato-bona\/96134064_2893072040746367_5940887562276044800_n\/'><img loading=\"lazy\" decoding=\"async\" width=\"150\" height=\"141\" src=\"https:\/\/www.radiopiu.net\/wordpress\/wp-content\/uploads\/2020\/05\/96134064_2893072040746367_5940887562276044800_n-150x141.png\" class=\"attachment-thumbnail size-thumbnail\" alt=\"\" \/><\/a>\n\t\t\t\t<\/dt><\/dl><dl class='gallery-item'>\n\t\t\t\t<dt class='gallery-icon landscape'>\n\t\t\t\t\t<a class=\"rollover\" href='https:\/\/www.radiopiu.net\/wordpress\/don-ferdinando-tamis-agordino-padre-delle-comunita-montane-di-renato-bona\/96136994_2287155248246731_8434073050621673472_n\/'><img loading=\"lazy\" decoding=\"async\" width=\"150\" height=\"150\" src=\"https:\/\/www.radiopiu.net\/wordpress\/wp-content\/uploads\/2020\/05\/96136994_2287155248246731_8434073050621673472_n-150x150.jpg\" class=\"attachment-thumbnail size-thumbnail\" alt=\"\" \/><\/a>\n\t\t\t\t<\/dt><\/dl><dl class='gallery-item'>\n\t\t\t\t<dt class='gallery-icon portrait'>\n\t\t\t\t\t<a class=\"rollover\" href='https:\/\/www.radiopiu.net\/wordpress\/don-ferdinando-tamis-agordino-padre-delle-comunita-montane-di-renato-bona\/95846321_802012713661326_1873772340072939520_n\/'><img loading=\"lazy\" decoding=\"async\" width=\"150\" height=\"150\" src=\"https:\/\/www.radiopiu.net\/wordpress\/wp-content\/uploads\/2020\/05\/95846321_802012713661326_1873772340072939520_n-150x150.jpg\" class=\"attachment-thumbnail size-thumbnail\" alt=\"\" \/><\/a>\n\t\t\t\t<\/dt><\/dl><dl class='gallery-item'>\n\t\t\t\t<dt class='gallery-icon portrait'>\n\t\t\t\t\t<a class=\"rollover\" href='https:\/\/www.radiopiu.net\/wordpress\/don-ferdinando-tamis-agordino-padre-delle-comunita-montane-di-renato-bona\/95675350_774140849783583_6018339390424612864_n\/'><img loading=\"lazy\" decoding=\"async\" width=\"150\" height=\"150\" src=\"https:\/\/www.radiopiu.net\/wordpress\/wp-content\/uploads\/2020\/05\/95675350_774140849783583_6018339390424612864_n-150x150.jpg\" class=\"attachment-thumbnail size-thumbnail\" alt=\"\" \/><\/a>\n\t\t\t\t<\/dt><\/dl>\n\t\t\t\t<br style='clear: both' \/>\n\t\t\t<\/div>\n\n","protected":false},"excerpt":{"rendered":"<p>di Renato Bona\u00a0 L\u2019ultimo numero, il 2 dell\u2019anno XLIII, della prestigiosa rivista bimestrale di cultura ed attualit\u00e0 della Provincia di Belluno \u201cdolomiti\u201d, diretta dal prof. don Sergio Sacco, ospita fra gli altri, un servizio dell\u2019editore, scrittore, storico, alpinista, amministratore pubblico Bepi Pellegrinon, intitolato: \u201cFerdinando Tamis sacerdote, studioso di storia locale, mentore nella vita amministrativa\u201d. Si&hellip;<\/p>\n","protected":false},"author":4,"featured_media":135719,"comment_status":"closed","ping_status":"closed","sticky":false,"template":"","format":"standard","meta":{"_monsterinsights_skip_tracking":false,"_monsterinsights_sitenote_active":false,"_monsterinsights_sitenote_note":"","_monsterinsights_sitenote_category":0,"footnotes":""},"categories":[1,49],"tags":[],"class_list":["post-135705","post","type-post","status-publish","format-standard","has-post-thumbnail","hentry","category-senza-categoria","category-news-18","category-1","category-49","description-off"],"img_url":"https:\/\/www.radiopiu.net\/wordpress\/wp-content\/uploads\/2020\/05\/95675350_774140849783583_6018339390424612864_n.jpg","_links":{"self":[{"href":"https:\/\/www.radiopiu.net\/wordpress\/wp-json\/wp\/v2\/posts\/135705","targetHints":{"allow":["GET"]}}],"collection":[{"href":"https:\/\/www.radiopiu.net\/wordpress\/wp-json\/wp\/v2\/posts"}],"about":[{"href":"https:\/\/www.radiopiu.net\/wordpress\/wp-json\/wp\/v2\/types\/post"}],"author":[{"embeddable":true,"href":"https:\/\/www.radiopiu.net\/wordpress\/wp-json\/wp\/v2\/users\/4"}],"replies":[{"embeddable":true,"href":"https:\/\/www.radiopiu.net\/wordpress\/wp-json\/wp\/v2\/comments?post=135705"}],"version-history":[{"count":0,"href":"https:\/\/www.radiopiu.net\/wordpress\/wp-json\/wp\/v2\/posts\/135705\/revisions"}],"wp:featuredmedia":[{"embeddable":true,"href":"https:\/\/www.radiopiu.net\/wordpress\/wp-json\/wp\/v2\/media\/135719"}],"wp:attachment":[{"href":"https:\/\/www.radiopiu.net\/wordpress\/wp-json\/wp\/v2\/media?parent=135705"}],"wp:term":[{"taxonomy":"category","embeddable":true,"href":"https:\/\/www.radiopiu.net\/wordpress\/wp-json\/wp\/v2\/categories?post=135705"},{"taxonomy":"post_tag","embeddable":true,"href":"https:\/\/www.radiopiu.net\/wordpress\/wp-json\/wp\/v2\/tags?post=135705"}],"curies":[{"name":"wp","href":"https:\/\/api.w.org\/{rel}","templated":true}]}}