{"id":135812,"date":"2020-05-08T05:55:42","date_gmt":"2020-05-08T03:55:42","guid":{"rendered":"https:\/\/www.radiopiu.net\/wordpress\/?p=135812"},"modified":"2020-05-08T10:28:54","modified_gmt":"2020-05-08T08:28:54","slug":"giornale-radiopiu-08-maggio-2020-direttore-mirko-mezzacasa","status":"publish","type":"post","link":"https:\/\/www.radiopiu.net\/wordpress\/giornale-radiopiu-08-maggio-2020-direttore-mirko-mezzacasa\/","title":{"rendered":"GIORNALE RADIOPIU 08 MAGGIO 2020 DIRETTORE MIRKO MEZZACASA"},"content":{"rendered":"<h3><strong>PER RICEVERE QUESTO NOTIZIARIO DIRETTAMENTE SUL TUO CELLULARE ISCRIVITI AL CANALE TELEGRAM\u00a0<\/strong><strong>\u201cRADIO PIU\u00a0 INFORMAZIONE\u201d<\/strong><\/h3>\n<blockquote class=\"wp-embedded-content\" data-secret=\"mjdqKTR6fU\"><p><a href=\"https:\/\/www.radiopiu.net\/wordpress\/50-artisti-per-la-croce-rossa-italiana\/\">50 ARTISTI PER LA CROCE ROSSA ITALIANA<\/a><\/p><\/blockquote>\n<p><iframe loading=\"lazy\" title=\"&#8220;50 ARTISTI PER LA CROCE ROSSA ITALIANA&#8221; &#8212; Radio Pi\u00f9\" class=\"wp-embedded-content\" sandbox=\"allow-scripts\" security=\"restricted\" style=\"position: absolute; clip: rect(1px, 1px, 1px, 1px);\" src=\"https:\/\/www.radiopiu.net\/wordpress\/50-artisti-per-la-croce-rossa-italiana\/embed\/#?secret=mjdqKTR6fU\" data-secret=\"mjdqKTR6fU\" width=\"600\" height=\"338\" frameborder=\"0\" marginwidth=\"0\" marginheight=\"0\" scrolling=\"no\"><\/iframe><\/p>\n<p>&nbsp;<\/p>\n<hr \/>\n<p>&nbsp;<\/p>\n<p><strong><em>Gestione Servizi Pubblici informa che a GOSALDO, nelle localit\u00e0 LE FOCHE, LAMBROI, DENEORE, MAGAIT, REN, SELLE, COL TAMAI, BITTI, GIARDOI, LE CASE, CURTI e INCASAL, l\u2019acqua erogata dall\u2019acquedotto non \u00e8 potabile e pu\u00f2 essere usata per scopi alimentari SOLO PREVIA bollitura<\/em><\/strong><\/p>\n<p>&nbsp;<\/p>\n<hr \/>\n<p>&nbsp;<\/p>\n<p><strong>CHIUDE PONTE MAS, FINO AL 30 GIUGNO PER I LAVORI DI CONSOLIDAMENTO:<\/strong>\u00a0 fino al\u00a0 30 giugno sar\u00e0 chiuso sia alle macchine sia ai pedoni il collegamento principale tra i comuni di Sospirolo e Sedico.\u00a0 L\u2019intera struttura subir\u00e0 notevoli lavori di risistemazione. Un intervento urgente, specie in seguito ai danni subiti dalla piena del torrente durante Vaia.Verr\u00e0 allargata la sede stradale, sul lato sud \u00e8 programmata l\u2019installazione della passerella pedonale. Dell\u2019attuale ponte rester\u00e0 solo la struttura portante. Percorso alternativo: da Ponte Mas a Vignole in Comune di Sedico.<\/p>\n<p>&nbsp;<\/p>\n<hr \/>\n<p>&nbsp;<\/p>\n<p>\u2022 I numeri della Protezione civile: <strong>cala il numero dei decessi<\/strong>, 274 contro i 369 di mercoledi mentre i guariti sono 3.031, per un totale di 96.276. I<strong> malati attuali sono 89.624<\/strong>; \u2022 Calcio, 6 giocatori della Fiorentina <strong>positivi<\/strong>; \u2022 <strong>Messe aperte ai fedeli <\/strong>dal 18 maggio. Guanti e mascherine per l\u2019eucarestia; \u2022 Francia: dall\u201911 maggio <strong>torneranno in classe un milione di studenti,<\/strong> riaperte anche 400mila aziende.<\/p>\n<p>&nbsp;<\/p>\n<blockquote>\n<h3>NELLE CASE DI RIPOSO DEL BELLUNESE 65 DECESSI MA OGGI 19 SONO &#8220;PULITE&#8221;, IN 10 IL VIRUS E&#8217; STATO FERMATO, IN ALTRE DUE LA SITUAZIONE E&#8217; ANCORA CRITICA MA DAL 21 APRILE AD OGGI SI CONTANO 15 CASI DI POSITIVITA&#8217; IN MENO. AUMENTANO I PAZIENTI GUARITI\u00a0 (531)\u00a0 E PER LA PRIMA VOLTA DA FEBBRAIO\u00a0 I MALATI\u00a0 SONO IN NUMERO MINORE (522). FLUSSI DI TRAFFICO NELL&#8217;AGORDINO CON LA FINE DEL LOCKDOWN: +600% A COLLE SANTA LUCIA RISPETTO ALLA SCORSA SETTIMANA ANCHE PER LA CHIUSURA DELLA PROVINCIALE DELLA VAL FIORENTINA, +7% AD AGORDO (203 AGORDINA) E +49% A LA VALLE SULLA STRADA PER PASSO DURAN.<\/h3>\n<\/blockquote>\n<p><strong>di Mirko Mezzacasa\u00a0<\/strong><\/p>\n<p><a class=\"dt-pswp-item\" href=\"https:\/\/www.radiopiu.net\/wordpress\/wp-content\/uploads\/2020\/05\/4e315c58-d664-4b28-a750-e544f302101e.jpg\" data-dt-img-description=\"\" data-large_image_width=\"2048\" data-large_image_height=\"1024\"><img loading=\"lazy\" decoding=\"async\" class=\"size-medium wp-image-136072 alignleft\" src=\"https:\/\/www.radiopiu.net\/wordpress\/wp-content\/uploads\/2020\/05\/4e315c58-d664-4b28-a750-e544f302101e-300x150.jpg\" alt=\"\" width=\"300\" height=\"150\" srcset=\"https:\/\/www.radiopiu.net\/wordpress\/wp-content\/uploads\/2020\/05\/4e315c58-d664-4b28-a750-e544f302101e-300x150.jpg 300w, https:\/\/www.radiopiu.net\/wordpress\/wp-content\/uploads\/2020\/05\/4e315c58-d664-4b28-a750-e544f302101e-1024x512.jpg 1024w, https:\/\/www.radiopiu.net\/wordpress\/wp-content\/uploads\/2020\/05\/4e315c58-d664-4b28-a750-e544f302101e-768x384.jpg 768w, https:\/\/www.radiopiu.net\/wordpress\/wp-content\/uploads\/2020\/05\/4e315c58-d664-4b28-a750-e544f302101e-1536x768.jpg 1536w, https:\/\/www.radiopiu.net\/wordpress\/wp-content\/uploads\/2020\/05\/4e315c58-d664-4b28-a750-e544f302101e.jpg 2048w\" sizes=\"auto, (max-width: 300px) 100vw, 300px\" \/><\/a>E&#8217; braccio di ferro tra Governo e Regioni, Roma \u00e8 per la riapertura anticipata, non pi\u00f9 il 1 giugno per bar, ristoranti, parrucchieri ed estetiste, la nuova data \u00e8 quella del 18 maggio tra 10 giorni. Venezia, Udine e Genova insistono per la ripartenza anticipata alla prossima settimana. Le pressioni dei Governatori per anticipare la ripartenza almeno dei negozi al dettaglio sono proseguite per tutta la giornata di ieri ma il Ministro Francesco Boccia ha detto di no, prima va verificato l&#8217;andamento dell&#8217;epidemia almeno per tutta la prossima settimana e se tutto andr\u00e0 nel verso giusto le serrande si alzeranno luned\u00ec 18. Anche per gli spostamenti tra regioni c&#8217;\u00e8 una nuova data, quella del 25 maggio. <em>&#8220;Noi stiamo chiedendo le aperture immediate &#8211; ha detto ieri Luca Zaia dalla conferenza stampa di Marghera &#8211;\u00a0 lo scenario del 1 giugno per\u00a0 \u00e8 glaciale. Lo scenario epidemiologico al contrario \u00e8 notevolmente cambiato. Vogliamo riaprire non il 18 ma prima possibile.Siamo pronti, ma non abbiamo base giuridica per dare il via libera. La Calabria \u00e8 davanti al Tribunale Regionale (Tar) e non vogliamo finire nella stessa situazione, da evitare per il bene dei cittadini&#8221;. <\/em>E&#8217; andata meglio al Clero, le proteste della Cei hanno sortito un risultato importante, dal 18 maggio riaprono le chiese e i fedeli potranno tornare a messa, mascherine per tutti e guanti per i parroci che distribuiranno la comunione da mano a mano. La Regione Veneto prosegue sulla sua strada con le sperimentazioni al plasma, la banca del sangue \u00e8 realt\u00e0 e 12 sono i pazienti in cura con risultati soddisfacenti<em> &#8220;Abbiamo scritto a tutti i direttori generali &#8211; ha detto Zaia &#8211;\u00a0 ci penseranno loro a chiamare i malati guariti. E&#8217; un sangue particolare con la sua filiera, arriver\u00e0 una lettera a casa e chi vuole\u00a0 mettersi a disposizione. La banca ha gi\u00e0 dei depositi di plasma. Adesso vogliamo fare una cosa a tappeto siamo stati i primi a costituire la banca del sangue&#8221;. <\/em>Ieri la Ulss1 ha reso noti i dati sulle case di riposo, 19 sono le strutture che non contano alcun contagio, tra queste la Rsa di Agordo, Villa San Giuseppe di Livinallongo e sono il 65,2% del totale.Come ricordato la scorsa settimana alla casa di riposo di Livinallongo \u00e8 risultato negativo anche il terzo giro di tamponi, la struttura \u00e8 stata oggetto anche di un controllo dello Spisal che non ha riscontrato irregolarit\u00e0 o motivi di preoccupazione.\u00a0 In 10 case di riposo dove il virus ha fatto la sua comparsa la situazione \u00e8 decisamente migliorata, sono invece 2 i casi pi\u00f9 preoccupanti, la casa Padre Kolbe di Pedavena (100 contagi e continui decessi) e la Rsa di Trichiana. Il numero dei morti \u00e8 ormai arrivato a 65 nelle strutture della provincia, in calo i positivi,\u00a0 15 in meno rispetto all&#8217;ultimo rilevamento del 21 aprile. A proposito di Asca, l&#8217;azienda investe 207mila euro per l&#8217;welfare aziendale. Ai dipendenti viene riconosciuto un bonus monetario, un premio di risultato da 3300 euro l&#8217;anno per chi raggiunge il massimo della valutazione, per chi rimane in azienda almeno 2 anni ulteriore gratificazione da 1500 euro una tantum. Continuano i controlli delle Forze dell&#8217;Ordine, 40 i controlli della Guardia di Finanza nelle Farmacie e Parafarmacie,\u00a0 non sono emerse irregolarit\u00e0, 74 le pattuglie impegnate su strada, 43 sui sentieri dolomitici per un totale di 775 controlli. Dalla Prefettura: altre 14 sanzioni nella giornata di mercoled\u00ec,\u00a0 547 le persone controllate in un solo giorno, 1640 da inizio settimana con 36 sanzioni inflitte. Sempre nella giornata di mercoled\u00ec sono stati controllati anche 1250 attivit\u00e0 commerciali e un titolare \u00e8 stato sanzionato. A Feltre i Carabinieri c&#8217;hanno messo meno di 24 ore per dare un nome al vandalo che ha affisso ovunque volantini contro Confindustria e sindacati che hanno incassato la solidariet\u00e0 di tanti. &#8220;Confindustria assassina&#8221; oppure &#8220;Invece di chi va a correre odia chi ti manda a lavorare &#8221; e ancora &#8220;Se devo scegliere tra pagare la spesa o l&#8217;affitto non pago niente&#8221;. Ieri il sito di RadioPi\u00f9 ha condotto un&#8217;indagine sugli spostamenti in vallata raffrontando i dati alla scorsa settimana e a gennaio. Emerge un numero molto alto +600% a Colle Santa Lucia, probabilmente dovuto alla chiusura della strada della Val Fiorentina con tutto il traffico per il fondovalle e dallo zoldano per la strada del Belvedere dove transitano quotidianamente anche i mezzi impegnati nella ricostruzione del territorio post vaia. Ad Agordo (regionale 203 agordina) +7% in una settimana e -36% da gennaio, a La Valle Agordina (provinciale del Duran) +49% dalla scorsa settimana e -36% da gennaio. Ieri in Veneto: 9 i decessi in ospedale (compresi le strutture di\u00a0 comunit\u00e0) nuovi casi di positivi +80 (mercoledi 89), attualmente positivi 6378 (-361) deceduti 1619 (+40), negativizzati\/guariti 10579 (+401) in isolamento domiciliare 5773 (-402), ricoverati 969 (-39), terapia intensiva 86 (-3), negativizzati ospedale 409 (+6), dimessi 3054 (+46), decessi ospedale 1269 (9). Ieri in provincia di Belluno, nessuno decesso, \u00a0casi positivi 4\u00a0 (mercoledi 2), attualmente positivi 522 (-35) , deceduti 92, negativizzati\/guariti 531 (+38), in isolamento domiciliare 957 (-35), ricoverati ospedale San Martino 24 (-2), terapia intensiva 5 (0), ospedale di Comunit\u00e0 di Belluno 13 (0) Agordo 24 (0).<\/p>\n<p>&nbsp;<\/p>\n<p>&nbsp;<\/p>\n<p>&nbsp;<\/p>\n<hr \/>\n<blockquote class=\"wp-embedded-content\" data-secret=\"46dVW4lx52\"><p><a href=\"https:\/\/www.radiopiu.net\/wordpress\/aggiornamento-nazionale-07-maggio-2020\/\">AGGIORNAMENTO NAZIONALE 07 MAGGIO 2020<\/a><\/p><\/blockquote>\n<p><iframe loading=\"lazy\" title=\"&#8220;AGGIORNAMENTO NAZIONALE 07 MAGGIO 2020&#8221; &#8212; Radio Pi\u00f9\" class=\"wp-embedded-content\" sandbox=\"allow-scripts\" security=\"restricted\" style=\"position: absolute; clip: rect(1px, 1px, 1px, 1px);\" src=\"https:\/\/www.radiopiu.net\/wordpress\/aggiornamento-nazionale-07-maggio-2020\/embed\/#?secret=46dVW4lx52\" data-secret=\"46dVW4lx52\" width=\"600\" height=\"338\" frameborder=\"0\" marginwidth=\"0\" marginheight=\"0\" scrolling=\"no\"><\/iframe><\/p>\n<p>&nbsp;<\/p>\n<hr \/>\n<p>&nbsp;<\/p>\n<blockquote class=\"wp-embedded-content\" data-secret=\"O01eryDaqp\"><p><a href=\"https:\/\/www.radiopiu.net\/wordpress\/9-decessi-in-24-ore-80-positivi-in-piu-calano-i-ricoveri-terapie-intensive-e-persone-in-isolamentoaggiornamento-azienda-zero-delle-17-in-provincia-di-belluno-4-positivi-35-attualmente-positivi\/\">9 DECESSI IN 24 ORE, 80 POSITIVI IN PIU&#8217; CALANO I RICOVERI, TERAPIE INTENSIVE E PERSONE IN ISOLAMENTOAGGIORNAMENTO AZIENDA ZERO DELLE 17 in provincia di Belluno +4 POSITIVI, &#8211; 35 ATTUALMENTE POSITIVI 2 PAZIENTI IN MENO IN OSPEDALE<\/a><\/p><\/blockquote>\n<p><iframe loading=\"lazy\" title=\"&#8220;9 DECESSI IN 24 ORE, 80 POSITIVI IN PIU&#8217; CALANO I RICOVERI, TERAPIE INTENSIVE E PERSONE IN ISOLAMENTOAGGIORNAMENTO AZIENDA ZERO DELLE 17 in provincia di Belluno +4 POSITIVI, &#8211; 35 ATTUALMENTE POSITIVI 2 PAZIENTI IN MENO IN OSPEDALE&#8221; &#8212; Radio Pi\u00f9\" class=\"wp-embedded-content\" sandbox=\"allow-scripts\" security=\"restricted\" style=\"position: absolute; clip: rect(1px, 1px, 1px, 1px);\" src=\"https:\/\/www.radiopiu.net\/wordpress\/9-decessi-in-24-ore-80-positivi-in-piu-calano-i-ricoveri-terapie-intensive-e-persone-in-isolamentoaggiornamento-azienda-zero-delle-17-in-provincia-di-belluno-4-positivi-35-attualmente-positivi\/embed\/#?secret=O01eryDaqp\" data-secret=\"O01eryDaqp\" width=\"600\" height=\"338\" frameborder=\"0\" marginwidth=\"0\" marginheight=\"0\" scrolling=\"no\"><\/iframe><\/p>\n<p>&nbsp;<\/p>\n<hr \/>\n<p>&nbsp;<\/p>\n<blockquote class=\"wp-embedded-content\" data-secret=\"01LdScHD8U\"><p><a href=\"https:\/\/www.radiopiu.net\/wordpress\/aggiornamento-assessorato-protezione-civile-07-maggio-2020\/\">AGGIORNAMENTO ASSESSORATO PROTEZIONE CIVILE 07 MAGGIO 2020<\/a><\/p><\/blockquote>\n<p><iframe loading=\"lazy\" title=\"&#8220;AGGIORNAMENTO ASSESSORATO PROTEZIONE CIVILE 07 MAGGIO 2020&#8221; &#8212; Radio Pi\u00f9\" class=\"wp-embedded-content\" sandbox=\"allow-scripts\" security=\"restricted\" style=\"position: absolute; clip: rect(1px, 1px, 1px, 1px);\" src=\"https:\/\/www.radiopiu.net\/wordpress\/aggiornamento-assessorato-protezione-civile-07-maggio-2020\/embed\/#?secret=01LdScHD8U\" data-secret=\"01LdScHD8U\" width=\"600\" height=\"338\" frameborder=\"0\" marginwidth=\"0\" marginheight=\"0\" scrolling=\"no\"><\/iframe><\/p>\n<p>&nbsp;<\/p>\n<p><strong>L&#8217;INTERVENTO DELL&#8217;ASSESSORE GIANPAOLO BOTTACIN A RADIO PIU<\/strong><\/p>\n<audio class=\"wp-audio-shortcode\" id=\"audio-135812-1\" preload=\"none\" style=\"width: 100%;\" controls=\"controls\"><source type=\"audio\/mpeg\" src=\"https:\/\/www.radiopiu.net\/wordpress\/wp-content\/uploads\/2020\/05\/BOTTACIN-3.mp3?_=1\" \/><a href=\"https:\/\/www.radiopiu.net\/wordpress\/wp-content\/uploads\/2020\/05\/BOTTACIN-3.mp3\">https:\/\/www.radiopiu.net\/wordpress\/wp-content\/uploads\/2020\/05\/BOTTACIN-3.mp3<\/a><\/audio>\n<p>&nbsp;<\/p>\n<hr \/>\n<p>&nbsp;<\/p>\n<blockquote>\n<h3>DATI E GRAFICI DEL GIORNO, PROVINCIA \u2013 REGIONE 07 MAGGIO 2020<\/h3>\n<\/blockquote>\n<p><strong>Con la collaborazione di Tiziano De Col<\/strong><\/p>\n<p>La Provincia di Belluno fa segnare il piu&#8217; basso incremento giornaliero di positivi ma rimane con il rapporto contagi\/popolazione pi\u00f9 alto in Regione<\/p>\n<p><a class=\"dt-pswp-item\" href=\"https:\/\/www.radiopiu.net\/wordpress\/wp-content\/uploads\/2020\/05\/Schermata-2020-05-07-alle-19.26.11.png\" data-dt-img-description=\"\" data-large_image_width=\"812\" data-large_image_height=\"452\"><img loading=\"lazy\" decoding=\"async\" class=\"alignnone wp-image-136042\" src=\"https:\/\/www.radiopiu.net\/wordpress\/wp-content\/uploads\/2020\/05\/Schermata-2020-05-07-alle-19.26.11-300x167.png\" alt=\"\" width=\"363\" height=\"202\" srcset=\"https:\/\/www.radiopiu.net\/wordpress\/wp-content\/uploads\/2020\/05\/Schermata-2020-05-07-alle-19.26.11-300x167.png 300w, https:\/\/www.radiopiu.net\/wordpress\/wp-content\/uploads\/2020\/05\/Schermata-2020-05-07-alle-19.26.11-768x428.png 768w, https:\/\/www.radiopiu.net\/wordpress\/wp-content\/uploads\/2020\/05\/Schermata-2020-05-07-alle-19.26.11.png 812w\" sizes=\"auto, (max-width: 363px) 100vw, 363px\" \/><\/a><a class=\"dt-pswp-item\" href=\"https:\/\/www.radiopiu.net\/wordpress\/wp-content\/uploads\/2020\/05\/9876b4ab-516a-4b8b-9bba-1d19dd49de6f.jpg\" data-dt-img-description=\"\" data-large_image_width=\"635\" data-large_image_height=\"429\"><img loading=\"lazy\" decoding=\"async\" class=\"alignnone size-medium wp-image-136043\" src=\"https:\/\/www.radiopiu.net\/wordpress\/wp-content\/uploads\/2020\/05\/9876b4ab-516a-4b8b-9bba-1d19dd49de6f-300x203.jpg\" alt=\"\" width=\"300\" height=\"203\" srcset=\"https:\/\/www.radiopiu.net\/wordpress\/wp-content\/uploads\/2020\/05\/9876b4ab-516a-4b8b-9bba-1d19dd49de6f-300x203.jpg 300w, https:\/\/www.radiopiu.net\/wordpress\/wp-content\/uploads\/2020\/05\/9876b4ab-516a-4b8b-9bba-1d19dd49de6f.jpg 635w\" sizes=\"auto, (max-width: 300px) 100vw, 300px\" \/><\/a><a class=\"dt-pswp-item\" href=\"https:\/\/www.radiopiu.net\/wordpress\/wp-content\/uploads\/2020\/05\/27b33fb7-f663-484e-b4cf-fe761adb0aab.jpg\" data-dt-img-description=\"\" data-large_image_width=\"700\" data-large_image_height=\"369\"><img loading=\"lazy\" decoding=\"async\" class=\"alignnone size-medium wp-image-136044\" src=\"https:\/\/www.radiopiu.net\/wordpress\/wp-content\/uploads\/2020\/05\/27b33fb7-f663-484e-b4cf-fe761adb0aab-300x158.jpg\" alt=\"\" width=\"300\" height=\"158\" srcset=\"https:\/\/www.radiopiu.net\/wordpress\/wp-content\/uploads\/2020\/05\/27b33fb7-f663-484e-b4cf-fe761adb0aab-300x158.jpg 300w, https:\/\/www.radiopiu.net\/wordpress\/wp-content\/uploads\/2020\/05\/27b33fb7-f663-484e-b4cf-fe761adb0aab.jpg 700w\" sizes=\"auto, (max-width: 300px) 100vw, 300px\" \/><\/a><\/p>\n<p>&nbsp;<\/p>\n<hr \/>\n<p>&nbsp;<\/p>\n<p>&nbsp;<\/p>\n<blockquote class=\"wp-embedded-content\" data-secret=\"HIxD6ix4Nq\"><p><a href=\"https:\/\/www.radiopiu.net\/wordpress\/aggiornamento-del-7-maggio-evoluzione-dei-contagi-elaborazione-grafica-di-tiziano-de-col\/\">AGGIORNAMENTO DEL 7 MAGGIO, EVOLUZIONE DEI CONTAGI. ELABORAZIONE GRAFICA DI TIZIANO DE COL<\/a><\/p><\/blockquote>\n<p><iframe loading=\"lazy\" title=\"&#8220;AGGIORNAMENTO DEL 7 MAGGIO, EVOLUZIONE DEI CONTAGI. ELABORAZIONE GRAFICA DI TIZIANO DE COL&#8221; &#8212; Radio Pi\u00f9\" class=\"wp-embedded-content\" sandbox=\"allow-scripts\" security=\"restricted\" style=\"position: absolute; clip: rect(1px, 1px, 1px, 1px);\" src=\"https:\/\/www.radiopiu.net\/wordpress\/aggiornamento-del-7-maggio-evoluzione-dei-contagi-elaborazione-grafica-di-tiziano-de-col\/embed\/#?secret=HIxD6ix4Nq\" data-secret=\"HIxD6ix4Nq\" width=\"600\" height=\"338\" frameborder=\"0\" marginwidth=\"0\" marginheight=\"0\" scrolling=\"no\"><\/iframe><\/p>\n<p>&nbsp;<\/p>\n<hr \/>\n<p>&nbsp;<\/p>\n<p>SPECIALE DA SITO INTERNET DI RADIO PIU&#8217;, I DATI COMUNE PER COMUNE DELL&#8217;AGORDINO SUI FLUSSI DI TRAFFICO, RAFFRONTO CON LA SETTIMANA SCORSA PRIMA DELLE RIAPERTURE E CON IL MESE DI GENNAIO PRIMA DELL&#8217;INIZIO DELL&#8217;EPIDEMIA<\/p>\n<p>&nbsp;<\/p>\n<blockquote class=\"wp-embedded-content\" data-secret=\"CrKSpNKXlH\"><p><a href=\"https:\/\/www.radiopiu.net\/wordpress\/i-flussi-di-traffico-in-agordino\/\">I FLUSSI DI TRAFFICO IN AGORDINO DOPO IL LOCKDOWN, A COLLE SANTA LUCIA +600% RISPETTO ALLA SCORSA SETTIMANA<\/a><\/p><\/blockquote>\n<p><iframe loading=\"lazy\" title=\"&#8220;I FLUSSI DI TRAFFICO IN AGORDINO DOPO IL LOCKDOWN, A COLLE SANTA LUCIA +600% RISPETTO ALLA SCORSA SETTIMANA&#8221; &#8212; Radio Pi\u00f9\" class=\"wp-embedded-content\" sandbox=\"allow-scripts\" security=\"restricted\" style=\"position: absolute; clip: rect(1px, 1px, 1px, 1px);\" src=\"https:\/\/www.radiopiu.net\/wordpress\/i-flussi-di-traffico-in-agordino\/embed\/#?secret=CrKSpNKXlH\" data-secret=\"CrKSpNKXlH\" width=\"600\" height=\"338\" frameborder=\"0\" marginwidth=\"0\" marginheight=\"0\" scrolling=\"no\"><\/iframe><\/p>\n<p>&nbsp;<\/p>\n<p>&nbsp;<\/p>\n<p>&nbsp;<\/p>\n<p>&nbsp;<\/p>\n<hr \/>\n<p>&nbsp;<\/p>\n<blockquote>\n<h2>LEGGI LA CONFERENZA DI LUCA ZAIA<\/h2>\n<\/blockquote>\n<p><em>OGGI NUOVO PROVVEDIMENTO PER I PODISTI SENZA BUON SENSO. VENETO ED ALTRE REGIONI CHIEDERANNO AL GOVERNO DI RIAPRIRE TUTTO E SUBITO. SIAMO OLTRE 400 MILA TAMPONI, NON LI FACCIAMO PER LA STRADA MA MIRANDO GLI OBIETTIVI CIOE&#8217; NON A CASO.<\/em><\/p>\n<p>Non si puo&#8217; fare sport e correre tra i bambini, l&#8217;attivit\u00e0 podistica si fa nei luoghi non affollati e visto che il buon senso non c&#8217;\u00e8 sar\u00e0 fatto un provvedimento (ordinanza) per il rispetto delle regole. Continua il calo dei ricoveri in atto dal 10 aprile c&#8217;\u00e8 la volont\u00e0 di proporre di poter aprire tutto. L&#8217;apertura ad oggi quasi totale non \u00e8 un fatto di salvaguardia rispetto a quello rimasto chiuso. Il capro espiatorio non devono essere i bar o le estetiste o i parrucchieri. Molti colleghi la pensano come me in Veneto siamo pronti ad aprire tutto e subito. Nei social si sono tanti &#8220;lazzaroni&#8221; che non dovrebbero nemmeno essere autorizzati ad avere un dominio. Si diffondono &#8220;menate&#8221;\u00a0 su di me, cattiverie da una feccia della societ\u00e0 che cercheremo di sistemarli, poi i leoni da tastiera arrivano piangendo di essere graziati.<\/p>\n<p><strong>OGGI IN CONFERENZA STAMPA DAMIANO &#8220;l&#8217;OMO DEI OVI&#8221; Lui ha mandato le uova oggi \u00e8 venuto a controllare i pulcini. &#8220;Sono venuto qui a vedere i pulcini&#8221;.<\/strong><\/p>\n<blockquote>\n<h2><span style=\"color: #ff0000;\">DOMANDE<\/span><\/h2>\n<\/blockquote>\n<p><strong>L&#8217;ALTO ADIGE IL 18 CON L&#8217;AUTONOMIA APRE TUTTO E SUBITO<\/strong>\u00a0 Abbiamo 75 positivi in pi\u00f9 in una Regione da 9000 tamponi al giorno, una percentuale ridicola. Non c&#8217;\u00e8 raffronto con altre Regioni e realt\u00e0 sanitarie.Uscir\u00e0 un documento delle Regioni che chiede le aperture immediate, lo scenario del 1 giugno per noi \u00e8 glaciale. Lo scenario epidemiologico \u00e8 notevolmente cambiato. Vogliamo riaprire non il 18 ma prima possibile.Siamo pronti, ma non abbiamo base giuridica per aprire. La Calabria \u00e8 davanti al TAR e non vogliamo finire nella stessa situazione, da evitare per il bene dei cittadini.<\/p>\n<p><strong>IMPIANTI A FUNE<\/strong> C&#8217;\u00e8 anche il problema della cassa integrazione alla quale non accedono.<\/p>\n<p><strong>SCUOLE<\/strong> Al momento non sappiamo nulla<\/p>\n<p><strong>MADE IN ITALY COME BUONI VACANZA<\/strong> Bella idea se c&#8217;\u00e8 l&#8217;avvallo del Governo.<\/p>\n<p><strong>SALE PROVE REGISTRAZIONI GRUPPI MUSICALI<\/strong> E&#8217; gi\u00e0 possibile chi ha detto il contrario, a noi non risulta non e&#8217; u assembramento. Si rispetti il distanziamento<\/p>\n<p><strong>DISTRIBUTORE DI LATTE E MOZZARELLE?<\/strong> Aperti anche la domenica, chiusi supermercati, centri commerciali, ferramenta solo quelle in ordinanza.<br \/>\n<strong>ESENZIONE TAMPONI?<\/strong> A noi risulta che \u00e8 confermata per tutti lo verificheremo per essere puntuali. In linea di principio non \u00e8 discrezionale.<\/p>\n<p><strong>TEST SIEROLOGICI C&#8217;E&#8217; UNA VALUTAZIONE?<\/strong> Andiamo avanti con le sperimentazioni. Ci sono 12 pazienti trattati e presenteremo la relazione prima inviata all&#8217;Istituto Superiore della Sanit\u00e0.<\/p>\n<p><strong>CHIAMATA PER DONARE IL SANGUE?<\/strong> Abbiamo scritto a tutti i direttori generali, ci penseranno loro a chiamare i malati guariti. E&#8217; un sangue particolare con la sua filiera, arriver\u00e0 una lettera a casa e chi vuole si mette disposizione. La banca ha gi\u00e0 dei depositi strada facendo. Adesso vogliamo fare una cosa a tappeto siamo stati i primi a costituire la banca del plasma<\/p>\n<p><strong>MASCHERINE<\/strong> Noi siamo diventati famosi ne abbiamo distribuire 10 milioni di Grafica Veneta che non abbiamo pagato perch\u00e8 ce le hanno regalate. Dobbiamo ora garantire il delta da 0.50 al prezzo di vendita,\u00a0 quando prodotto va ristorato dallo Stato. Poi arriveranno le mascherine cinesi che hanno costi di produzione molto minori di quelli italiani.<\/p>\n<p><strong>TAMPONI SUPERMERCATI<\/strong> Era un progetto sperimentale, siamo concentrati su altri fronti, ospedali ed altre imprese. Segnalero&#8217; questo aspetto.<\/p>\n<p>https:\/\/www.facebook.com\/zaiaufficiale\/videos\/2346493982312884<\/p>\n<p>&nbsp;<\/p>\n<hr \/>\n<p>&nbsp;<\/p>\n<blockquote>\n<h3>I DATI SULLE RSA DELLA ULSS 1 DOLOMITI<\/h3>\n<\/blockquote>\n<p><strong>BELLUNO<\/strong> La ULSS 1 Dolomiti, dopo la diffusione dei dati sui contagi delle case di riposo da parte della regione, precisa la situazione in provincia di Belluno<\/p>\n<p><strong>I DATI PROVINCIALI: STRUTTURE SENZA CONTAGI 19 (65,2%) CON CONTAGI 10 (34,48%). DA 1 A 5 CONTAGI 2 STRUTTURE (5 POSITIVI) , DA 6 A 10 CONTAGI\u00a0 2 STRUTTURE (9 POSITIVI)\u00a0 DA 11 A 20 1 STRUTTURA (7 POSITIVI)\u00a0 DA 21 A 50 CONTAGI 3 STRUTTURE\u00a0 (51 POSITIVI) DA 51 A 100 2 STRUTTURE (118 POSITIVI). DAL 21 APRILE -15 POSITIVI E UNA STRUTTURA IN MENO RIPULITA DAI CONTAGI.<br \/>\n<\/strong><\/p>\n<p><a class=\"dt-pswp-item\" href=\"https:\/\/www.radiopiu.net\/wordpress\/wp-content\/uploads\/2020\/05\/Schermata-2020-05-07-alle-15.59.54.png\" data-dt-img-description=\"\" data-large_image_width=\"1352\" data-large_image_height=\"1332\"><img loading=\"lazy\" decoding=\"async\" class=\"alignnone wp-image-135940 size-large\" src=\"https:\/\/www.radiopiu.net\/wordpress\/wp-content\/uploads\/2020\/05\/Schermata-2020-05-07-alle-15.59.54-1024x1009.png\" alt=\"\" width=\"1024\" height=\"1009\" srcset=\"https:\/\/www.radiopiu.net\/wordpress\/wp-content\/uploads\/2020\/05\/Schermata-2020-05-07-alle-15.59.54-1024x1009.png 1024w, https:\/\/www.radiopiu.net\/wordpress\/wp-content\/uploads\/2020\/05\/Schermata-2020-05-07-alle-15.59.54-300x296.png 300w, https:\/\/www.radiopiu.net\/wordpress\/wp-content\/uploads\/2020\/05\/Schermata-2020-05-07-alle-15.59.54-768x757.png 768w, https:\/\/www.radiopiu.net\/wordpress\/wp-content\/uploads\/2020\/05\/Schermata-2020-05-07-alle-15.59.54.png 1352w\" sizes=\"auto, (max-width: 1024px) 100vw, 1024px\" \/><\/a><\/p>\n<p>&nbsp;<\/p>\n<p>&nbsp;<\/p>\n<hr \/>\n<p>&nbsp;<\/p>\n<div class=\"page-title-head hgroup\">\n<blockquote>\n<h3 class=\"entry-title\">\u201cDE COCCIO\u201d: 36 SANZIONI IN 3 GIORNI<\/h3>\n<\/blockquote>\n<\/div>\n<div class=\"page-title-breadcrumbs\">\n<p><strong>BELLUNO<\/strong>\u00a0Altre 14 sanzioni nella giornata di mercoled\u00ec in seguito ai controlli per il contenimento del Covid-19 da parte delle Forze Dell\u2019Ordine. 547 le persone controllate in un solo giorno, 1640 da inizio settimana con 36 sanzioni inflitte. Sempre nella giornata di mercoled\u00ec sono stati controllati anche 1250 attivit\u00e0 commerciali e un titolare \u00e8 stato sanzionato.<\/p>\n<p class=\"photoswipe-wrapper\"><a class=\"dt-pswp-item pspw-wrap-ready\" href=\"https:\/\/i1.wp.com\/www.radiopiu.net\/wordpress\/wp-content\/uploads\/2020\/05\/MONITORAGGIO_GIORNALIERO_DEI_SERVIZI_DI_CONTROLLO_DEL_06.05.2020.jpg?ssl=1\" data-dt-img-description=\"\" data-large_image_width=\"1240\" data-large_image_height=\"1754\"><img loading=\"lazy\" decoding=\"async\" class=\"alignnone wp-image-135852 jetpack-lazy-image jetpack-lazy-image--handled\" src=\"https:\/\/i1.wp.com\/www.radiopiu.net\/wordpress\/wp-content\/uploads\/2020\/05\/MONITORAGGIO_GIORNALIERO_DEI_SERVIZI_DI_CONTROLLO_DEL_06.05.2020.jpg?resize=724%2C1024&amp;ssl=1\" sizes=\"auto, (max-width: 724px) 100vw, 724px\" srcset=\"https:\/\/i1.wp.com\/www.radiopiu.net\/wordpress\/wp-content\/uploads\/2020\/05\/MONITORAGGIO_GIORNALIERO_DEI_SERVIZI_DI_CONTROLLO_DEL_06.05.2020.jpg?resize=724%2C1024&amp;ssl=1 724w, https:\/\/i1.wp.com\/www.radiopiu.net\/wordpress\/wp-content\/uploads\/2020\/05\/MONITORAGGIO_GIORNALIERO_DEI_SERVIZI_DI_CONTROLLO_DEL_06.05.2020.jpg?resize=212%2C300&amp;ssl=1 212w, https:\/\/i1.wp.com\/www.radiopiu.net\/wordpress\/wp-content\/uploads\/2020\/05\/MONITORAGGIO_GIORNALIERO_DEI_SERVIZI_DI_CONTROLLO_DEL_06.05.2020.jpg?resize=768%2C1086&amp;ssl=1 768w, https:\/\/i1.wp.com\/www.radiopiu.net\/wordpress\/wp-content\/uploads\/2020\/05\/MONITORAGGIO_GIORNALIERO_DEI_SERVIZI_DI_CONTROLLO_DEL_06.05.2020.jpg?resize=1086%2C1536&amp;ssl=1 1086w, https:\/\/i1.wp.com\/www.radiopiu.net\/wordpress\/wp-content\/uploads\/2020\/05\/MONITORAGGIO_GIORNALIERO_DEI_SERVIZI_DI_CONTROLLO_DEL_06.05.2020.jpg?w=1240&amp;ssl=1 1240w\" alt=\"\" width=\"283\" height=\"400\" data-recalc-dims=\"1\" data-lazy-loaded=\"1\" \/><\/a><\/p>\n<p>&nbsp;<\/p>\n<p>&nbsp;<\/p>\n<hr \/>\n<p>&nbsp;<\/p>\n<\/div>\n<div class=\"page-title-head hgroup\">\n<blockquote>\n<h3 class=\"entry-title\">GUARDIA DI FINANZA: DAL 24 APRILE CONTROLLATE 775 PERSONE<\/h3>\n<\/blockquote>\n<\/div>\n<div class=\"page-title-breadcrumbs\"><strong class=\"photoswipe-wrapper\"><a class=\"dt-pswp-item pspw-wrap-ready\" href=\"https:\/\/i2.wp.com\/www.radiopiu.net\/wordpress\/wp-content\/uploads\/2020\/05\/CONTROLLI-GF-1-scaled.jpg?ssl=1\" data-dt-img-description=\"\" data-large_image_width=\"2560\" data-large_image_height=\"1700\"><img loading=\"lazy\" decoding=\"async\" class=\"size-medium wp-image-135847 alignleft jetpack-lazy-image jetpack-lazy-image--handled\" src=\"https:\/\/i1.wp.com\/www.radiopiu.net\/wordpress\/wp-content\/uploads\/2020\/05\/CONTROLLI-GF-1.jpg?resize=300%2C199&amp;ssl=1\" sizes=\"auto, (max-width: 300px) 100vw, 300px\" srcset=\"https:\/\/i2.wp.com\/www.radiopiu.net\/wordpress\/wp-content\/uploads\/2020\/05\/CONTROLLI-GF-1-scaled.jpg?resize=300%2C199&amp;ssl=1 300w, https:\/\/i2.wp.com\/www.radiopiu.net\/wordpress\/wp-content\/uploads\/2020\/05\/CONTROLLI-GF-1-scaled.jpg?resize=1024%2C680&amp;ssl=1 1024w, https:\/\/i2.wp.com\/www.radiopiu.net\/wordpress\/wp-content\/uploads\/2020\/05\/CONTROLLI-GF-1-scaled.jpg?resize=768%2C510&amp;ssl=1 768w, https:\/\/i2.wp.com\/www.radiopiu.net\/wordpress\/wp-content\/uploads\/2020\/05\/CONTROLLI-GF-1-scaled.jpg?resize=1536%2C1020&amp;ssl=1 1536w, https:\/\/i2.wp.com\/www.radiopiu.net\/wordpress\/wp-content\/uploads\/2020\/05\/CONTROLLI-GF-1-scaled.jpg?resize=2048%2C1360&amp;ssl=1 2048w, https:\/\/i2.wp.com\/www.radiopiu.net\/wordpress\/wp-content\/uploads\/2020\/05\/CONTROLLI-GF-1-scaled.jpg?w=2400&amp;ssl=1 2400w\" alt=\"\" width=\"300\" height=\"199\" data-recalc-dims=\"1\" data-lazy-loaded=\"1\" \/><\/a>BELLUNO\u00a0<\/strong>Terminata la cosiddetta \u201cFase 1\u201d, continua l\u2019attivit\u00e0 dei Finanzieri del Comando Provinciale della Guardia di Finanza di Belluno volta alla prevenzione e tutela della salute pubblica, dal 24 aprile sono state impiegate su strada 74 pattuglie nell\u2019intero territorio provinciale, da sommare a 43 ulteriori pattuglie del Soccorso Alpino\/S.A.G.F. \u2013 di Cortina d\u2019Ampezzo e di Auronzo di Cadore presso i principali sentieri turistici di montagna delle dolomiti bellunesi, sono stati effettuati\u00a0 775 controlli, sia nei confronti di persone fisiche che di esercizi commerciali.<span class=\"Apple-converted-space\">\u00a0\u00a0<\/span>Prosegue, analogamente, anche in \u201cFase 2\u201d, il costante monitoraggio delle farmacie e parafarmacie della provincia bellunese, avendo effettuato nei confronti di queste ultime 40 controlli complessivi, dai quali nell\u2019ultima settimana non sono emerse particolari irregolarit\u00e0.<span class=\"Apple-converted-space\">\u00a0\u00a0<\/span>Con riferimento all\u2019acquisto di mascherine protettive, dispositivi di protezione individuale (DPI) e presidi medico-chirurgici (PMI), il Comando Provinciale della Guardia di Finanza di Belluno continua ad invitare la cittadinanza a richiedere, al momento dell\u2019acquisto, dispositivi di protezione individuali conformi alla normativa vigente ed approvati dagli Organismi Sanitari competenti, verificando attentamente e scrupolosamente il prodotto di cui ci si sta approvvigionando, affinch\u00e9 nessuno possa \u201capprofittarsi\u201d della buona fede altrui in questa situazione emergenziale dovuta alla\u00a0<i class=\"photoswipe-wrapper\">pandemia da COVID-19.\u00a0<a class=\"dt-pswp-item pspw-wrap-ready\" href=\"https:\/\/i1.wp.com\/www.radiopiu.net\/wordpress\/wp-content\/uploads\/2020\/05\/CONTROLLI-GF.jpg?ssl=1\" data-dt-img-description=\"\" data-large_image_width=\"1280\" data-large_image_height=\"960\"><img loading=\"lazy\" decoding=\"async\" class=\"wp-image-135848 alignright jetpack-lazy-image jetpack-lazy-image--handled\" src=\"https:\/\/i1.wp.com\/www.radiopiu.net\/wordpress\/wp-content\/uploads\/2020\/05\/CONTROLLI-GF.jpg?resize=335%2C251&amp;ssl=1\" sizes=\"auto, (max-width: 335px) 100vw, 335px\" srcset=\"https:\/\/i1.wp.com\/www.radiopiu.net\/wordpress\/wp-content\/uploads\/2020\/05\/CONTROLLI-GF.jpg?resize=300%2C225&amp;ssl=1 300w, https:\/\/i1.wp.com\/www.radiopiu.net\/wordpress\/wp-content\/uploads\/2020\/05\/CONTROLLI-GF.jpg?resize=1024%2C768&amp;ssl=1 1024w, https:\/\/i1.wp.com\/www.radiopiu.net\/wordpress\/wp-content\/uploads\/2020\/05\/CONTROLLI-GF.jpg?resize=768%2C576&amp;ssl=1 768w, https:\/\/i1.wp.com\/www.radiopiu.net\/wordpress\/wp-content\/uploads\/2020\/05\/CONTROLLI-GF.jpg?w=1280&amp;ssl=1 1280w\" alt=\"\" width=\"270\" height=\"202\" data-recalc-dims=\"1\" data-lazy-loaded=\"1\" \/><\/a><\/i>Al riguardo, si rammenta che \u00e8 sempre a disposizione dell\u2019intera collettivit\u00e0 il numero di pubblica utilit\u00e0 \u201c117\u201d per eventuali segnalazioni di episodi di interesse per la Guardia di Finanza, in ragione delle peculiari funzioni di Polizia economico \u2013 finanziaria. I successivi eventuali interventi saranno tanto pi\u00f9 incisivi quanto pi\u00f9 gli elementi forniti saranno circostanziati e documentati. Le attivit\u00e0 a tutela della collettivit\u00e0 proseguiranno, a cura dei Reparti dipendenti dal Comando Provinciale di Belluno, per tutto il periodo dell\u2019emergenza sanitaria.<\/div>\n<div><\/div>\n<div><\/div>\n<div>\n<hr \/>\n<\/div>\n<p>&nbsp;<\/p>\n<blockquote>\n<h3>DAL 18 MAGGIO SI POTRANNO CELEBRARE LE MESSE CON I FEDELI<\/h3>\n<\/blockquote>\n<p><strong><a class=\"dt-pswp-item\" href=\"https:\/\/www.radiopiu.net\/wordpress\/wp-content\/uploads\/2020\/05\/CHIESA-INTERNO.jpg\" data-dt-img-description=\"\" data-large_image_width=\"1920\" data-large_image_height=\"1280\"><img loading=\"lazy\" decoding=\"async\" class=\"wp-image-135924 alignleft\" src=\"https:\/\/www.radiopiu.net\/wordpress\/wp-content\/uploads\/2020\/05\/CHIESA-INTERNO-300x200.jpg\" alt=\"\" width=\"176\" height=\"117\" srcset=\"https:\/\/www.radiopiu.net\/wordpress\/wp-content\/uploads\/2020\/05\/CHIESA-INTERNO-300x200.jpg 300w, https:\/\/www.radiopiu.net\/wordpress\/wp-content\/uploads\/2020\/05\/CHIESA-INTERNO-1024x683.jpg 1024w, https:\/\/www.radiopiu.net\/wordpress\/wp-content\/uploads\/2020\/05\/CHIESA-INTERNO-768x512.jpg 768w, https:\/\/www.radiopiu.net\/wordpress\/wp-content\/uploads\/2020\/05\/CHIESA-INTERNO-1536x1024.jpg 1536w, https:\/\/www.radiopiu.net\/wordpress\/wp-content\/uploads\/2020\/05\/CHIESA-INTERNO.jpg 1920w\" sizes=\"auto, (max-width: 176px) 100vw, 176px\" \/><\/a>ROMA\u00a0<\/strong>\u00c8 stato firmato ieri mattina, a Palazzo Chigi, il Protocollo che permetter\u00e0 la ripresa delle celebrazioni con il popolo. Entrer\u00e0 in vigore dal 18 maggio.<\/p>\n<p><strong>IL DOCUMENTO<\/strong><\/p>\n<a href=\"https:\/\/www.radiopiu.net\/wordpress\/wp-content\/uploads\/2020\/05\/protocollo-messe.pdf\" class=\"pdfemb-viewer\" style=\"\" data-width=\"max\" data-height=\"max\" data-toolbar=\"top\" data-toolbar-fixed=\"on\">protocollo messe<\/a>\n<p>&nbsp;<\/p>\n<p>&nbsp;<\/p>\n<hr \/>\n<p>&nbsp;<\/p>\n<div class=\"page-title-head hgroup\">\n<blockquote>\n<h3 class=\"entry-title\">FINE DEL LOCKDOWN E PRIMI INCIDENTI IN MONTAGNA<\/h3>\n<\/blockquote>\n<\/div>\n<div class=\"page-title-breadcrumbs\"><strong class=\"photoswipe-wrapper\"><img loading=\"lazy\" decoding=\"async\" class=\"wp-image-136004 alignleft jetpack-lazy-image jetpack-lazy-image--handled\" src=\"https:\/\/i0.wp.com\/www.radiopiu.net\/wordpress\/wp-content\/uploads\/2020\/05\/IMG-20200507-WA0034.jpg?resize=230%2C173&amp;ssl=1\" sizes=\"auto, (max-width: 230px) 100vw, 230px\" srcset=\"https:\/\/i0.wp.com\/www.radiopiu.net\/wordpress\/wp-content\/uploads\/2020\/05\/IMG-20200507-WA0034.jpg?resize=300%2C225&amp;ssl=1 300w, https:\/\/i0.wp.com\/www.radiopiu.net\/wordpress\/wp-content\/uploads\/2020\/05\/IMG-20200507-WA0034.jpg?resize=1024%2C768&amp;ssl=1 1024w, https:\/\/i0.wp.com\/www.radiopiu.net\/wordpress\/wp-content\/uploads\/2020\/05\/IMG-20200507-WA0034.jpg?resize=768%2C576&amp;ssl=1 768w, https:\/\/i0.wp.com\/www.radiopiu.net\/wordpress\/wp-content\/uploads\/2020\/05\/IMG-20200507-WA0034.jpg?resize=1536%2C1152&amp;ssl=1 1536w, https:\/\/i0.wp.com\/www.radiopiu.net\/wordpress\/wp-content\/uploads\/2020\/05\/IMG-20200507-WA0034.jpg?w=2048&amp;ssl=1 2048w\" alt=\"\" width=\"230\" height=\"173\" data-recalc-dims=\"1\" data-lazy-loaded=\"1\" \/>SOSPIROLO<\/strong>\u00a0 Alle 14.40 de i ieri 118 e Soccorso Alpino in azione\u00a0 sul Monte Sperone. Gli uomini del Cnsas hanno individuato un bellunese di 73 anni\u00a0 a circa 1.100 metri di quota, si sono rivelate fondamentali le\u00a0 coordinate fornite dall\u2019uomo, che non era solo ma\u00a0 in compagnia. Si \u00e8 infortunato cadendo mentre percorreva il sentiero procurandosi escoriazioni ed un trauma cranico. A prestargli le prime cure il personale sanitario e il tecnico di elisoccorso dell\u2019elicottero del Suem di Pieve di Cadore, sbarcati in hovering nelle vicinanze, l\u2019infortunato \u00e8 stato imbarcato e trasportato all\u2019ospedale di Feltre.<\/div>\n<div><\/div>\n<div><\/div>\n<div>\n<hr \/>\n<\/div>\n<h3><\/h3>\n<blockquote>\n<h3>TRASPORTI LUXOTTICA: I PRIMI COLLEGAMENTI ATTIVATI<\/h3>\n<\/blockquote>\n<p><strong><a class=\"dt-pswp-item\" href=\"https:\/\/www.radiopiu.net\/wordpress\/wp-content\/uploads\/2020\/05\/AUTOBUS.jpg\" data-dt-img-description=\"\" data-large_image_width=\"1920\" data-large_image_height=\"1280\"><img loading=\"lazy\" decoding=\"async\" class=\"size-medium wp-image-135820 alignleft\" src=\"https:\/\/www.radiopiu.net\/wordpress\/wp-content\/uploads\/2020\/05\/AUTOBUS-300x200.jpg\" alt=\"\" width=\"300\" height=\"200\" srcset=\"https:\/\/www.radiopiu.net\/wordpress\/wp-content\/uploads\/2020\/05\/AUTOBUS-300x200.jpg 300w, https:\/\/www.radiopiu.net\/wordpress\/wp-content\/uploads\/2020\/05\/AUTOBUS-1024x683.jpg 1024w, https:\/\/www.radiopiu.net\/wordpress\/wp-content\/uploads\/2020\/05\/AUTOBUS-768x512.jpg 768w, https:\/\/www.radiopiu.net\/wordpress\/wp-content\/uploads\/2020\/05\/AUTOBUS-1536x1024.jpg 1536w, https:\/\/www.radiopiu.net\/wordpress\/wp-content\/uploads\/2020\/05\/AUTOBUS.jpg 1920w\" sizes=\"auto, (max-width: 300px) 100vw, 300px\" \/><\/a>AGORDO<\/strong> Il servizio di trasporto per i dipendenti Luxottica sembra cominciare a partire. La prima corsa \u00e8 stata messa a disposizione da DolomitiBus. Ad ufficializzare la notizia Emilio Bez, coordinatore UILTEC e membro della commissione trasporti dello stabilimento di Agordo. &#8220;<em>Alcune\u00a0delle domande pi\u00f9\u00a0ricorrenti che riceviamo riguardano i trasporti per recarsi al lavoro e in particolare il servizio di autobus ma la situazione\u00a0in questo periodo\u00a0\u00e8 ovviamente molto complessa<\/em>&#8221; dice Bez &#8220;<em>Dalla ripresa dell&#8217;attivit\u00e0 fino ad oggi, non vi era pi\u00f9 stato un servizio autobus utilizzabile dai lavoratori della zona di Valcozzena-Brugnach poich\u00e8 le pochissime corse attive in questo periodo transitavano solamente dall&#8217;autostazione di Agordo. Dal 7 maggio Dolomitibus ripristina anche il tratto di collegamento con la zona industriale di Agordo<\/em>&#8220;. Non tutte le tratte per\u00f2 verranno riattivate, alcune potranno essere utilizzate dai lavoratori a giornata ma restano diverse tratte non ancora riattivate n\u00e9 a giornata n\u00e9 tantomeno a turni. &#8220;<em>Non c&#8217;\u00e8 da meravigliarsi &#8211; continua Emilio Bez &#8211; vista la complicata situazione che stanno vivendo tutte le aziende di trasporto pubblico, alle prese col susseguirsi di decreti e ordinanze dettate dall&#8217;emergenza sanitaria in cui ci troviamo da mesi e con prescrizioni da rispettare anch&#8217;esse in continua evoluzione: limitazioni al numero di passeggeri trasportabili, distanziamento dei posti, dispenser di igienizzante e altro ancora<\/em>&#8220;. Non si sa ancora quante e quali saranno le corse che nelle prossime settimane verranno riattivate. Al momento i dipendenti arrivano in frazione Valcozzena con i mezzi propri e non ci sono problemi di parcheggio. &#8220;<em>Se la mancanza degli autobus ha avuto in questo periodo un impatto relativamente limitato sulla congestione dei parcheggi, questo \u00e8 dovuto al ridotto flusso quotidiano di lavoratori nell&#8217;area; con il risalire dei livelli produttivi un servizio di trasporto collettivo torner\u00e0 ad essere indispensabile&#8221; conclude Bez<\/em><\/p>\n<p>&nbsp;<\/p>\n<p>&nbsp;<\/p>\n<hr \/>\n<p>&nbsp;<\/p>\n<blockquote>\n<h3>TRASPORTO PUBBLICO LOCALE, PD: \u201cNECESSARIO UN PATTO TRA ISTITUZIONI PER GARANTIRE ALLE AZIENDE LE RISORSE PER IL 2020 E 2021, ALTRIMENTI IL SISTEMA RISCHIA IL COLLASSO\u201d<\/h3>\n<\/blockquote>\n<p><strong><a class=\"dt-pswp-item\" href=\"https:\/\/www.radiopiu.net\/wordpress\/wp-content\/uploads\/2018\/11\/PD.png\" data-dt-img-description=\"\" data-large_image_width=\"226\" data-large_image_height=\"182\"><img loading=\"lazy\" decoding=\"async\" class=\"size-full wp-image-67744 alignleft\" src=\"https:\/\/www.radiopiu.net\/wordpress\/wp-content\/uploads\/2018\/11\/PD.png\" alt=\"\" width=\"226\" height=\"182\" \/><\/a>VENEZIA<\/strong> \u201c<em>Per le aziende di trasporto pubblico si pone un serio problema di sostenibilit\u00e0 finanziaria, con perdite per milioni di euro. Per questo siamo convinti che la collaborazione tra istituzioni diventi cruciale: stiamo parlando di un servizio fondamentale e perci\u00f2 dobbiamo garantire le stesse risorse sia per l\u2019anno in corso che per il prossimo, altrimenti il sistema rischia il collasso. Ma non basta. Chiediamo anche alla Regione Veneto di fare la propria parte: dimostri di voler realmente cambiare passo in termini di investimenti rispetto al passato<\/em>\u201d. \u00c8 l\u2019invito del gruppo consiliare del Partito Democratico con il capogruppo Stefano Fracasso, la vice Francesca Zottis e i colleghi Graziano Azzalin, Anna Maria Bigon, Bruno Pigozzo, Claudio Sinigaglia e Andrea Zanoni, al termine della seduta odierna della Seconda commissione. \u201c<em>Avevamo chiesto l\u2019audizione delle aziende del trasporto pubblico al fine di capire quale fosse il quadro attuale e quali siano state le maggiori criticit\u00e0 emerse nella fase uno e quelle della fase due. Il lato positivo \u00e8 che resta inalterato il Fondo nazionale garantendo cos\u00ec gli stessi finanziamenti a fronte di servizi che non si sono potuti fornire, il Governo ha poi aggiunto con il Decreto Liquidit\u00e0 altri 800 milioni per il Tpl. Sar\u00e0 importante la velocit\u00e0 di erogazione da parte dello Stato e della Regione, ma ancora non \u00e8 sufficiente. Per questo sollecitiamo la Giunta a dare il proprio contributo, cos\u00ec da assicurare il mantenimento dei servizi e la qualit\u00e0 offerta. Inoltre \u00e8 necessario rispondere alla richiesta di molte famiglie di rimborso di abbonamenti non usufruiti, tema che non pu\u00f2 ricadere solo sulle spalle delle aziende<\/em>\u201d. Ma il gruppo dem avanza anche proposte per la fase 2 con una \u2018normalit\u00e0\u2019 che sar\u00e0 per forza di cose assai diversa: \u201c<em>Dobbiamo cogliere l\u2019occasione per fare finalmente quel passo avanti di integrazione tra gomma e ferro, tariffa unica, biglietto integrato. Non possiamo pi\u00f9 permetterci duplicazioni di linee, scarsa integrazione e, pi\u00f9 in generale, l\u2019ennesimo rinvio della riorganizzazione complessiva del Tpl. La revisione del Piano Trasporti e la creazione di un osservatorio che permetta un monitoraggio costante e preciso della domanda diventa ora impellente per rispondere alle criticit\u00e0 Covid, in modo da assicurare servizi integrati e flessibili, rispondendo alla domanda reale che \u00e8 estremamente diversificata. Il trasporto scolastico per esempio richiede certezze e quindi \u00e8 necessario un coordinamento immediato con le rappresentanze scolastiche e dei Comuni che non possono e non devono subire le scelte economiche e programmatorie. Infine pensiamo sia cruciale affrontare con aziende e forze sindacali il tema \u2018droplet\u2019 ed \u00e8 possibile aprire un tavolo anche senza aspettare il Governo, al fine di farsi portavoce di eventuali soluzioni in concertazione con le altre Regioni, proprio come si sta facendo per altri settori<\/em>\u201d.<\/p>\n<p>&nbsp;<\/p>\n<p>&nbsp;<\/p>\n<hr \/>\n<p>&nbsp;<\/p>\n<div class=\"page-title-head hgroup\">\n<blockquote>\n<h3 class=\"entry-title\">AGORDINO DOVE RINASCONO LE DOLOMITI \u2013 DONAZIONE ALL\u2019OSPEDALE DI AGORDO<\/h3>\n<\/blockquote>\n<\/div>\n<div class=\"page-title-breadcrumbs\">\n<p class=\"p1 photoswipe-wrapper\"><a class=\"dt-pswp-item pspw-wrap-ready\" href=\"https:\/\/i1.wp.com\/www.radiopiu.net\/wordpress\/wp-content\/uploads\/2020\/05\/edan-x10-2.jpeg?ssl=1\" data-dt-img-description=\"\" data-large_image_width=\"500\" data-large_image_height=\"448\"><img loading=\"lazy\" decoding=\"async\" class=\"size-medium wp-image-135828 alignleft jetpack-lazy-image jetpack-lazy-image--handled\" src=\"https:\/\/i1.wp.com\/www.radiopiu.net\/wordpress\/wp-content\/uploads\/2020\/05\/edan-x10-2.jpeg?resize=300%2C269&amp;ssl=1\" sizes=\"auto, (max-width: 300px) 100vw, 300px\" srcset=\"https:\/\/i1.wp.com\/www.radiopiu.net\/wordpress\/wp-content\/uploads\/2020\/05\/edan-x10-2.jpeg?resize=300%2C269&amp;ssl=1 300w, https:\/\/i1.wp.com\/www.radiopiu.net\/wordpress\/wp-content\/uploads\/2020\/05\/edan-x10-2.jpeg?w=500&amp;ssl=1 500w\" alt=\"\" width=\"300\" height=\"269\" data-recalc-dims=\"1\" data-lazy-loaded=\"1\" \/><\/a><strong>AGORDO<\/strong> L\u2019associazione Agordino dove rinascono le Dolomiti all\u2019inizio dell\u2019emergenza si \u00e8 chiesta cosa poteva fare per dare una mano alle persone sul territorio, avevamo pensato di comprare le mascherine ma erano davvero introvabili, per cui abbiamo fatto la cosa che ci sembrava pi\u00f9 sensata, chiedere alla Ulss di Belluno cosa potesse servire per i nostri ospedali, abbiamo cosi concordato l\u2019acquisto di due monitor che servono per tenere sotto controllo i segni vitali del paziente come frequenza e qualit\u00e0 della traccia cardiaca, pressione, frequenza respiratoria e percentuale di ossigeno, strumenti utili per osservare tempestivamente il cambiamento di uno o pi\u00f9 parametri e quindi intervenire. Servono anche a misurare la pressione in maniera automatica alleggerendo il lavoro infermieristico. Ci \u00e8 voluto abbastanza tempo per farli arrivare perch\u00e8 l\u2019emergenza ha bloccato gli strumenti sanitari alle dogane, c\u2019era una vera corsa all\u2019approvvigionamento, comunque in questa settimana questi monitori saranno collaudati all\u2019ospedale di Agordo. Siamo molto contente di poter dare un piccolo contributo al nostro ospedale e dobbiamo dire grazie agli agordini che seguono il nostro sito, la pagina Facebook e instagram contribuendo con le loro storie e immagini alla narrazione e promozione del territorio e che anche quest\u2019anno hanno richiesto la maglietta o il calendario le cui immagini sono state donate nel tempo da Ylenia Vassere, Claudio Ghizzo, Roberto Sorame\u00e8, Mario De Marco, senza scordare le ricette di Giuliana Da Ronch e le sue foto. Con questi gadget riusciamo a fare queste donazioni.<\/p>\n<p class=\"p1\">In questi giorni abbiamo rinnovato anche il sito\u00a0<a href=\"https:\/\/www.agordinodoverinasconoledolomiti\/\">www.agordinodoverinasconoledolomiti.it<\/a>\u00a0che si espande e diventa pi\u00f9 interessante con una parte di articoli e una di schede aziende associazioni, negozi, attivit\u00e0. Stiamo raccogliendo con piacere molte collaborazioni e incoraggiamenti, che per noi sono la cosa pi\u00f9 gradita.<\/p>\n<p>&nbsp;<\/p>\n<p>&nbsp;<\/p>\n<hr \/>\n<p>&nbsp;<\/p>\n<blockquote>\n<h3>WELFARE AZIENDALE ASCA : \u201cL\u2019 IMPEGNO PER CHI SI PRENDE CURA 2020\u201d<\/h3>\n<\/blockquote>\n<p style=\"font-weight: 400;\"><strong><a class=\"dt-pswp-item\" href=\"https:\/\/www.radiopiu.net\/wordpress\/wp-content\/uploads\/2020\/04\/ASCA.png\" data-dt-img-description=\"\" data-large_image_width=\"1211\" data-large_image_height=\"668\"><img loading=\"lazy\" decoding=\"async\" class=\"size-medium wp-image-128881 alignleft\" src=\"https:\/\/www.radiopiu.net\/wordpress\/wp-content\/uploads\/2020\/04\/ASCA-300x165.png\" alt=\"\" width=\"300\" height=\"165\" srcset=\"https:\/\/www.radiopiu.net\/wordpress\/wp-content\/uploads\/2020\/04\/ASCA-300x165.png 300w, https:\/\/www.radiopiu.net\/wordpress\/wp-content\/uploads\/2020\/04\/ASCA-1024x565.png 1024w, https:\/\/www.radiopiu.net\/wordpress\/wp-content\/uploads\/2020\/04\/ASCA-768x424.png 768w, https:\/\/www.radiopiu.net\/wordpress\/wp-content\/uploads\/2020\/04\/ASCA.png 1211w\" sizes=\"auto, (max-width: 300px) 100vw, 300px\" \/><\/a>AGORDO\u00a0<\/strong>A partire dallo stipendio di aprile ASCA premia i propri collaboratori con risorse importanti che si vanno consolidando di anno in anno e, il lavoratore che raggiunge il massimo della valutazione (premio di risultato) si porta a casa 3.300 euro all\u2019anno, partendo da uno stipendio che \u00e8 lo stesso di quello delle IPAB ( istituzioni pubbliche) dato che ASCA applica il contratto dell\u2019Uneba per la parte normativa, equiparandolo per\u00f2 a quello degli enti locali per la parte salariale.\u00a0Inoltre, per fidelizzare le persone che svolgendo le pi\u00f9 svariate professioni restano in Azienda due anni, vengono erogati 1.500 euro una tantum al raggiungimento della meta (premio fedelt\u00e0).<\/p>\n<p style=\"font-weight: 400;\"><strong>I PREMI\u00a0<\/strong>Il premio di risultato \u00e8 legato alla valutazione individuale, alla presenza effettiva in servizio, al raggiungimento di obiettivi generali che erano rappresentati dal rilascio della certificazione di qualit\u00e0 e dalla valutazione sul servizio, da parte dei familiari; quest\u2019ultima, per permettere il raggiungimento del premio citato, doveva essere ancora pi\u00f9 positiva dell\u2019anno precedente.\u00a0Il lavoratore pu\u00f2 scegliere la modalit\u00e0 di liquidazione del premio dovuto direttamente sulla piattaforma del provider Wlefare4you scelto da ASCA e sar\u00e0 possibile scegliere fra l\u2019erogazione monetaria esclusiva al netto di tasse e contributi o servizi di Welfare, oppure una percentuale di erogazione monetaria mista a servizi.\u00a0Il \u201c premio fedelt\u00e0 ASCA 2020\u201d verr\u00e0 corrisposto esclusivamente in forma di beni e servizi di Welfare.\u00a0Chi sceglier\u00e0 il welfare potr\u00e0 godere di un ricco paniere di servizi ad esempio rimborsi per spese in materia di istruzione dei figli per ogni ordine e grado di istruzione o per spese di assistenza per anziani non autosufficienti, voucher o buoni spesa, acquisti diretti per attivit\u00e0 ricreative ed educative (abbonamenti palestre, viaggi, corsi formativi\u2026), assistenza sociale e sanitaria (check up medici), buoni pasto. Potr\u00e0 inoltre investire il proprio importo nel fondo pensione Solidariet\u00e0 Veneto o in un fondo pensione scelto dal singolo lavoratore.\u00a0Complessivamente l\u2019Azienda, per l\u2019anno 2019, investe sui premi 207.000 euro.<\/p>\n<p><strong>IL SERVIZIO DI GIANNI SANTOMASO<\/strong><\/p>\n<audio class=\"wp-audio-shortcode\" id=\"audio-135812-2\" preload=\"none\" style=\"width: 100%;\" controls=\"controls\"><source type=\"audio\/mpeg\" src=\"https:\/\/www.radiopiu.net\/wordpress\/wp-content\/uploads\/2020\/05\/GIANNI-ASCA.mp3?_=2\" \/><a href=\"https:\/\/www.radiopiu.net\/wordpress\/wp-content\/uploads\/2020\/05\/GIANNI-ASCA.mp3\">https:\/\/www.radiopiu.net\/wordpress\/wp-content\/uploads\/2020\/05\/GIANNI-ASCA.mp3<\/a><\/audio>\n<p>&nbsp;<\/p>\n<p>&nbsp;<\/p>\n<hr \/>\n<p>&nbsp;<\/p>\n<blockquote>\n<h3>CONFINDUSTRIA PER LA MONTAGNA RAFFORZA IL PATTO CON UNCEM: INSIEME PER IL POST-COVID SU INNOVAZIONE, SOSTENIBILITA&#8217;, SEMPLIFICAZIONE<\/h3>\n<\/blockquote>\n<p><strong><a class=\"dt-pswp-item\" href=\"https:\/\/www.radiopiu.net\/wordpress\/wp-content\/uploads\/2020\/04\/UNCEM.jpg\" data-dt-img-description=\"\" data-large_image_width=\"500\" data-large_image_height=\"500\"><img loading=\"lazy\" decoding=\"async\" class=\" wp-image-133399 alignleft\" src=\"https:\/\/www.radiopiu.net\/wordpress\/wp-content\/uploads\/2020\/04\/UNCEM-300x300.jpg\" alt=\"\" width=\"139\" height=\"139\" srcset=\"https:\/\/www.radiopiu.net\/wordpress\/wp-content\/uploads\/2020\/04\/UNCEM-300x300.jpg 300w, https:\/\/www.radiopiu.net\/wordpress\/wp-content\/uploads\/2020\/04\/UNCEM-150x150.jpg 150w, https:\/\/www.radiopiu.net\/wordpress\/wp-content\/uploads\/2020\/04\/UNCEM.jpg 500w\" sizes=\"auto, (max-width: 139px) 100vw, 139px\" \/><\/a>ROMA<\/strong> Sono\u00a0tre gli assi di lavoro che vedono Confindustria per la Montagna &#8211; rete nazionale dell&#8217;Associazione di imprese &#8211; e Uncem\u00a0definire un nuovo patto per il post-covid19.\u00a0Semplificazione, sostenibilit\u00e0, innovazione. Lo hanno confermato stamani Andrea Ferrazzi, Direttore Confindustria Belluno-Dolomiti, Florindo Rubbettino, Confindustria Calabria, e Marco Bussone, Presidente nazionale Uncem, in un webinar molto partecipato e denso di contenuti. Da due anni prosegue il legame tra Confindustria e il sistema di Enti locali montani attraverso Uncem. &#8220;Oggi viene rafforzato &#8211; spiega Marco Bussone &#8211; ripartendo da Stati generali della Montagna, &#8216;Piattaforma Montagna&#8217; Uncem e altri temi connessi al contrasto al coronavirus, alle nuove &#8216;fasi&#8217; del Paese e alle sfide ai cambiamenti climatici. Un\u00a0nuovo patto tra privato e pubblico, con terzo settore e anche universit\u00e0 italiane, dal quale la montagna non pu\u00f2 prescindere&#8221;. Cos\u00ec la pensa anche Florindo Rubbettino, editore, insediato con la sua impresa in un&#8217;area strategica per il Paese, troppo spesso messa ai margini dalla politica-economica nazionale. &#8220;Assistiamo a un processo di ritorno verso i territori &#8211; riflette Rubbettino &#8211; in primo luogo ritorno culturale che costruisce un\u00a0nuovo immaginario della montagna. Puntiamo su innovazione e\u00a0conserviamo i valori morali dello sviluppo, fiducia e senso del limite. Le aree montane e rurali del Paese li insegnano anche per una sensibilizzazione delle Istituzioni nelle quali crediamo&#8221;.<\/p>\n<p>&nbsp;<\/p>\n<p>&nbsp;<\/p>\n<hr \/>\n<p>&nbsp;<\/p>\n<blockquote>\n<h3>BOND (FI): GOVERNO SIA VICINO A IMPRESE, BLOCCO IMPOSTE PER 2020<\/h3>\n<\/blockquote>\n<p><strong><a class=\"dt-pswp-item\" href=\"https:\/\/www.radiopiu.net\/wordpress\/wp-content\/uploads\/2019\/02\/bond1-e1550408229859.jpg\" data-dt-img-description=\"\" data-large_image_width=\"720\" data-large_image_height=\"416\"><img loading=\"lazy\" decoding=\"async\" class=\"size-medium wp-image-75798 alignleft\" src=\"https:\/\/www.radiopiu.net\/wordpress\/wp-content\/uploads\/2019\/02\/bond1-e1550408229859-300x173.jpg\" alt=\"\" width=\"300\" height=\"173\" srcset=\"https:\/\/www.radiopiu.net\/wordpress\/wp-content\/uploads\/2019\/02\/bond1-e1550408229859-300x173.jpg 300w, https:\/\/www.radiopiu.net\/wordpress\/wp-content\/uploads\/2019\/02\/bond1-e1550408229859.jpg 720w\" sizes=\"auto, (max-width: 300px) 100vw, 300px\" \/><\/a>ROMA<\/strong> \u201cIl primo caso di suicidio causa Covid avvenuto a Napoli non pu\u00f2 lasciarci indifferenti, come politici e, nel mio caso, anche come imprenditori. Mentre il Paese si avvia alla ripartenza nell\u2019incertezza totale &#8211; basti pensare che in queste ore, a pochi giorni dalla prima apertura del 4 maggio e l\u2019annuncio dei prossimi step da seguire del 18 maggio e del 1 giugno, il Governo sta gi\u00e0 ridefinendo le date con possibilit\u00e0 di anticipare le riaperture di alcuni esercizi rispetto a quanto previsto (e ben vengano le anticipazioni) &#8211; un imprenditore muore. Muore affranto dalle incombenze burocratiche, dai pagamenti, dall\u2019impossibilit\u00e0 di ottemperare agli impegni presi, dalla mancanza di un quadro chiaro su come poter affrontare la ripartenza. Muore senza una prospettiva e abbandonato da uno Stato che lo ha illuso e poi lasciato a se stesso a fronteggiare i danni di una pandemia della quale era stato gi\u00e0 vittima e non artefice\u201d. Cos\u00ec interviene il deputato di Forza Italia, Dario Bond in una nota.<\/p>\n<p><strong>DARIO BOND DEPUTATO DI FORZA ITALIA<\/strong><\/p>\n<audio class=\"wp-audio-shortcode\" id=\"audio-135812-3\" preload=\"none\" style=\"width: 100%;\" controls=\"controls\"><source type=\"audio\/mpeg\" src=\"https:\/\/www.radiopiu.net\/wordpress\/wp-content\/uploads\/2020\/05\/BOND-NAPOLI.mp3?_=3\" \/><a href=\"https:\/\/www.radiopiu.net\/wordpress\/wp-content\/uploads\/2020\/05\/BOND-NAPOLI.mp3\">https:\/\/www.radiopiu.net\/wordpress\/wp-content\/uploads\/2020\/05\/BOND-NAPOLI.mp3<\/a><\/audio>\n<p>&nbsp;<\/p>\n<hr \/>\n<p>&nbsp;<\/p>\n<blockquote>\n<h3>CONFEDILIZIA: PER GLI AFFITTI COMMERCIALI SERVE UN RISTORO EFFETTIVO<\/h3>\n<\/blockquote>\n<p><strong><a class=\"dt-pswp-item\" href=\"https:\/\/www.radiopiu.net\/wordpress\/wp-content\/uploads\/2017\/03\/confedilizia.png\" data-dt-img-description=\"\" data-large_image_width=\"709\" data-large_image_height=\"283\"><img loading=\"lazy\" decoding=\"async\" class=\"size-medium wp-image-29805 alignleft\" src=\"https:\/\/www.radiopiu.net\/wordpress\/wp-content\/uploads\/2017\/03\/confedilizia-300x120.png\" alt=\"\" width=\"300\" height=\"120\" \/><\/a>BELLUNO<\/strong> La questione relativa agli affitti dei locali utilizzati per attivit\u00e0 commerciali e che hanno visto la riduzione ed in alcuni casi la sospensione dell\u2019attivit\u00e0 \u00e8 un tema che coinvolge proprietari ed inquilini ed al quale lo Stato cerca di porre rimedio. Il presidente della Confedilizia Veneta Michele Vigne al riguardo ha dichiarato: \u201cLa decisione del Governo di porre a carico dello Stato tre mesi di affitti delle attivit\u00e0 economiche e commerciali in difficolt\u00e0 \u00e8 importante e dimostra che l\u2019Esecutivo ha compreso che per salvare queste attivit\u00e0 occorre preservare i rapporti di locazione sui quali esse si fondano. Perch\u00e9 l\u2019obiettivo sia raggiunto, per\u00f2, &#8211; ha proseguito Vigne &#8211; occorre che il ristoro sia reale e garantisca l\u2019effettivo pagamento dei canoni alle imprese e alle famiglie locatrici. A tal fine, la strada maestra \u00e8 quella del trasferimento di liquidit\u00e0 espressamente destinata allo scopo, come le dichiarazioni di diversi esponenti del Governo, in particolare del Ministero dell&#8217;Economia e delle Finanze, avevano lasciato intendere.<span class=\"Apple-converted-space\">\u00a0<\/span>Le anticipazioni del Ministro allo Sviluppo Economico Patuanelli, invece, tornano a fare riferimento ad un credito di imposta in favore dei conduttori, pur fortemente rafforzato (cento per cento del canone), esteso (tre mensilit\u00e0) ed ampliato (tutte le attivit\u00e0 che hanno sub\u00ecto un calo di fatturato). Anche la possibilit\u00e0 di cederlo agli istituti finanziari sarebbe certamente un\u2019integrazione interessante, ma \u2013 conclude Vigne &#8211; per essere minimamente appetibile il credito dovrebbe essere previsto in favore della parte contrattuale che ha sub\u00ecto un danno, locatore o conduttore che sia, riservandolo al locatore in caso di mancato versamento del canone\u201d.<\/p>\n<p>&nbsp;<\/p>\n<p>&nbsp;<\/p>\n<hr \/>\n<p>&nbsp;<\/p>\n<blockquote>\n<h3>DORFMANN \u2013 DE CASTRO: SFORZI UE INSUFFICIENTI PER AGRICOLTURA<\/h3>\n<\/blockquote>\n<p><strong><a class=\"dt-pswp-item\" href=\"https:\/\/www.radiopiu.net\/wordpress\/wp-content\/uploads\/2020\/03\/Herbert-Dorfmann-2.jpg\" data-dt-img-description=\"\" data-large_image_width=\"2000\" data-large_image_height=\"1333\"><img loading=\"lazy\" decoding=\"async\" class=\"size-medium wp-image-125055 alignleft\" src=\"https:\/\/www.radiopiu.net\/wordpress\/wp-content\/uploads\/2020\/03\/Herbert-Dorfmann-2-300x200.jpg\" alt=\"\" width=\"300\" height=\"200\" srcset=\"https:\/\/www.radiopiu.net\/wordpress\/wp-content\/uploads\/2020\/03\/Herbert-Dorfmann-2-300x200.jpg 300w, https:\/\/www.radiopiu.net\/wordpress\/wp-content\/uploads\/2020\/03\/Herbert-Dorfmann-2-1024x682.jpg 1024w, https:\/\/www.radiopiu.net\/wordpress\/wp-content\/uploads\/2020\/03\/Herbert-Dorfmann-2-768x512.jpg 768w, https:\/\/www.radiopiu.net\/wordpress\/wp-content\/uploads\/2020\/03\/Herbert-Dorfmann-2-1536x1024.jpg 1536w, https:\/\/www.radiopiu.net\/wordpress\/wp-content\/uploads\/2020\/03\/Herbert-Dorfmann-2.jpg 2000w\" sizes=\"auto, (max-width: 300px) 100vw, 300px\" \/><\/a>BRUXELLES<\/strong>\u00a0\u201c<em>Le misure adottate dalla Commissione europea per sostenere le aziende agricole fortemente penalizzate dalla crisi del Covid-19 sono insufficienti e necessitano di nuovi interventi finanziari e di\u00a0gestione dei mercati. In assenza di un significativo miglioramento del pacchetto di risposta alla crisi, la Commissione agricoltura dell\u2019Europarlamento si vedr\u00e0 costretta a rispedirlo al mittente<\/em>.\u201d \u00c8 questo, senza tanti giri di parole, il testo della lettera annunciata da Paolo De Castro e Herbert Dorfmann, coordinatori S&amp;D e PPE in Commissione Agricoltura,e inviata al commissario Januzs Wojciechowski.\u00a0\u201c<em>Pur apprezzando le nuove misure come un primo passo nella buona direzione &#8211; affermano gli eurodeputati &#8211; riteniamo che il pacchetto non sia all&#8217;altezza delle difficolt\u00e0 dei settori del vino e dell&#8217;ortofrutta nel fornire loro i mezzi finanziari e la flessibilit\u00e0 necessaria per affrontare\u00a0 la crisi, recuperando la competitivit\u00e0 dei produttori e la domanda dei consumatori europei<\/em>\u201d.\u00a0\u201c<em>Inoltre &#8211; proseguono &#8211; deploriamo fortemente la decisione di escludere dall&#8217;ammasso privato il settore della carne di vitello e le carni ovino-caprine e carni suine gi\u00e0 immagazzinate<\/em>\u201d.<\/p>\n<p>&nbsp;<\/p>\n<p>&nbsp;<\/p>\n<hr \/>\n<p>&nbsp;<\/p>\n<blockquote>\n<h3>COVID 19 E INQUINAMENTO. NUOVO STUDIO EPIDEMIOLOGICO NAZIONALE, ARPA VENETO IN PRIMA LINEA<\/h3>\n<\/blockquote>\n<p><strong><a class=\"dt-pswp-item\" href=\"https:\/\/www.radiopiu.net\/wordpress\/wp-content\/uploads\/2015\/08\/logo_arpav.gif\" data-dt-img-description=\"\" data-large_image_width=\"504\" data-large_image_height=\"53\"><img loading=\"lazy\" decoding=\"async\" class=\"size-medium wp-image-8797 alignleft\" src=\"https:\/\/www.radiopiu.net\/wordpress\/wp-content\/uploads\/2015\/08\/logo_arpav-300x32.gif\" alt=\"\" width=\"300\" height=\"32\" \/><\/a>PADOVA\u00a0<\/strong>Ambiente e salute \u00e8 il binomio cardine per conoscere cause ed effetti del COVID 19. Per questa ragione \u00e8 partito uno studio epidemiologico nazionale per valutare se e in che misura i livelli di inquinamento atmosferico siano associati agli effetti sanitari dell\u2019epidemia.<span class=\"Apple-converted-space\">\u00a0<\/span>Lo studio, promosso da Istituto Superiore di Sanit\u00e0 (ISS) e Istituto Superiore per la Protezione e la Ricerca Ambientale (ISPRA), con il Sistema Nazionale per la Protezione dell&#8217;Ambiente (SNPA) di cui fanno parte le Agenzie ambientali delle Regioni, tra cui ARPAV, si affianca a PULVIRUS, altra iniziativa nazionale presentata pochi giorni fa e mirata pi\u00f9 specificamente a valutare le conseguenze del lockdown sull\u2019inquinamento atmosferico e sui gas serra, oltre alle interazioni fra polveri sottili e virus.<span class=\"Apple-converted-space\">\u00a0<\/span>\u201c<em>In entrambi gli studi nazionali, che rappresentano l&#8217;impegno istituzionale e integrato di tutte le Autorit\u00e0 sanitarie e ambientali dello Stato e delle Regioni nell&#8217;affrontare dal punto di vista conoscitivo e operativo questo tema, Arpav \u00e8 in prima linea\u201d afferma Luca Marchesi, direttore generale Arpav. \u201cL\u2019Agenzia veneta \u2013 aggiunge il dg &#8211; non solo mette a disposizione i propri dati ma ha un ruolo attivo di contributore scientifico e tecnico<\/em>\u201d.\u00a0Lo studio epidemiologico si baser\u00e0 sui dati della sorveglianza integrata nazionale COVID-19, coordinata da ISS, e su quelli del sistema di monitoraggio della qualit\u00e0 dell\u2019aria atmosferica, di competenza ISPRA-SNPA. Inoltre si avvarr\u00e0 della collaborazione scientifica della Rete Italiana Ambiente e Salute (RIAS) per garantire un raccordo con le strutture regionali sanitarie ed ambientali. Saranno realizzati anche approfondimenti su scala regionale condotti con metodologia comune per evitare approcci frammentari e garantire la confrontabilit\u00e0 dei dati. La qualit\u00e0 e rigorosit\u00e0 saranno garantite da un Advisory Board costituito da esperti nazionali e internazionali.<\/p>\n<p>&nbsp;<\/p>\n<p>&nbsp;<\/p>\n<hr \/>\n<p>&nbsp;<\/p>\n<blockquote>\n<h3>E\u2019 UN VENTENNE DI FELTRE L\u2019AUTORE DELLE AFFISSIONI<\/h3>\n<\/blockquote>\n<p><em>I messaggi di non facile interpretazione: &#8220;Invece di chi va a correre odia chi ti manda a lavorare &#8221; e ancora &#8220;Se devo scegliere tra pagare la spesa o l&#8217;affitto non pago niente&#8221;. &#8220;i supermercati hanno alzato i prezzi f**o a chi lucra sulle nostre spalle&#8221;<\/em><\/p>\n<p><strong>FELTRE<\/strong> I Carabinieri di Feltre hanno stretto il cerchio e hanno gi\u00e0 denunciato un giovanotto feltrino, un ventenne indagato per le affissioni dei volantini contro Sindacati, Confindustria e Banche. Lavoro certosino quello degli uomini dell\u2019Arma che hanno identificato il ragazzo mediante il confronto tra le immagini delle telecamere nei pressi dei luoghi delle affissioni. Le pattuglie dei Carabinieri hanno poi controllato le persone che frequentano il centro di Feltre e hanno dato il nome all\u2019autore. Al momento non ci sono denunce nei suoi confronti<\/p>\n<p>&nbsp;<\/p>\n<hr \/>\n<p>&nbsp;<\/p>\n<blockquote>\n<h3>DE CARLO: SOLIDARIETA&#8217; E RISPETTO A CHI VUOLE SALVARE IL LAVORO DI MIGLIAIA DI FAMIGLIE<\/h3>\n<\/blockquote>\n<p><strong><a class=\"dt-pswp-item\" href=\"https:\/\/www.radiopiu.net\/wordpress\/wp-content\/uploads\/2019\/03\/DE-CARLO.jpg\" data-dt-img-description=\"\" data-large_image_width=\"471\" data-large_image_height=\"471\"><img loading=\"lazy\" decoding=\"async\" class=\" wp-image-78825 alignleft\" src=\"https:\/\/www.radiopiu.net\/wordpress\/wp-content\/uploads\/2019\/03\/DE-CARLO-300x300.jpg\" alt=\"\" width=\"152\" height=\"152\" srcset=\"https:\/\/www.radiopiu.net\/wordpress\/wp-content\/uploads\/2019\/03\/DE-CARLO-300x300.jpg 300w, https:\/\/www.radiopiu.net\/wordpress\/wp-content\/uploads\/2019\/03\/DE-CARLO-150x150.jpg 150w, https:\/\/www.radiopiu.net\/wordpress\/wp-content\/uploads\/2019\/03\/DE-CARLO.jpg 471w\" sizes=\"auto, (max-width: 152px) 100vw, 152px\" \/><\/a>ROMA<\/strong> \u201cInvece di chi va a correre, odia chi ti manda a lavorare! Confindustria assassina!\u201d: questa la scritta sulle decine di manifesti comparsi oggi a Feltre. Immediato lo sdegno per il gesto e la solidariet\u00e0 per l&#8217;associazione da parte del deputato e coordinatore regionale di Fratelli d&#8217;Italia, Luca De Carlo: \u201cTutto il mio sostegno a chi vuole lavorare garantendo la sicurezza dei propri lavoratori. Ancora una volta, si dimostra la cecit\u00e0 e l&#8217;ipocrisia dei soliti vandali riconducibili a una certa area politica: si condanna come assassini chi, tutelando la salute dei propri dipendenti, vuole riprendere il lavoro e salvare migliaia di posti di lavoro, che vuol dire garantire un futuro a migliaia di famiglie. In questo delicato momento, \u00e8 necessaria la massima unione per cercare di limitare le gi\u00e0 pesanti perdite economiche e occupazionali: questo, ma evidentemente per qualcuno \u00e8 troppo difficile da capire, non vuol dire certamente sacrificare la vita dei lavoratori, che sono la prima ricchezza di ogni azienda. Tutta la mia solidariet\u00e0 quindi a Confindustria Belluno Dolomiti, ai suoi vertici e a tutte quelle realt\u00e0 economiche e imprenditoriali finite nel mirino dei soliti nullafacenti benpensanti\u201d.<\/p>\n<p>&nbsp;<\/p>\n<p>&nbsp;<\/p>\n<hr \/>\n<p>&nbsp;<\/p>\n<div align=\"left\">\n<blockquote>\n<h3>VANDALISMO A FELTRE, LA SOLIDARIET\u00c0 DELLA CISL A CONFINDUSTRIA E A TUTTI I SOGGETTI PRESI DI MIRA<\/h3>\n<p><strong><a class=\"dt-pswp-item\" href=\"https:\/\/www.radiopiu.net\/wordpress\/wp-content\/uploads\/2020\/04\/CISL-BELLUNO-OK.jpg\" data-dt-img-description=\"\" data-large_image_width=\"909\" data-large_image_height=\"910\"><img loading=\"lazy\" decoding=\"async\" class=\"size-medium wp-image-132184 alignleft\" src=\"https:\/\/www.radiopiu.net\/wordpress\/wp-content\/uploads\/2020\/04\/CISL-BELLUNO-OK-300x300.jpg\" alt=\"\" width=\"300\" height=\"300\" srcset=\"https:\/\/www.radiopiu.net\/wordpress\/wp-content\/uploads\/2020\/04\/CISL-BELLUNO-OK-300x300.jpg 300w, https:\/\/www.radiopiu.net\/wordpress\/wp-content\/uploads\/2020\/04\/CISL-BELLUNO-OK-150x150.jpg 150w, https:\/\/www.radiopiu.net\/wordpress\/wp-content\/uploads\/2020\/04\/CISL-BELLUNO-OK-768x769.jpg 768w, https:\/\/www.radiopiu.net\/wordpress\/wp-content\/uploads\/2020\/04\/CISL-BELLUNO-OK.jpg 909w\" sizes=\"auto, (max-width: 300px) 100vw, 300px\" \/><\/a>BELLUNO<\/strong> \u201cAbbiamo appreso con sdegno e preoccupazione il verificarsi, a Feltre, di episodi di vandalismo che hanno preso di mira Confindustria e una parte del mondo economico.\u00a0Lo diciamo subito con forza: anche noi, come Cisl, ci sentiamo colpiti da questi spregevoli atti criminali ed esprimiamo tutta la nostra solidariet\u00e0 verso i soggetti oggetto delle attenzioni dei vandali.\u00a0Ad essere offesa \u00e8 tutta la comunit\u00e0. Va difeso con ogni mezzo l&#8217;impegno di chi, ogni giorno, si batte per la coesione sociale: il lavoro fatto insieme \u00e8 proprio quello di tentare di non lasciare per strada nessuno. Le difficolt\u00e0 legate all\u2019emergenza Coronavirus sono enormi, ma occorre lavorare per contrastare l\u2019odio e ogni forma di violenza. Il ripetersi di atti vandalici, minacce e insulti non devono essere sottovalutati e dunque, oltre ad impegnarci ancora di pi\u00f9 nelle iniziative a contrasto delle difficolt\u00e0 economiche, il compito delle istituzioni e delle associazioni \u00e8 anche quello di impegnarsi per la tenuta sociale delle nostre comunit\u00e0 e per una societ\u00e0 pi\u00f9 tollerante e inclusiva, condannando ogni manifestazione d\u2019odio\u201d.<\/p>\n<p>I Segretari generali CISL Belluno Treviso Cinzia Bonan &#8211; Rudy Roffar\u00e8<\/p><\/blockquote>\n<p>&nbsp;<\/p>\n<p>&nbsp;<\/p>\n<hr \/>\n<p>&nbsp;<\/p>\n<\/div>\n<blockquote>\n<h3>MERCATI, DA SABATO TORNANO A CAVARZANO E AL PALASPORT. PARCHEGGI, DA LUNED\u00cc PARCOMETRI RIACCESI<\/h3>\n<\/blockquote>\n<p><strong><a class=\"dt-pswp-item\" href=\"https:\/\/www.radiopiu.net\/wordpress\/wp-content\/uploads\/2020\/04\/BELLUNO-SCUDETTO.png\" data-dt-img-description=\"\" data-large_image_width=\"800\" data-large_image_height=\"800\"><img loading=\"lazy\" decoding=\"async\" class=\"size-medium wp-image-131247 alignleft\" src=\"https:\/\/www.radiopiu.net\/wordpress\/wp-content\/uploads\/2020\/04\/BELLUNO-SCUDETTO-300x300.png\" alt=\"\" width=\"300\" height=\"300\" srcset=\"https:\/\/www.radiopiu.net\/wordpress\/wp-content\/uploads\/2020\/04\/BELLUNO-SCUDETTO-300x300.png 300w, https:\/\/www.radiopiu.net\/wordpress\/wp-content\/uploads\/2020\/04\/BELLUNO-SCUDETTO-150x150.png 150w, https:\/\/www.radiopiu.net\/wordpress\/wp-content\/uploads\/2020\/04\/BELLUNO-SCUDETTO-768x768.png 768w, https:\/\/www.radiopiu.net\/wordpress\/wp-content\/uploads\/2020\/04\/BELLUNO-SCUDETTO.png 800w\" sizes=\"auto, (max-width: 300px) 100vw, 300px\" \/><\/a>BELLUNO<\/strong>\u00a0Novit\u00e0 per i mercati e per i parcheggi cittadini: alla luce delle novit\u00e0 arrivate dai DPCM e dalle ordinanze regionali, la giunta comunale ha infatti adottato un nuovo piano per i mercati, potendo cos\u00ec autorizzare la ripartenza anche a Cavarzano e, con la vendita di piante e fiori, anche in via Gabelli, davanti al Palasport; tornano invece in funzione da luned\u00ec i parcometri.\u00a0<b>I MERCATI <\/b>Ripartono quindi altri mercati, oltre a quelli gi\u00e0 attivi dalle scorse settimane, con il ritorno anche delle nuove categorie merceologiche concesse dalle varie norme.\u00a0Per arrivare a queste riaperture, \u00e8 stata innanzitutto modificata la distanza minima tra i posteggi, che scende da 20 a 10 metri, seguendo &#8211; come per il precedente piano &#8211; le indicazioni dell&#8217;ordinanza regionale: questo consente la riapertura del mercato di Cavarzano, che con le precedenti indicazioni non godeva di sufficienti spazi.\u00a0Le norme nazionali e regionali consentono, dopo aver fatto riaprire i mercati alimentari, anche la vendita di prodotti florovivaistici e di abbigliamento e scarpe per bambini: tornano quindi il banco in via Gabelli e quelli tra Piazza Duomo e Piazza delle Erbe.\u00a0Sempre in queste piazze, trover\u00e0 spazio anche l&#8217;unico ambulante florovivaistico di Piazza Piloni: questo \u201ctrasferimento\u201d temporaneo evita cos\u00ec di dover chiudere al traffico l&#8217;intero piazzale, visto il posizionamento di questa bancarella proprio all&#8217;ingresso di<span class=\"Apple-converted-space\">\u00a0 <\/span>Piazza Piloni.\u00a0Tra le altre novit\u00e0, viene adeguata la distanza tra i clienti (ridotta da due a un metro, seguendo le indicazioni nazionali) e viene specificato che la perimetrazione del posteggio deve avvenire a carico dell&#8217;esercente.\u00a0Restano confermate tutte le altri indicazioni (ingresso e uscita separati; obbligo di mascherina e guanti o gel; divieto di assembramento;&#8230;).<b>I PARCHEGGI <\/b>Saranno riaccesi luned\u00ec i parcometri, dopo la decisione della giunta che lo scorso 16 marzo aveva decretato la gratuit\u00e0 per tutti gli stalli a pagamento della citt\u00e0. Una scelta, quella di oggi, dettata dall&#8217;avvio della \u201cFase 2\u201d che sta portando alla riapertura delle attivit\u00e0. Il provvedimento sar\u00e0 limitato ai parcheggi del centro; restano invece ancora gratuiti fino al 31 maggio compreso i parcheggi di Lambioi e il Metropolis, in stazione.<\/p>\n<p><strong>IL SINDACO DI BELLUNO JACOPO MASSARO<\/strong><\/p>\n<audio class=\"wp-audio-shortcode\" id=\"audio-135812-4\" preload=\"none\" style=\"width: 100%;\" controls=\"controls\"><source type=\"audio\/mpeg\" src=\"https:\/\/www.radiopiu.net\/wordpress\/wp-content\/uploads\/2020\/05\/Massaro-Parcheggi-e-mercati.mp3?_=4\" \/><a href=\"https:\/\/www.radiopiu.net\/wordpress\/wp-content\/uploads\/2020\/05\/Massaro-Parcheggi-e-mercati.mp3\">https:\/\/www.radiopiu.net\/wordpress\/wp-content\/uploads\/2020\/05\/Massaro-Parcheggi-e-mercati.mp3<\/a><\/audio>\n<p>&nbsp;<\/p>\n<hr \/>\n<p>&nbsp;<\/p>\n<blockquote>\n<h3>MANUTENZIONE DEL VERDE A FELTRE<\/h3>\n<\/blockquote>\n<p><strong><a class=\"dt-pswp-item\" href=\"https:\/\/www.radiopiu.net\/wordpress\/wp-content\/uploads\/2020\/05\/fcfc934d-2566-44e1-bad5-2f2e29382a53.jpg\" data-dt-img-description=\"\" data-large_image_width=\"1200\" data-large_image_height=\"1599\"><img loading=\"lazy\" decoding=\"async\" class=\"wp-image-135955 alignleft\" src=\"https:\/\/www.radiopiu.net\/wordpress\/wp-content\/uploads\/2020\/05\/fcfc934d-2566-44e1-bad5-2f2e29382a53-225x300.jpg\" alt=\"\" width=\"89\" height=\"119\" srcset=\"https:\/\/www.radiopiu.net\/wordpress\/wp-content\/uploads\/2020\/05\/fcfc934d-2566-44e1-bad5-2f2e29382a53-225x300.jpg 225w, https:\/\/www.radiopiu.net\/wordpress\/wp-content\/uploads\/2020\/05\/fcfc934d-2566-44e1-bad5-2f2e29382a53-768x1023.jpg 768w, https:\/\/www.radiopiu.net\/wordpress\/wp-content\/uploads\/2020\/05\/fcfc934d-2566-44e1-bad5-2f2e29382a53-1153x1536.jpg 1153w, https:\/\/www.radiopiu.net\/wordpress\/wp-content\/uploads\/2020\/05\/fcfc934d-2566-44e1-bad5-2f2e29382a53.jpg 1200w\" sizes=\"auto, (max-width: 89px) 100vw, 89px\" \/><\/a>FELTRE<\/strong> Con il bel tempo il Comune di Feltre si prende cura del verde. Gli operai del comune hanno iniziato a prendersi cura della vegetazione con un nuovo rasaerba con trituratore che consente di ridurre in molte zone la quantit\u00e0 di rifiuto umido derivante dal taglio da raccogliere e smaltire: il costo \u00e8 stato di circa 6 mila euro.<\/p>\n<p><strong>ADIS ZATTA ASSESSORE DEL COMUNE DI FELTRE<\/strong><\/p>\n<audio class=\"wp-audio-shortcode\" id=\"audio-135812-5\" preload=\"none\" style=\"width: 100%;\" controls=\"controls\"><source type=\"audio\/mpeg\" src=\"https:\/\/www.radiopiu.net\/wordpress\/wp-content\/uploads\/2020\/05\/Zatta-su-manutenzione-del-verde.mp3?_=5\" \/><a href=\"https:\/\/www.radiopiu.net\/wordpress\/wp-content\/uploads\/2020\/05\/Zatta-su-manutenzione-del-verde.mp3\">https:\/\/www.radiopiu.net\/wordpress\/wp-content\/uploads\/2020\/05\/Zatta-su-manutenzione-del-verde.mp3<\/a><\/audio>\n<p>&nbsp;<\/p>\n<p><strong>LE FOTO DEI LAVORI<\/strong><\/p>\n\n\t\t\t<style type='text\/css'>\n\t\t\t\t#gallery-1 {\n\t\t\t\t\tmargin: auto;\n\t\t\t\t}\n\t\t\t\t#gallery-1 .gallery-item {\n\t\t\t\t\tfloat: left;\n\t\t\t\t\tmargin-top: 10px;\n\t\t\t\t\ttext-align: center;\n\t\t\t\t\twidth: 25%;\n\t\t\t\t}\n\t\t\t\t#gallery-1 img {\n\t\t\t\t\tborder: 2px solid #cfcfcf;\n\t\t\t\t}\n\t\t\t\t#gallery-1 .gallery-caption {\n\t\t\t\t\tmargin-left: 0;\n\t\t\t\t}\n\t\t\t\t\/* see gallery_shortcode() in wp-includes\/media.php *\/\n\t\t\t<\/style>\n\t\t<div id='gallery-1' class='dt-gallery-container gallery galleryid-135812 gallery-columns-4 gallery-size-thumbnail'><dl class='gallery-item'>\n\t\t\t\t<dt class='gallery-icon landscape'>\n\t\t\t\t\t<a class=\"rollover\" href='https:\/\/www.radiopiu.net\/wordpress\/manutenzione-del-verde-a-feltre\/e5db33c8-7949-46e6-9639-34beed63ea44\/'><img loading=\"lazy\" decoding=\"async\" width=\"150\" height=\"150\" src=\"https:\/\/www.radiopiu.net\/wordpress\/wp-content\/uploads\/2020\/05\/e5db33c8-7949-46e6-9639-34beed63ea44-150x150.jpg\" class=\"attachment-thumbnail size-thumbnail\" alt=\"\" \/><\/a>\n\t\t\t\t<\/dt><\/dl><dl class='gallery-item'>\n\t\t\t\t<dt class='gallery-icon landscape'>\n\t\t\t\t\t<a class=\"rollover\" href='https:\/\/www.radiopiu.net\/wordpress\/manutenzione-del-verde-a-feltre\/f74ee23f-221c-40f8-89cc-60dbe6646bad\/'><img loading=\"lazy\" decoding=\"async\" width=\"150\" height=\"150\" src=\"https:\/\/www.radiopiu.net\/wordpress\/wp-content\/uploads\/2020\/05\/f74ee23f-221c-40f8-89cc-60dbe6646bad-150x150.jpg\" class=\"attachment-thumbnail size-thumbnail\" alt=\"\" \/><\/a>\n\t\t\t\t<\/dt><\/dl><dl class='gallery-item'>\n\t\t\t\t<dt class='gallery-icon landscape'>\n\t\t\t\t\t<a class=\"rollover\" href='https:\/\/www.radiopiu.net\/wordpress\/manutenzione-del-verde-a-feltre\/f9667d0d-433b-4dda-9076-8dd56724e088\/'><img loading=\"lazy\" decoding=\"async\" width=\"150\" height=\"150\" src=\"https:\/\/www.radiopiu.net\/wordpress\/wp-content\/uploads\/2020\/05\/f9667d0d-433b-4dda-9076-8dd56724e088-150x150.jpg\" class=\"attachment-thumbnail size-thumbnail\" alt=\"\" \/><\/a>\n\t\t\t\t<\/dt><\/dl><dl class='gallery-item'>\n\t\t\t\t<dt class='gallery-icon landscape'>\n\t\t\t\t\t<a class=\"rollover\" href='https:\/\/www.radiopiu.net\/wordpress\/manutenzione-del-verde-a-feltre\/c85018dc-b5bc-4529-8af8-4d1922f9f32f\/'><img loading=\"lazy\" decoding=\"async\" width=\"150\" height=\"150\" src=\"https:\/\/www.radiopiu.net\/wordpress\/wp-content\/uploads\/2020\/05\/c85018dc-b5bc-4529-8af8-4d1922f9f32f-150x150.jpg\" class=\"attachment-thumbnail size-thumbnail\" alt=\"\" \/><\/a>\n\t\t\t\t<\/dt><\/dl><br style=\"clear: both\" \/>\n\t\t\t<\/div>\n\n<p>&nbsp;<\/p>\n<p>&nbsp;<\/p>\n<hr \/>\n<p>&nbsp;<\/p>\n<blockquote>\n<h3>LA FONDAZIONE PAPA LUCIANI RINGRAZIA PADRE JOHAN GOOSSENS<\/h3>\n<\/blockquote>\n<p><strong><a class=\"dt-pswp-item\" href=\"https:\/\/www.radiopiu.net\/wordpress\/wp-content\/uploads\/2020\/05\/Foto-comunicato-3-del-7.5.2020-scaled.jpg\" data-dt-img-description=\"\" data-large_image_width=\"2560\" data-large_image_height=\"1714\"><img loading=\"lazy\" decoding=\"async\" class=\"size-medium wp-image-135929 alignleft\" src=\"https:\/\/www.radiopiu.net\/wordpress\/wp-content\/uploads\/2020\/05\/Foto-comunicato-3-del-7.5.2020-300x201.jpg\" alt=\"\" width=\"300\" height=\"201\" srcset=\"https:\/\/www.radiopiu.net\/wordpress\/wp-content\/uploads\/2020\/05\/Foto-comunicato-3-del-7.5.2020-300x201.jpg 300w, https:\/\/www.radiopiu.net\/wordpress\/wp-content\/uploads\/2020\/05\/Foto-comunicato-3-del-7.5.2020-1024x685.jpg 1024w, https:\/\/www.radiopiu.net\/wordpress\/wp-content\/uploads\/2020\/05\/Foto-comunicato-3-del-7.5.2020-768x514.jpg 768w, https:\/\/www.radiopiu.net\/wordpress\/wp-content\/uploads\/2020\/05\/Foto-comunicato-3-del-7.5.2020-1536x1028.jpg 1536w, https:\/\/www.radiopiu.net\/wordpress\/wp-content\/uploads\/2020\/05\/Foto-comunicato-3-del-7.5.2020-2048x1371.jpg 2048w\" sizes=\"auto, (max-width: 300px) 100vw, 300px\" \/><\/a>CANALE D&#8217;AGORDO<\/strong> La Fondazione Papa Luciani Onlus esprime la sua gratitudine a Padre Johan Goossens, Priore dell\u2019Abbazia Premonstratense di Grimbergen (vicino a Bruxelles, in Belgio) per il generoso aiuto offerto in qualit\u00e0 di Sostenitore mecenate, avendo egli donato la somma di \u20ac 1.000 allo scopo di aiutare il Museo Albino Luciani in questo momento di particolare difficolt\u00e0. &#8220;<em>Dom Johan \u2013 che \u00e8 monaco, parroco di sette comunit\u00e0 parrocchiali nel circondario di Grimbergen e responsabile di una scuola frequentata da oltre 700 ragazzi \u2013 \u00e8 un affezionato devoto di papa Luciani e visita Canale d\u2019Agordo almeno una volta all\u2019anno da una ventina di anni. Attento raccoglitore di pubblicazioni e di fotografie relative a Giovanni Paolo I, ne diffonde il messaggio e gli insegnamenti nella sua terra e tra i suoi parrocchiani. &#8220;Gli esprimiamo tutta la nostra gratitudine e il nostro riconoscimento, che estendiamo naturalmente anche a tutti gli altri Sostenitori che ci aiutano, ciascuno secondo le proprie disponibilit\u00e0 e possibilit\u00e0.Ogni aiuto \u2013 anche molto piccolo \u2013 \u00e8 prezioso, soprattutto perch\u00e9 fatto con il cuore. Grazie<\/em>&#8221;<\/p>\n<p>&nbsp;<\/p>\n<hr \/>\n<p>&nbsp;<\/p>\n<blockquote>\n<h3>MIG: IN ATTESA DI DIRETTIVE PRECISE SI STANNO PROGRAMMANDO NUOVE INIZIATIVE<\/h3>\n<\/blockquote>\n<p><strong><a class=\"dt-pswp-item\" href=\"https:\/\/www.radiopiu.net\/wordpress\/wp-content\/uploads\/2020\/05\/IMG_0660.jpg\" data-dt-img-description=\"\" data-large_image_width=\"2000\" data-large_image_height=\"1313\"><img loading=\"lazy\" decoding=\"async\" class=\"size-medium wp-image-135900 alignleft\" src=\"https:\/\/www.radiopiu.net\/wordpress\/wp-content\/uploads\/2020\/05\/IMG_0660-300x197.jpg\" alt=\"\" width=\"300\" height=\"197\" srcset=\"https:\/\/www.radiopiu.net\/wordpress\/wp-content\/uploads\/2020\/05\/IMG_0660-300x197.jpg 300w, https:\/\/www.radiopiu.net\/wordpress\/wp-content\/uploads\/2020\/05\/IMG_0660-1024x672.jpg 1024w, https:\/\/www.radiopiu.net\/wordpress\/wp-content\/uploads\/2020\/05\/IMG_0660-768x504.jpg 768w, https:\/\/www.radiopiu.net\/wordpress\/wp-content\/uploads\/2020\/05\/IMG_0660-1536x1008.jpg 1536w, https:\/\/www.radiopiu.net\/wordpress\/wp-content\/uploads\/2020\/05\/IMG_0660.jpg 2000w\" sizes=\"auto, (max-width: 300px) 100vw, 300px\" \/><\/a>LONGARONE\u00a0<\/strong>L\u2019emergenza sanitaria Covid-19, oltre alle tante problematiche create sul piano sociale ed economico generale, ha avuto pesanti ripercussioni anche sul sistema fieristico nazionale e internazionale. Tutte le manifestazioni in programma in questo periodo sono state, infatti, sospese o rinviate in attesa di poter valutare l\u2019evolversi della situazione e le direttive che saranno previste per la riapertura. In questa fase di incertezza appare evidente come sia difficile assumere decisioni e fare programmi sia per chi organizza le<span class=\"Apple-converted-space\">\u00a0 <\/span>fiere sia per le aziende che devono esporre.\u00a0Con questo spirito gli organizzatori della MIG \u2013 Mostra Internazionale del Gelato Artigianale, la cui 61. edizione \u00e8 prevista a Longarone (BL) dal 29 novembre al 2 dicembre prossimi, hanno recentemente inviato una nota alle aziende espositrici. \u201c<i>Mentre auspichiamo che<\/i> <i> ritorni quanto prima una certa normalit\u00e0 <\/i>\u2013 ha sottolineato il presidente della societ\u00e0, Gian Angelo Bellati \u2013 <i>riteniamo tuttavia doveroso, nell\u2019interesse di tutti, attendere di avere maggiori certezze su come potremo muoverci, su come accogliere gli operatori e soprattutto riguardo alle nuove misure di sicurezza da adottare che potrebbero comportare modifiche all\u2019attuale articolazione dell\u2019esposizione.<\/i> <i>Per questo motivo abbiamo preferito posticipare di qualche settimana la definizione delle adesioni<\/i>\u201d. Anche se alcune linee guida e indicazioni organizzative da applicare negli ambienti fieristici sono gi\u00e0 state individuate nell\u2019ambito dell\u2019Associazione nazionale di categoria, AEFI (Associazione Esposizioni e Fiere Italiane), si \u00e8 infatti in attesa di precise direttive ufficiali che dovrebbero essere emanate a livello nazionale. Nella stessa nota si fa presente che a Longarone, interpretando le attuali tendenze di settore e le aspettative dei consumatori, si \u00e8 comunque proseguito a lavorare nei modi consentiti individuando e programmando anche alcune nuove iniziative finalizzate a dare ulteriore valore alla MIG ritenendo possano essere apprezzate sia dai gelatieri sia dalle aziende fornitrici di prodotti, macchine, attrezzature e servizi che ogni anno si ritrovano a Longarone per questo ormai storico appuntamento.\u00a0\u201c<i>Alla luce delle emergenti esigenze di business<\/i> \u2013 conclude il presidente, Bellati &#8211;<span class=\"Apple-converted-space\">\u00a0 <\/span><i>a Longarone si sta operando anche per mettere a disposizione delle aziende espositrici una piattaforma di \u2018<\/i><i>Fiera Virtuale\u2019<\/i><i> che consenta di rimanere in contatto tutto l\u2019anno con gli operatori. Uno sforzo ulteriore per dare un segno vitale al mercato e ai nostri clienti, per integrare virtualmente ci\u00f2 che fino a ieri si faceva solo fisicamente. Un passo in pi\u00f9 per arricchire la nostra esperienza insieme<\/i>\u201d.<\/p>\n<p><em>FOTO DI REPERTORIO<\/em><\/p>\n<p>&nbsp;<\/p>\n<p>&nbsp;<\/p>\n<hr \/>\n<p>&nbsp;<\/p>\n<\/div>\n<blockquote class=\"wp-embedded-content\" data-secret=\"bgnsUvKyfy\"><p><a href=\"https:\/\/www.radiopiu.net\/wordpress\/bambini-e-coronavirus-cartoni-animati-tradotti-anche-in-lis\/\">BAMBINI E CORONAVIRUS. CARTONI ANIMATI TRADOTTI ANCHE IN LIS<\/a><\/p><\/blockquote>\n<p><iframe loading=\"lazy\" title=\"&#8220;BAMBINI E CORONAVIRUS. CARTONI ANIMATI TRADOTTI ANCHE IN LIS&#8221; &#8212; Radio Pi\u00f9\" class=\"wp-embedded-content\" sandbox=\"allow-scripts\" security=\"restricted\" style=\"position: absolute; clip: rect(1px, 1px, 1px, 1px);\" src=\"https:\/\/www.radiopiu.net\/wordpress\/bambini-e-coronavirus-cartoni-animati-tradotti-anche-in-lis\/embed\/#?secret=bgnsUvKyfy\" data-secret=\"bgnsUvKyfy\" width=\"600\" height=\"338\" frameborder=\"0\" marginwidth=\"0\" marginheight=\"0\" scrolling=\"no\"><\/iframe><\/p>\n<p>&nbsp;<\/p>\n<hr \/>\n<p>&nbsp;<\/p>\n<blockquote class=\"wp-embedded-content\" data-secret=\"3VH1jAL7ZA\"><p><a href=\"https:\/\/www.radiopiu.net\/wordpress\/oggi-due-maestre-alla-scuola-dellinfanzia-di-taibon\/\">OGGI DUE MAESTRE ALLA SCUOLA DELL&#8217;INFANZIA DI TAIBON<\/a><\/p><\/blockquote>\n<p><iframe loading=\"lazy\" title=\"&#8220;OGGI DUE MAESTRE ALLA SCUOLA DELL&#8217;INFANZIA DI TAIBON&#8221; &#8212; Radio Pi\u00f9\" class=\"wp-embedded-content\" sandbox=\"allow-scripts\" security=\"restricted\" style=\"position: absolute; clip: rect(1px, 1px, 1px, 1px);\" src=\"https:\/\/www.radiopiu.net\/wordpress\/oggi-due-maestre-alla-scuola-dellinfanzia-di-taibon\/embed\/#?secret=3VH1jAL7ZA\" data-secret=\"3VH1jAL7ZA\" width=\"600\" height=\"338\" frameborder=\"0\" marginwidth=\"0\" marginheight=\"0\" scrolling=\"no\"><\/iframe><\/p>\n<p>&nbsp;<\/p>\n<hr \/>\n<p>&nbsp;<\/p>\n<p>&nbsp;<\/p>\n<blockquote class=\"wp-embedded-content\" data-secret=\"eJboCBp5wo\"><p><a href=\"https:\/\/www.radiopiu.net\/wordpress\/capitelli-e-immagini-sacre-di-borgo-piave-e-san-gervasio-di-renato-bona\/\">\u201cCAPITELLI E IMMAGINI SACRE\u201d DI BORGO PIAVE E SAN GERVASIO di Renato Bona<\/a><\/p><\/blockquote>\n<p><iframe loading=\"lazy\" title=\"&#8220;\u201cCAPITELLI E IMMAGINI SACRE\u201d DI BORGO PIAVE E SAN GERVASIO di Renato Bona&#8221; &#8212; Radio Pi\u00f9\" class=\"wp-embedded-content\" sandbox=\"allow-scripts\" security=\"restricted\" style=\"position: absolute; clip: rect(1px, 1px, 1px, 1px);\" src=\"https:\/\/www.radiopiu.net\/wordpress\/capitelli-e-immagini-sacre-di-borgo-piave-e-san-gervasio-di-renato-bona\/embed\/#?secret=eJboCBp5wo\" data-secret=\"eJboCBp5wo\" width=\"600\" height=\"338\" frameborder=\"0\" marginwidth=\"0\" marginheight=\"0\" scrolling=\"no\"><\/iframe><\/p>\n<p>&nbsp;<\/p>\n<hr \/>\n<p>&nbsp;<\/p>\n<blockquote>\n<h3>LE MINIERE DI VALLE IMPERINA<\/h3>\n<\/blockquote>\n<p><strong>di Manuel Conedera<\/strong><\/p>\n<p>Risalendo la Valle Imperina si incontrano numerosi imponenti muraglioni composti da grandi conci di pietra. Questi muraglioni, ormai abbandonati a se stessi e difficilmente visibili dalla strada, stanno crollando. In questa zona (video) esisteva una grande ruota idraulica (forse di 10 m di diametro). Era alloggiata fra due grandi pareti sempre di conci di pietra. Ma ormai la parete esterna rivolta verso il torrente \u00e8 crollata per sempre. Rimane solo l\u2019ultima parte terminale dove una piccola galleria identifica la zona di uscita dell\u2019acqua che azionava la ruota. La cascatella di acqua invece \u00e8 dovuta al crollo della galleria di scolo delle acque della miniera (Galleria San Francesco). L\u2019acqua, carica di ossidi di ferro, risale quindi fino alla superficie e si ricongiunge con l\u2019Imperina in una nuova zona.<\/p>\n<div style=\"width: 1200px;\" class=\"wp-video\"><video class=\"wp-video-shortcode\" id=\"video-135812-1\" width=\"1200\" height=\"675\" poster=\"https:\/\/www.radiopiu.net\/wordpress\/wp-content\/uploads\/2020\/05\/manuel-condera-video-mp4-image.jpg\" preload=\"metadata\" controls=\"controls\"><source type=\"video\/mp4\" src=\"https:\/\/www.radiopiu.net\/wordpress\/wp-content\/uploads\/2020\/05\/manuel-condera-video.mp4?_=1\" \/><a href=\"https:\/\/www.radiopiu.net\/wordpress\/wp-content\/uploads\/2020\/05\/manuel-condera-video.mp4\">https:\/\/www.radiopiu.net\/wordpress\/wp-content\/uploads\/2020\/05\/manuel-condera-video.mp4<\/a><\/video><\/div>\n<p>&nbsp;<\/p>\n<hr \/>\n<p>&nbsp;<\/p>\n<h2>IERI ALLA RADIO<\/h2>\n<p><a class=\"dt-pswp-item\" href=\"https:\/\/www.radiopiu.net\/wordpress\/wp-content\/uploads\/2020\/05\/logo_yeswenet.png\" data-dt-img-description=\"\" data-large_image_width=\"595\" data-large_image_height=\"453\"><img loading=\"lazy\" decoding=\"async\" class=\"size-medium wp-image-135815 alignleft\" src=\"https:\/\/www.radiopiu.net\/wordpress\/wp-content\/uploads\/2020\/05\/logo_yeswenet-300x228.png\" alt=\"\" width=\"300\" height=\"228\" srcset=\"https:\/\/www.radiopiu.net\/wordpress\/wp-content\/uploads\/2020\/05\/logo_yeswenet-300x228.png 300w, https:\/\/www.radiopiu.net\/wordpress\/wp-content\/uploads\/2020\/05\/logo_yeswenet.png 595w\" sizes=\"auto, (max-width: 300px) 100vw, 300px\" \/><\/a><strong>FABIO VISCONTI, YESWENET<\/strong><\/p>\n<p><strong>di Claudio Fontanive<\/strong><\/p>\n<audio class=\"wp-audio-shortcode\" id=\"audio-135812-6\" preload=\"none\" style=\"width: 100%;\" controls=\"controls\"><source type=\"audio\/mpeg\" src=\"https:\/\/www.radiopiu.net\/wordpress\/wp-content\/uploads\/2020\/05\/fabio-visconti-yeswenet-7maggio.mp3?_=6\" \/><a href=\"https:\/\/www.radiopiu.net\/wordpress\/wp-content\/uploads\/2020\/05\/fabio-visconti-yeswenet-7maggio.mp3\">https:\/\/www.radiopiu.net\/wordpress\/wp-content\/uploads\/2020\/05\/fabio-visconti-yeswenet-7maggio.mp3<\/a><\/audio>\n<p>&nbsp;<\/p>\n<h3><span style=\"color: #ff00ff;\">IN VIVO VERSO<\/span><\/h3>\n<blockquote class=\"wp-embedded-content\" data-secret=\"3UuMLsFI1a\"><p><a href=\"https:\/\/www.radiopiu.net\/wordpress\/parole-e-inchiostro-di-domenico-cassano\/\">PAROLE E INCHIOSTRO di DOMENICO CASSANO<\/a><\/p><\/blockquote>\n<p><iframe loading=\"lazy\" title=\"&#8220;PAROLE E INCHIOSTRO di DOMENICO CASSANO&#8221; &#8212; Radio Pi\u00f9\" class=\"wp-embedded-content\" sandbox=\"allow-scripts\" security=\"restricted\" style=\"position: absolute; clip: rect(1px, 1px, 1px, 1px);\" src=\"https:\/\/www.radiopiu.net\/wordpress\/parole-e-inchiostro-di-domenico-cassano\/embed\/#?secret=3UuMLsFI1a\" data-secret=\"3UuMLsFI1a\" width=\"600\" height=\"338\" frameborder=\"0\" marginwidth=\"0\" marginheight=\"0\" scrolling=\"no\"><\/iframe><\/p>\n<p>LA COLLEZIONE COMPLETA<\/p>\n<blockquote class=\"wp-embedded-content\" data-secret=\"Az7IFPGhT7\"><p><a href=\"https:\/\/www.radiopiu.net\/wordpress\/in-vivo-verso\/\">In Vivo Verso<\/a><\/p><\/blockquote>\n<p><iframe loading=\"lazy\" title=\"&#8220;In Vivo Verso&#8221; &#8212; Radio Pi\u00f9\" class=\"wp-embedded-content\" sandbox=\"allow-scripts\" security=\"restricted\" style=\"position: absolute; clip: rect(1px, 1px, 1px, 1px);\" src=\"https:\/\/www.radiopiu.net\/wordpress\/in-vivo-verso\/embed\/#?secret=Az7IFPGhT7\" data-secret=\"Az7IFPGhT7\" width=\"600\" height=\"338\" frameborder=\"0\" marginwidth=\"0\" marginheight=\"0\" scrolling=\"no\"><\/iframe><\/p>\n<h3><span style=\"color: #ff0000;\">DUE MINUTI UN LIBRO<\/span><\/h3>\n<blockquote class=\"wp-embedded-content\" data-secret=\"d4hzWhSQ1r\"><p><a href=\"https:\/\/www.radiopiu.net\/wordpress\/la-forza-di-essere-migliori-3\/\">LA FORZA DI ESSERE MIGLIORI<\/a><\/p><\/blockquote>\n<p><iframe loading=\"lazy\" title=\"&#8220;LA FORZA DI ESSERE MIGLIORI&#8221; &#8212; Radio Pi\u00f9\" class=\"wp-embedded-content\" sandbox=\"allow-scripts\" security=\"restricted\" style=\"position: absolute; clip: rect(1px, 1px, 1px, 1px);\" src=\"https:\/\/www.radiopiu.net\/wordpress\/la-forza-di-essere-migliori-3\/embed\/#?secret=d4hzWhSQ1r\" data-secret=\"d4hzWhSQ1r\" width=\"600\" height=\"338\" frameborder=\"0\" marginwidth=\"0\" marginheight=\"0\" scrolling=\"no\"><\/iframe><\/p>\n<p>LE ALTRE PUNTATE<\/p>\n<blockquote class=\"wp-embedded-content\" data-secret=\"ZB7kdzPlGA\"><p><a href=\"https:\/\/www.radiopiu.net\/wordpress\/due-minuti-un-libro\/\">Due minuti un libro<\/a><\/p><\/blockquote>\n<p><iframe loading=\"lazy\" title=\"&#8220;Due minuti un libro&#8221; &#8212; Radio Pi\u00f9\" class=\"wp-embedded-content\" sandbox=\"allow-scripts\" security=\"restricted\" style=\"position: absolute; clip: rect(1px, 1px, 1px, 1px);\" src=\"https:\/\/www.radiopiu.net\/wordpress\/due-minuti-un-libro\/embed\/#?secret=ZB7kdzPlGA\" data-secret=\"ZB7kdzPlGA\" width=\"600\" height=\"338\" frameborder=\"0\" marginwidth=\"0\" marginheight=\"0\" scrolling=\"no\"><\/iframe><\/p>\n<h3><span style=\"color: #339966;\">AGORDINOMERON<\/span><\/h3>\n<p>Da alcuni giorni Agordinomeron ha superato i cinquanta racconti. Il grazie di Radio Pi\u00f9 va a tutti coloro che hanno collaborato inviando aneddoti del passato, leggende locali e non, ricordi personali e molto altro e a quanti li hanno ascoltati. Siete stati veramente in tanti.\u00a0E allora, forti del vostro apprezzamento e spinti dal continuo arrivo di contributi, abbiamo deciso che Agordinomeron, nato per farci compagnia nella quarantena, proseguir\u00e0 anche nella fase due.\u00a0Una fase in cui, seppur con prudenza e attenzione, abbiamo finalmente la possibilit\u00e0 di muoverci nel nostro splendido territorio. Chiss\u00e0 che anche un capitello, un fiore, un sentiero, un bosco non divengano i soggetti e gli ambienti per le nuove storie da mandare a Radio Pi\u00f9 affinch\u00e9 gli Agordinomeron, i giorni agordini, continuino all\u2019insegna dell\u2019allegria, della riflessione e dell\u2019arricchimento che la cultura popolare garantisce sempre.<br \/>\nInviateci i vostri racconti via WhatsApp al 3474914517 o via mail a radiopiu@radiopiu.it<\/p>\n<blockquote class=\"wp-embedded-content\" data-secret=\"EE8EXNym5q\"><p><a href=\"https:\/\/www.radiopiu.net\/wordpress\/agordinomeron\/\">AGORDINOMERON, IL TERRITORIO SI RACCONTA Da un&#8217;idea di Gianni Santomaso<\/a><\/p><\/blockquote>\n<p><iframe loading=\"lazy\" title=\"&#8220;AGORDINOMERON, IL TERRITORIO SI RACCONTA Da un&#8217;idea di Gianni Santomaso&#8221; &#8212; Radio Pi\u00f9\" class=\"wp-embedded-content\" sandbox=\"allow-scripts\" security=\"restricted\" style=\"position: absolute; clip: rect(1px, 1px, 1px, 1px);\" src=\"https:\/\/www.radiopiu.net\/wordpress\/agordinomeron\/embed\/#?secret=EE8EXNym5q\" data-secret=\"EE8EXNym5q\" width=\"600\" height=\"338\" frameborder=\"0\" marginwidth=\"0\" marginheight=\"0\" scrolling=\"no\"><\/iframe><\/p>\n<h3><span style=\"color: #0000ff;\">IL MESSAGGIO DEI SACERDOTI A RADIO PIU&#8217;<\/span><\/h3>\n<blockquote class=\"wp-embedded-content\" data-secret=\"1E0N0Y82bG\"><p><a href=\"https:\/\/www.radiopiu.net\/wordpress\/il-messaggio-dai-sacerdoti-della-conca-su-radio-piu-alle-7-30-e-19-30\/\">IL MESSAGGIO DAI SACERDOTI SU RADIO PIU&#8217; ALLE 7.30 E 19.30<\/a><\/p><\/blockquote>\n<p><iframe loading=\"lazy\" title=\"&#8220;IL MESSAGGIO DAI SACERDOTI SU RADIO PIU&#8217; ALLE 7.30 E 19.30&#8221; &#8212; Radio Pi\u00f9\" class=\"wp-embedded-content\" sandbox=\"allow-scripts\" security=\"restricted\" style=\"position: absolute; clip: rect(1px, 1px, 1px, 1px);\" src=\"https:\/\/www.radiopiu.net\/wordpress\/il-messaggio-dai-sacerdoti-della-conca-su-radio-piu-alle-7-30-e-19-30\/embed\/#?secret=1E0N0Y82bG\" data-secret=\"1E0N0Y82bG\" width=\"600\" height=\"338\" frameborder=\"0\" marginwidth=\"0\" marginheight=\"0\" scrolling=\"no\"><\/iframe><\/p>\n<p>&nbsp;<\/p>\n<hr \/>\n<p>&nbsp;<\/p>\n<blockquote class=\"wp-embedded-content\" data-secret=\"qnCSCD0lSI\"><p><a href=\"https:\/\/www.radiopiu.net\/wordpress\/i-servizi-a-domicilio-durante-il-coronavirus\/\">I SERVIZI A DOMICILIO DURANTE IL CORONAVIRUS<\/a><\/p><\/blockquote>\n<p><iframe loading=\"lazy\" title=\"&#8220;I SERVIZI A DOMICILIO DURANTE IL CORONAVIRUS&#8221; &#8212; Radio Pi\u00f9\" class=\"wp-embedded-content\" sandbox=\"allow-scripts\" security=\"restricted\" style=\"position: absolute; clip: rect(1px, 1px, 1px, 1px);\" src=\"https:\/\/www.radiopiu.net\/wordpress\/i-servizi-a-domicilio-durante-il-coronavirus\/embed\/#?secret=qnCSCD0lSI\" data-secret=\"qnCSCD0lSI\" width=\"600\" height=\"338\" frameborder=\"0\" marginwidth=\"0\" marginheight=\"0\" scrolling=\"no\"><\/iframe><\/p>\n<p>&nbsp;<\/p>\n<hr \/>\n<p>&nbsp;<\/p>\n<p class=\"photoswipe-wrapper\"><a class=\"dt-pswp-item pspw-wrap-ready\" href=\"https:\/\/i0.wp.com\/www.radiopiu.net\/wordpress\/wp-content\/uploads\/2018\/09\/viabilita.jpeg?ssl=1\" data-dt-img-description=\"\" data-large_image_width=\"800\" data-large_image_height=\"100\"><img loading=\"lazy\" decoding=\"async\" class=\"alignnone size-full wp-image-61954 jetpack-lazy-image jetpack-lazy-image--handled\" src=\"https:\/\/i0.wp.com\/www.radiopiu.net\/wordpress\/wp-content\/uploads\/2018\/09\/viabilita.jpeg?resize=800%2C100&amp;ssl=1\" sizes=\"auto, (max-width: 800px) 100vw, 800px\" srcset=\"https:\/\/i0.wp.com\/www.radiopiu.net\/wordpress\/wp-content\/uploads\/2018\/09\/viabilita.jpeg?w=800&amp;ssl=1 800w, https:\/\/i0.wp.com\/www.radiopiu.net\/wordpress\/wp-content\/uploads\/2018\/09\/viabilita.jpeg?resize=300%2C38&amp;ssl=1 300w, https:\/\/i0.wp.com\/www.radiopiu.net\/wordpress\/wp-content\/uploads\/2018\/09\/viabilita.jpeg?resize=768%2C96&amp;ssl=1 768w\" alt=\"\" width=\"800\" height=\"100\" data-lazy-loaded=\"1\" \/><\/a><\/p>\n<p>&nbsp;<\/p>\n<p>PROVINCIALE 20 DELLA VAL FIORENTINA, SELVA DI CADORE: DAL 14 FEBBRAIO AL 13 GIUGNO, CHIUSURA TOTALE TRA SOLATOR E IL CENTRO DEL PAESE ANCHE NEI GIORNI FESTIVI E PREFESTIVI, DAL CHILOMETRO 4.850 AL CHILOMETRO 5.100. TRANSITO CONSENTITO AI LOCALI CON TEMPI DI ATTESA MASSIMI STIMATI IN 30 MINUTI IN LOCALITA\u2019 SOLATOR DAL CHILOMETRO 4.400 AL CHILOMETRO 4.850<\/p>\n<p>SP641 PASSO FEDAIA DAL 27 APRILE AL 15 MAGGIO (SABATO E DOMENICA COMPRESI) SENSO UNICO ALTERNATO PER SOSTITUZIONE BARRIERE LATERALI DI SICUREZZA E CONSLIDAMENTO CIGLIO STRADALE<\/p>\n<p>PROVINCIALE 3 VAL IMPERINA, LOCALITA\u2019 CORDE MOLE VALESIN \u2013 TRA RIVAMONTE E GOSALDO \u2013 DAL 27 APRILE ALL\u20198 MAGGIO DALLE 8 ALLE 11.45 E DALLE 13.30 ALLE 17.30 TEMPORANEE INTERRUZIONI ALLA VIABILITA\u2019 DURATA MASSIMA 30 MINUTI PER LAVORI TAGLIO ALBERIR<\/p>\n<p>REGIONALE 48 DELLE DOLOMITI, LOCALIT\u00c0 POCOL INIZIO ABITATO CORTINA, DAL 4 MAGGIO AL 12 GIUGNO SEMAFORO PER TRATTI DI 250 METRI ANCHE NEI GIORNI FESTIVI E PREFESTIVI<\/p>\n<p>PROVINCIALE 347 DURAN CEREDA INNESTO VENAS FINO ALL\u20198 MAGGIO, FESTIVI E PREFESTIVI ESLCUSI, SEMAFORO E INTERRUZIONI FINO A 10 MINUTI<\/p>\n<p>REGIONALE 203 AGORDINA FINO AL 15 GIUGNO IN LOCALIT\u00c0 LA MUDA DEVIAZIONE SU VIABILIT\u00c0 PROVVISORIA, PRUDENZA<\/p>\n<p>PROVINCIALE 346 SAN PELLEGRINO DAL 4 AL 22 MAGGIO IN COMUNE DI CANALE D\u2019AGORDO SENSO UNICO ALTERNATO ESCLUSI SABATO E DOMENICA<\/p>\n<p>PROVINCIALE 12 PEDEMONTANA LOCALIT\u00c0 PONTE MAS, CHIUSURA TOTALE DI PONTE MAS DAL 4 MAGGIO AL 30 GIUGNO<\/p>\n<p>STRADA REGIONALE 48 DELLE DOLOMITI, DAL KM 110,350 AL KM 112, SENSO UNICO ALTERNATO REGOLATO DA IMPIANTO SEMAFORICO ANCHE SABATO E FESTIVI DAL 30 APRILE AL 31 MAGGIO PER POSA ELETTRODOTTO INTERRATO<\/p>\n<p>PROVINCIALE 563 DI SALESEI, DAL 4 MAGGIO AL 3 LUGLIO, SENSO UNICO ALTERNATO REGOLATO DA IMPIANTO SEMAFORICO IN LOCALIT\u00c0 DIGONERA PER MESSA IN SICUREZZA PIANO VIABILE, SABATO E FESTIVI INCLUSI<\/p>\n<p>PROVINCIALE 251 DELLA VAL DI ZOLDO E VAL CELLINA, TRA LE LOCALIT\u00c0 SOFFRANCO E MEZZOCANALE IN COMUNE DI LONGARONE, SENSO UNICO ALTERNATO REGOLATO DA IMPIANTO SEMAFORICO CON POSSIBILI BREVI INTERRUZIONI DI 10 MINUTI. SABATO E DOMENICA ESCLUSI<\/p>\n<p>PROVINCIALE 347 PASSO DURAN, LOCALITA\u2019 SANT\u2019ANDREA DI GOSALDO. DA MARTEDI ALLE 7 A MERCOLEDI ALLE 18 INTERDIZIONE TOTALE AL TRAFFICO. DALLE 18 DI MERCOLEDI AL 5 GIUGNO SENSO UNICO ALTERNATO<\/p>\n<p>STRADA PROVINCIALE 8 DI SAN TOMASO. DAL 7 AL 8 MAGGIO, DALLE 7 ALLE 18, SENSO UNICO ALTERNATO A VISTA PER LAVORI DI MANUTENZIONE ALLA LINEA ELETTRICA<\/p>\n<p>STRADA PROVINCIA 251 DELLA VAL DI ZOLDO E VAL CELLINA, DAL 6 AL 15 MAGGIO, SABATO E DOMENICA ESCLUSI, SENSO UNICO ALTRNATO REGOLATO DA IMPIANTO SEMAFORICO PER LAVORI DI RIPRISTINO RETI DI PROTEZIONE DEI VERSANTI<\/p>\n<p class=\"photoswipe-wrapper\">STRADA REGIONALE 48 DELLE DOLOMITI, DALLE ORE 8 DEL 12 MAGGIO ALLE 18 DEL 13 MAGGIO, INTERDIZIONE TOTALE AL TRAFFICO TRA ARABBA E IL PASSO PORDOI PER LAVORI DI RIFACIMENTO TOMBINATURA<\/p>\n<p>STRADA PROVINCIALE 347 DEL PASSO CEREDA E DURAN, DALLE 7 ALLE 18 , DAL 7 AL 29 MAGGIO, POSSIBILI TEMPORANEE INTERRUZZIONI ALLA VIABILIT\u00e0 DELLA DURATA MASSIMA DI 30 MINUTI E SENSO UNICO ALTERNATO REGOLATO DA MOVIERI PER ASFALTATURA TRATTI DI STRADA TRA PASSO DURAN E DONT<\/p>\n<p>STRADA REGIONALE 50 BIS DELLE SCALE DI PRIMOLANO, IN LOCALITA&#8217; GIARONI DI ARSIE&#8217;, DALLE 8 ALLE 18, DA L&#8217;11 AL 15 MAGGIO, SENSO UNICO ALTERNATO REGOLATO DA IMPIANTO SEMAFORICO<\/p>\n<p>&nbsp;<\/p>\n<hr \/>\n<p>&nbsp;<\/p>\n<p><a class=\"dt-pswp-item\" href=\"https:\/\/www.radiopiu.net\/wordpress\/wp-content\/uploads\/2018\/09\/sport.jpg\" data-dt-img-description=\"\" data-large_image_width=\"800\" data-large_image_height=\"100\"><img loading=\"lazy\" decoding=\"async\" class=\"aligncenter wp-image-60761 size-full\" src=\"https:\/\/www.radiopiu.net\/wordpress\/wp-content\/uploads\/2018\/09\/sport.jpg\" alt=\"\" width=\"800\" height=\"100\" srcset=\"https:\/\/www.radiopiu.net\/wordpress\/wp-content\/uploads\/2018\/09\/sport.jpg 800w, https:\/\/www.radiopiu.net\/wordpress\/wp-content\/uploads\/2018\/09\/sport-300x38.jpg 300w, https:\/\/www.radiopiu.net\/wordpress\/wp-content\/uploads\/2018\/09\/sport-768x96.jpg 768w\" sizes=\"auto, (max-width: 800px) 100vw, 800px\" \/><\/a><\/p>\n<p>&nbsp;<\/p>\n<blockquote>\n<h3 class=\"entry-title\">MA QUANTO CI MANCATE\u2026 MARIO SCHIVO CON CLAUDIO FRANCESCHINI NEI NOSTRI CUORI, NEI NOSTRI RICORDI<\/h3>\n<\/blockquote>\n<p><img decoding=\"async\" src=\"https:\/\/i0.wp.com\/www.radiopiu.net\/wordpress\/wp-content\/uploads\/2020\/05\/96cd797d-66c8-4ce8-bbf1-20d4ed91bb7b.jpg?resize=1200%2C675&amp;ssl=1\" \/><\/p>\n<p>&nbsp;<\/p>\n<hr \/>\n<p>&nbsp;<\/p>\n<blockquote>\n<h3>ANNULLATA L&#8217;EDIZIONE 2020 DEL CAMPIONATO AGORDINO DI CALCIO, LA VOCE AI PROTAGONISTI<\/h3>\n<\/blockquote>\n<p><strong><a class=\"dt-pswp-item\" href=\"https:\/\/www.radiopiu.net\/wordpress\/wp-content\/uploads\/2019\/06\/CALCIO-2019.jpg\" data-dt-img-description=\"\" data-large_image_width=\"624\" data-large_image_height=\"351\"><img loading=\"lazy\" decoding=\"async\" class=\" wp-image-88853 alignleft\" src=\"https:\/\/www.radiopiu.net\/wordpress\/wp-content\/uploads\/2019\/06\/CALCIO-2019-300x169.jpg\" alt=\"\" width=\"179\" height=\"101\" srcset=\"https:\/\/www.radiopiu.net\/wordpress\/wp-content\/uploads\/2019\/06\/CALCIO-2019-300x169.jpg 300w, https:\/\/www.radiopiu.net\/wordpress\/wp-content\/uploads\/2019\/06\/CALCIO-2019.jpg 624w\" sizes=\"auto, (max-width: 179px) 100vw, 179px\" \/><\/a>AGORDO<\/strong> La notizia dell&#8217;annullamento del Campionato Agordino di calcio era nell&#8217;aria ma la conferma \u00e8 arrivata solo ieri. Abbiamo chiesto ad alcune squadre le proprie considerazioni in merito.<\/p>\n<p><strong>ANTIMO SAVARIS PRESIDENTE DEL GS TAIBON<\/strong><\/p>\n<audio class=\"wp-audio-shortcode\" id=\"audio-135812-7\" preload=\"none\" style=\"width: 100%;\" controls=\"controls\"><source type=\"audio\/mpeg\" src=\"https:\/\/www.radiopiu.net\/wordpress\/wp-content\/uploads\/2020\/05\/ANTIMO-CAMP-AGO.mp3?_=7\" \/><a href=\"https:\/\/www.radiopiu.net\/wordpress\/wp-content\/uploads\/2020\/05\/ANTIMO-CAMP-AGO.mp3\">https:\/\/www.radiopiu.net\/wordpress\/wp-content\/uploads\/2020\/05\/ANTIMO-CAMP-AGO.mp3<\/a><\/audio>\n<p>&nbsp;<\/p>\n<p><strong>ANDREA RUMOR PRESIDENTE DEL LE VILLE<\/strong><\/p>\n<audio class=\"wp-audio-shortcode\" id=\"audio-135812-8\" preload=\"none\" style=\"width: 100%;\" controls=\"controls\"><source type=\"audio\/mpeg\" src=\"https:\/\/www.radiopiu.net\/wordpress\/wp-content\/uploads\/2020\/05\/ANDREA-RUMOR-CAMP-AGO.mp3?_=8\" \/><a href=\"https:\/\/www.radiopiu.net\/wordpress\/wp-content\/uploads\/2020\/05\/ANDREA-RUMOR-CAMP-AGO.mp3\">https:\/\/www.radiopiu.net\/wordpress\/wp-content\/uploads\/2020\/05\/ANDREA-RUMOR-CAMP-AGO.mp3<\/a><\/audio>\n<p>&nbsp;<\/p>\n<p><strong>IL SERVIZIO DI GIANNI SANTOMASO<\/strong><\/p>\n<audio class=\"wp-audio-shortcode\" id=\"audio-135812-9\" preload=\"none\" style=\"width: 100%;\" controls=\"controls\"><source type=\"audio\/mpeg\" src=\"https:\/\/www.radiopiu.net\/wordpress\/wp-content\/uploads\/2020\/05\/GIANNI-CAMPIONATO-AGORDINO.mp3?_=9\" \/><a href=\"https:\/\/www.radiopiu.net\/wordpress\/wp-content\/uploads\/2020\/05\/GIANNI-CAMPIONATO-AGORDINO.mp3\">https:\/\/www.radiopiu.net\/wordpress\/wp-content\/uploads\/2020\/05\/GIANNI-CAMPIONATO-AGORDINO.mp3<\/a><\/audio>\n<p>&nbsp;<\/p>\n<p>&nbsp;<\/p>\n<hr \/>\n<p>&nbsp;<\/p>\n<p><img decoding=\"async\" class=\"aligncenter jetpack-lazy-image jetpack-lazy-image--handled\" src=\"https:\/\/i0.wp.com\/www.radiopiu.net\/wordpress\/wp-content\/uploads\/2018\/09\/WhatsApp-Image-2018-09-20-at-16.04.06.jpeg?resize=800%2C100&amp;ssl=1\" data-lazy-loaded=\"1\" \/><\/p>\n<p>&nbsp;<\/p>\n<p><center><b>Venerdi 8<\/b><\/center><b>Tempo atteso:\u00a0<\/b>Tempo solo parzialmente soleggiato con cielo velato da nubi alte al mattino, a tratti coperto per transito di altostrati pi\u00f9 compatti e per nubi medio-alte al pomeriggio. Clima meno fresco di notte e piuttosto mite di giorno, nonostante la continua presenza di nubi alte.<br \/>\n<b>Precipitazioni:\u00a0<\/b>Assenti (0%).<br \/>\n<b>Temperature:\u00a0<\/b>Minime in rialzo; massime stazionarie ovunque o in leggerissima flessione nelle valli qualora le velature del cielo fossero tali da mascherare il sole. Sono previste massime di 22\/23\u00b0C nei fondovalle prealpini e di 18\/19\u00b0C a 1000\/1200 m. Su Prealpi a 1500 m min 9\u00b0C max 14\u00b0C, a 2000 m min 7\u00b0C max 11\u00b0C. Su Dolomiti a 2000 m min 6\u00b0C max 12\u00b0C, a 3000 m min 1\u00b0C max 3\u00b0C.<br \/>\n<b>Venti:\u00a0<\/b>Nelle valli perlopi\u00f9 deboli a regime di brezza, a tratti moderati su alcuni settori prealpini per rinforzi notturni; in quota perlopi\u00f9 deboli da ovest al mattino e da nord-ovest al pomeriggio, a 5\/10 km\/h a 2000 m e 10\/15 km\/h a 3000 m.<\/p>\n<hr \/>\n<p><center><b>Sabato 9<\/b><\/center><b>Tempo atteso:\u00a0<\/b>Tempo solo parzialmente soleggiato per la presenza di residue velature o nubi medie al primo mattino, anche per lo sviluppo dell&#8217;attivit\u00e0 cumuliforme al pomeriggio. Quest&#8217;ultima potr\u00e0 essere localmente associata a qualche isolato fenomeno convettivo. Clima ancora primaverile.<br \/>\n<b>Precipitazioni:\u00a0<\/b>Al mattino assenti (0%); al pomeriggio probabilit\u00e0 medio-bassa sulle Dolomiti per rovesci (30\/40%), mentre il rischio sar\u00e0 decisamente minore sulle Prealpi (10\/20%) o addirittura assente.<br \/>\n<b>Temperature:\u00a0<\/b>Minime in generale leggero aumento; massime in lieve flessione in alta quota e pressoch\u00e9 stazionarie nelle valli, eccetto nei settori interessati da riduzione del soleggiamento per attivit\u00e0 cumuliforme. Le punte massime rimangono pressoch\u00e9 invariate con 22\/23\u00b0C nei fondovalle prealpini e 18\/19\u00b0C a 1000\/1200 m. Su Prealpi a 1500 m min 9\u00b0C max 13\u00b0C, a 2000 m min 8\u00b0C max 10\u00b0C. Su Dolomiti a 2000 m min 7\u00b0C max 11\u00b0C, a 3000 m min 1\u00b0C max 2\u00b0C.<br \/>\n<b>Venti:\u00a0<\/b>Deboli\/moderati a regime di brezza nelle valli; in quota perlopi\u00f9 deboli dai quadranti occidentali, a 5-10 km\/h a 2000 m e 10-15 km\/h a 3000 m.<\/p>\n<hr \/>\n<p><center><b>Domenica 10<\/b><\/center>Al mattino tempo generalmente ben soleggiato con cielo sereno o poco nuvoloso per primi cumuli. Al pomeriggio riduzione del soleggiamento per attivit\u00e0 cumuliforme modesta o localmente moderata. L&#8217;insidia rovesci o eventuali temporali rimarr\u00e0 piuttosto bassa Sulle Dolomiti e pressoch\u00e9 assente sulle Prealpi. Temperature senza notevoli variazioni, eccetto lieve calo delle massime in caso d&#8217;instabilit\u00e0. Venti in quota deboli\/moderati da sud-ovest, in rinforzo nel tardo pomeriggio\/sera; nelle valli deboli\/moderati a regime di brezza.<\/p>\n<hr \/>\n<p><center><b>Lunedi 11<\/b><\/center>Tempo perturbato\/instabile con cielo molto nuvoloso\/coperto e diffuse precipitazioni, perlopi\u00f9 persistenti, anche a carattere di rovescio o temporale, con limite neve attorno ai 2000\/2100 m. Attenuazione dei fenomei in serata. Temperature in calo, eccetto rialzo delle minime nelle valli. Venti deboli di direzione variabile nelle valli, con qualche raffica in caso di temporale; in quota tesi\/forti da sud tra la notte e il primo mattino, poi moderati\/tesi da sud-ovest, alla sera da nord, in netta attenuazione. Previsore: R.L.Th<\/p>\n","protected":false},"excerpt":{"rendered":"<p>PER RICEVERE QUESTO NOTIZIARIO DIRETTAMENTE SUL TUO CELLULARE ISCRIVITI AL CANALE TELEGRAM\u00a0\u201cRADIO PIU\u00a0 INFORMAZIONE\u201d 50 ARTISTI PER LA CROCE ROSSA ITALIANA &nbsp; &nbsp; Gestione Servizi Pubblici informa che a GOSALDO, nelle localit\u00e0 LE FOCHE, LAMBROI, DENEORE, MAGAIT, REN, SELLE, COL TAMAI, BITTI, GIARDOI, LE CASE, CURTI e INCASAL, l\u2019acqua erogata dall\u2019acquedotto non \u00e8 potabile e&hellip;<\/p>\n","protected":false},"author":4,"featured_media":136072,"comment_status":"closed","ping_status":"closed","sticky":false,"template":"","format":"standard","meta":{"_monsterinsights_skip_tracking":false,"_monsterinsights_sitenote_active":false,"_monsterinsights_sitenote_note":"","_monsterinsights_sitenote_category":0,"footnotes":""},"categories":[1,51,86],"tags":[],"class_list":["post-135812","post","type-post","status-publish","format-standard","has-post-thumbnail","hentry","category-senza-categoria","category-evidenza-top","category-gr","category-1","category-51","category-86","description-off"],"img_url":"https:\/\/www.radiopiu.net\/wordpress\/wp-content\/uploads\/2020\/05\/4e315c58-d664-4b28-a750-e544f302101e.jpg","_links":{"self":[{"href":"https:\/\/www.radiopiu.net\/wordpress\/wp-json\/wp\/v2\/posts\/135812","targetHints":{"allow":["GET"]}}],"collection":[{"href":"https:\/\/www.radiopiu.net\/wordpress\/wp-json\/wp\/v2\/posts"}],"about":[{"href":"https:\/\/www.radiopiu.net\/wordpress\/wp-json\/wp\/v2\/types\/post"}],"author":[{"embeddable":true,"href":"https:\/\/www.radiopiu.net\/wordpress\/wp-json\/wp\/v2\/users\/4"}],"replies":[{"embeddable":true,"href":"https:\/\/www.radiopiu.net\/wordpress\/wp-json\/wp\/v2\/comments?post=135812"}],"version-history":[{"count":0,"href":"https:\/\/www.radiopiu.net\/wordpress\/wp-json\/wp\/v2\/posts\/135812\/revisions"}],"wp:featuredmedia":[{"embeddable":true,"href":"https:\/\/www.radiopiu.net\/wordpress\/wp-json\/wp\/v2\/media\/136072"}],"wp:attachment":[{"href":"https:\/\/www.radiopiu.net\/wordpress\/wp-json\/wp\/v2\/media?parent=135812"}],"wp:term":[{"taxonomy":"category","embeddable":true,"href":"https:\/\/www.radiopiu.net\/wordpress\/wp-json\/wp\/v2\/categories?post=135812"},{"taxonomy":"post_tag","embeddable":true,"href":"https:\/\/www.radiopiu.net\/wordpress\/wp-json\/wp\/v2\/tags?post=135812"}],"curies":[{"name":"wp","href":"https:\/\/api.w.org\/{rel}","templated":true}]}}