{"id":135819,"date":"2020-05-07T19:45:38","date_gmt":"2020-05-07T17:45:38","guid":{"rendered":"https:\/\/www.radiopiu.net\/wordpress\/?p=135819"},"modified":"2020-05-08T06:21:24","modified_gmt":"2020-05-08T04:21:24","slug":"trasporti-luxottica-i-primi-collegamenti-attivati","status":"publish","type":"post","link":"https:\/\/www.radiopiu.net\/wordpress\/trasporti-luxottica-i-primi-collegamenti-attivati\/","title":{"rendered":"TRASPORTI LUXOTTICA: I PRIMI COLLEGAMENTI ATTIVATI"},"content":{"rendered":"<p><strong><a class=\"dt-pswp-item\" href=\"https:\/\/www.radiopiu.net\/wordpress\/wp-content\/uploads\/2020\/05\/AUTOBUS.jpg\" data-dt-img-description=\"\" data-large_image_width=\"1920\" data-large_image_height=\"1280\"><img loading=\"lazy\" decoding=\"async\" class=\"size-medium wp-image-135820 alignleft\" src=\"https:\/\/www.radiopiu.net\/wordpress\/wp-content\/uploads\/2020\/05\/AUTOBUS-300x200.jpg\" alt=\"\" width=\"300\" height=\"200\" srcset=\"https:\/\/www.radiopiu.net\/wordpress\/wp-content\/uploads\/2020\/05\/AUTOBUS-300x200.jpg 300w, https:\/\/www.radiopiu.net\/wordpress\/wp-content\/uploads\/2020\/05\/AUTOBUS-1024x683.jpg 1024w, https:\/\/www.radiopiu.net\/wordpress\/wp-content\/uploads\/2020\/05\/AUTOBUS-768x512.jpg 768w, https:\/\/www.radiopiu.net\/wordpress\/wp-content\/uploads\/2020\/05\/AUTOBUS-1536x1024.jpg 1536w, https:\/\/www.radiopiu.net\/wordpress\/wp-content\/uploads\/2020\/05\/AUTOBUS.jpg 1920w\" sizes=\"auto, (max-width: 300px) 100vw, 300px\" \/><\/a>AGORDO<\/strong> Il servizio di trasporto per i dipendenti Luxottica sembra cominciare a partire. La prima corsa \u00e8 stata messa a disposizione da DolomitiBus oggi. Ad ufficializzare la notizia Emilio Bez, coordinatore UILTEC e membro della commissione trasporti dello stabilimento di Agordo. &#8220;<em>Alcune\u00a0delle domande pi\u00f9\u00a0ricorrenti che riceviamo riguardano i trasporti per recarsi al lavoro e in particolare il servizio di autobus ma la situazione\u00a0in questo periodo\u00a0\u00e8 ovviamente molto complessa<\/em>&#8221; dice Bez &#8220;<em>Dalla ripresa dell&#8217;attivit\u00e0 fino ad oggi, non vi era pi\u00f9 stato un servizio autobus utilizzabile dai lavoratori della zona di Valcozzena-Brugnach poich\u00e8 le pochissime corse attive in questo periodo transitavano solamente dall&#8217;autostazione di Agordo. Dal 7 maggio Dolomitibus ripristina anche il tratto di collegamento con la zona industriale di Agordo<\/em>&#8220;. Non tutte le tratte per\u00f2 verranno riattivate, alcune potranno essere utilizzate dai lavoratori a giornata ma restano diverse tratte non ancora riattivate n\u00e9 a giornata n\u00e9 tantomeno a turni. &#8220;<em>Non c&#8217;\u00e8 da meravigliarsi &#8211; continua Emilio Bez &#8211; vista la complicata situazione che stanno vivendo tutte le aziende di trasporto pubblico, alle prese col susseguirsi di decreti e ordinanze dettate dall&#8217;emergenza sanitaria in cui ci troviamo da mesi e con prescrizioni da rispettare anch&#8217;esse in continua evoluzione: limitazioni al numero di passeggeri trasportabili, distanziamento dei posti, dispenser di igienizzante e altro ancora<\/em>&#8220;. Non si sa ancora quante e quali saranno le corse che nelle prossime settimane verranno riattivate. Al momento i dipendenti arrivano in frazione Valcozzena con i mezzi propri e non ci sono problemi di parcheggio. &#8220;<em>Se la mancanza degli autobus ha avuto in questo periodo un impatto relativamente limitato sulla congestione dei parcheggi, questo \u00e8 dovuto al ridotto flusso quotidiano di lavoratori nell&#8217;area; con il risalire dei livelli produttivi un servizio di trasporto collettivo torner\u00e0 ad essere indispensabile&#8221; conclude Bez<\/em><\/p>\n","protected":false},"excerpt":{"rendered":"<p>AGORDO Il servizio di trasporto per i dipendenti Luxottica sembra cominciare a partire. La prima corsa \u00e8 stata messa a disposizione da DolomitiBus oggi. Ad ufficializzare la notizia Emilio Bez, coordinatore UILTEC e membro della commissione trasporti dello stabilimento di Agordo. &#8220;Alcune\u00a0delle domande pi\u00f9\u00a0ricorrenti che riceviamo riguardano i trasporti per recarsi al lavoro e in&hellip;<\/p>\n","protected":false},"author":4,"featured_media":135820,"comment_status":"closed","ping_status":"closed","sticky":false,"template":"","format":"standard","meta":{"_monsterinsights_skip_tracking":false,"_monsterinsights_sitenote_active":false,"_monsterinsights_sitenote_note":"","_monsterinsights_sitenote_category":0,"footnotes":""},"categories":[104,49],"tags":[],"class_list":["post-135819","post","type-post","status-publish","format-standard","has-post-thumbnail","hentry","category-evidenza_3","category-news-18","category-104","category-49","description-off"],"img_url":"https:\/\/www.radiopiu.net\/wordpress\/wp-content\/uploads\/2020\/05\/AUTOBUS.jpg","_links":{"self":[{"href":"https:\/\/www.radiopiu.net\/wordpress\/wp-json\/wp\/v2\/posts\/135819","targetHints":{"allow":["GET"]}}],"collection":[{"href":"https:\/\/www.radiopiu.net\/wordpress\/wp-json\/wp\/v2\/posts"}],"about":[{"href":"https:\/\/www.radiopiu.net\/wordpress\/wp-json\/wp\/v2\/types\/post"}],"author":[{"embeddable":true,"href":"https:\/\/www.radiopiu.net\/wordpress\/wp-json\/wp\/v2\/users\/4"}],"replies":[{"embeddable":true,"href":"https:\/\/www.radiopiu.net\/wordpress\/wp-json\/wp\/v2\/comments?post=135819"}],"version-history":[{"count":0,"href":"https:\/\/www.radiopiu.net\/wordpress\/wp-json\/wp\/v2\/posts\/135819\/revisions"}],"wp:featuredmedia":[{"embeddable":true,"href":"https:\/\/www.radiopiu.net\/wordpress\/wp-json\/wp\/v2\/media\/135820"}],"wp:attachment":[{"href":"https:\/\/www.radiopiu.net\/wordpress\/wp-json\/wp\/v2\/media?parent=135819"}],"wp:term":[{"taxonomy":"category","embeddable":true,"href":"https:\/\/www.radiopiu.net\/wordpress\/wp-json\/wp\/v2\/categories?post=135819"},{"taxonomy":"post_tag","embeddable":true,"href":"https:\/\/www.radiopiu.net\/wordpress\/wp-json\/wp\/v2\/tags?post=135819"}],"curies":[{"name":"wp","href":"https:\/\/api.w.org\/{rel}","templated":true}]}}