{"id":135827,"date":"2020-05-08T05:05:26","date_gmt":"2020-05-08T03:05:26","guid":{"rendered":"https:\/\/www.radiopiu.net\/wordpress\/?p=135827"},"modified":"2020-05-25T11:51:36","modified_gmt":"2020-05-25T09:51:36","slug":"agordino-dove-rinascono-le-dolomiti-donazione-allospedale-di-agordo","status":"publish","type":"post","link":"https:\/\/www.radiopiu.net\/wordpress\/agordino-dove-rinascono-le-dolomiti-donazione-allospedale-di-agordo\/","title":{"rendered":"Agordino dove rinascono le Dolomiti &#8211; donazione all&#8217;ospedale di Agordo"},"content":{"rendered":"<p class=\"p1\"><a class=\"dt-pswp-item\" href=\"https:\/\/www.radiopiu.net\/wordpress\/wp-content\/uploads\/2020\/05\/edan-x10-2.jpeg\" data-dt-img-description=\"\" data-large_image_width=\"500\" data-large_image_height=\"448\"><img loading=\"lazy\" decoding=\"async\" class=\"size-medium wp-image-135828 alignleft\" src=\"https:\/\/www.radiopiu.net\/wordpress\/wp-content\/uploads\/2020\/05\/edan-x10-2-300x269.jpeg\" alt=\"\" width=\"300\" height=\"269\" srcset=\"https:\/\/www.radiopiu.net\/wordpress\/wp-content\/uploads\/2020\/05\/edan-x10-2-300x269.jpeg 300w, https:\/\/www.radiopiu.net\/wordpress\/wp-content\/uploads\/2020\/05\/edan-x10-2.jpeg 500w\" sizes=\"auto, (max-width: 300px) 100vw, 300px\" \/><\/a>L\u2019associazione Agordino dove rinascono le Dolomiti all\u2019inizio dell\u2019emergenza si \u00e8 chiesta cosa poteva fare per dare una mano alle persone sul territorio, avevamo pensato di comprare le mascherine ma erano davvero introvabili, per cui abbiamo fatto la cosa che ci sembrava pi\u00f9 sensata, chiedere alla Ulss di Belluno cosa potesse servire per i nostri ospedali, abbiamo cosi concordato l\u2019acquisto di due monitor che servono per tenere sotto controllo i segni vitali del paziente come frequenza e qualit\u00e0 della traccia cardiaca, pressione, frequenza respiratoria e percentuale di ossigeno, strumenti utili per osservare tempestivamente il cambiamento di uno o pi\u00f9 parametri e quindi intervenire. Servono anche a misurare la pressione in maniera automatica alleggerendo il lavoro infermieristico. Ci \u00e8 voluto abbastanza tempo per farli arrivare perch\u00e8 l\u2019emergenza ha bloccato gli strumenti sanitari alle dogane, c\u2019era una vera corsa all\u2019approvvigionamento, comunque in questa settimana questi monitori saranno collaudati all\u2019ospedale di Agordo. Siamo molto contente di poter dare un piccolo contributo al nostro ospedale e dobbiamo dire grazie agli agordini che seguono il nostro sito, la pagina Facebook e instagram contribuendo con le loro storie e immagini alla narrazione e promozione del territorio e che anche quest\u2019anno hanno richiesto la maglietta o il calendario le cui immagini sono state donate nel tempo da Ylenia Vassere, Claudio Ghizzo, Roberto Sorame\u00e8, Mario De Marco, senza scordare le ricette di Giuliana Da Ronch e le sue foto. Con questi gadget riusciamo a fare queste donazioni.<\/p>\n<p class=\"p1\">In questi giorni abbiamo rinnovato anche il sito <a href=\"https:\/\/www.agordinodoverinasconoledolomiti.it\">www.agordinodoverinasconoledolomiti.it<\/a> che si espande e diventa pi\u00f9 interessante con una parte di articoli e una di schede aziende associazioni, negozi, attivit\u00e0. Stiamo raccogliendo con piacere molte collaborazioni e incoraggiamenti, che per noi sono la cosa pi\u00f9 gradita.<\/p>\n","protected":false},"excerpt":{"rendered":"<p>L\u2019associazione Agordino dove rinascono le Dolomiti all\u2019inizio dell\u2019emergenza si \u00e8 chiesta cosa poteva fare per dare una mano alle persone sul territorio, avevamo pensato di comprare le mascherine ma erano davvero introvabili, per cui abbiamo fatto la cosa che ci sembrava pi\u00f9 sensata, chiedere alla Ulss di Belluno cosa potesse servire per i nostri ospedali,&hellip;<\/p>\n","protected":false},"author":1,"featured_media":135831,"comment_status":"closed","ping_status":"closed","sticky":false,"template":"","format":"standard","meta":{"_monsterinsights_skip_tracking":false,"_monsterinsights_sitenote_active":false,"_monsterinsights_sitenote_note":"","_monsterinsights_sitenote_category":0,"footnotes":""},"categories":[1,49],"tags":[],"class_list":["post-135827","post","type-post","status-publish","format-standard","has-post-thumbnail","hentry","category-senza-categoria","category-news-18","category-1","category-49","description-off"],"img_url":"https:\/\/www.radiopiu.net\/wordpress\/wp-content\/uploads\/2020\/05\/agordino-ospedale.png","_links":{"self":[{"href":"https:\/\/www.radiopiu.net\/wordpress\/wp-json\/wp\/v2\/posts\/135827","targetHints":{"allow":["GET"]}}],"collection":[{"href":"https:\/\/www.radiopiu.net\/wordpress\/wp-json\/wp\/v2\/posts"}],"about":[{"href":"https:\/\/www.radiopiu.net\/wordpress\/wp-json\/wp\/v2\/types\/post"}],"author":[{"embeddable":true,"href":"https:\/\/www.radiopiu.net\/wordpress\/wp-json\/wp\/v2\/users\/1"}],"replies":[{"embeddable":true,"href":"https:\/\/www.radiopiu.net\/wordpress\/wp-json\/wp\/v2\/comments?post=135827"}],"version-history":[{"count":0,"href":"https:\/\/www.radiopiu.net\/wordpress\/wp-json\/wp\/v2\/posts\/135827\/revisions"}],"wp:featuredmedia":[{"embeddable":true,"href":"https:\/\/www.radiopiu.net\/wordpress\/wp-json\/wp\/v2\/media\/135831"}],"wp:attachment":[{"href":"https:\/\/www.radiopiu.net\/wordpress\/wp-json\/wp\/v2\/media?parent=135827"}],"wp:term":[{"taxonomy":"category","embeddable":true,"href":"https:\/\/www.radiopiu.net\/wordpress\/wp-json\/wp\/v2\/categories?post=135827"},{"taxonomy":"post_tag","embeddable":true,"href":"https:\/\/www.radiopiu.net\/wordpress\/wp-json\/wp\/v2\/tags?post=135827"}],"curies":[{"name":"wp","href":"https:\/\/api.w.org\/{rel}","templated":true}]}}