{"id":135846,"date":"2020-05-07T11:34:18","date_gmt":"2020-05-07T09:34:18","guid":{"rendered":"https:\/\/www.radiopiu.net\/wordpress\/?p=135846"},"modified":"2020-05-07T11:45:49","modified_gmt":"2020-05-07T09:45:49","slug":"guardia-di-finanza-dal-24-aprile-controllate-775-persone","status":"publish","type":"post","link":"https:\/\/www.radiopiu.net\/wordpress\/guardia-di-finanza-dal-24-aprile-controllate-775-persone\/","title":{"rendered":"GUARDIA DI FINANZA: DAL 24 APRILE CONTROLLATE 775 PERSONE"},"content":{"rendered":"<p><strong><a class=\"dt-pswp-item\" href=\"https:\/\/www.radiopiu.net\/wordpress\/wp-content\/uploads\/2020\/05\/CONTROLLI-GF-1-scaled.jpg\" data-dt-img-description=\"\" data-large_image_width=\"2560\" data-large_image_height=\"1700\"><img loading=\"lazy\" decoding=\"async\" class=\"size-medium wp-image-135847 alignleft\" src=\"https:\/\/www.radiopiu.net\/wordpress\/wp-content\/uploads\/2020\/05\/CONTROLLI-GF-1-300x199.jpg\" alt=\"\" width=\"300\" height=\"199\" srcset=\"https:\/\/www.radiopiu.net\/wordpress\/wp-content\/uploads\/2020\/05\/CONTROLLI-GF-1-300x199.jpg 300w, https:\/\/www.radiopiu.net\/wordpress\/wp-content\/uploads\/2020\/05\/CONTROLLI-GF-1-1024x680.jpg 1024w, https:\/\/www.radiopiu.net\/wordpress\/wp-content\/uploads\/2020\/05\/CONTROLLI-GF-1-768x510.jpg 768w, https:\/\/www.radiopiu.net\/wordpress\/wp-content\/uploads\/2020\/05\/CONTROLLI-GF-1-1536x1020.jpg 1536w, https:\/\/www.radiopiu.net\/wordpress\/wp-content\/uploads\/2020\/05\/CONTROLLI-GF-1-2048x1360.jpg 2048w\" sizes=\"auto, (max-width: 300px) 100vw, 300px\" \/><\/a>BELLUNO\u00a0<\/strong>Terminata la cosiddetta \u201cFase 1\u201d, continua l\u2019attivit\u00e0 dei Finanzieri del Comando Provinciale della Guardia di Finanza di Belluno volta alla prevenzione e tutela della salute pubblica, dal 24 aprile sono state impiegate su strada 74 pattuglie nell\u2019intero territorio provinciale, da sommare a 43 ulteriori pattuglie del Soccorso Alpino\/S.A.G.F. &#8211; di Cortina d\u2019Ampezzo e di Auronzo di Cadore presso i principali sentieri turistici di montagna delle dolomiti bellunesi, sono stati effettuati\u00a0 775 controlli, sia nei confronti di persone fisiche che di esercizi commerciali.<span class=\"Apple-converted-space\">\u00a0\u00a0<\/span>Prosegue, analogamente, anche in \u201cFase 2\u201d, il costante monitoraggio delle farmacie e parafarmacie della provincia bellunese, avendo effettuato nei confronti di queste ultime 40 controlli complessivi, dai quali nell\u2019ultima settimana non sono emerse particolari irregolarit\u00e0.<span class=\"Apple-converted-space\">\u00a0\u00a0<\/span>Con riferimento all\u2019acquisto di mascherine protettive, dispositivi di protezione individuale (DPI) e presidi medico-chirurgici (PMI), il Comando Provinciale della Guardia di Finanza di Belluno continua ad invitare la cittadinanza a richiedere, al momento dell\u2019acquisto, dispositivi di protezione individuali conformi alla normativa vigente ed approvati dagli Organismi Sanitari competenti, verificando attentamente e scrupolosamente il prodotto di cui ci si sta approvvigionando, affinch\u00e9 nessuno possa \u201capprofittarsi\u201d della buona fede altrui in questa situazione emergenziale dovuta alla <i>pandemia da COVID-19. <a class=\"dt-pswp-item\" href=\"https:\/\/www.radiopiu.net\/wordpress\/wp-content\/uploads\/2020\/05\/CONTROLLI-GF.jpg\" data-dt-img-description=\"\" data-large_image_width=\"1280\" data-large_image_height=\"960\"><img loading=\"lazy\" decoding=\"async\" class=\" wp-image-135848 alignright\" src=\"https:\/\/www.radiopiu.net\/wordpress\/wp-content\/uploads\/2020\/05\/CONTROLLI-GF-300x225.jpg\" alt=\"\" width=\"335\" height=\"251\" srcset=\"https:\/\/www.radiopiu.net\/wordpress\/wp-content\/uploads\/2020\/05\/CONTROLLI-GF-300x225.jpg 300w, https:\/\/www.radiopiu.net\/wordpress\/wp-content\/uploads\/2020\/05\/CONTROLLI-GF-1024x768.jpg 1024w, https:\/\/www.radiopiu.net\/wordpress\/wp-content\/uploads\/2020\/05\/CONTROLLI-GF-768x576.jpg 768w, https:\/\/www.radiopiu.net\/wordpress\/wp-content\/uploads\/2020\/05\/CONTROLLI-GF.jpg 1280w\" sizes=\"auto, (max-width: 335px) 100vw, 335px\" \/><\/a><\/i>Al riguardo, si rammenta che \u00e8 sempre a disposizione dell\u2019intera collettivit\u00e0 il numero di pubblica utilit\u00e0 \u201c117\u201d per eventuali segnalazioni di episodi di interesse per la Guardia di Finanza, in ragione delle peculiari funzioni di Polizia economico \u2013 finanziaria. I successivi eventuali interventi saranno tanto pi\u00f9 incisivi quanto pi\u00f9 gli elementi forniti saranno circostanziati e documentati. Le attivit\u00e0 a tutela della collettivit\u00e0 proseguiranno, a cura dei Reparti dipendenti dal Comando Provinciale di Belluno, per tutto il periodo dell\u2019emergenza sanitaria.<\/p>\n","protected":false},"excerpt":{"rendered":"<p>BELLUNO\u00a0Terminata la cosiddetta \u201cFase 1\u201d, continua l\u2019attivit\u00e0 dei Finanzieri del Comando Provinciale della Guardia di Finanza di Belluno volta alla prevenzione e tutela della salute pubblica, dal 24 aprile sono state impiegate su strada 74 pattuglie nell\u2019intero territorio provinciale, da sommare a 43 ulteriori pattuglie del Soccorso Alpino\/S.A.G.F. &#8211; di Cortina d\u2019Ampezzo e di Auronzo&hellip;<\/p>\n","protected":false},"author":4,"featured_media":135849,"comment_status":"closed","ping_status":"closed","sticky":false,"template":"","format":"standard","meta":{"_monsterinsights_skip_tracking":false,"_monsterinsights_sitenote_active":false,"_monsterinsights_sitenote_note":"","_monsterinsights_sitenote_category":0,"footnotes":""},"categories":[49],"tags":[],"class_list":["post-135846","post","type-post","status-publish","format-standard","has-post-thumbnail","hentry","category-news-18","category-49","description-off"],"img_url":"https:\/\/www.radiopiu.net\/wordpress\/wp-content\/uploads\/2020\/05\/CONTROLLI-GF-2.jpg","_links":{"self":[{"href":"https:\/\/www.radiopiu.net\/wordpress\/wp-json\/wp\/v2\/posts\/135846","targetHints":{"allow":["GET"]}}],"collection":[{"href":"https:\/\/www.radiopiu.net\/wordpress\/wp-json\/wp\/v2\/posts"}],"about":[{"href":"https:\/\/www.radiopiu.net\/wordpress\/wp-json\/wp\/v2\/types\/post"}],"author":[{"embeddable":true,"href":"https:\/\/www.radiopiu.net\/wordpress\/wp-json\/wp\/v2\/users\/4"}],"replies":[{"embeddable":true,"href":"https:\/\/www.radiopiu.net\/wordpress\/wp-json\/wp\/v2\/comments?post=135846"}],"version-history":[{"count":0,"href":"https:\/\/www.radiopiu.net\/wordpress\/wp-json\/wp\/v2\/posts\/135846\/revisions"}],"wp:featuredmedia":[{"embeddable":true,"href":"https:\/\/www.radiopiu.net\/wordpress\/wp-json\/wp\/v2\/media\/135849"}],"wp:attachment":[{"href":"https:\/\/www.radiopiu.net\/wordpress\/wp-json\/wp\/v2\/media?parent=135846"}],"wp:term":[{"taxonomy":"category","embeddable":true,"href":"https:\/\/www.radiopiu.net\/wordpress\/wp-json\/wp\/v2\/categories?post=135846"},{"taxonomy":"post_tag","embeddable":true,"href":"https:\/\/www.radiopiu.net\/wordpress\/wp-json\/wp\/v2\/tags?post=135846"}],"curies":[{"name":"wp","href":"https:\/\/api.w.org\/{rel}","templated":true}]}}