{"id":135922,"date":"2020-05-07T14:39:49","date_gmt":"2020-05-07T12:39:49","guid":{"rendered":"https:\/\/www.radiopiu.net\/wordpress\/?p=135922"},"modified":"2020-05-07T14:39:49","modified_gmt":"2020-05-07T12:39:49","slug":"dal-18-maggio-si-potranno-celebrare-le-messe-con-i-fedeli","status":"publish","type":"post","link":"https:\/\/www.radiopiu.net\/wordpress\/dal-18-maggio-si-potranno-celebrare-le-messe-con-i-fedeli\/","title":{"rendered":"DAL 18 MAGGIO SI POTRANNO CELEBRARE LE MESSE CON I FEDELI"},"content":{"rendered":"<p><strong>ROMA\u00a0<\/strong>\u00c8 stato firmato questa mattina, a Palazzo Chigi, il Protocollo che permetter\u00e0 la ripresa delle celebrazioni con il popolo. Entrer\u00e0 in vigore dal 18 maggio.<\/p>\n<p><strong>IL DOCUMENTO<\/strong><\/p>\n<a href=\"https:\/\/www.radiopiu.net\/wordpress\/wp-content\/uploads\/2020\/05\/protocollo-messe.pdf\" class=\"pdfemb-viewer\" style=\"\" data-width=\"max\" data-height=\"max\" data-toolbar=\"top\" data-toolbar-fixed=\"on\">protocollo messe<\/a>\n","protected":false},"excerpt":{"rendered":"<p>ROMA\u00a0\u00c8 stato firmato questa mattina, a Palazzo Chigi, il Protocollo che permetter\u00e0 la ripresa delle celebrazioni con il popolo. Entrer\u00e0 in vigore dal 18 maggio. IL DOCUMENTO<\/p>\n","protected":false},"author":4,"featured_media":135924,"comment_status":"closed","ping_status":"closed","sticky":false,"template":"","format":"standard","meta":{"_monsterinsights_skip_tracking":false,"_monsterinsights_sitenote_active":false,"_monsterinsights_sitenote_note":"","_monsterinsights_sitenote_category":0,"footnotes":""},"categories":[49],"tags":[],"class_list":["post-135922","post","type-post","status-publish","format-standard","has-post-thumbnail","hentry","category-news-18","category-49","description-off"],"img_url":"https:\/\/www.radiopiu.net\/wordpress\/wp-content\/uploads\/2020\/05\/CHIESA-INTERNO.jpg","_links":{"self":[{"href":"https:\/\/www.radiopiu.net\/wordpress\/wp-json\/wp\/v2\/posts\/135922","targetHints":{"allow":["GET"]}}],"collection":[{"href":"https:\/\/www.radiopiu.net\/wordpress\/wp-json\/wp\/v2\/posts"}],"about":[{"href":"https:\/\/www.radiopiu.net\/wordpress\/wp-json\/wp\/v2\/types\/post"}],"author":[{"embeddable":true,"href":"https:\/\/www.radiopiu.net\/wordpress\/wp-json\/wp\/v2\/users\/4"}],"replies":[{"embeddable":true,"href":"https:\/\/www.radiopiu.net\/wordpress\/wp-json\/wp\/v2\/comments?post=135922"}],"version-history":[{"count":0,"href":"https:\/\/www.radiopiu.net\/wordpress\/wp-json\/wp\/v2\/posts\/135922\/revisions"}],"wp:featuredmedia":[{"embeddable":true,"href":"https:\/\/www.radiopiu.net\/wordpress\/wp-json\/wp\/v2\/media\/135924"}],"wp:attachment":[{"href":"https:\/\/www.radiopiu.net\/wordpress\/wp-json\/wp\/v2\/media?parent=135922"}],"wp:term":[{"taxonomy":"category","embeddable":true,"href":"https:\/\/www.radiopiu.net\/wordpress\/wp-json\/wp\/v2\/categories?post=135922"},{"taxonomy":"post_tag","embeddable":true,"href":"https:\/\/www.radiopiu.net\/wordpress\/wp-json\/wp\/v2\/tags?post=135922"}],"curies":[{"name":"wp","href":"https:\/\/api.w.org\/{rel}","templated":true}]}}