{"id":135932,"date":"2020-05-07T15:02:04","date_gmt":"2020-05-07T13:02:04","guid":{"rendered":"https:\/\/www.radiopiu.net\/wordpress\/?p=135932"},"modified":"2020-05-07T15:02:38","modified_gmt":"2020-05-07T13:02:38","slug":"mercati-da-sabato-tornano-a-cavarzano-e-al-palasport-parcheggi-da-lunedi-parcometri-riaccesi","status":"publish","type":"post","link":"https:\/\/www.radiopiu.net\/wordpress\/mercati-da-sabato-tornano-a-cavarzano-e-al-palasport-parcheggi-da-lunedi-parcometri-riaccesi\/","title":{"rendered":"MERCATI, DA SABATO TORNANO A CAVARZANO E AL PALASPORT. PARCHEGGI, DA LUNED\u00cc PARCOMETRI RIACCESI"},"content":{"rendered":"<p><strong><a class=\"dt-pswp-item\" href=\"https:\/\/www.radiopiu.net\/wordpress\/wp-content\/uploads\/2020\/04\/BELLUNO-SCUDETTO.png\" data-dt-img-description=\"\" data-large_image_width=\"800\" data-large_image_height=\"800\"><img loading=\"lazy\" decoding=\"async\" class=\"size-medium wp-image-131247 alignleft\" src=\"https:\/\/www.radiopiu.net\/wordpress\/wp-content\/uploads\/2020\/04\/BELLUNO-SCUDETTO-300x300.png\" alt=\"\" width=\"300\" height=\"300\" srcset=\"https:\/\/www.radiopiu.net\/wordpress\/wp-content\/uploads\/2020\/04\/BELLUNO-SCUDETTO-300x300.png 300w, https:\/\/www.radiopiu.net\/wordpress\/wp-content\/uploads\/2020\/04\/BELLUNO-SCUDETTO-150x150.png 150w, https:\/\/www.radiopiu.net\/wordpress\/wp-content\/uploads\/2020\/04\/BELLUNO-SCUDETTO-768x768.png 768w, https:\/\/www.radiopiu.net\/wordpress\/wp-content\/uploads\/2020\/04\/BELLUNO-SCUDETTO.png 800w\" sizes=\"auto, (max-width: 300px) 100vw, 300px\" \/><\/a>BELLUNO<\/strong>\u00a0Novit\u00e0 per i mercati e per i parcheggi cittadini: alla luce delle novit\u00e0 arrivate dai DPCM e dalle ordinanze regionali, la giunta comunale ha infatti adottato un nuovo piano per i mercati, potendo cos\u00ec autorizzare la ripartenza anche a Cavarzano e, con la vendita di piante e fiori, anche in via Gabelli, davanti al Palasport; tornano invece in funzione da luned\u00ec i parcometri.\u00a0<b>I MERCATI <\/b>Ripartono quindi altri mercati, oltre a quelli gi\u00e0 attivi dalle scorse settimane, con il ritorno anche delle nuove categorie merceologiche concesse dalle varie norme.\u00a0Per arrivare a queste riaperture, \u00e8 stata innanzitutto modificata la distanza minima tra i posteggi, che scende da 20 a 10 metri, seguendo &#8211; come per il precedente piano &#8211; le indicazioni dell&#8217;ordinanza regionale: questo consente la riapertura del mercato di Cavarzano, che con le precedenti indicazioni non godeva di sufficienti spazi.\u00a0Le norme nazionali e regionali consentono, dopo aver fatto riaprire i mercati alimentari, anche la vendita di prodotti florovivaistici e di abbigliamento e scarpe per bambini: tornano quindi il banco in via Gabelli e quelli tra Piazza Duomo e Piazza delle Erbe.\u00a0Sempre in queste piazze, trover\u00e0 spazio anche l&#8217;unico ambulante florovivaistico di Piazza Piloni: questo \u201ctrasferimento\u201d temporaneo evita cos\u00ec di dover chiudere al traffico l&#8217;intero piazzale, visto il posizionamento di questa bancarella proprio all&#8217;ingresso di<span class=\"Apple-converted-space\">\u00a0 <\/span>Piazza Piloni.\u00a0Tra le altre novit\u00e0, viene adeguata la distanza tra i clienti (ridotta da due a un metro, seguendo le indicazioni nazionali) e viene specificato che la perimetrazione del posteggio deve avvenire a carico dell&#8217;esercente.\u00a0Restano confermate tutte le altri indicazioni (ingresso e uscita separati; obbligo di mascherina e guanti o gel; divieto di assembramento;&#8230;).<b>I PARCHEGGI <\/b>Saranno riaccesi luned\u00ec i parcometri, dopo la decisione della giunta che lo scorso 16 marzo aveva decretato la gratuit\u00e0 per tutti gli stalli a pagamento della citt\u00e0. Una scelta, quella di oggi, dettata dall&#8217;avvio della \u201cFase 2\u201d che sta portando alla riapertura delle attivit\u00e0. Il provvedimento sar\u00e0 limitato ai parcheggi del centro; restano invece ancora gratuiti fino al 31 maggio compreso i parcheggi di Lambioi e il Metropolis, in stazione.<\/p>\n","protected":false},"excerpt":{"rendered":"<p>BELLUNO\u00a0Novit\u00e0 per i mercati e per i parcheggi cittadini: alla luce delle novit\u00e0 arrivate dai DPCM e dalle ordinanze regionali, la giunta comunale ha infatti adottato un nuovo piano per i mercati, potendo cos\u00ec autorizzare la ripartenza anche a Cavarzano e, con la vendita di piante e fiori, anche in via Gabelli, davanti al Palasport;&hellip;<\/p>\n","protected":false},"author":4,"featured_media":131247,"comment_status":"closed","ping_status":"closed","sticky":false,"template":"","format":"standard","meta":{"_monsterinsights_skip_tracking":false,"_monsterinsights_sitenote_active":false,"_monsterinsights_sitenote_note":"","_monsterinsights_sitenote_category":0,"footnotes":""},"categories":[49],"tags":[],"class_list":["post-135932","post","type-post","status-publish","format-standard","has-post-thumbnail","hentry","category-news-18","category-49","description-off"],"img_url":"https:\/\/www.radiopiu.net\/wordpress\/wp-content\/uploads\/2020\/04\/BELLUNO-SCUDETTO.png","_links":{"self":[{"href":"https:\/\/www.radiopiu.net\/wordpress\/wp-json\/wp\/v2\/posts\/135932","targetHints":{"allow":["GET"]}}],"collection":[{"href":"https:\/\/www.radiopiu.net\/wordpress\/wp-json\/wp\/v2\/posts"}],"about":[{"href":"https:\/\/www.radiopiu.net\/wordpress\/wp-json\/wp\/v2\/types\/post"}],"author":[{"embeddable":true,"href":"https:\/\/www.radiopiu.net\/wordpress\/wp-json\/wp\/v2\/users\/4"}],"replies":[{"embeddable":true,"href":"https:\/\/www.radiopiu.net\/wordpress\/wp-json\/wp\/v2\/comments?post=135932"}],"version-history":[{"count":0,"href":"https:\/\/www.radiopiu.net\/wordpress\/wp-json\/wp\/v2\/posts\/135932\/revisions"}],"wp:featuredmedia":[{"embeddable":true,"href":"https:\/\/www.radiopiu.net\/wordpress\/wp-json\/wp\/v2\/media\/131247"}],"wp:attachment":[{"href":"https:\/\/www.radiopiu.net\/wordpress\/wp-json\/wp\/v2\/media?parent=135932"}],"wp:term":[{"taxonomy":"category","embeddable":true,"href":"https:\/\/www.radiopiu.net\/wordpress\/wp-json\/wp\/v2\/categories?post=135932"},{"taxonomy":"post_tag","embeddable":true,"href":"https:\/\/www.radiopiu.net\/wordpress\/wp-json\/wp\/v2\/tags?post=135932"}],"curies":[{"name":"wp","href":"https:\/\/api.w.org\/{rel}","templated":true}]}}