{"id":135960,"date":"2020-05-07T23:58:51","date_gmt":"2020-05-07T21:58:51","guid":{"rendered":"https:\/\/www.radiopiu.net\/wordpress\/?p=135960"},"modified":"2020-05-07T16:40:56","modified_gmt":"2020-05-07T14:40:56","slug":"capitelli-e-immagini-sacre-di-borgo-piave-e-san-gervasio-di-renato-bona","status":"publish","type":"post","link":"https:\/\/www.radiopiu.net\/wordpress\/capitelli-e-immagini-sacre-di-borgo-piave-e-san-gervasio-di-renato-bona\/","title":{"rendered":"\u201cCAPITELLI E IMMAGINI SACRE\u201d DI BORGO PIAVE E SAN GERVASIO di Renato Bona"},"content":{"rendered":"<p><strong><a class=\"dt-pswp-item\" href=\"https:\/\/www.radiopiu.net\/wordpress\/wp-content\/uploads\/2019\/08\/553085_385905871470280_1626001170_n.jpg\" data-dt-img-description=\"\" data-large_image_width=\"855\" data-large_image_height=\"569\"><img loading=\"lazy\" decoding=\"async\" class=\" wp-image-94070 alignleft\" src=\"https:\/\/www.radiopiu.net\/wordpress\/wp-content\/uploads\/2019\/08\/553085_385905871470280_1626001170_n-300x200.jpg\" alt=\"\" width=\"158\" height=\"105\" \/><\/a>di Renato Bona\u00a0<\/strong><\/p>\n<p>\u201cGuidati\u201d dal libro scritto dall\u2019amico Vincenzo Caputo: \u201cCapitelli e immagini sacre a Belluno\u201d e stampato dalla tipografia Piave nel settembre 1989 per conto dell\u2019Istituto bellunese di ricerche sociali e culturali presieduto dal prof. don Sergio Sacco, \u201cvisitiamo\u201d oggi le realt\u00e0 specifiche della Parrocchia di Borgo Piave e di quella di San Gervasio dove sono presenti i \u201csegni\u201d della devozione popolare come del resto si registra in tutte le parrocchie urbane e suburbane di Belluno.. Per quanto riguarda la \u201cSan Nicol\u00f2\u201d di Borgo Piave c\u2019\u00e8 nella via Monte Grappa, il capitello in muratura, dedicato a Santa Berlendia; risale a data imprecisata ma compresa tra il XVII ed il XVIII secolo e risulta in discreto stato di conservazione. All\u2019interno, un quadro ad olio, purtroppo molto deteriorato, che raffigura Berlendia con Sant\u2019Antonio da Padova, San Giuseppe e Ges\u00f9 Bambino. Un secondo quadro, dello stesso indefinito periodo e pure compromesso per l\u2019usura del tempo, propone \u201cSanta Berlendia con Ges\u00f9 bambino\u201d. Da ultimo, ecco un \u201cCrocifisso\u201d opera lignea non ben conservata. Per questi \u201creperti\u201d Caputo scrive. \u201cIn questo antichissimo capitello di propriet\u00e0 della famiglia Olivier e Burigo, durante la Grande Guerra furono trafugati e distrutti da alcuni soldati austriaci un altare e due inginocchiatoi in legno, molto antichi\u201d. In Destra Piave la Parrocchia dei santi Gervasio e Protasio propone, nella via Feltre, poco prima del passaggio a livello,un capitello in cemento, risalente al 1920, in buono stato, intitolato alla \u201cDeposizione dalla Croce\u201d e quindi una Croce in legno, con Ges\u00f9 e la Madonna in gesso, tutti ben conservati. Caputo precisa: \u201cIl capitello fu fatto erigere da Pietro Prosdocimi nelle vicinanze della propria casa di abitazione\u201d. A breve distanza, all\u2019interno dell\u2019area ospedaliera ed in particolare nel giardino all\u2019altezza dell\u2019ingresso principale del nosocomio, si erge a cielo aperto la statua in bronzo di Padre Pio da Pietralcina; l\u2019opera risale al 1987 e risulta ben conservata. Alla base della statua, da una targa in bronzo si pu\u00f2 leggere la seguente frase attribuita al Santo: \u201cGes\u00f9 non \u00e8 mai senza la croce e la croce non \u00e8 mai senza Ges\u00f9\u201d. NELLE FOTO (riproduzioni dal libro di Vincenzo Caputo): il capitello di via Monte Grappa; Santa Berlendia; la Santa con Ges\u00f9 bambino; il crocifisso ligneo; il capitello di via Feltre; la \u201cDeposizione dalla croce\u201d; la statua bronzea di Padre Pio nel giardino dell\u2019Ospedale in viale Europa.<\/p>\n\n\t\t\t<style type='text\/css'>\n\t\t\t\t#gallery-1 {\n\t\t\t\t\tmargin: auto;\n\t\t\t\t}\n\t\t\t\t#gallery-1 .gallery-item {\n\t\t\t\t\tfloat: left;\n\t\t\t\t\tmargin-top: 10px;\n\t\t\t\t\ttext-align: center;\n\t\t\t\t\twidth: 25%;\n\t\t\t\t}\n\t\t\t\t#gallery-1 img {\n\t\t\t\t\tborder: 2px solid #cfcfcf;\n\t\t\t\t}\n\t\t\t\t#gallery-1 .gallery-caption {\n\t\t\t\t\tmargin-left: 0;\n\t\t\t\t}\n\t\t\t\t\/* see gallery_shortcode() in wp-includes\/media.php *\/\n\t\t\t<\/style>\n\t\t<div id='gallery-1' class='dt-gallery-container gallery galleryid-135960 gallery-columns-4 gallery-size-thumbnail'><dl class='gallery-item'>\n\t\t\t\t<dt class='gallery-icon portrait'>\n\t\t\t\t\t<a class=\"rollover\" href='https:\/\/www.radiopiu.net\/wordpress\/capitelli-e-immagini-sacre-di-borgo-piave-e-san-gervasio-di-renato-bona\/95838881_1325465294317707_8571130267400404992_n\/'><img loading=\"lazy\" decoding=\"async\" width=\"150\" height=\"150\" src=\"https:\/\/www.radiopiu.net\/wordpress\/wp-content\/uploads\/2020\/05\/95838881_1325465294317707_8571130267400404992_n-150x150.jpg\" class=\"attachment-thumbnail size-thumbnail\" alt=\"\" \/><\/a>\n\t\t\t\t<\/dt><\/dl><dl class='gallery-item'>\n\t\t\t\t<dt class='gallery-icon portrait'>\n\t\t\t\t\t<a class=\"rollover\" href='https:\/\/www.radiopiu.net\/wordpress\/capitelli-e-immagini-sacre-di-borgo-piave-e-san-gervasio-di-renato-bona\/95845038_233519171079808_5233594190511734784_n\/'><img loading=\"lazy\" decoding=\"async\" width=\"150\" height=\"150\" src=\"https:\/\/www.radiopiu.net\/wordpress\/wp-content\/uploads\/2020\/05\/95845038_233519171079808_5233594190511734784_n-150x150.jpg\" class=\"attachment-thumbnail size-thumbnail\" alt=\"\" \/><\/a>\n\t\t\t\t<\/dt><\/dl><dl class='gallery-item'>\n\t\t\t\t<dt class='gallery-icon portrait'>\n\t\t\t\t\t<a class=\"rollover\" href='https:\/\/www.radiopiu.net\/wordpress\/capitelli-e-immagini-sacre-di-borgo-piave-e-san-gervasio-di-renato-bona\/95897221_1306381846219776_4096052418331017216_n\/'><img loading=\"lazy\" decoding=\"async\" width=\"150\" height=\"150\" src=\"https:\/\/www.radiopiu.net\/wordpress\/wp-content\/uploads\/2020\/05\/95897221_1306381846219776_4096052418331017216_n-150x150.jpg\" class=\"attachment-thumbnail size-thumbnail\" alt=\"\" \/><\/a>\n\t\t\t\t<\/dt><\/dl><dl class='gallery-item'>\n\t\t\t\t<dt class='gallery-icon portrait'>\n\t\t\t\t\t<a class=\"rollover\" href='https:\/\/www.radiopiu.net\/wordpress\/capitelli-e-immagini-sacre-di-borgo-piave-e-san-gervasio-di-renato-bona\/96045457_698334550919937_2865219592794406912_n\/'><img loading=\"lazy\" decoding=\"async\" width=\"150\" height=\"150\" src=\"https:\/\/www.radiopiu.net\/wordpress\/wp-content\/uploads\/2020\/05\/96045457_698334550919937_2865219592794406912_n-150x150.jpg\" class=\"attachment-thumbnail size-thumbnail\" alt=\"\" \/><\/a>\n\t\t\t\t<\/dt><\/dl><br style=\"clear: both\" \/><dl class='gallery-item'>\n\t\t\t\t<dt class='gallery-icon portrait'>\n\t\t\t\t\t<a class=\"rollover\" href='https:\/\/www.radiopiu.net\/wordpress\/capitelli-e-immagini-sacre-di-borgo-piave-e-san-gervasio-di-renato-bona\/96146451_1140067289692694_6285218242902360064_n\/'><img loading=\"lazy\" decoding=\"async\" width=\"150\" height=\"150\" src=\"https:\/\/www.radiopiu.net\/wordpress\/wp-content\/uploads\/2020\/05\/96146451_1140067289692694_6285218242902360064_n-150x150.jpg\" class=\"attachment-thumbnail size-thumbnail\" alt=\"\" \/><\/a>\n\t\t\t\t<\/dt><\/dl><dl class='gallery-item'>\n\t\t\t\t<dt class='gallery-icon portrait'>\n\t\t\t\t\t<a class=\"rollover\" href='https:\/\/www.radiopiu.net\/wordpress\/capitelli-e-immagini-sacre-di-borgo-piave-e-san-gervasio-di-renato-bona\/96066452_282483856252010_1636693899135156224_n\/'><img loading=\"lazy\" decoding=\"async\" width=\"150\" height=\"150\" src=\"https:\/\/www.radiopiu.net\/wordpress\/wp-content\/uploads\/2020\/05\/96066452_282483856252010_1636693899135156224_n-150x150.jpg\" class=\"attachment-thumbnail size-thumbnail\" alt=\"\" \/><\/a>\n\t\t\t\t<\/dt><\/dl><dl class='gallery-item'>\n\t\t\t\t<dt class='gallery-icon portrait'>\n\t\t\t\t\t<a class=\"rollover\" href='https:\/\/www.radiopiu.net\/wordpress\/capitelli-e-immagini-sacre-di-borgo-piave-e-san-gervasio-di-renato-bona\/95764833_255671512479915_3149239256023564288_n\/'><img loading=\"lazy\" decoding=\"async\" width=\"150\" height=\"150\" src=\"https:\/\/www.radiopiu.net\/wordpress\/wp-content\/uploads\/2020\/05\/95764833_255671512479915_3149239256023564288_n-150x150.jpg\" class=\"attachment-thumbnail size-thumbnail\" alt=\"\" \/><\/a>\n\t\t\t\t<\/dt><\/dl>\n\t\t\t\t<br style='clear: both' \/>\n\t\t\t<\/div>\n\n","protected":false},"excerpt":{"rendered":"<p>di Renato Bona\u00a0 \u201cGuidati\u201d dal libro scritto dall\u2019amico Vincenzo Caputo: \u201cCapitelli e immagini sacre a Belluno\u201d e stampato dalla tipografia Piave nel settembre 1989 per conto dell\u2019Istituto bellunese di ricerche sociali e culturali presieduto dal prof. don Sergio Sacco, \u201cvisitiamo\u201d oggi le realt\u00e0 specifiche della Parrocchia di Borgo Piave e di quella di San Gervasio&hellip;<\/p>\n","protected":false},"author":4,"featured_media":135967,"comment_status":"closed","ping_status":"closed","sticky":false,"template":"","format":"standard","meta":{"_monsterinsights_skip_tracking":false,"_monsterinsights_sitenote_active":false,"_monsterinsights_sitenote_note":"","_monsterinsights_sitenote_category":0,"footnotes":""},"categories":[49],"tags":[],"class_list":["post-135960","post","type-post","status-publish","format-standard","has-post-thumbnail","hentry","category-news-18","category-49","description-off"],"img_url":"https:\/\/www.radiopiu.net\/wordpress\/wp-content\/uploads\/2020\/05\/95764833_255671512479915_3149239256023564288_n-scaled.jpg","_links":{"self":[{"href":"https:\/\/www.radiopiu.net\/wordpress\/wp-json\/wp\/v2\/posts\/135960","targetHints":{"allow":["GET"]}}],"collection":[{"href":"https:\/\/www.radiopiu.net\/wordpress\/wp-json\/wp\/v2\/posts"}],"about":[{"href":"https:\/\/www.radiopiu.net\/wordpress\/wp-json\/wp\/v2\/types\/post"}],"author":[{"embeddable":true,"href":"https:\/\/www.radiopiu.net\/wordpress\/wp-json\/wp\/v2\/users\/4"}],"replies":[{"embeddable":true,"href":"https:\/\/www.radiopiu.net\/wordpress\/wp-json\/wp\/v2\/comments?post=135960"}],"version-history":[{"count":0,"href":"https:\/\/www.radiopiu.net\/wordpress\/wp-json\/wp\/v2\/posts\/135960\/revisions"}],"wp:featuredmedia":[{"embeddable":true,"href":"https:\/\/www.radiopiu.net\/wordpress\/wp-json\/wp\/v2\/media\/135967"}],"wp:attachment":[{"href":"https:\/\/www.radiopiu.net\/wordpress\/wp-json\/wp\/v2\/media?parent=135960"}],"wp:term":[{"taxonomy":"category","embeddable":true,"href":"https:\/\/www.radiopiu.net\/wordpress\/wp-json\/wp\/v2\/categories?post=135960"},{"taxonomy":"post_tag","embeddable":true,"href":"https:\/\/www.radiopiu.net\/wordpress\/wp-json\/wp\/v2\/tags?post=135960"}],"curies":[{"name":"wp","href":"https:\/\/api.w.org\/{rel}","templated":true}]}}