{"id":136013,"date":"2020-05-08T06:22:20","date_gmt":"2020-05-08T04:22:20","guid":{"rendered":"https:\/\/www.radiopiu.net\/wordpress\/?p=136013"},"modified":"2020-05-08T06:22:16","modified_gmt":"2020-05-08T04:22:16","slug":"e-un-ventenne-di-feltre","status":"publish","type":"post","link":"https:\/\/www.radiopiu.net\/wordpress\/e-un-ventenne-di-feltre\/","title":{"rendered":"E&#8217; UN VENTENNE DI FELTRE L&#8217;AUTORE DELLE AFFISSIONI"},"content":{"rendered":"<blockquote><p><em>I messaggi di non facile interpretazione: &#8220;Invece di chi va a correre odia chi ti manda a lavorare &#8221; e ancora &#8220;Se devo scegliere tra pagare la spesa o l&#8217;affitto non pago niente&#8221;.<\/em><\/p><\/blockquote>\n<p>&nbsp;<\/p>\n<p><strong>FELTRE<\/strong> I Carabinieri di Feltre hanno stretto il cerchio e hanno gi\u00e0 denunciato un giovanotto feltrino, un ventenne indagato per le affissioni dei volantini contro Sindacati,\u00a0 Confindustria e Banche. Lavoro certosino quello degli uomini dell&#8217;Arma che hanno identificato il ragazzo mediante il confronto tra le immagini delle telecamere\u00a0 nei pressi dei luoghi delle affissioni. Le pattuglie dei Carabinieri hanno poi controllato le persone che frequentano il centro di Feltre e hanno dato il nome all&#8217;autore. Al momento non ci sono denunce nei suoi confronti<\/p>\n<p>&nbsp;<\/p>\n<blockquote>\n<h2>DE CARLO: SOLIDARIETA&#8217; E RISPETTO A CHI VUOLE SALVARE IL LAVORO DI MIGLIAIA DI FAMIGLIE<\/h2>\n<\/blockquote>\n<p>\u201cInvece di chi va a correre, odia chi ti manda a lavorare! Confindustria assassina!\u201d: questa la scritta sulle decine di manifesti comparsi oggi a Feltre. Immediato lo sdegno per il gesto e la solidariet\u00e0 per l&#8217;associazione da parte del deputato e coordinatore regionale di Fratelli d&#8217;Italia, Luca De Carlo: \u201cTutto il mio sostegno a chi vuole lavorare garantendo la sicurezza dei propri lavoratori. Ancora una volta, si dimostra la cecit\u00e0 e l&#8217;ipocrisia dei soliti vandali riconducibili a una certa area politica: si condanna come assassini chi, tutelando la salute dei propri dipendenti, vuole riprendere il lavoro e salvare migliaia di posti di lavoro, che vuol dire garantire un futuro a migliaia di famiglie. In questo delicato momento, \u00e8 necessaria la massima unione per cercare di limitare le gi\u00e0 pesanti perdite economiche e occupazionali: questo, ma evidentemente per qualcuno \u00e8 troppo difficile da capire, non vuol dire certamente sacrificare la vita dei lavoratori, che sono la prima ricchezza di ogni azienda. Tutta la mia solidariet\u00e0 quindi a Confindustria Belluno Dolomiti, ai suoi vertici e a tutte quelle realt\u00e0 economiche e imprenditoriali finite nel mirino dei soliti nullafacenti benpensanti\u201d.<\/p>\n<p>&nbsp;<\/p>\n<p>&nbsp;<\/p>\n<blockquote>\n<h3>VANDALISMO A FELTRE, LA SOLIDARIET\u00c0 DELLA CISL A CONFINDUSTRIA E A TUTTI I SOGGETTI PRESI DI MIRA<\/h3>\n<\/blockquote>\n<p>&nbsp;<\/p>\n<p><strong><a class=\"dt-pswp-item\" href=\"https:\/\/www.radiopiu.net\/wordpress\/wp-content\/uploads\/2020\/04\/CISL-BELLUNO-OK.jpg\" data-dt-img-description=\"\" data-large_image_width=\"909\" data-large_image_height=\"910\"><img loading=\"lazy\" decoding=\"async\" class=\"size-medium wp-image-132184 alignleft\" src=\"https:\/\/www.radiopiu.net\/wordpress\/wp-content\/uploads\/2020\/04\/CISL-BELLUNO-OK-300x300.jpg\" alt=\"\" width=\"300\" height=\"300\" srcset=\"https:\/\/www.radiopiu.net\/wordpress\/wp-content\/uploads\/2020\/04\/CISL-BELLUNO-OK-300x300.jpg 300w, https:\/\/www.radiopiu.net\/wordpress\/wp-content\/uploads\/2020\/04\/CISL-BELLUNO-OK-150x150.jpg 150w, https:\/\/www.radiopiu.net\/wordpress\/wp-content\/uploads\/2020\/04\/CISL-BELLUNO-OK-768x769.jpg 768w, https:\/\/www.radiopiu.net\/wordpress\/wp-content\/uploads\/2020\/04\/CISL-BELLUNO-OK.jpg 909w\" sizes=\"auto, (max-width: 300px) 100vw, 300px\" \/><\/a>BELLUNO<\/strong> \u201cAbbiamo appreso con sdegno e preoccupazione il verificarsi, a Feltre, di episodi di vandalismo che hanno preso di mira Confindustria e una parte del mondo economico.\u00a0Lo diciamo subito con forza: anche noi, come Cisl, ci sentiamo colpiti da questi spregevoli atti criminali ed esprimiamo tutta la nostra solidariet\u00e0 verso i soggetti oggetto delle attenzioni dei vandali.\u00a0Ad essere offesa \u00e8 tutta la comunit\u00e0. Va difeso con ogni mezzo l&#8217;impegno di chi, ogni giorno, si batte per la coesione sociale: il lavoro fatto insieme \u00e8 proprio quello di tentare di non lasciare per strada nessuno. Le difficolt\u00e0 legate all\u2019emergenza Coronavirus sono enormi, ma occorre lavorare per contrastare l\u2019odio e ogni forma di violenza. Il ripetersi di atti vandalici, minacce e insulti non devono essere sottovalutati e dunque, oltre ad impegnarci ancora di pi\u00f9 nelle iniziative a contrasto delle difficolt\u00e0 economiche, il compito delle istituzioni e delle associazioni \u00e8 anche quello di impegnarsi per la tenuta sociale delle nostre comunit\u00e0 e per una societ\u00e0 pi\u00f9 tollerante e inclusiva, condannando ogni manifestazione d\u2019odio\u201d.<\/p>\n<p><em>I Segretari generali CISL Belluno Treviso Cinzia Bonan &#8211; Rudy Roffar\u00e8<\/em><\/p>\n<p>&nbsp;<\/p>\n","protected":false},"excerpt":{"rendered":"<p>I messaggi di non facile interpretazione: &#8220;Invece di chi va a correre odia chi ti manda a lavorare &#8221; e ancora &#8220;Se devo scegliere tra pagare la spesa o l&#8217;affitto non pago niente&#8221;. &nbsp; FELTRE I Carabinieri di Feltre hanno stretto il cerchio e hanno gi\u00e0 denunciato un giovanotto feltrino, un ventenne indagato per le&hellip;<\/p>\n","protected":false},"author":1,"featured_media":62188,"comment_status":"closed","ping_status":"closed","sticky":false,"template":"","format":"standard","meta":{"_monsterinsights_skip_tracking":false,"_monsterinsights_sitenote_active":false,"_monsterinsights_sitenote_note":"","_monsterinsights_sitenote_category":0,"footnotes":""},"categories":[49],"tags":[],"class_list":["post-136013","post","type-post","status-publish","format-standard","has-post-thumbnail","hentry","category-news-18","category-49","description-off"],"img_url":"https:\/\/www.radiopiu.net\/wordpress\/wp-content\/uploads\/2018\/09\/FELTRE-1.jpg","_links":{"self":[{"href":"https:\/\/www.radiopiu.net\/wordpress\/wp-json\/wp\/v2\/posts\/136013","targetHints":{"allow":["GET"]}}],"collection":[{"href":"https:\/\/www.radiopiu.net\/wordpress\/wp-json\/wp\/v2\/posts"}],"about":[{"href":"https:\/\/www.radiopiu.net\/wordpress\/wp-json\/wp\/v2\/types\/post"}],"author":[{"embeddable":true,"href":"https:\/\/www.radiopiu.net\/wordpress\/wp-json\/wp\/v2\/users\/1"}],"replies":[{"embeddable":true,"href":"https:\/\/www.radiopiu.net\/wordpress\/wp-json\/wp\/v2\/comments?post=136013"}],"version-history":[{"count":0,"href":"https:\/\/www.radiopiu.net\/wordpress\/wp-json\/wp\/v2\/posts\/136013\/revisions"}],"wp:featuredmedia":[{"embeddable":true,"href":"https:\/\/www.radiopiu.net\/wordpress\/wp-json\/wp\/v2\/media\/62188"}],"wp:attachment":[{"href":"https:\/\/www.radiopiu.net\/wordpress\/wp-json\/wp\/v2\/media?parent=136013"}],"wp:term":[{"taxonomy":"category","embeddable":true,"href":"https:\/\/www.radiopiu.net\/wordpress\/wp-json\/wp\/v2\/categories?post=136013"},{"taxonomy":"post_tag","embeddable":true,"href":"https:\/\/www.radiopiu.net\/wordpress\/wp-json\/wp\/v2\/tags?post=136013"}],"curies":[{"name":"wp","href":"https:\/\/api.w.org\/{rel}","templated":true}]}}