{"id":136066,"date":"2020-05-08T07:37:45","date_gmt":"2020-05-08T05:37:45","guid":{"rendered":"https:\/\/www.radiopiu.net\/wordpress\/?p=136066"},"modified":"2020-05-08T07:37:43","modified_gmt":"2020-05-08T05:37:43","slug":"50-artisti-per-la-croce-rossa-italiana","status":"publish","type":"post","link":"https:\/\/www.radiopiu.net\/wordpress\/50-artisti-per-la-croce-rossa-italiana\/","title":{"rendered":"&#8220;MA IL CIELO E&#8217; SEMPRE PIU&#8217; BLU&#8221; 50 ARTISTI PER LA CROCE ROSSA ITALIANA"},"content":{"rendered":"<p><strong><a class=\"dt-pswp-item\" href=\"https:\/\/www.radiopiu.net\/wordpress\/wp-content\/uploads\/2020\/05\/cielo-bassa.jpg\" data-dt-img-description=\"\" data-large_image_width=\"2000\" data-large_image_height=\"2000\"><img loading=\"lazy\" decoding=\"async\" class=\"size-medium wp-image-136067 alignleft\" src=\"https:\/\/www.radiopiu.net\/wordpress\/wp-content\/uploads\/2020\/05\/cielo-bassa-300x300.jpg\" alt=\"\" width=\"300\" height=\"300\" srcset=\"https:\/\/www.radiopiu.net\/wordpress\/wp-content\/uploads\/2020\/05\/cielo-bassa-300x300.jpg 300w, https:\/\/www.radiopiu.net\/wordpress\/wp-content\/uploads\/2020\/05\/cielo-bassa-1024x1024.jpg 1024w, https:\/\/www.radiopiu.net\/wordpress\/wp-content\/uploads\/2020\/05\/cielo-bassa-150x150.jpg 150w, https:\/\/www.radiopiu.net\/wordpress\/wp-content\/uploads\/2020\/05\/cielo-bassa-768x768.jpg 768w, https:\/\/www.radiopiu.net\/wordpress\/wp-content\/uploads\/2020\/05\/cielo-bassa-1536x1536.jpg 1536w, https:\/\/www.radiopiu.net\/wordpress\/wp-content\/uploads\/2020\/05\/cielo-bassa.jpg 2000w\" sizes=\"auto, (max-width: 300px) 100vw, 300px\" \/><\/a>RADIO PIU&#8217; <\/strong>Allo scoccare della mezzanotte, sar\u00e0 disponibile ovunque &#8220;Ma il cielo \u00e8 sempre blu&#8221;, la versione corale del brano di Rino Gaetano reinterpretato da oltre 50 star della musica italiana a favore della Croce Rossa Italiana. L&#8217;iniziativa benefica promossa da Amazon insieme alle principali associazioni industriali del settore musicale italiano, AFI, FIMI e PMI, ha visto il coinvolgimento di un numero incredibile di artisti che hanno risposto subito all&#8217;appello: Alessandra Amoroso, Annalisa, Arisa, Baby K, Claudio Baglioni, Benji &amp; Fede, Loredana Bert\u00e8, Boomdabash, Carl Brave, Michele Bravi, Bugo, Luca Carboni, Simone Cristicchi, Gigi D&#8217;Alessio, Cristina D&#8217;Avena, Fred De Palma, Diodato, Dolcenera, Elodie, Emma, Fedez, Giusy Ferreri, Fabri Fibra, Fiorello, Francesco Gabbani, Irene Grandi, Il Volo, Izi, Paolo Jannacci, J-Ax, Emis Killa, Levante, Lo Stato Sociale, Fiorella Mannoia, Marracash, Marco Masini, Ermal Meta, Gianni Morandi, Fabrizio Moro, Nek, Noemi, Rita Pavone, Piero Pel\u00f9, Max Pezzali, Pinguini Tattici Nucleari, Pupo, Raf, Eros Ramazzotti, Francesco Renga, Samuel, Francesco Sarcina, Saturnino, Umberto Tozzi, Ornella Vanoni&#8230;e Alessandro Gaetano. Tutti i diritti della traccia saranno devoluti alla Croce Rossa Italiana. E per permettere che anche tutti proventi discografici ed editoriali di questa versione vengano dati in beneficenza, la cover collettiva \u00e8 stata ri-depositata con il titolo di \u201cMa il cielo \u00e8 sempre blu (Italianstars4life)\u201d. L&#8217;idea di reincidere \u201cMa il cielo \u00e8 sempre pi\u00f9 blu\u201d per beneficenza, \u00e8 nata dal giornalista musicale Franco Zanetti sul sito di Rockol, ed \u00e8 stata concretizzata e guidata da Takagi &amp; Ketra e Dardust, i produttori dei pi\u00f9 grandi successi italiani degli ultimi anni, che hanno unito in maniera sorprendente artisti di generi e generazioni diverse nella produzione di un brano corale senza precedenti mixato da Pinaxa.<\/p>\n<p><iframe loading=\"lazy\" title=\"ITALIAN ALLSTARS 4 LIFE - MA IL CIELO \u00c8 SEMPRE BLU (OFFICIAL VIDEO)\" width=\"1200\" height=\"675\" src=\"https:\/\/www.youtube.com\/embed\/7GItOxCYVZQ?feature=oembed\" frameborder=\"0\" allow=\"accelerometer; autoplay; clipboard-write; encrypted-media; gyroscope; picture-in-picture\" allowfullscreen><\/iframe><\/p>\n","protected":false},"excerpt":{"rendered":"<p>RADIO PIU&#8217; Allo scoccare della mezzanotte, sar\u00e0 disponibile ovunque &#8220;Ma il cielo \u00e8 sempre blu&#8221;, la versione corale del brano di Rino Gaetano reinterpretato da oltre 50 star della musica italiana a favore della Croce Rossa Italiana. L&#8217;iniziativa benefica promossa da Amazon insieme alle principali associazioni industriali del settore musicale italiano, AFI, FIMI e PMI,&hellip;<\/p>\n","protected":false},"author":4,"featured_media":136067,"comment_status":"closed","ping_status":"closed","sticky":false,"template":"","format":"standard","meta":{"_monsterinsights_skip_tracking":false,"_monsterinsights_sitenote_active":false,"_monsterinsights_sitenote_note":"","_monsterinsights_sitenote_category":0,"footnotes":""},"categories":[51,49],"tags":[],"class_list":["post-136066","post","type-post","status-publish","format-standard","has-post-thumbnail","hentry","category-evidenza-top","category-news-18","category-51","category-49","description-off"],"img_url":"https:\/\/www.radiopiu.net\/wordpress\/wp-content\/uploads\/2020\/05\/cielo-bassa.jpg","_links":{"self":[{"href":"https:\/\/www.radiopiu.net\/wordpress\/wp-json\/wp\/v2\/posts\/136066","targetHints":{"allow":["GET"]}}],"collection":[{"href":"https:\/\/www.radiopiu.net\/wordpress\/wp-json\/wp\/v2\/posts"}],"about":[{"href":"https:\/\/www.radiopiu.net\/wordpress\/wp-json\/wp\/v2\/types\/post"}],"author":[{"embeddable":true,"href":"https:\/\/www.radiopiu.net\/wordpress\/wp-json\/wp\/v2\/users\/4"}],"replies":[{"embeddable":true,"href":"https:\/\/www.radiopiu.net\/wordpress\/wp-json\/wp\/v2\/comments?post=136066"}],"version-history":[{"count":0,"href":"https:\/\/www.radiopiu.net\/wordpress\/wp-json\/wp\/v2\/posts\/136066\/revisions"}],"wp:featuredmedia":[{"embeddable":true,"href":"https:\/\/www.radiopiu.net\/wordpress\/wp-json\/wp\/v2\/media\/136067"}],"wp:attachment":[{"href":"https:\/\/www.radiopiu.net\/wordpress\/wp-json\/wp\/v2\/media?parent=136066"}],"wp:term":[{"taxonomy":"category","embeddable":true,"href":"https:\/\/www.radiopiu.net\/wordpress\/wp-json\/wp\/v2\/categories?post=136066"},{"taxonomy":"post_tag","embeddable":true,"href":"https:\/\/www.radiopiu.net\/wordpress\/wp-json\/wp\/v2\/tags?post=136066"}],"curies":[{"name":"wp","href":"https:\/\/api.w.org\/{rel}","templated":true}]}}