{"id":136089,"date":"2020-05-09T05:40:18","date_gmt":"2020-05-09T03:40:18","guid":{"rendered":"https:\/\/www.radiopiu.net\/wordpress\/?p=136089"},"modified":"2020-05-09T09:41:40","modified_gmt":"2020-05-09T07:41:40","slug":"giornale-radiopiu-09-maggio-2020-direttore-mirko-mezzacasa","status":"publish","type":"post","link":"https:\/\/www.radiopiu.net\/wordpress\/giornale-radiopiu-09-maggio-2020-direttore-mirko-mezzacasa\/","title":{"rendered":"GIORNALE RADIOPIU 09 MAGGIO 2020 DIRETTORE MIRKO MEZZACASA"},"content":{"rendered":"<h3><strong>PER RICEVERE QUESTO NOTIZIARIO DIRETTAMENTE SUL TUO CELLULARE ISCRIVITI AL CANALE TELEGRAM\u00a0<\/strong><strong>\u201cRADIO PIU\u00a0 INFORMAZIONE\u201d<\/strong><\/h3>\n<p>&nbsp;<\/p>\n<hr \/>\n<p>&nbsp;<\/p>\n<h3 style=\"text-align: center;\"><em>A La Valle oggi come 50 anni fa&#8230;foto di Anna De Nardin<\/em><\/h3>\n<p><a class=\"dt-pswp-item\" href=\"https:\/\/www.radiopiu.net\/wordpress\/wp-content\/uploads\/2020\/05\/4ca82896-f8f7-4cbe-adf3-f020cb8288a7.jpg\" data-dt-img-description=\"\" data-large_image_width=\"1080\" data-large_image_height=\"1080\"><img loading=\"lazy\" decoding=\"async\" class=\"aligncenter wp-image-136306 size-full\" src=\"https:\/\/www.radiopiu.net\/wordpress\/wp-content\/uploads\/2020\/05\/4ca82896-f8f7-4cbe-adf3-f020cb8288a7.jpg\" alt=\"\" width=\"1080\" height=\"1080\" srcset=\"https:\/\/www.radiopiu.net\/wordpress\/wp-content\/uploads\/2020\/05\/4ca82896-f8f7-4cbe-adf3-f020cb8288a7.jpg 1080w, https:\/\/www.radiopiu.net\/wordpress\/wp-content\/uploads\/2020\/05\/4ca82896-f8f7-4cbe-adf3-f020cb8288a7-300x300.jpg 300w, https:\/\/www.radiopiu.net\/wordpress\/wp-content\/uploads\/2020\/05\/4ca82896-f8f7-4cbe-adf3-f020cb8288a7-1024x1024.jpg 1024w, https:\/\/www.radiopiu.net\/wordpress\/wp-content\/uploads\/2020\/05\/4ca82896-f8f7-4cbe-adf3-f020cb8288a7-150x150.jpg 150w, https:\/\/www.radiopiu.net\/wordpress\/wp-content\/uploads\/2020\/05\/4ca82896-f8f7-4cbe-adf3-f020cb8288a7-768x768.jpg 768w\" sizes=\"auto, (max-width: 1080px) 100vw, 1080px\" \/><\/a><\/p>\n<p>&nbsp;<\/p>\n<hr \/>\n<p>&nbsp;<\/p>\n<p><em><strong>RINVIATA ANCHE LA SAGRA DI SAN LUCANO. A COMUNICARLO LA PRO LOCO DI TAIBON AGORDINO. L&#8217;APPUNTAMENTO AL PROSSIMO ANNO<\/strong><\/em><\/p>\n<p>&nbsp;<\/p>\n<hr \/>\n<p>&nbsp;<\/p>\n<p><strong><em>Gestione Servizi Pubblici informa che a GOSALDO, nelle localit\u00e0 LE FOCHE, LAMBROI, DENEORE, MAGAIT, REN, SELLE, COL TAMAI, BITTI, GIARDOI, LE CASE, CURTI e INCASAL, l\u2019acqua erogata dall\u2019acquedotto non \u00e8 potabile e pu\u00f2 essere usata per scopi alimentari SOLO PREVIA bollitura<\/em><\/strong><\/p>\n<p>&nbsp;<\/p>\n<hr \/>\n<p>&nbsp;<\/p>\n<p><strong>CHIUDE PONTE MAS, FINO AL 30 GIUGNO PER I LAVORI DI CONSOLIDAMENTO:<\/strong>\u00a0 fino al\u00a0 30 giugno sar\u00e0 chiuso sia alle macchine sia ai pedoni il collegamento principale tra i comuni di Sospirolo e Sedico.\u00a0 L\u2019intera struttura subir\u00e0 notevoli lavori di risistemazione. Un intervento urgente, specie in seguito ai danni subiti dalla piena del torrente durante Vaia.Verr\u00e0 allargata la sede stradale, sul lato sud \u00e8 programmata l\u2019installazione della passerella pedonale. Dell\u2019attuale ponte rester\u00e0 solo la struttura portante. Percorso alternativo: da Ponte Mas a Vignole in Comune di Sedico.<\/p>\n<p>&nbsp;<\/p>\n<hr \/>\n<p>&nbsp;<\/p>\n<blockquote>\n<h2>SCOSSA DI TERREMOTO AL CONFINE CON LA PROVINCIA DI BELLUNO<\/h2>\n<\/blockquote>\n<h2>a Valdobbiadene epicentro a Pianezze alle 20.39, magnitudo 2,4, profondit\u00e0 10.6 chilometri<\/h2>\n<p>Il terremoto \u00e8 stato percepito dalla popolazione delle colline del prosecco, molte le chiamate al centralino dei vigili del fuoco, ma non sono stati rilevati danni. Preoccupazione per questo secondo evento tellurico degli ultimi sette mesi, la precedente il 9 ottobre\u00a0 tra Quero e Vas ( magnitudo 2,6) avvertita distintamente anche nella zona della Marca, soprattutto a Valdobbiadene e a Segusino. La scossa di ieri sera \u00e8 stata percepita anche nel trentino fino a Borgovalsuagana<\/p>\n<p><a class=\"dt-pswp-item\" href=\"https:\/\/www.radiopiu.net\/wordpress\/wp-content\/uploads\/2020\/05\/43e6ceae-11a1-41a6-b363-ecc9ce167bf3.jpg\" data-dt-img-description=\"\" data-large_image_width=\"1080\" data-large_image_height=\"1920\"><img loading=\"lazy\" decoding=\"async\" class=\"alignnone size-medium wp-image-136312\" src=\"https:\/\/www.radiopiu.net\/wordpress\/wp-content\/uploads\/2020\/05\/43e6ceae-11a1-41a6-b363-ecc9ce167bf3-169x300.jpg\" alt=\"\" width=\"169\" height=\"300\" srcset=\"https:\/\/www.radiopiu.net\/wordpress\/wp-content\/uploads\/2020\/05\/43e6ceae-11a1-41a6-b363-ecc9ce167bf3-169x300.jpg 169w, https:\/\/www.radiopiu.net\/wordpress\/wp-content\/uploads\/2020\/05\/43e6ceae-11a1-41a6-b363-ecc9ce167bf3-576x1024.jpg 576w, https:\/\/www.radiopiu.net\/wordpress\/wp-content\/uploads\/2020\/05\/43e6ceae-11a1-41a6-b363-ecc9ce167bf3-768x1365.jpg 768w, https:\/\/www.radiopiu.net\/wordpress\/wp-content\/uploads\/2020\/05\/43e6ceae-11a1-41a6-b363-ecc9ce167bf3-864x1536.jpg 864w, https:\/\/www.radiopiu.net\/wordpress\/wp-content\/uploads\/2020\/05\/43e6ceae-11a1-41a6-b363-ecc9ce167bf3.jpg 1080w\" sizes=\"auto, (max-width: 169px) 100vw, 169px\" \/><\/a><a class=\"dt-pswp-item\" href=\"https:\/\/www.radiopiu.net\/wordpress\/wp-content\/uploads\/2020\/05\/f0f9f851-6dd7-4ed7-b089-f48027f03a2d.jpg\" data-dt-img-description=\"\" data-large_image_width=\"1080\" data-large_image_height=\"1920\"><img loading=\"lazy\" decoding=\"async\" class=\"alignnone size-medium wp-image-136313\" src=\"https:\/\/www.radiopiu.net\/wordpress\/wp-content\/uploads\/2020\/05\/f0f9f851-6dd7-4ed7-b089-f48027f03a2d-169x300.jpg\" alt=\"\" width=\"169\" height=\"300\" srcset=\"https:\/\/www.radiopiu.net\/wordpress\/wp-content\/uploads\/2020\/05\/f0f9f851-6dd7-4ed7-b089-f48027f03a2d-169x300.jpg 169w, https:\/\/www.radiopiu.net\/wordpress\/wp-content\/uploads\/2020\/05\/f0f9f851-6dd7-4ed7-b089-f48027f03a2d-576x1024.jpg 576w, https:\/\/www.radiopiu.net\/wordpress\/wp-content\/uploads\/2020\/05\/f0f9f851-6dd7-4ed7-b089-f48027f03a2d-768x1365.jpg 768w, https:\/\/www.radiopiu.net\/wordpress\/wp-content\/uploads\/2020\/05\/f0f9f851-6dd7-4ed7-b089-f48027f03a2d-864x1536.jpg 864w, https:\/\/www.radiopiu.net\/wordpress\/wp-content\/uploads\/2020\/05\/f0f9f851-6dd7-4ed7-b089-f48027f03a2d.jpg 1080w\" sizes=\"auto, (max-width: 169px) 100vw, 169px\" \/><\/a><a class=\"dt-pswp-item\" href=\"https:\/\/www.radiopiu.net\/wordpress\/wp-content\/uploads\/2020\/05\/f93a569f-16b5-402d-b10a-9574cbe8f0b2.jpg\" data-dt-img-description=\"\" data-large_image_width=\"1080\" data-large_image_height=\"1920\"><img loading=\"lazy\" decoding=\"async\" class=\"alignnone size-medium wp-image-136314\" src=\"https:\/\/www.radiopiu.net\/wordpress\/wp-content\/uploads\/2020\/05\/f93a569f-16b5-402d-b10a-9574cbe8f0b2-169x300.jpg\" alt=\"\" width=\"169\" height=\"300\" srcset=\"https:\/\/www.radiopiu.net\/wordpress\/wp-content\/uploads\/2020\/05\/f93a569f-16b5-402d-b10a-9574cbe8f0b2-169x300.jpg 169w, https:\/\/www.radiopiu.net\/wordpress\/wp-content\/uploads\/2020\/05\/f93a569f-16b5-402d-b10a-9574cbe8f0b2-576x1024.jpg 576w, https:\/\/www.radiopiu.net\/wordpress\/wp-content\/uploads\/2020\/05\/f93a569f-16b5-402d-b10a-9574cbe8f0b2-768x1365.jpg 768w, https:\/\/www.radiopiu.net\/wordpress\/wp-content\/uploads\/2020\/05\/f93a569f-16b5-402d-b10a-9574cbe8f0b2-864x1536.jpg 864w, https:\/\/www.radiopiu.net\/wordpress\/wp-content\/uploads\/2020\/05\/f93a569f-16b5-402d-b10a-9574cbe8f0b2.jpg 1080w\" sizes=\"auto, (max-width: 169px) 100vw, 169px\" \/><\/a><\/p>\n<p>&nbsp;<\/p>\n<hr \/>\n<p>&nbsp;<\/p>\n<h2><span style=\"color: #0000ff;\"><img loading=\"lazy\" decoding=\"async\" class=\"alignleft\" src=\"https:\/\/www.radiopiu.net\/wordpress\/wp-content\/uploads\/2018\/05\/WhatsApp-Image-2018-05-12-at-09.29.08.jpeg\" width=\"184\" height=\"231\" \/>AUGURI NONNA GIULIA, 102 ANNI E LA FESTA A CANALE D&#8217;AGORDO<\/span><\/h2>\n<p>&nbsp;<\/p>\n<p><strong>Oggi 9 maggio 2020 Giulia Fontanive in Cagnati di Canale d&#8217;Agordo compie 102 anni. Agli auguri di Radio Pi\u00f9 aggiungiamo gli auguri in rima di John Francis della Pietra, il cantore dei nostri giorni, di Canale d&#8217;Agordo&#8230; della Valle del Biois<\/strong>.<\/p>\n<p>&nbsp;<\/p>\n<p>&nbsp;<\/p>\n<p>&nbsp;<\/p>\n<blockquote>\n<h1>Auguri nonna Giulia.<\/h1>\n<\/blockquote>\n<p>&#8230;d\u00ec par d\u00ec&#8230;<br \/>\nNte sto temp de pandemia<br \/>\nChe no se pol p\u00ec sta en compagnia<br \/>\nDe tanti no te sa p\u00ec nia<br \/>\nCos\u00ec adess che le rare othe che te va de qua o de l\u00e0<br \/>\nPassando l ocjo te toca but\u00e0<br \/>\nE polito vard\u00e0<br \/>\nPar cap\u00ec<br \/>\nChi che l \u00e8 encora en si<br \/>\nL\u00e0 l \u00e8 en scur vert<br \/>\nQua na pila de legne valgugn i ha descuert<br \/>\nChei sarali vif o mort<br \/>\nSpia nte so ora<br \/>\nSe i l ha sbadil\u00e0<br \/>\nO semen\u00e0<br \/>\nAnter le case del paes de solito l \u00e8 i p\u00ec bonorif<br \/>\nA fa mestieri de tera o segadiz<br \/>\nE me vien en ment<br \/>\nDe zerta dent<br \/>\nAlora slonge el pas par di l\u00e0<br \/>\nSul davant fra casa e tabi\u00e0<br \/>\nVede cole fate da poc<br \/>\nAuze i oci el camin el fuma valgugn fa foc<br \/>\nVarde mejo l \u00e8 la salata strapiantada<br \/>\nPicjole peche apede la palada<br \/>\nAdess son segur<br \/>\nEccola la sponta drio en mur<br \/>\nCo le arte nte man<br \/>\nLNasuda come encoj en temp tant lontan<br \/>\nCome semper con bona grazia la saluda<br \/>\nLa ghe dis a la dent benvegnuda<br \/>\nDe det la men mostra doi<br \/>\nA d\u00ec che encoj<br \/>\nI \u00e8 zentoedoi<br \/>\nI mejo auguri da tuti noi<br \/>\nGiulia<\/p>\n<blockquote>\n<h2>Nelle foto Giulia che ritira a 99 anni la part de le legne&#8230; che mito.<\/h2>\n<\/blockquote>\n\n\t\t\t<style type='text\/css'>\n\t\t\t\t#gallery-1 {\n\t\t\t\t\tmargin: auto;\n\t\t\t\t}\n\t\t\t\t#gallery-1 .gallery-item {\n\t\t\t\t\tfloat: left;\n\t\t\t\t\tmargin-top: 10px;\n\t\t\t\t\ttext-align: center;\n\t\t\t\t\twidth: 33%;\n\t\t\t\t}\n\t\t\t\t#gallery-1 img {\n\t\t\t\t\tborder: 2px solid #cfcfcf;\n\t\t\t\t}\n\t\t\t\t#gallery-1 .gallery-caption {\n\t\t\t\t\tmargin-left: 0;\n\t\t\t\t}\n\t\t\t\t\/* see gallery_shortcode() in wp-includes\/media.php *\/\n\t\t\t<\/style>\n\t\t<div id='gallery-1' class='dt-gallery-container gallery galleryid-136089 gallery-columns-3 gallery-size-thumbnail'><dl class='gallery-item'>\n\t\t\t\t<dt class='gallery-icon portrait'>\n\t\t\t\t\t<a class=\"rollover\" href='https:\/\/www.radiopiu.net\/wordpress\/whatsapp-image-2018-05-09-at-08-06-06\/'><img loading=\"lazy\" decoding=\"async\" width=\"150\" height=\"150\" src=\"https:\/\/www.radiopiu.net\/wordpress\/wp-content\/uploads\/2018\/05\/WhatsApp-Image-2018-05-09-at-08.06.06-150x150.jpeg\" class=\"attachment-thumbnail size-thumbnail\" alt=\"\" \/><\/a>\n\t\t\t\t<\/dt><\/dl><dl class='gallery-item'>\n\t\t\t\t<dt class='gallery-icon landscape'>\n\t\t\t\t\t<a class=\"rollover\" href='https:\/\/www.radiopiu.net\/wordpress\/whatsapp-image-2018-05-09-at-07-27-43\/'><img loading=\"lazy\" decoding=\"async\" width=\"150\" height=\"150\" src=\"https:\/\/www.radiopiu.net\/wordpress\/wp-content\/uploads\/2018\/05\/WhatsApp-Image-2018-05-09-at-07.27.43-150x150.jpeg\" class=\"attachment-thumbnail size-thumbnail\" alt=\"\" \/><\/a>\n\t\t\t\t<\/dt><\/dl><dl class='gallery-item'>\n\t\t\t\t<dt class='gallery-icon landscape'>\n\t\t\t\t\t<a class=\"rollover\" href='https:\/\/www.radiopiu.net\/wordpress\/whatsapp-image-2018-05-09-at-07-27-42-1\/'><img loading=\"lazy\" decoding=\"async\" width=\"150\" height=\"150\" src=\"https:\/\/www.radiopiu.net\/wordpress\/wp-content\/uploads\/2018\/05\/WhatsApp-Image-2018-05-09-at-07.27.42-1-150x150.jpeg\" class=\"attachment-thumbnail size-thumbnail\" alt=\"\" \/><\/a>\n\t\t\t\t<\/dt><\/dl><br style=\"clear: both\" \/><dl class='gallery-item'>\n\t\t\t\t<dt class='gallery-icon landscape'>\n\t\t\t\t\t<a class=\"rollover\" href='https:\/\/www.radiopiu.net\/wordpress\/whatsapp-image-2018-05-09-at-07-27-42\/'><img loading=\"lazy\" decoding=\"async\" width=\"150\" height=\"150\" src=\"https:\/\/www.radiopiu.net\/wordpress\/wp-content\/uploads\/2018\/05\/WhatsApp-Image-2018-05-09-at-07.27.42-150x150.jpeg\" class=\"attachment-thumbnail size-thumbnail\" alt=\"\" \/><\/a>\n\t\t\t\t<\/dt><\/dl><dl class='gallery-item'>\n\t\t\t\t<dt class='gallery-icon portrait'>\n\t\t\t\t\t<a class=\"rollover\" href='https:\/\/www.radiopiu.net\/wordpress\/whatsapp-image-2018-05-09-at-07-24-43\/'><img loading=\"lazy\" decoding=\"async\" width=\"150\" height=\"150\" src=\"https:\/\/www.radiopiu.net\/wordpress\/wp-content\/uploads\/2018\/05\/WhatsApp-Image-2018-05-09-at-07.24.43-150x150.jpeg\" class=\"attachment-thumbnail size-thumbnail\" alt=\"\" \/><\/a>\n\t\t\t\t<\/dt><\/dl><dl class='gallery-item'>\n\t\t\t\t<dt class='gallery-icon portrait'>\n\t\t\t\t\t<a class=\"rollover\" href='https:\/\/www.radiopiu.net\/wordpress\/whatsapp-image-2018-05-09-at-07-24-44\/'><img loading=\"lazy\" decoding=\"async\" width=\"150\" height=\"150\" src=\"https:\/\/www.radiopiu.net\/wordpress\/wp-content\/uploads\/2018\/05\/WhatsApp-Image-2018-05-09-at-07.24.44-150x150.jpeg\" class=\"attachment-thumbnail size-thumbnail\" alt=\"\" \/><\/a>\n\t\t\t\t<\/dt><\/dl><br style=\"clear: both\" \/>\n\t\t\t<\/div>\n\n<hr \/>\n<p>&nbsp;<\/p>\n<p>&nbsp;<\/p>\n<p>&nbsp;<\/p>\n<p>&nbsp;<\/p>\n<p>&nbsp;<\/p>\n<p>\u2022 In Italia <strong>cala il numero di nuovi contagi e decessi<\/strong>, le vittime totali sono oltre 30mila; \u2022 Bolzano <strong>accelera sulle riaperture di alcuni esercizi commerciali<\/strong> disponendo la riapertura dei negozi.\u00a0Il governo per\u00f2<strong>\u00a0ha immediatamente deciso di impugnare il provvedimento<\/strong>; \u2022 Il sindaco di Milano <strong>Giuseppe Sala<\/strong>, a proposito di quanto avvenuto ieri sera all&#8217;ora dell&#8217;<strong>aperitivo sui Navigli<\/strong>, con troppe persone in strada <strong>lancia un ultimatum<\/strong>:\u00a0&#8220;O le cose cambiano oggi,o io <strong>domani\u00a0chiudo i Navigli e chiudo l&#8217;asporto<\/strong>&#8221; di bar e ristoranti; \u2022 Nel mondo <strong>superati i 4.000.000 di contagi.<\/strong><\/p>\n<p>&nbsp;<\/p>\n<p>&nbsp;<\/p>\n<blockquote>\n<h2>AUMENTANO I DIMESSI NEGLI OSPEDALI, TREGUA DEI CONTAGI. ALTO ADIGE NON SOLO ALTA ITALIA, SOPRATTUTTO ALTRA ITALIA: DA OGGI RIAPRE TUTTO GRAZIE ALL&#8217;AUTONOMIA E DAL RESTO DEL PAESE SALE L&#8217;INVIDIA E LA PROTESTA. IL GOVERNO IMPUGNA LA SCELTA MA PROBABILMENTE LE RISPOSTE ARRIVERANNO QUANDO TUTTI I NEGOZI DEL TERRITORIO TRICOLORE SARANNO REGOLARMENTE RIAPERTI.<\/h2>\n<\/blockquote>\n<p><strong>di Mirko Mezzacasa<\/strong><\/p>\n<p>Otto maggio, giorno da ricordare dopo oltre due mesi di pandemia: ieri nel bellunese si sono contati zero contagi anche se nel conteggio totale la provincia rispetto alle altre del Veneto rimane con il numero pi\u00f9 alto di infettati in rapporto alla popolazione. Purtroppo la statistica ad ulteriore speranza \u00e8 quella dei decessi che di speranze ne da poche, anche ieri una vittima alla casa di riposo Padre Kolbe di Pedavena, la donna di 99 anni era ricoverata in medicina covid bassa intensit\u00e0 al San Martino di Belluno. Mentre nel Veneto le critiche sono continue per le mancate aperture la vicina provincia autonoma di Bolzano oggi riprende la vita normale aprendo tutto. <em>&#8220;Una decisione in linea con l&#8217;autonomia &#8211; ha detto ieri il Governatore Luca Zaia- se il Veneto fosse nelle stesse condizioni io riaprirei tutto. Ma non posso farlo per non esporre negozianti ed artigiani a sanzioni governative&#8221;.\u00a0 <\/em>Per ora le uniche certezze di riapertura le hanno i parroci che da lunedi 18 potranno ricominciare ad incontrare i fedeli e distribuire l&#8217;eucarestia anche se con i guanti cio\u00e8 senza contatti con i fedeli. Ricominceranno a raccogliere anche le offerte che in questi due mesi sono mancate cos\u00ec come le entrate da battesimi, comunioni, cresime e matrimoni, si stima una perdita solo in provincia di Belluno di oltre 350mila euro. IN VENETO\u00a0 Da ieri i malati covid \u2013 per circolare- sono solo coloro che sono positivi, quindi da ieri i ricoverati sono molto meno per la retifica dei dati quindi nel conteggio vanno sommati anche i 38 pazienti comunque ricoverati in area non critica ma che non sono pi\u00f9 positivi. Nelle ultime 24 ore nuovi casi di positivit\u00e0 + 73 (giovedi 80), attualmente positivi\u00a0 5979 (-399) deceduti 1619 (+22), negativizzati\/guariti 11029 (+450) in isolamento domiciliare 5503 (-279), ricoverati 528 (-32 positivi in area non critica), terapia intensiva 42, negativizzati ospedale 409, dimessi 3163 (+ 109), decessi ospedale 1281 (+12). BELLUNO\u00a0 Nelle ultime 24 ore in provincia\u00a0 casi positivi\u00a0 0 (giovedi 4), attualmente positivi 497 (-25) , deceduti 94 (+2),\u00a0 negativizzati\/guariti 554 (+23), in isolamento domiciliare 889 (-68), ricoverati ospedale San Martino 13 (-11, 8 non positivi in area non critica), terapia intensiva 4 (-1), ospedale di Comunit\u00e0 di Belluno 12 (-1, 1 non positivo)\u00a0 Agordo 20 (-4, 2 non\u00a0 positivi in area non critica).\u00a0 Dimessi 142: San Martino 85, Feltre 12, comunit\u00e0 Belluno 26 e Agordo 19.<\/p>\n<p>&nbsp;<\/p>\n<hr \/>\n<p>&nbsp;<\/p>\n<h3>LA RECENTE FRANA SULLA TORRE VENEZIA CHE HA CANCELLATO LA VIA TISSI<\/h3>\n<h3>RICOSTRUZIONE VIDEO\u00a0 FOTOGRAFICA DI GIORGIO &#8220;pante&#8221; FARENZENA<\/h3>\n<div style=\"width: 640px;\" class=\"wp-video\"><video class=\"wp-video-shortcode\" id=\"video-136089-1\" width=\"640\" height=\"352\" preload=\"metadata\" controls=\"controls\"><source type=\"video\/mp4\" src=\"https:\/\/www.radiopiu.net\/wordpress\/wp-content\/uploads\/2020\/05\/WhatsApp-Video-2020-05-08-at-22.38.36.mp4?_=1\" \/><a href=\"https:\/\/www.radiopiu.net\/wordpress\/wp-content\/uploads\/2020\/05\/WhatsApp-Video-2020-05-08-at-22.38.36.mp4\">https:\/\/www.radiopiu.net\/wordpress\/wp-content\/uploads\/2020\/05\/WhatsApp-Video-2020-05-08-at-22.38.36.mp4<\/a><\/video><\/div>\n<p>&nbsp;<\/p>\n<hr \/>\n<p>&nbsp;<\/p>\n<p>&nbsp;<\/p>\n<blockquote class=\"wp-embedded-content\" data-secret=\"IbcSKrnhDa\"><p><a href=\"https:\/\/www.radiopiu.net\/wordpress\/aggiornamento-nazionale-08-maggio-2020\/\">AGGIORNAMENTO NAZIONALE 08 MAGGIO 2020<\/a><\/p><\/blockquote>\n<p><iframe loading=\"lazy\" title=\"&#8220;AGGIORNAMENTO NAZIONALE 08 MAGGIO 2020&#8221; &#8212; Radio Pi\u00f9\" class=\"wp-embedded-content\" sandbox=\"allow-scripts\" security=\"restricted\" style=\"position: absolute; clip: rect(1px, 1px, 1px, 1px);\" src=\"https:\/\/www.radiopiu.net\/wordpress\/aggiornamento-nazionale-08-maggio-2020\/embed\/#?secret=IbcSKrnhDa\" data-secret=\"IbcSKrnhDa\" width=\"600\" height=\"338\" frameborder=\"0\" marginwidth=\"0\" marginheight=\"0\" scrolling=\"no\"><\/iframe><\/p>\n<p>&nbsp;<\/p>\n<hr \/>\n<p>&nbsp;<\/p>\n<blockquote class=\"wp-embedded-content\" data-secret=\"ZZEVfcF1jk\"><p><a href=\"https:\/\/www.radiopiu.net\/wordpress\/12-decessi-73-positivi-e-450-guariti-aggiornamento-azienda-zero-delle-15-a-belluno-0-positivi-e-4-pazienti-in-terapia-intensiva\/\">12 DECESSI, 73 POSITIVI E 450 GUARITI AGGIORNAMENTO AZIENDA ZERO DELLE 15 a Belluno 0 positivi e 4 pazienti in terapia intensiva<\/a><\/p><\/blockquote>\n<p><iframe loading=\"lazy\" title=\"&#8220;12 DECESSI, 73 POSITIVI E 450 GUARITI AGGIORNAMENTO AZIENDA ZERO DELLE 15 a Belluno 0 positivi e 4 pazienti in terapia intensiva&#8221; &#8212; Radio Pi\u00f9\" class=\"wp-embedded-content\" sandbox=\"allow-scripts\" security=\"restricted\" style=\"position: absolute; clip: rect(1px, 1px, 1px, 1px);\" src=\"https:\/\/www.radiopiu.net\/wordpress\/12-decessi-73-positivi-e-450-guariti-aggiornamento-azienda-zero-delle-15-a-belluno-0-positivi-e-4-pazienti-in-terapia-intensiva\/embed\/#?secret=ZZEVfcF1jk\" data-secret=\"ZZEVfcF1jk\" width=\"600\" height=\"338\" frameborder=\"0\" marginwidth=\"0\" marginheight=\"0\" scrolling=\"no\"><\/iframe><\/p>\n<p>&nbsp;<\/p>\n<hr \/>\n<p>&nbsp;<\/p>\n<blockquote>\n<h3 class=\"entry-title\">NON FESTEGGERA\u2019 IL SECOLO DI VITA, IL COVID SE L\u2019E\u2019 PORTATA VIA. 93ESIMO DECESSO IN PROVINCIA<\/h3>\n<\/blockquote>\n<p><strong><a class=\"dt-pswp-item\" href=\"https:\/\/www.radiopiu.net\/wordpress\/wp-content\/uploads\/2020\/03\/covid-ulss.jpg\" data-dt-img-description=\"\" data-large_image_width=\"800\" data-large_image_height=\"600\"><img loading=\"lazy\" decoding=\"async\" class=\"wp-image-121260 alignleft\" src=\"https:\/\/www.radiopiu.net\/wordpress\/wp-content\/uploads\/2020\/03\/covid-ulss-300x225.jpg\" alt=\"\" width=\"151\" height=\"113\" srcset=\"https:\/\/www.radiopiu.net\/wordpress\/wp-content\/uploads\/2020\/03\/covid-ulss-300x225.jpg 300w, https:\/\/www.radiopiu.net\/wordpress\/wp-content\/uploads\/2020\/03\/covid-ulss-768x576.jpg 768w, https:\/\/www.radiopiu.net\/wordpress\/wp-content\/uploads\/2020\/03\/covid-ulss.jpg 800w\" sizes=\"auto, (max-width: 151px) 100vw, 151px\" \/><\/a>BELLUNO\u00a0<\/strong>Nella mattinata di ieri, una donna di 99 anni \u00e8 deceduta all\u2019ospedale di Belluno, era ricoverata nel reparto Medicina Covid (area bassa intensit\u00e0, ospedale di comunit\u00e0), residente nella Ulss Dolomiti.<\/p>\n<p><strong>70\u00a0 DECESSI NEGLI OSPEDALI BELLUNESI DAL 21 FEBBRAIO<\/strong> Ospedale San Martino di Belluno 48, Feltre 6, Belluno Ospedale di Comunit\u00e0 15 (+1), Agordo 1 e Pieve di Cadore 1.<\/p>\n<p>&nbsp;<\/p>\n<p>&nbsp;<\/p>\n<hr \/>\n<blockquote class=\"wp-embedded-content\" data-secret=\"4S2GCTmfHR\"><p><a href=\"https:\/\/www.radiopiu.net\/wordpress\/aggiornamento-assessorato-protezione-civile-08\/\">AGGIORNAMENTO ASSESSORATO PROTEZIONE CIVILE 08 MAGGIO 2020<\/a><\/p><\/blockquote>\n<p><iframe loading=\"lazy\" title=\"&#8220;AGGIORNAMENTO ASSESSORATO PROTEZIONE CIVILE 08 MAGGIO 2020&#8221; &#8212; Radio Pi\u00f9\" class=\"wp-embedded-content\" sandbox=\"allow-scripts\" security=\"restricted\" style=\"position: absolute; clip: rect(1px, 1px, 1px, 1px);\" src=\"https:\/\/www.radiopiu.net\/wordpress\/aggiornamento-assessorato-protezione-civile-08\/embed\/#?secret=4S2GCTmfHR\" data-secret=\"4S2GCTmfHR\" width=\"600\" height=\"338\" frameborder=\"0\" marginwidth=\"0\" marginheight=\"0\" scrolling=\"no\"><\/iframe><\/p>\n<p><strong>L&#8217;INTERVENTO DI GIANPAOLO BOTTACIN, ASSESSORE DEL VENETO, A RADIO PIU&#8217;<\/strong><\/p>\n<audio class=\"wp-audio-shortcode\" id=\"audio-136089-1\" preload=\"none\" style=\"width: 100%;\" controls=\"controls\"><source type=\"audio\/mpeg\" src=\"https:\/\/www.radiopiu.net\/wordpress\/wp-content\/uploads\/2020\/05\/BOTTACIN-4.mp3?_=1\" \/><a href=\"https:\/\/www.radiopiu.net\/wordpress\/wp-content\/uploads\/2020\/05\/BOTTACIN-4.mp3\">https:\/\/www.radiopiu.net\/wordpress\/wp-content\/uploads\/2020\/05\/BOTTACIN-4.mp3<\/a><\/audio>\n<p>&nbsp;<\/p>\n<hr \/>\n<p>&nbsp;<\/p>\n<blockquote>\n<h3>DATI E GRAFICI DEL GIORNO, PROVINCIA \u2013 REGIONE 08 MAGGIO 2020<\/h3>\n<\/blockquote>\n<p><strong>Con la collaborazione di Tiziano De Col<\/strong><\/p>\n<p>Il numero dei positivi in provincia \u00e8 in media con i dati del Veneto, Belluno resta sempre, con il rapporto contagi\/popolazione il pi\u00f9 alto in Veneto<\/p>\n<p><a class=\"dt-pswp-item\" href=\"https:\/\/www.radiopiu.net\/wordpress\/wp-content\/uploads\/2020\/05\/Schermata-2020-05-08-alle-19.07.41.png\" data-dt-img-description=\"\" data-large_image_width=\"820\" data-large_image_height=\"466\"><img loading=\"lazy\" decoding=\"async\" class=\"alignnone wp-image-136295\" src=\"https:\/\/www.radiopiu.net\/wordpress\/wp-content\/uploads\/2020\/05\/Schermata-2020-05-08-alle-19.07.41-300x170.png\" alt=\"\" width=\"319\" height=\"181\" srcset=\"https:\/\/www.radiopiu.net\/wordpress\/wp-content\/uploads\/2020\/05\/Schermata-2020-05-08-alle-19.07.41-300x170.png 300w, https:\/\/www.radiopiu.net\/wordpress\/wp-content\/uploads\/2020\/05\/Schermata-2020-05-08-alle-19.07.41-768x436.png 768w, https:\/\/www.radiopiu.net\/wordpress\/wp-content\/uploads\/2020\/05\/Schermata-2020-05-08-alle-19.07.41.png 820w\" sizes=\"auto, (max-width: 319px) 100vw, 319px\" \/><\/a><a class=\"dt-pswp-item\" href=\"https:\/\/www.radiopiu.net\/wordpress\/wp-content\/uploads\/2020\/05\/2362a3a3-a78b-414a-9a69-7157cf67e6b1.jpg\" data-dt-img-description=\"\" data-large_image_width=\"692\" data-large_image_height=\"412\"><img loading=\"lazy\" decoding=\"async\" class=\"alignnone size-medium wp-image-136296\" src=\"https:\/\/www.radiopiu.net\/wordpress\/wp-content\/uploads\/2020\/05\/2362a3a3-a78b-414a-9a69-7157cf67e6b1-300x179.jpg\" alt=\"\" width=\"300\" height=\"179\" srcset=\"https:\/\/www.radiopiu.net\/wordpress\/wp-content\/uploads\/2020\/05\/2362a3a3-a78b-414a-9a69-7157cf67e6b1-300x179.jpg 300w, https:\/\/www.radiopiu.net\/wordpress\/wp-content\/uploads\/2020\/05\/2362a3a3-a78b-414a-9a69-7157cf67e6b1.jpg 692w\" sizes=\"auto, (max-width: 300px) 100vw, 300px\" \/><\/a><a class=\"dt-pswp-item\" href=\"https:\/\/www.radiopiu.net\/wordpress\/wp-content\/uploads\/2020\/05\/903de627-5c9a-4f7f-9637-aa24a11a4d70.jpg\" data-dt-img-description=\"\" data-large_image_width=\"784\" data-large_image_height=\"380\"><img loading=\"lazy\" decoding=\"async\" class=\"alignnone size-medium wp-image-136297\" src=\"https:\/\/www.radiopiu.net\/wordpress\/wp-content\/uploads\/2020\/05\/903de627-5c9a-4f7f-9637-aa24a11a4d70-300x145.jpg\" alt=\"\" width=\"300\" height=\"145\" srcset=\"https:\/\/www.radiopiu.net\/wordpress\/wp-content\/uploads\/2020\/05\/903de627-5c9a-4f7f-9637-aa24a11a4d70-300x145.jpg 300w, https:\/\/www.radiopiu.net\/wordpress\/wp-content\/uploads\/2020\/05\/903de627-5c9a-4f7f-9637-aa24a11a4d70-768x372.jpg 768w, https:\/\/www.radiopiu.net\/wordpress\/wp-content\/uploads\/2020\/05\/903de627-5c9a-4f7f-9637-aa24a11a4d70.jpg 784w\" sizes=\"auto, (max-width: 300px) 100vw, 300px\" \/><\/a><\/p>\n<p>&nbsp;<\/p>\n<p>&nbsp;<\/p>\n<hr \/>\n<p>&nbsp;<\/p>\n<blockquote>\n<h2>LEGGI LA CONFERENZA STAMPA DI LUCA ZAIA<\/h2>\n<\/blockquote>\n<p>Siamo in una situazione positiiva con le curve che vanno verso il basso, ma non caliamo la guardia. Tanti cittadini responsabili ci segnalano tanti cittadini irresponsabili, non si \u00e8 capita la gravit\u00e0 del momento, colpa dei complottisti del non \u00e8 successo nulla, del sono morte meno persone dello scorso anno, che peraltro sono bugie. DONAZIONI 37.400 donatori\u00a0 PER 57.130 mila euro. LA LETTERA DA VO Ho 7 anni ho fatto il tampone, sono stato bravo non ho pianto e mi hanno anche regalato un uovo di pasqua e sono contento di aver contribuito ad aiutare la scienza.<\/p>\n<h2><span style=\"color: #ff0000;\"><strong>DOMANDE<\/strong><\/span><\/h2>\n<p><strong>L&#8217;ALTO ADIGE RIAPRE IL FRIULI PURE E IL VENETO?\u00a0<\/strong> C&#8217;\u00e8 una legge del consiglio regionale, invocando l&#8217;autonomia, artefizio che permette di aprire un varco, non \u00e8 un&#8217;ordinanza che va in corte costituzionale. Mi sento costantemente con Fedriga del Friuli e gli altri presidenti e dico che c&#8217;\u00e8 condivisione rispetto al fatto che il 1 giugno \u00e8 distante, il Governo decide in base alla legge, assume le decisioni e noi non possiamo aprire attivit\u00e0, le nostre ordinanze non ha validit\u00e0 giuridica e si trovano le Forze dell&#8217;Ordine che scrivono il verbale. Stiamo ragionando, come ieri in conferenza dei presidenti, per una leale collaborazione ma i tempi di attesa di stanno dilatando non possiamo piu&#8217; attendere.\u00a0 CI basta un DPCM che autorizzi le Regioni ad aprire su un preciso piano. Che si possa presentare un piano e riaprire.<\/p>\n<p><strong>BOCCIA IMPUGNERA&#8217; LE ORDINANZE DELL&#8217;ALTRO ADIGE<\/strong> Certo ma nel frattempo\u00a0 passeranno i giorni e una volta che si arriver\u00e0 alla discussione tutta Italia sar\u00e0 riaperta.<\/p>\n<p><strong>ELEZION<\/strong>I Dobbiamo garantire la democrazia faccio appello al Capo dello Stato affinch\u00e9 guardi dentro. Il rischio zero non ci sar\u00e0 mai, un focolaio puo&#8217; partire in qualsiasi momento soprattutto dagli asintomatici.<\/p>\n<p><strong>FOSSE STATO AUTONOMO?<\/strong>\u00a0 Avrei gi\u00e0 riaperto tutto. Siamo chiamati a scegliere quello che fa bene alla comunit\u00e0. Inutile chiamare gli amministratori se poi si contestano le scelte.<\/p>\n<p><strong>CHIESE RIAPERTE<\/strong> Dov&#8217;er\u00e0 il comitato scientifico? La prossima volta che arriva il virus si arrangeranno gli scienziati visto che non vogliono trovare una situazione di equilibrio<\/p>\n<p><strong>18 MAGGIO<\/strong> Non c&#8217;\u00e8 programmazione a tutt&#8217;oggi mi dicono che il 18 Conte potrebbe presentarsi con un altro DPCM per altre settimane. Bisogna informare i parrucchieri quando possono riaprire.Visto che il lunedi \u00e8 chiuso che almeno si faccia la deroga che possano aprire.<\/p>\n<p>&nbsp;<\/p>\n<p>&nbsp;<\/p>\n<p>&nbsp;<\/p>\n<p>https:\/\/www.facebook.com\/zaiaufficiale\/videos\/541138799874595<\/p>\n<p>&nbsp;<\/p>\n<hr \/>\n<p>&nbsp;<\/p>\n<blockquote>\n<h3 class=\"entry-title\">\u201cDE COCCIO\u201d: UN GIOVED\u00cc CON 4 PERSONE SANZIONATE. STESSA SORTE ANCHE PER 2 TITOLARI DI ATTIVIT\u00c0 COMMERCIALI<\/h3>\n<\/blockquote>\n<p><strong>BELLUNO\u00a0<\/strong>556 persone controllate e 4 sanzioni inflitte. La miglior giornata della settimana secondo i dati trasmessi dalla Prefettura di Belluno in seguito ai controlli per il contenimento del virus Covid-19. Salgono a 40 le infrazioni dopo 2196 controlli nei primi 4 giorni della settimana. Sempre gioved\u00ec, sono state controllate anche 831 attivit\u00e0 commerciali. 2 titolari sono stati sanzionati.<\/p>\n<p class=\"photoswipe-wrapper\"><a class=\"dt-pswp-item pspw-wrap-ready\" href=\"https:\/\/i0.wp.com\/www.radiopiu.net\/wordpress\/wp-content\/uploads\/2020\/05\/MONITORAGGIO_GIORNALIERO_DEI_SERVIZI_DI_CONTROLLO_DEL_07.05.2020.jpg?ssl=1\" data-dt-img-description=\"\" data-large_image_width=\"1240\" data-large_image_height=\"1754\"><img loading=\"lazy\" decoding=\"async\" class=\"alignnone wp-image-136097 jetpack-lazy-image jetpack-lazy-image--handled\" src=\"https:\/\/i0.wp.com\/www.radiopiu.net\/wordpress\/wp-content\/uploads\/2020\/05\/MONITORAGGIO_GIORNALIERO_DEI_SERVIZI_DI_CONTROLLO_DEL_07.05.2020.jpg?resize=724%2C1024&amp;ssl=1\" sizes=\"auto, (max-width: 724px) 100vw, 724px\" srcset=\"https:\/\/i0.wp.com\/www.radiopiu.net\/wordpress\/wp-content\/uploads\/2020\/05\/MONITORAGGIO_GIORNALIERO_DEI_SERVIZI_DI_CONTROLLO_DEL_07.05.2020.jpg?resize=724%2C1024&amp;ssl=1 724w, https:\/\/i0.wp.com\/www.radiopiu.net\/wordpress\/wp-content\/uploads\/2020\/05\/MONITORAGGIO_GIORNALIERO_DEI_SERVIZI_DI_CONTROLLO_DEL_07.05.2020.jpg?resize=212%2C300&amp;ssl=1 212w, https:\/\/i0.wp.com\/www.radiopiu.net\/wordpress\/wp-content\/uploads\/2020\/05\/MONITORAGGIO_GIORNALIERO_DEI_SERVIZI_DI_CONTROLLO_DEL_07.05.2020.jpg?resize=768%2C1086&amp;ssl=1 768w, https:\/\/i0.wp.com\/www.radiopiu.net\/wordpress\/wp-content\/uploads\/2020\/05\/MONITORAGGIO_GIORNALIERO_DEI_SERVIZI_DI_CONTROLLO_DEL_07.05.2020.jpg?resize=1086%2C1536&amp;ssl=1 1086w, https:\/\/i0.wp.com\/www.radiopiu.net\/wordpress\/wp-content\/uploads\/2020\/05\/MONITORAGGIO_GIORNALIERO_DEI_SERVIZI_DI_CONTROLLO_DEL_07.05.2020.jpg?w=1240&amp;ssl=1 1240w\" alt=\"\" width=\"283\" height=\"400\" data-recalc-dims=\"1\" data-lazy-loaded=\"1\" \/><\/a><\/p>\n<p>&nbsp;<\/p>\n<p>&nbsp;<\/p>\n<hr \/>\n<p>&nbsp;<\/p>\n<blockquote>\n<h3>LUXOTTICA: AD AGORDO E SEDICO TAMPONI SU BASE VOLONTARIA<\/h3>\n<\/blockquote>\n<p><strong><a class=\"dt-pswp-item\" href=\"https:\/\/www.radiopiu.net\/wordpress\/wp-content\/uploads\/2020\/03\/TAMPONI-COVID.jpg\" data-dt-img-description=\"\" data-large_image_width=\"1102\" data-large_image_height=\"736\"><img loading=\"lazy\" decoding=\"async\" class=\" wp-image-123875 alignleft\" src=\"https:\/\/www.radiopiu.net\/wordpress\/wp-content\/uploads\/2020\/03\/TAMPONI-COVID-300x200.jpg\" alt=\"\" width=\"201\" height=\"134\" srcset=\"https:\/\/www.radiopiu.net\/wordpress\/wp-content\/uploads\/2020\/03\/TAMPONI-COVID-300x200.jpg 300w, https:\/\/www.radiopiu.net\/wordpress\/wp-content\/uploads\/2020\/03\/TAMPONI-COVID-1024x684.jpg 1024w, https:\/\/www.radiopiu.net\/wordpress\/wp-content\/uploads\/2020\/03\/TAMPONI-COVID-768x513.jpg 768w, https:\/\/www.radiopiu.net\/wordpress\/wp-content\/uploads\/2020\/03\/TAMPONI-COVID.jpg 1102w\" sizes=\"auto, (max-width: 201px) 100vw, 201px\" \/><\/a>AGORDO<\/strong> Luxottica ha condiviso con le parti sindacali un accordo e\u00a0sta inviando a tutti i colleghi una mail informativa &#8220;Aggiornamento Covid-19&#8221;, mentre ai colleghi chiamati a lavorare la prossima settimana, un SMS dedicato , per effettuare la prenotazione in base volontaria del tampone classico\u00a0&#8220;naso\/faringeo&#8221;.\u00a0Saranno coinvolti tutti i dipendenti del gruppo Luxottica.\u00a0Si partir\u00e0 gradualmente da lunedi con lo stabilimento di Agordo, marted\u00ec il comprensorio di Sedico, nelle successive giornate tutti gli altri stabilimenti italiani.<\/p>\n<p><strong>IL COMUNICATO DI LUXOTTICA AI DIPENDENTI<\/strong><\/p>\n<blockquote><p><a class=\"dt-pswp-item\" href=\"https:\/\/www.radiopiu.net\/wordpress\/wp-content\/uploads\/2019\/10\/MAGLIA-LUXOTTICA.jpeg\" data-dt-img-description=\"\" data-large_image_width=\"1024\" data-large_image_height=\"1024\"><img loading=\"lazy\" decoding=\"async\" class=\"size-medium wp-image-103580 alignleft\" src=\"https:\/\/www.radiopiu.net\/wordpress\/wp-content\/uploads\/2019\/10\/MAGLIA-LUXOTTICA-300x300.jpeg\" alt=\"\" width=\"300\" height=\"300\" srcset=\"https:\/\/www.radiopiu.net\/wordpress\/wp-content\/uploads\/2019\/10\/MAGLIA-LUXOTTICA-300x300.jpeg 300w, https:\/\/www.radiopiu.net\/wordpress\/wp-content\/uploads\/2019\/10\/MAGLIA-LUXOTTICA-150x150.jpeg 150w, https:\/\/www.radiopiu.net\/wordpress\/wp-content\/uploads\/2019\/10\/MAGLIA-LUXOTTICA-768x768.jpeg 768w, https:\/\/www.radiopiu.net\/wordpress\/wp-content\/uploads\/2019\/10\/MAGLIA-LUXOTTICA.jpeg 1024w\" sizes=\"auto, (max-width: 300px) 100vw, 300px\" \/><\/a>Cari colleghi,<br \/>\nin questa fase di ripartenza delle nostre attivit\u00e0 in Italia e nel mondo, la priorit\u00e0 del Gruppo \u00e8 continuare a garantire la salute e la sicurezza\u00a0delle sue persone. Nelle ultime settimane l\u2019azienda ha avviato importanti tavoli di confronto, anche con il mondo scientifico e con le Parti Sociali, per dotarsi di regole chiare, semplici e quanto pi\u00f9 possibile uguali per tutti, in tutto il mondo, per coniugare\u00a0le raccomandazioni sanitarie e regolatorie e le esigenze del vostro lavoro quotidiano.\u00a0In questo contesto, l\u2019Italia si conferma laboratorio di idee per testare soluzioni da estendere al resto del mondo Luxottica, nel rispetto delle normative\u00a0locali. L\u2019azienda ha avviato un\u2019importante collaborazione scientifica per la gestione della fase 2 e della prevenzione in tutti i suoi luoghi di lavoro con il Dipartimento di Medicina Molecolare e Virologia dell\u2019Universit\u00e0\/Azienda Ospedaliera di Padova, diretto\u00a0dal Prof. Andrea Crisanti. Il confronto con le Parti Sociali, inoltre, ha gi\u00e0 portato alla creazione di un Osservatorio Nazionale Luxottica per la Fase 2 \u201cInsieme per Ripartire\u201d per condividere proposte innovative in questo ambito.\u00a0Su queste premesse e nell\u2019obiettivo di offrire un\u2019ulteriore rassicurazione nella fase di ripartenza, Luxottica avvier\u00e0 da luned\u00ec 11 maggio una nuova\u00a0sperimentazione nelle sedi di Agordo, Sedico e Milano, compresi i negozi di Salmoiraghi &amp; Vigan\u00f2 in citt\u00e0, per offrire ai dipendenti, in una prima fase su base volontaria, la possibilit\u00e0 di sottoporsi a un tampone per la diagnosi di positivit\u00e0 al virus SARS-CoV-2.\u00a0L\u2019Ufficio Risorse Umane contatter\u00e0 nei prossimi giorni chi potr\u00e0 aderire all\u2019iniziativa, sulla base dell\u2019effettiva presenza o della necessit\u00e0 di recarsi\u00a0in azienda. Il tampone sar\u00e0 effettuato presso le infermerie delle sedi di lavoro da personale medico-infermieristico, nel pieno rispetto della privacy e delle indicazioni delle autorit\u00e0 sanitarie. L\u2019esito del test sar\u00e0 spedito dal laboratorio di analisi direttamente\u00a0a casa della persona e al medico competente. Nel caso di positivit\u00e0 \u2013 anche in assenza di sintomi \u2013 verr\u00e0 informata l\u2019autorit\u00e0 sanitaria di riferimento.\u00a0L\u2019iniziativa sar\u00e0 progressivamente affinata ed estesa al resto della popolazione e a tutte le sedi italiane del Gruppo.<\/p><\/blockquote>\n<p>&nbsp;<\/p>\n<p>&nbsp;<\/p>\n<hr \/>\n<p>&nbsp;<\/p>\n<blockquote>\n<h3>LA FEMCA CISL SUI TAMPONI IN LUXOTTICA<\/h3>\n<\/blockquote>\n<p><a class=\"dt-pswp-item\" href=\"https:\/\/www.radiopiu.net\/wordpress\/wp-content\/uploads\/2020\/04\/FEMCA-CISL.png\" data-dt-img-description=\"\" data-large_image_width=\"225\" data-large_image_height=\"225\"><img loading=\"lazy\" decoding=\"async\" class=\"size-full wp-image-127312 alignleft\" src=\"https:\/\/www.radiopiu.net\/wordpress\/wp-content\/uploads\/2020\/04\/FEMCA-CISL.png\" alt=\"\" width=\"225\" height=\"225\" srcset=\"https:\/\/www.radiopiu.net\/wordpress\/wp-content\/uploads\/2020\/04\/FEMCA-CISL.png 225w, https:\/\/www.radiopiu.net\/wordpress\/wp-content\/uploads\/2020\/04\/FEMCA-CISL-150x150.png 150w\" sizes=\"auto, (max-width: 225px) 100vw, 225px\" \/><\/a>Alle persone che rientrano nel gruppo di lavoro convocato nella settimana che va da luned\u00ec 11 a venerd\u00ec 15 maggio arriver\u00e0 un sms da parte di Luxottica in cui viene chiesto se il dipendente desideri effettuare il tampone naso-faringeo per verificare un&#8217; eventuale positivit\u00e0 al covid-19. Il test sar\u00e0 su base volontaria e la sperimentazione partir\u00e0 proprio dallo stabilimento di Agordo, per poi proseguire anche negli altri stabilimenti. Se all&#8217;sms che arrivato il dipendente risponder\u00e0 s\u00ec successivamente ne ricever\u00e0 un altro di conferma. Data e ora del tampone (che sar\u00e0 effettuato dall&#8217;infermeria dello stabilimento di appartenenza in collaborazione con personale specializzato) saranno comunicati al responsabile la settimana prossima. La persona che decider\u00e0 di aderire al test e che dovesse risultare positiva sar\u00e0 contattata singolarmente nel pieno rispetto della privacy di ciascuno. &#8220;Riteniamo che, in un periodo come questo, questa sia un&#8217;occasione unica di tutela per tutti: sia per il lavoratore ed i suoi colleghi ma anche per i familiari della persona che aderir\u00e0 &#8211; scrive la FEMCA CISL &#8211;\u00a0Come Rsu abbiamo collaborato per portare avanti questa iniziativa confidando che incontrer\u00e0 il favore di tutti&#8221;<\/p>\n<p>&nbsp;<\/p>\n<p>&nbsp;<\/p>\n<hr \/>\n<p>&nbsp;<\/p>\n<p>&nbsp;<\/p>\n<h2>ECOCENTRO DI AGORDO IL RITORNO ALLA NORMALITA&#8217;<\/h2>\n<p>&nbsp;<\/p>\n<p><strong><img loading=\"lazy\" decoding=\"async\" class=\"alignleft\" src=\"https:\/\/www.radiopiu.net\/wordpress\/wp-content\/uploads\/2020\/04\/ECOCENTRO.png\" width=\"231\" height=\"122\" \/>AGORDO<\/strong> Da lunedi novit\u00e0 nell&#8217;apertura dell&#8217;ecocentro di via Valcozzena ad Agordo. Il ritorno alla normalit\u00e0, APERTO LUNEDI MARTEDI GIOVEDI VENERDI E SABATO come da comunicazioni del sindaco Roberto Chissal\u00e8 che invita al rispetto delle regole<\/p>\n<p>&nbsp;<\/p>\n<audio class=\"wp-audio-shortcode\" id=\"audio-136089-2\" preload=\"none\" style=\"width: 100%;\" controls=\"controls\"><source type=\"audio\/mpeg\" src=\"https:\/\/www.radiopiu.net\/wordpress\/wp-content\/uploads\/2020\/05\/chissale.mp3?_=2\" \/><a href=\"https:\/\/www.radiopiu.net\/wordpress\/wp-content\/uploads\/2020\/05\/chissale.mp3\">https:\/\/www.radiopiu.net\/wordpress\/wp-content\/uploads\/2020\/05\/chissale.mp3<\/a><\/audio>\n<p>&nbsp;<\/p>\n<hr \/>\n<p>&nbsp;<\/p>\n<p>&nbsp;<\/p>\n<p>&nbsp;<\/p>\n<blockquote>\n<h3 class=\"entry-title\">IL DOTTOR NICOLO\u2019 D\u2019AMICO VICARIO DEL QUESTORE DI BELLUNO, ANCHE SCRITTORE E FAMOSO PER IL MODELLO \u201cVASCO ROSSI\u201d<\/h3>\n<\/blockquote>\n<p><img loading=\"lazy\" decoding=\"async\" class=\"alignleft jetpack-lazy-image jetpack-lazy-image--handled\" src=\"https:\/\/i0.wp.com\/www.radiopiu.net\/wordpress\/wp-content\/uploads\/2015\/09\/RPC-questura.jpg?resize=223%2C397&amp;ssl=1\" width=\"223\" height=\"397\" data-recalc-dims=\"1\" data-lazy-loaded=\"1\" \/><strong>BELLUNO<\/strong> Nuova Forza in Questura con l\u2019arrivo del\u00a0 vicario del Questore, gi\u00e0 \u00a0alla Questura di Padova dal 6 agosto 2018 come Dirigente della Divisione Polizia Amministrativa Sociale e Immigrazione. l\u2019uomo che ha promosso il modello \u201cVasco Rossi\u201d di compartecipazione e sinergia tra pubblico e privato, all\u2019interno dell\u2019area padovana tra gli organizzatori di eventi musicali.\u00a0 Analogamente ha gestito il concerto di Vasco Rossi a Modena del 1 luglio 2017 cui assistono all\u2019interno del Parco Ferrari oltre 225 mila persone, record mondiale di spettatori per un concerto musicale quale Coordinatore del Tavolo tecnico nonch\u00e8 Delegato alla Commissione di Vigilanza Pubblici Spettacoli. Ha gestito, infine, quale dirigente dei servizi di ordine e sicurezza pubblica tutte le fasi del concerto durato quattro giorni tra la prova Zero e l\u2019evento vero e proprio;<\/p>\n<p>&nbsp;<\/p>\n<p><strong>UN LUNGO CURRICULUM<\/strong><\/p>\n<p><a class=\"dt-pswp-item\" href=\"https:\/\/www.radiopiu.net\/wordpress\/wp-content\/uploads\/2020\/05\/damico_edited.jpg\" data-dt-img-description=\"\" data-large_image_width=\"326\" data-large_image_height=\"259\"><img loading=\"lazy\" decoding=\"async\" class=\"size-medium wp-image-136358 alignright\" src=\"https:\/\/www.radiopiu.net\/wordpress\/wp-content\/uploads\/2020\/05\/damico_edited-300x238.jpg\" alt=\"\" width=\"300\" height=\"238\" srcset=\"https:\/\/www.radiopiu.net\/wordpress\/wp-content\/uploads\/2020\/05\/damico_edited-300x238.jpg 300w, https:\/\/www.radiopiu.net\/wordpress\/wp-content\/uploads\/2020\/05\/damico_edited.jpg 326w\" sizes=\"auto, (max-width: 300px) 100vw, 300px\" \/><\/a>Ha sviluppato\u00a0 un protocollo e azioni concrete di contrasto al fenomeno dell\u2019abusivismo nel pubblico spettacolo con le associazioni di categoria, sequestrando diversi immobili in cui venivano organizzate feste e ritrovi soprattutto tra giovanissimi.\u00a0 Negli anni ha conseguito numerosi riconoscimenti per l\u2019attivit\u00e0 di servizio tra encomi e lodi;<br \/>\nScrive ogni tanto racconti e romanzi gialli. Ha pubblicato inoltre un saggio \u201cParola di sbirro\u201d sulla storia del commissario di Polizia nel cinema italiano. Assegnato alla Questura di Belluno dal 7 maggio quale Vicario del Questore. Laureato in giurisprudenza presso l\u2019Universit\u00e0 di Genova e Master in Cooperazione internazionale e Coordinamento alla Sapienza di Roma, 55 anni, tre figli. Commissario di polizia dal 17.12.1990; Dal 1991 al 1995 \u00e8 assegnato alla Questura di Genova con compiti di polizia giudiziaria presso diversi uffici territoriali del capoluogo; Dal 1996 al 1999 \u00e8 assegnato alla Questura di Biella quale Dirigente della Squadra Mobile. Si occupa di diverse indagini sia a livello locale legate al traffico di stupefacenti e a diversi casi di omicidi volontari sia di rilevo nazionale relative a infiltrazioni della criminalit\u00e0 mafiosa sul territorio in collaborazione con la Criminalpol Piemonte e la Direzione Distrettuale Antimafia di Torino tra cui l\u2019operazione \u201cCalabria Connection\u201d con ventiquattro arresti di esponenti dell\u2019area di Guardavalle (RC) responsabili di traffico internazionale di stupefacenti e riciclaggio. Alla fine degli anni \u201890 \u00e8 assegnato presso la Questura di Oristano e successivamente a Treviso quale Dirigente della DIGOS. Dal 2009 al 2013 cumula anche l\u2019incarico di Capo di Gabinetto di quest\u2019ultima Questura. Numerose sono le indagini verso gli ambienti dei movimenti radicali in Veneto (Centri sociali del Nord est, Veneto Fronte Skin) relativi a attivit\u00e0 delinquenziali dirette all\u2019occupazione abusiva di immobili, danneggiamenti, episodi di violenza connotati da motivi razzisti.\u00a0 Nel 2011 indaga 18 persone per costituzione di associazione paramilitare nell\u2019ambito dell\u2019indagine sulla \u201cPolisia Veneta\u201d con sequestri di armi, munizioni e divise destinate a una polizia parallela e operativa del Movimento per la Liberazione del Popolo Veneto.\u00a0 Nello stesso anno pianifica e gestisce i servizi informativi e di prevenzione in occasione del vertice G8 di Cison di Valmarino (TV) tra i Ministri dell\u2019Agricoltura;\u00a0 Frequentatore del Corso di Alta formazione presso la Scuola Interforze di Roma nell\u2019anno accademico 2013\/2014.\u00a0 Dal 2015 al 2017 \u00e8 nominato Dirigente presso la Questura di Nuoro e successivamente a Modena con compiti di coordinamento in materia di polizia amministrativa e immigrazione, occupandosi prevalentemente della sicurezza di eventi e pubblici spettacoli . In quegli anni coordina i servizi di ordine e sicurezza pubblica al Festival del Cinema di Venezia nel 2014 e nel 2016, da dirigente aggregato a quella Questura. (foto bellunopress.it)<\/p>\n<p>&nbsp;<\/p>\n<p>&nbsp;<\/p>\n<hr \/>\n<p>&nbsp;<\/p>\n<blockquote>\n<h3>IL SAP BELLUNO RICORDA PASQUALE APICELLA, IL POLIZIOTTO UCCISO A NAPOLI<\/h3>\n<\/blockquote>\n<p><strong><a class=\"dt-pswp-item\" href=\"https:\/\/www.radiopiu.net\/wordpress\/wp-content\/uploads\/2020\/05\/Schermata-2020-05-08-alle-14.51.25.png\" data-dt-img-description=\"\" data-large_image_width=\"666\" data-large_image_height=\"918\"><img loading=\"lazy\" decoding=\"async\" class=\" wp-image-136181 alignleft\" src=\"https:\/\/www.radiopiu.net\/wordpress\/wp-content\/uploads\/2020\/05\/Schermata-2020-05-08-alle-14.51.25-218x300.png\" alt=\"\" width=\"153\" height=\"211\" srcset=\"https:\/\/www.radiopiu.net\/wordpress\/wp-content\/uploads\/2020\/05\/Schermata-2020-05-08-alle-14.51.25-218x300.png 218w, https:\/\/www.radiopiu.net\/wordpress\/wp-content\/uploads\/2020\/05\/Schermata-2020-05-08-alle-14.51.25.png 666w\" sizes=\"auto, (max-width: 153px) 100vw, 153px\" \/><\/a>BELLUNO<\/strong> Un altro giovane poliziotto morto nell\u2019adempimento del dovere a meno di sette mesi dalla barbara uccisione in Questura a Trieste dei giovanissimi Agenti Matteo Demenego e Pierluigi Rotta. La nostra famiglia &#8211; afferma il Sap (Sindacato Autonomo di Polizia) &#8211; piange un altro figlio delle stelle, un altro poliziotto delle Volanti. Pasquale Apicella, Agente Scelto della Polizia di Stato, deceduto luned\u00ec 27 aprile scorso a soli 37 anni, nella citt\u00e0 di Napoli mentre tentava di bloccare la fuga a dei rapinatori che avevano appena tentato un colpo in banca. Lascia moglie e due figli piccoli. Alla cerimonia funebre, a causa delle restrizioni previste dall\u2019emergenza sanitaria in atto, non \u00e8 stato possibile portare il nostro saluto e il giusto onore al nostro collega, anche alla luce dell\u2019alto numero di colleghi che avrebbero voluto partecipare. Nel fermo intendimento di voler onorare la memoria del collega scomparso &#8211; fa sapere la Segreteria Provinciale del Sap bellunese &#8211; oggi venerd\u00ec 8 maggio alle ore 11:00 abbiamo deposto una corona d\u2019alloro alla sua memoria presso la lapide commemorativa dei caduti della Polizia di <a class=\"dt-pswp-item\" href=\"https:\/\/www.radiopiu.net\/wordpress\/wp-content\/uploads\/2020\/05\/Schermata-2020-05-08-alle-14.51.46.png\" data-dt-img-description=\"\" data-large_image_width=\"806\" data-large_image_height=\"602\"><img loading=\"lazy\" decoding=\"async\" class=\"size-medium wp-image-136182 alignright\" src=\"https:\/\/www.radiopiu.net\/wordpress\/wp-content\/uploads\/2020\/05\/Schermata-2020-05-08-alle-14.51.46-300x224.png\" alt=\"\" width=\"300\" height=\"224\" srcset=\"https:\/\/www.radiopiu.net\/wordpress\/wp-content\/uploads\/2020\/05\/Schermata-2020-05-08-alle-14.51.46-300x224.png 300w, https:\/\/www.radiopiu.net\/wordpress\/wp-content\/uploads\/2020\/05\/Schermata-2020-05-08-alle-14.51.46-768x574.png 768w, https:\/\/www.radiopiu.net\/wordpress\/wp-content\/uploads\/2020\/05\/Schermata-2020-05-08-alle-14.51.46.png 806w\" sizes=\"auto, (max-width: 300px) 100vw, 300px\" \/><\/a>Stato apposta nell\u2019atrio della Sezione Polizia Stradale di Belluno. Nel pieno rispetto delle attuali misure di distanziamento sociale, \u00e8 stato quindi osservato un momento di raccoglimento e preghiera con il Cappellano Provinciale della Polizia di Stato, Mons. Giorgio Lise. Purtroppo piangiamo un altro collega che ha sacrificato la propria vita per servire il Paese e per difendere la legalit\u00e0 &#8211; conclude il sindacato. Un sacrificio che ci auguriamo non resti vano e che merita di essere adeguatamente ricordato. Per questo motivo, la medesima cerimonia \u00e8 state organizzata contemporaneamente in tutta Italia da tutte le Segreterie Sap delle varie province.<\/p>\n<p>&nbsp;<\/p>\n<p>&nbsp;<\/p>\n<hr \/>\n<p>&nbsp;<\/p>\n<blockquote>\n<h3>HA PRESO SERVIZIO IL DIRETTORE DELLE CURE PRIMARIE DI FELTRE LUCIA DALLA TORRE<\/h3>\n<\/blockquote>\n<p><b><a class=\"dt-pswp-item\" href=\"https:\/\/www.radiopiu.net\/wordpress\/wp-content\/uploads\/2020\/05\/dallatorre.jpg\" data-dt-img-description=\"\" data-large_image_width=\"1600\" data-large_image_height=\"960\"><img loading=\"lazy\" decoding=\"async\" class=\"size-medium wp-image-136202 alignleft\" src=\"https:\/\/www.radiopiu.net\/wordpress\/wp-content\/uploads\/2020\/05\/dallatorre-300x180.jpg\" alt=\"\" width=\"300\" height=\"180\" srcset=\"https:\/\/www.radiopiu.net\/wordpress\/wp-content\/uploads\/2020\/05\/dallatorre-300x180.jpg 300w, https:\/\/www.radiopiu.net\/wordpress\/wp-content\/uploads\/2020\/05\/dallatorre-1024x614.jpg 1024w, https:\/\/www.radiopiu.net\/wordpress\/wp-content\/uploads\/2020\/05\/dallatorre-768x461.jpg 768w, https:\/\/www.radiopiu.net\/wordpress\/wp-content\/uploads\/2020\/05\/dallatorre-1536x922.jpg 1536w, https:\/\/www.radiopiu.net\/wordpress\/wp-content\/uploads\/2020\/05\/dallatorre.jpg 1600w\" sizes=\"auto, (max-width: 300px) 100vw, 300px\" \/><\/a>BELLUNO<\/b> Lucia Dalla Torre, nominata il 12 marzo 2020 direttore provvisorio delle Cure Primarie del distretto di Feltre, ha preso servizio questa settimana.\u00a0Classe 1973, residente nel trevigiano, la dottoressa Dalla Torre si \u00e8 laureata in Medicina e Chirurgia con il massimo dei voti all\u2019Universit\u00e0 di Padova nel 1999 e si \u00e8 specializzata in Medicina di Comunit\u00e0 nel 2004 dopo aver effettuato un anno di formazione all&#8217;estero, come Assistant\u00a0Project Manager del Progetto di Cooperazione Internazionale \u201cNascere senza AIDS in Tanzania\u201d. Nel 2017 ha completato un master di II livello in \u201cGovernare e dirigere i servizi sociosanitari.<\/p>\n<p>&nbsp;<\/p>\n<p>&nbsp;<\/p>\n<hr \/>\n<p>&nbsp;<\/p>\n<blockquote>\n<h3>SCUOLA : DONAZZAN, \u201cESAMI DI STATO FATTI COS\u00cc PERDONO DI SIGNIFICATO\u201d<\/h3>\n<\/blockquote>\n<p><strong><a class=\"dt-pswp-item\" href=\"https:\/\/www.radiopiu.net\/wordpress\/wp-content\/uploads\/2020\/04\/DONAZZAN-1.jpg\" data-dt-img-description=\"\" data-large_image_width=\"2048\" data-large_image_height=\"2048\"><img loading=\"lazy\" decoding=\"async\" class=\" wp-image-133654 alignleft\" src=\"https:\/\/www.radiopiu.net\/wordpress\/wp-content\/uploads\/2020\/04\/DONAZZAN-1-300x300.jpg\" alt=\"\" width=\"157\" height=\"157\" srcset=\"https:\/\/www.radiopiu.net\/wordpress\/wp-content\/uploads\/2020\/04\/DONAZZAN-1-300x300.jpg 300w, https:\/\/www.radiopiu.net\/wordpress\/wp-content\/uploads\/2020\/04\/DONAZZAN-1-1024x1024.jpg 1024w, https:\/\/www.radiopiu.net\/wordpress\/wp-content\/uploads\/2020\/04\/DONAZZAN-1-150x150.jpg 150w, https:\/\/www.radiopiu.net\/wordpress\/wp-content\/uploads\/2020\/04\/DONAZZAN-1-768x768.jpg 768w, https:\/\/www.radiopiu.net\/wordpress\/wp-content\/uploads\/2020\/04\/DONAZZAN-1-1536x1536.jpg 1536w, https:\/\/www.radiopiu.net\/wordpress\/wp-content\/uploads\/2020\/04\/DONAZZAN-1.jpg 2048w\" sizes=\"auto, (max-width: 157px) 100vw, 157px\" \/><\/a>VENEZIA<\/strong>\u00a0L\u2019assessore alla scuola della Regione veneto, Elena Donazzan, critica le modalit\u00e0 previste dalle ordinanze del ministro dell\u2019istruzione Azzolina per lo svolgimento degli esami di terza media e di maturit\u00e0.\u00a0\u201c<em>Come mi ha scritto un\u2019insegnante stamattina \u2013 dichiara Donazzan &#8211; le ordinanze sullo svolgimento degli esami e sulle valutazioni finali degli alunni sembrano dire:<span class=\"Apple-converted-space\">\u00a0 <\/span>\u201ceduchiamoli da piccoli a non far fatica e ad aspettare che mamma Stato faccia tutto\u201d. Questo \u00e8 il messaggio<span class=\"Apple-converted-space\">\u00a0 <\/span>pi\u00f9 chiaro tra i tanti che mi sono arrivati di forte critica su come il governo ha deciso di impostare valutazioni e prove conclusive dei cicli scolastici<\/em>\u201d.\u00a0\u201c<em>L\u2019unica nota positiva \u00e8 che almeno il ministro ha deciso di far svolgere gli esami, visto che inizialmente per<span class=\"Apple-converted-space\">\u00a0 <\/span>gli allievi di terza media non li aveva previsti \u2013 prosegue l\u2019assessore del Veneto &#8211;<span class=\"Apple-converted-space\">\u00a0 <\/span>Torno a dire, invece, che si debba pensare ad un esame in presenza anche per gli alunni del primo ciclo, considerato che si sono mai visti assembramenti alle sessioni di esame: agli esami va dato il giusto peso perch\u00e9 sono una prova importante, destinata<span class=\"Apple-converted-space\">\u00a0 <\/span>ad essere una delle tante prove a cui i ragazzi dovranno abituarsi. Nella seconda met\u00e0 di giugno si pu\u00f2 seriamente prevedere<span class=\"Apple-converted-space\">\u00a0 <\/span>che l\u2019allentamento delle misure sia un dato di fatto e si possa anche predisporre il rientro a scuola per qualche settimana dei ragazzi delle ultime classi del ciclo, in modo che possano affrontare gli esami preparati, svolgendo qualche lezione in presenza, con i loro docenti<\/em>\u201d.<\/p>\n<p>&nbsp;<\/p>\n<p>&nbsp;<\/p>\n<hr \/>\n<p>&nbsp;<\/p>\n<blockquote>\n<h3>CORONAVIRUS. BOND (FI): INDENNIZZI A FONDO PERDUTO PER I &#8216;PICCOLI&#8217;<\/h3>\n<\/blockquote>\n<p><strong><a class=\"dt-pswp-item\" href=\"https:\/\/www.radiopiu.net\/wordpress\/wp-content\/uploads\/2018\/03\/BOND-1.jpg\" data-dt-img-description=\"\" data-large_image_width=\"150\" data-large_image_height=\"150\"><img loading=\"lazy\" decoding=\"async\" class=\"size-full wp-image-45236 alignleft\" src=\"https:\/\/www.radiopiu.net\/wordpress\/wp-content\/uploads\/2018\/03\/BOND-1.jpg\" alt=\"\" width=\"150\" height=\"150\" \/><\/a>ROMA\u00a0<\/strong>&#8220;Dopo un lungo tira e molla, tipico del governo Conte, nel decreto (fu) aprile, che diventera&#8217; forse decreto di maggio, dovrebbero essere inseriti 15 miliardi di euro di erogazioni a fondo perduto per sostenere l&#8217;economia nazionale pesantemente danneggiata dagli effetti della pandemia da Coronavirus e da decisioni non sempre giustificate da parte del governo. Se cosi&#8217; fosse, ma abbiamo qualche perplessita&#8217;, e non a torto, dovremmo dire meglio tardi che mai. Come Forza Italia abbiamo infatti sempre auspicato una rapida erogazione al mondo delle imprese. Erogazione che deve avvenire secondo il criterio di favorire prioritariamente i &#8216;piccoli&#8217; imprenditori e lavoratori autonomi, i piu&#8217; penalizzati dalla crisi anche a causa della loro limitata patrimonializzazione, per poi passare ai &#8216;medi&#8217; ed eventualmente ai &#8216;grandi&#8217;, sempre che questi non abbiano usufruito della delocalizzazione di aziende e holding all&#8217;estero allo scopo di eludere il fisco italiano. Con 15 miliardi si puo&#8217; erogare un indennizzo minimo di 5.000 euro a circa tre milioni di partite Iva, magari seguendo il criterio gia&#8217; adottato per l&#8217;erogazione del sostegno (o dell&#8217;elemosina) di Stato, privilegiando chi nel 2019 ha dichiarato redditi inferiori ai 30.000 o 50.000 euro. Mi rendo conto che 5.000 euro in assoluto non sono molti, ma nella situazione dei conti pubblici nazionale sono pur sempre un minimo sostegno a chi ha dovuto chiudere o limitare grandemente la propria attivita&#8217;, soprattutto nelle zone piu&#8217; disagiate del Paese e non sa se potra&#8217; piu&#8217; riaprire&#8221;. Lo dice il deputato di Forza Italia,\u00a0Dario\u00a0Bond<\/p>\n<p><b>DARIO BOND DEPUTATO DI FORZA ITALIA<\/b><\/p>\n<audio class=\"wp-audio-shortcode\" id=\"audio-136089-3\" preload=\"none\" style=\"width: 100%;\" controls=\"controls\"><source type=\"audio\/mpeg\" src=\"https:\/\/www.radiopiu.net\/wordpress\/wp-content\/uploads\/2020\/05\/BOND-FONDI-PERDUTI.mp3?_=3\" \/><a href=\"https:\/\/www.radiopiu.net\/wordpress\/wp-content\/uploads\/2020\/05\/BOND-FONDI-PERDUTI.mp3\">https:\/\/www.radiopiu.net\/wordpress\/wp-content\/uploads\/2020\/05\/BOND-FONDI-PERDUTI.mp3<\/a><\/audio>\n<p>&nbsp;<\/p>\n<p>&nbsp;<\/p>\n<hr \/>\n<p>&nbsp;<\/p>\n<blockquote>\n<h3>VERSO DECRETO MAGGIO, TRE SFIDE DEI COMUNI: TRASPORTO PUBBLICO, RISORSE PER COLMARE IL GAP FISCALE, TERMINI DA SPOSTARE. UNCEM: URGENTI LE DECISIONI<\/h3>\n<\/blockquote>\n<p><strong><a class=\"dt-pswp-item\" href=\"https:\/\/www.radiopiu.net\/wordpress\/wp-content\/uploads\/2020\/04\/UNCEM.jpg\" data-dt-img-description=\"\" data-large_image_width=\"500\" data-large_image_height=\"500\"><img loading=\"lazy\" decoding=\"async\" class=\" wp-image-133399 alignleft\" src=\"https:\/\/www.radiopiu.net\/wordpress\/wp-content\/uploads\/2020\/04\/UNCEM-300x300.jpg\" alt=\"\" width=\"156\" height=\"156\" srcset=\"https:\/\/www.radiopiu.net\/wordpress\/wp-content\/uploads\/2020\/04\/UNCEM-300x300.jpg 300w, https:\/\/www.radiopiu.net\/wordpress\/wp-content\/uploads\/2020\/04\/UNCEM-150x150.jpg 150w, https:\/\/www.radiopiu.net\/wordpress\/wp-content\/uploads\/2020\/04\/UNCEM.jpg 500w\" sizes=\"auto, (max-width: 156px) 100vw, 156px\" \/><\/a>ROMA<\/strong> Revisione del Codice degli Appalti e accellerazione del Piano banda ultralarga. Due questioni urgenti, secondo Uncem, sottoposte nei giorni scorsi ai Comuni. Ma ancora pi\u00f9\u00a0&#8220;calde&#8221; da risolvere, in vista del decreto maggio, sono tre partite fondamentali per gli Enti locali, in particolare i Comuni pi\u00f9 piccoli e i territori montani. Da chiarire prima del varo del Decreto, nelle prossime ore, come Uncem ha chiesto al Viceministro Mef Laura Castelli. Primo,\u00a0il nodo pagamento del trasporto pubblico.\u00a0I Comuni, a legislazione vigente, devono corrispondere ai gestori del trasporto scolastico i corrispettivi previsti dai contratti per le prestazioni ordinarie, senza alcuna riduzione o penale, anche a fronte delle minori corse effettuate nel periodo dal 23 febbraio al 31 dicembre 2020. Servizi da pagare, anche se non sono stati svolti. Questo causa gi\u00e0 enormi difficolt\u00e0 di bilancio per gli Enti e difficolt\u00e0 anche per le ditte a incassare le risorse visto che queste si configurerebbero come aiuto di stato. Uncem chiede al Governo di intervenire per evitare un corto circuito che da una parte blocchi i fondi sui bilanci pubblici, dall&#8217;altra impedisca alle aziende che erogano il tpl di vedere realmente le risorse.\u00a0Seconda questione riguarda le\u00a0risorse per colmare i gap di entrata degli Enti locali. Tre miliardi previsti. &#8220;<em>Il punto &#8211; spiega Marco Bussone, Presidente Uncem &#8211; \u00e8 la cifra, ma non solo. Abbiamo chiesto al Viceministro Castelli di precisare bene come vengono ripartiti e a cosa sono destinati o vincolati.\u00a0I Comuni hanno bisogno di risorse per la spesa corrente in questa fase. E il riparto dei miliardi di euro sul piatto, nel decreto aprile\/maggio, deve tener conto anche degli Enti pi\u00f9 piccoli, con una base minima dalla quale partire. Se nel riparto vengono agevolate le citt\u00e0 metropolitane o comunque gli Enti medio-grandi, non ci siamo. Chiediamo garanzie<\/em>&#8220;.\u00a0Ultima questione molto delicata in vista del decreto, sono\u00a0i termini per i lavori a fronte di contributi statali. Da spostare in avanti. In particolare deve essere rinviato il vincolo per i Comuni di avviare entro il 15 maggio i lavori con i fondi previsti dall&#8217;art. 30, comma 14-ter, del decreto legge 34 del 30 aprile 2019, che ha previsto specifici contributi a favore dei Comuni di minor dimensione allo scopo di potenziare gli investimenti per la messa in sicurezza di scuole, strade, edifici pubblici e patrimonio comunale e per l&#8217;abbattimento delle barriere architettoniche a beneficio della collettivit\u00e0. \u00c8 stata disposta l&#8217;assegnazione del fondo di 22,5 milioni di euro per il 2020 a tutti i 1.940 Comuni con popolazione inferiore ai 1.000 abitanti. Il contributo &#8211; pari a 11.597,20 di euro per ciascun Ente locale.\u00a0Spenderli entro il 15 maggio \u00e8 praticamente impossibile per gli Enti, che da giorni chiedono di spostare i termini. Almeno di sei mesi. &#8220;<em>Serve una circolare del Governo, dei Ministeri competenti &#8211; spiega Bussone &#8211; che nelle prossime ore dica ai Comuni che se anche non iniziano i lavori entro il 15 maggio, non perdono le risorse. \u00c8 urgentissimo. Mi auguro entro oggi ci sia un chiarimento in merito<\/em>&#8220;.<\/p>\n<p>&nbsp;<\/p>\n<p>&nbsp;<\/p>\n<hr \/>\n<p>&nbsp;<\/p>\n<blockquote>\n<h3>UTILE NETTO CHE SFIORA IL MILIONE DI EURO: DOLOMITIBUS APPROVA IL BILANCIO 2019 E INTANTO STUDIA LE PROSPETTIVE DELLA \u201cFASE 2\u201d<\/h3>\n<\/blockquote>\n<p><strong><a class=\"dt-pswp-item\" href=\"https:\/\/www.radiopiu.net\/wordpress\/wp-content\/uploads\/2018\/08\/dolomitibus.jpeg\" data-dt-img-description=\"\" data-large_image_width=\"621\" data-large_image_height=\"414\"><img loading=\"lazy\" decoding=\"async\" class=\"size-medium wp-image-59158 alignleft\" src=\"https:\/\/www.radiopiu.net\/wordpress\/wp-content\/uploads\/2018\/08\/dolomitibus-300x200.jpeg\" alt=\"\" width=\"300\" height=\"200\" srcset=\"https:\/\/www.radiopiu.net\/wordpress\/wp-content\/uploads\/2018\/08\/dolomitibus-300x200.jpeg 300w, https:\/\/www.radiopiu.net\/wordpress\/wp-content\/uploads\/2018\/08\/dolomitibus.jpeg 621w\" sizes=\"auto, (max-width: 300px) 100vw, 300px\" \/><\/a>BELLUNO\u00a0<\/strong>Con quasi un milione di euro di utile \u00e8 stato approvato il bilancio 2019 della Dolomitibus. La societ\u00e0 della Provincia si conferma solida e per il quinto anno consecutivo chiude l\u2019esercizio con il segno \u201cpi\u00f9\u201d. In questo caso, per 988.243 euro, che sommati agli utili degli ultimi anni totalizzano la bellezza di 5 milioni di euro in cinque anni. Questi i numeri su cui si \u00e8 concentrata l\u2019assemblea dei soci, riunita questa mattina nel rispetto delle misure anti-contagio, cui hanno preso parte anche il presidente della Provincia di Belluno, Roberto Padrin e il consigliere delegato Dario Scopel. \u00ab<em>Ringrazio la societ\u00e0, il consiglio di amministrazione e il personale per l\u2019ennesimo grandissimo risultato ottenuto. Riuscire a ottenere quasi 5 milioni di utile in cinque anni per un\u2019azienda di trasporto pubblico locale \u00e8 tutt\u2019altro che scontato &#8211; commenta il presidente della Provincia di Belluno, Roberto Padrin -. Dolomitibus per\u00f2 non si ferma a questo risultato. In questo momento, stiamo lavorando per affrontare il periodo complesso che si profila all\u2019orizzonte. Riorganizzare il servizio di trasporto rispettando le misure di sicurezza anti-contagio non \u00e8 semplice. La volont\u00e0 \u00e8 quella di dare risposte alle esigenze del territorio e per questo abbiamo chiesto ai sindaci di segnalarci le corse che dovranno essere riattivate prioritariamente. Al contempo, dobbiamo guardare al mantenimento degli equilibri economico-finanziari della societ\u00e0. In questa prospettiva, apriremo un tavolo tecnico con il mondo del lavoro, i sindacati e la scuola non appena ci saranno le nuove linee guida sul ripristino dell\u2019attivit\u00e0 scolastica, dal mese di settembre<\/em>\u00bb. \u00c8 proprio il periodo di \u201cconvivenza\u201d con il virus il tema su cui si \u00e8 concentrata l\u2019assemblea dei soci e su cui stanno lavorando Dolomitibus e Provincia. \u00ab<em>La chiusura delle scuole e il blocco degli spostamenti significano una riduzione consistente, dato che tra studenti e lavoratori arriviamo a coprire circa il 60% degli introiti da tariffa; quindi gli ultimi due mesi peseranno inevitabilmente sul prossimo bilancio, assieme al calo del turismo &#8211; sottolinea il presidente di Dolomitibus, Andrea Biasiotto -. Se consideriamo anche la chiusura delle attivit\u00e0 commerciali e il crollo del 90% del traffico passeggeri non studenti e non lavoratori, abbiamo un quadro piuttosto preciso della situazione. Ma grazie agli ultimi esercizi estremamente positivi, su cui pesa positivamente anche il bilancio 2019, possiamo guardare con un discreto ottimismo al superamento del Covid. Ringrazio tutta la struttura per questi risultati<\/em>\u00bb. Dolomitibus, infatti, sta gi\u00e0 studiando alcune strategie per garantire l\u2019erogazione del servizio nel pieno rispetto delle restrizioni anti-contagio, e al contempo conservare gli equilibri economico-finanziari della societ\u00e0. Sotto la lente soprattutto il servizio a chiamata e la creazione di quadri orari in grado di integrare trasporto scolastico e corse pendolari per le fabbriche. \u00ab<em>Al momento le restrizioni sono quasi impossibili: il rispetto dei distanziamenti ci fa perdere il 75% dei posti sui mezzi &#8211; spiega l\u2019amministratore delegato di Dolomitibus Natalia Ranza -. Per questo dobbiamo lavorare moltissimo per mettere in campo soluzioni diverse rispetto a quelle del passato. La parola d\u2019ordine sar\u00e0 flessibilit\u00e0. Servir\u00e0 quel lavoro di squadra con la Provincia che ci ha consentito di raggiungere risultati eccellenti negli ultimi cinque anni. E che nel 2019, grazie ai servizi sostitutivi, all\u2019aumento della clientela e agli allestimenti per altre aziende, ci ha consentito di chiudere con quasi 1 milione di euro di utile, e di un premio di 500mila euro ai dipendenti<\/em>\u00bb.<\/p>\n<p>&nbsp;<\/p>\n<p>&nbsp;<\/p>\n<hr \/>\n<p>&nbsp;<\/p>\n<blockquote>\n<h3>CANTIERE A PIENO RITMO SULLA FRANA DI CANCIA: LA BRIGLIA PRENDE FORMA, CHIUSURA LAVORI PER FINE ESTATE<\/h3>\n<\/blockquote>\n<p><strong><a class=\"dt-pswp-item\" href=\"https:\/\/www.radiopiu.net\/wordpress\/wp-content\/uploads\/2020\/05\/a9613c89-f8a3-4ef2-9aee-7b4bf5c4742a.jpg\" data-dt-img-description=\"\" data-large_image_width=\"1024\" data-large_image_height=\"768\"><img loading=\"lazy\" decoding=\"async\" class=\"size-medium wp-image-136188 alignleft\" src=\"https:\/\/www.radiopiu.net\/wordpress\/wp-content\/uploads\/2020\/05\/a9613c89-f8a3-4ef2-9aee-7b4bf5c4742a-300x225.jpg\" alt=\"\" width=\"300\" height=\"225\" srcset=\"https:\/\/www.radiopiu.net\/wordpress\/wp-content\/uploads\/2020\/05\/a9613c89-f8a3-4ef2-9aee-7b4bf5c4742a-300x225.jpg 300w, https:\/\/www.radiopiu.net\/wordpress\/wp-content\/uploads\/2020\/05\/a9613c89-f8a3-4ef2-9aee-7b4bf5c4742a-768x576.jpg 768w, https:\/\/www.radiopiu.net\/wordpress\/wp-content\/uploads\/2020\/05\/a9613c89-f8a3-4ef2-9aee-7b4bf5c4742a.jpg 1024w\" sizes=\"auto, (max-width: 300px) 100vw, 300px\" \/><\/a>BELLUNO<\/strong> Continuano a pieno regime i lavori di messa in sicurezza di Cancia (Borca di Cadore). Un\u2019operazione da 4.135.000 euro destinata ad assicurare la mitigazione di colata detritica che da decenni minaccia le abitazioni sottostanti e la statale 51 di Alemagna. Da luned\u00ec scorso operai e mezzi sono all\u2019opera per completare nel pi\u00f9 breve tempo possibile il primo stralcio. E proprio in questi giorni sta prendendo forma la grande briglia frangicolata di tecnologia giapponese (\u201cSabo Dam\u201d) commissionata dalla Provincia di Belluno. Si tratta dell\u2019operazione clou del cantiere, terminata la quale mancheranno solo i dettagli. Il cronoprogramma sta bruciando le tappe: i lavori sono cominciati a met\u00e0 settembre 2019 e potranno essere conclusi (meteo permettendo) entro la fine dell\u2019estate, contro una previsione iniziale di oltre 600 giorni di cantiere. \u00ab<em>Da una settimana i lavori sono ripresi, dopo la pausa invernale e il blocco Covid &#8211; spiega Simone Carraro, direttore dei lavori sul canalone di Cancia -. Al momento, stiamo lavorando nel pieno rispetto del protocollo anti-contagio, senza per questo rallentare le operazioni. Siamo ripartiti di gran lena e speriamo che la stagione prosegua con un meteo adatto. Prima dell\u2019inverno, eravamo riusciti a concludere la parte delle opere di fondazione. Adesso stiamo proseguendo con le prime opere relative al getto in calcestruzzo della grande briglia \u201cSabo Dam\u201d che costituisce l\u2019elemento pi\u00f9 importante di questo cantiere. I canali superiori, a monte della briglia frangicolata, saranno ripresi dopo la conclusione delle opere in calcestruzzo<\/em>\u00bb. Infatti, oltre all\u2019enorme struttura a \u201cpettine\u201d chiamata a bloccare i massi in discesa dall\u2019Antelao, il progetto interviene anche con altre due opere: la deviazione del Bus del Diau, dove deve essere separata la colata solida (massi) dalla parte liquida (acqua); e la costruzione di una vasca di dissipazione per rallentare l\u2019erosione provocata dall\u2019acqua in discesa. Una parte di queste opere \u00e8 gi\u00e0 stata realizzata prima della pausa invernale. \u00abSe tutto proseguir\u00e0 senza intoppi, l\u2019impresa che sta lavorando riuscir\u00e0 a concludere l\u2019operazione entro la fine dell\u2019estate o al massimo all\u2019inizio dell\u2019autunno, con una rapidit\u00e0 d\u2019intervento eccezionale\u00bb commenta il consigliere provinciale delegato alla Difesa del Suolo, Massimo Bortoluzzi, che oggi \u00e8 stato in sopralluogo sul cantiere, insieme al dirigente Pierantonio Zanchetta (appena rientrato dalla pensione per dare una mano all\u2019ente Provincia). \u00ab<em>La sistemazione del canalone di Cancia \u00e8 al momento il progetto pi\u00f9 consistente e importante che la Provincia sta realizzando, fondamentale per la sicurezza degli abitanti di Borca di Cadore, anche in considerazione della drammatica colata del 2009, che ha provocato due vittime. Per quest\u2019anno utilizzeremo ancora i monitoraggi a vista della frana, durante l\u2019estate. Ringrazio i volontari di Protezione Civile che hanno gi\u00e0 assicurato la loro presenza, da fine maggio a met\u00e0 settembre<\/em>\u00bb.<br \/>\n<strong>IL VIDEO CON LE DICHIARAZIONI<\/strong><\/p>\n<div style=\"width: 1200px;\" class=\"wp-video\"><video class=\"wp-video-shortcode\" id=\"video-136089-2\" width=\"1200\" height=\"675\" preload=\"metadata\" controls=\"controls\"><source type=\"video\/mp4\" src=\"https:\/\/www.radiopiu.net\/wordpress\/wp-content\/uploads\/2020\/05\/CANTIERE-CANCIA-PROVINCIA.mp4?_=2\" \/><a href=\"https:\/\/www.radiopiu.net\/wordpress\/wp-content\/uploads\/2020\/05\/CANTIERE-CANCIA-PROVINCIA.mp4\">https:\/\/www.radiopiu.net\/wordpress\/wp-content\/uploads\/2020\/05\/CANTIERE-CANCIA-PROVINCIA.mp4<\/a><\/video><\/div>\n<p>&nbsp;<\/p>\n<p><strong>LA GALLERY DEI LAVORI<\/strong><\/p>\n\n\t\t\t<style type='text\/css'>\n\t\t\t\t#gallery-2 {\n\t\t\t\t\tmargin: auto;\n\t\t\t\t}\n\t\t\t\t#gallery-2 .gallery-item {\n\t\t\t\t\tfloat: left;\n\t\t\t\t\tmargin-top: 10px;\n\t\t\t\t\ttext-align: center;\n\t\t\t\t\twidth: 25%;\n\t\t\t\t}\n\t\t\t\t#gallery-2 img {\n\t\t\t\t\tborder: 2px solid #cfcfcf;\n\t\t\t\t}\n\t\t\t\t#gallery-2 .gallery-caption {\n\t\t\t\t\tmargin-left: 0;\n\t\t\t\t}\n\t\t\t\t\/* see gallery_shortcode() in wp-includes\/media.php *\/\n\t\t\t<\/style>\n\t\t<div id='gallery-2' class='dt-gallery-container gallery galleryid-136089 gallery-columns-4 gallery-size-medium'><dl class='gallery-item'>\n\t\t\t\t<dt class='gallery-icon landscape'>\n\t\t\t\t\t<a class=\"rollover\" href='https:\/\/www.radiopiu.net\/wordpress\/nella-notte-42-positivi-4-decessi-79-malati-i-terapia-intensiva-aggiornamento-azienda-zero-08-maggio-ore-8-in-provincia-di-belluno-24-pazienti-al-san-martino-sempre-5-in-terapia-intensiva-37-r\/eefdb7e8-6970-4aa3-ae3f-3c10cdf24501\/'><img loading=\"lazy\" decoding=\"async\" width=\"300\" height=\"225\" src=\"https:\/\/www.radiopiu.net\/wordpress\/wp-content\/uploads\/2020\/05\/eefdb7e8-6970-4aa3-ae3f-3c10cdf24501-300x225.jpg\" class=\"attachment-medium size-medium\" alt=\"\" srcset=\"https:\/\/www.radiopiu.net\/wordpress\/wp-content\/uploads\/2020\/05\/eefdb7e8-6970-4aa3-ae3f-3c10cdf24501-300x225.jpg 300w, https:\/\/www.radiopiu.net\/wordpress\/wp-content\/uploads\/2020\/05\/eefdb7e8-6970-4aa3-ae3f-3c10cdf24501-768x576.jpg 768w, https:\/\/www.radiopiu.net\/wordpress\/wp-content\/uploads\/2020\/05\/eefdb7e8-6970-4aa3-ae3f-3c10cdf24501.jpg 1024w\" sizes=\"auto, (max-width: 300px) 100vw, 300px\" \/><\/a>\n\t\t\t\t<\/dt><\/dl><dl class='gallery-item'>\n\t\t\t\t<dt class='gallery-icon landscape'>\n\t\t\t\t\t<a class=\"rollover\" href='https:\/\/www.radiopiu.net\/wordpress\/nella-notte-42-positivi-4-decessi-79-malati-i-terapia-intensiva-aggiornamento-azienda-zero-08-maggio-ore-8-in-provincia-di-belluno-24-pazienti-al-san-martino-sempre-5-in-terapia-intensiva-37-r\/e2f5d1aa-fe70-49d4-9534-83b541ddd9cf\/'><img loading=\"lazy\" decoding=\"async\" width=\"300\" height=\"225\" src=\"https:\/\/www.radiopiu.net\/wordpress\/wp-content\/uploads\/2020\/05\/e2f5d1aa-fe70-49d4-9534-83b541ddd9cf-300x225.jpg\" class=\"attachment-medium size-medium\" alt=\"\" srcset=\"https:\/\/www.radiopiu.net\/wordpress\/wp-content\/uploads\/2020\/05\/e2f5d1aa-fe70-49d4-9534-83b541ddd9cf-300x225.jpg 300w, https:\/\/www.radiopiu.net\/wordpress\/wp-content\/uploads\/2020\/05\/e2f5d1aa-fe70-49d4-9534-83b541ddd9cf-768x576.jpg 768w, https:\/\/www.radiopiu.net\/wordpress\/wp-content\/uploads\/2020\/05\/e2f5d1aa-fe70-49d4-9534-83b541ddd9cf.jpg 1024w\" sizes=\"auto, (max-width: 300px) 100vw, 300px\" \/><\/a>\n\t\t\t\t<\/dt><\/dl><dl class='gallery-item'>\n\t\t\t\t<dt class='gallery-icon landscape'>\n\t\t\t\t\t<a class=\"rollover\" href='https:\/\/www.radiopiu.net\/wordpress\/nella-notte-42-positivi-4-decessi-79-malati-i-terapia-intensiva-aggiornamento-azienda-zero-08-maggio-ore-8-in-provincia-di-belluno-24-pazienti-al-san-martino-sempre-5-in-terapia-intensiva-37-r\/cfda3886-46cf-4e85-88aa-08bbde091b96\/'><img loading=\"lazy\" decoding=\"async\" width=\"300\" height=\"225\" src=\"https:\/\/www.radiopiu.net\/wordpress\/wp-content\/uploads\/2020\/05\/cfda3886-46cf-4e85-88aa-08bbde091b96-300x225.jpg\" class=\"attachment-medium size-medium\" alt=\"\" srcset=\"https:\/\/www.radiopiu.net\/wordpress\/wp-content\/uploads\/2020\/05\/cfda3886-46cf-4e85-88aa-08bbde091b96-300x225.jpg 300w, https:\/\/www.radiopiu.net\/wordpress\/wp-content\/uploads\/2020\/05\/cfda3886-46cf-4e85-88aa-08bbde091b96-768x576.jpg 768w, https:\/\/www.radiopiu.net\/wordpress\/wp-content\/uploads\/2020\/05\/cfda3886-46cf-4e85-88aa-08bbde091b96.jpg 1024w\" sizes=\"auto, (max-width: 300px) 100vw, 300px\" \/><\/a>\n\t\t\t\t<\/dt><\/dl><dl class='gallery-item'>\n\t\t\t\t<dt class='gallery-icon landscape'>\n\t\t\t\t\t<a class=\"rollover\" href='https:\/\/www.radiopiu.net\/wordpress\/nella-notte-42-positivi-4-decessi-79-malati-i-terapia-intensiva-aggiornamento-azienda-zero-08-maggio-ore-8-in-provincia-di-belluno-24-pazienti-al-san-martino-sempre-5-in-terapia-intensiva-37-r\/a9613c89-f8a3-4ef2-9aee-7b4bf5c4742a\/'><img loading=\"lazy\" decoding=\"async\" width=\"300\" height=\"225\" src=\"https:\/\/www.radiopiu.net\/wordpress\/wp-content\/uploads\/2020\/05\/a9613c89-f8a3-4ef2-9aee-7b4bf5c4742a-300x225.jpg\" class=\"attachment-medium size-medium\" alt=\"\" srcset=\"https:\/\/www.radiopiu.net\/wordpress\/wp-content\/uploads\/2020\/05\/a9613c89-f8a3-4ef2-9aee-7b4bf5c4742a-300x225.jpg 300w, https:\/\/www.radiopiu.net\/wordpress\/wp-content\/uploads\/2020\/05\/a9613c89-f8a3-4ef2-9aee-7b4bf5c4742a-768x576.jpg 768w, https:\/\/www.radiopiu.net\/wordpress\/wp-content\/uploads\/2020\/05\/a9613c89-f8a3-4ef2-9aee-7b4bf5c4742a.jpg 1024w\" sizes=\"auto, (max-width: 300px) 100vw, 300px\" \/><\/a>\n\t\t\t\t<\/dt><\/dl><br style=\"clear: both\" \/><dl class='gallery-item'>\n\t\t\t\t<dt class='gallery-icon landscape'>\n\t\t\t\t\t<a class=\"rollover\" href='https:\/\/www.radiopiu.net\/wordpress\/nella-notte-42-positivi-4-decessi-79-malati-i-terapia-intensiva-aggiornamento-azienda-zero-08-maggio-ore-8-in-provincia-di-belluno-24-pazienti-al-san-martino-sempre-5-in-terapia-intensiva-37-r\/dcba6a6d-02f5-41b4-8a1c-b9c4fd5327fc\/'><img loading=\"lazy\" decoding=\"async\" width=\"300\" height=\"225\" src=\"https:\/\/www.radiopiu.net\/wordpress\/wp-content\/uploads\/2020\/05\/dcba6a6d-02f5-41b4-8a1c-b9c4fd5327fc-300x225.jpg\" class=\"attachment-medium size-medium\" alt=\"\" srcset=\"https:\/\/www.radiopiu.net\/wordpress\/wp-content\/uploads\/2020\/05\/dcba6a6d-02f5-41b4-8a1c-b9c4fd5327fc-300x225.jpg 300w, https:\/\/www.radiopiu.net\/wordpress\/wp-content\/uploads\/2020\/05\/dcba6a6d-02f5-41b4-8a1c-b9c4fd5327fc-768x576.jpg 768w, https:\/\/www.radiopiu.net\/wordpress\/wp-content\/uploads\/2020\/05\/dcba6a6d-02f5-41b4-8a1c-b9c4fd5327fc.jpg 1024w\" sizes=\"auto, (max-width: 300px) 100vw, 300px\" \/><\/a>\n\t\t\t\t<\/dt><\/dl><dl class='gallery-item'>\n\t\t\t\t<dt class='gallery-icon landscape'>\n\t\t\t\t\t<a class=\"rollover\" href='https:\/\/www.radiopiu.net\/wordpress\/nella-notte-42-positivi-4-decessi-79-malati-i-terapia-intensiva-aggiornamento-azienda-zero-08-maggio-ore-8-in-provincia-di-belluno-24-pazienti-al-san-martino-sempre-5-in-terapia-intensiva-37-r\/5bb2a20b-1952-40e4-a5d9-7eee1bf41d2e\/'><img loading=\"lazy\" decoding=\"async\" width=\"300\" height=\"225\" src=\"https:\/\/www.radiopiu.net\/wordpress\/wp-content\/uploads\/2020\/05\/5bb2a20b-1952-40e4-a5d9-7eee1bf41d2e-300x225.jpg\" class=\"attachment-medium size-medium\" alt=\"\" srcset=\"https:\/\/www.radiopiu.net\/wordpress\/wp-content\/uploads\/2020\/05\/5bb2a20b-1952-40e4-a5d9-7eee1bf41d2e-300x225.jpg 300w, https:\/\/www.radiopiu.net\/wordpress\/wp-content\/uploads\/2020\/05\/5bb2a20b-1952-40e4-a5d9-7eee1bf41d2e-768x576.jpg 768w, https:\/\/www.radiopiu.net\/wordpress\/wp-content\/uploads\/2020\/05\/5bb2a20b-1952-40e4-a5d9-7eee1bf41d2e.jpg 1024w\" sizes=\"auto, (max-width: 300px) 100vw, 300px\" \/><\/a>\n\t\t\t\t<\/dt><\/dl><dl class='gallery-item'>\n\t\t\t\t<dt class='gallery-icon landscape'>\n\t\t\t\t\t<a class=\"rollover\" href='https:\/\/www.radiopiu.net\/wordpress\/nella-notte-42-positivi-4-decessi-79-malati-i-terapia-intensiva-aggiornamento-azienda-zero-08-maggio-ore-8-in-provincia-di-belluno-24-pazienti-al-san-martino-sempre-5-in-terapia-intensiva-37-r\/16e309a1-c34a-42f7-80af-cc055b4ff26d\/'><img loading=\"lazy\" decoding=\"async\" width=\"300\" height=\"225\" src=\"https:\/\/www.radiopiu.net\/wordpress\/wp-content\/uploads\/2020\/05\/16e309a1-c34a-42f7-80af-cc055b4ff26d-300x225.jpg\" class=\"attachment-medium size-medium\" alt=\"\" srcset=\"https:\/\/www.radiopiu.net\/wordpress\/wp-content\/uploads\/2020\/05\/16e309a1-c34a-42f7-80af-cc055b4ff26d-300x225.jpg 300w, https:\/\/www.radiopiu.net\/wordpress\/wp-content\/uploads\/2020\/05\/16e309a1-c34a-42f7-80af-cc055b4ff26d-768x576.jpg 768w, https:\/\/www.radiopiu.net\/wordpress\/wp-content\/uploads\/2020\/05\/16e309a1-c34a-42f7-80af-cc055b4ff26d.jpg 1024w\" sizes=\"auto, (max-width: 300px) 100vw, 300px\" \/><\/a>\n\t\t\t\t<\/dt><\/dl><dl class='gallery-item'>\n\t\t\t\t<dt class='gallery-icon landscape'>\n\t\t\t\t\t<a class=\"rollover\" href='https:\/\/www.radiopiu.net\/wordpress\/nella-notte-42-positivi-4-decessi-79-malati-i-terapia-intensiva-aggiornamento-azienda-zero-08-maggio-ore-8-in-provincia-di-belluno-24-pazienti-al-san-martino-sempre-5-in-terapia-intensiva-37-r\/9dd57d1a-9c91-44ae-b702-606f3b2573c3\/'><img loading=\"lazy\" decoding=\"async\" width=\"300\" height=\"225\" src=\"https:\/\/www.radiopiu.net\/wordpress\/wp-content\/uploads\/2020\/05\/9dd57d1a-9c91-44ae-b702-606f3b2573c3-300x225.jpg\" class=\"attachment-medium size-medium\" alt=\"\" srcset=\"https:\/\/www.radiopiu.net\/wordpress\/wp-content\/uploads\/2020\/05\/9dd57d1a-9c91-44ae-b702-606f3b2573c3-300x225.jpg 300w, https:\/\/www.radiopiu.net\/wordpress\/wp-content\/uploads\/2020\/05\/9dd57d1a-9c91-44ae-b702-606f3b2573c3-768x576.jpg 768w, https:\/\/www.radiopiu.net\/wordpress\/wp-content\/uploads\/2020\/05\/9dd57d1a-9c91-44ae-b702-606f3b2573c3.jpg 1024w\" sizes=\"auto, (max-width: 300px) 100vw, 300px\" \/><\/a>\n\t\t\t\t<\/dt><\/dl><br style=\"clear: both\" \/>\n\t\t\t<\/div>\n\n<p>&nbsp;<\/p>\n<p>&nbsp;<\/p>\n<hr \/>\n<p>&nbsp;<\/p>\n<blockquote>\n<h3>ITALIANO, SINGLE, TRA I 30 E I 50 ANNI ECCO CHI HA RICEVUTO I BUONI SPESA<\/h3>\n<\/blockquote>\n<p><strong>BELLUNO<\/strong>\u00a0Italiano, unico componente del nucleo familiare, e con un&#8217;et\u00e0 compresa tra i 30 e i 50 anni: ecco l&#8217;identikit del cittadino bellunese che ha ricevuto i buoni spesa erogati dal Comune di Belluno.\u00a0L&#8217;analisi condotta dai Servizi Sociali di Palazzo Rosso ha permesso di fare un quadro preciso delle criticit\u00e0 sociali ed economiche causate dall&#8217;epidemia di Covid-19.<\/p>\n<p><b>Le richieste\u00a0<\/b>Le richieste giunte in municipio sono state 999; di queste, 565 sono state accolte, 419 quelle respinte, mentre 15 sono arrivate oltre i termini previsti.\u00a0Il totale delle persone dichiarate \u00e8 stato di 2685; quelle che hanno beneficiato dei buoni spesa sono state 1585.\u00a0Delle domande respinte, ben 115 erano doppie o presentate da componenti dello stesso nucleo familiare; 66 sono risultati non residenti o irreperibili, 59 hanno fatto rilevare un&#8217;adeguata situazione economica (ed esempio, le entrate certe di un altro membro della famiglia); in 54 casi non sono stati rilevati motivi di insufficiente sostentamento differenti rispetto al pre-epidemia (come pensioni troppo basse, situazioni quindi che rientrano nel canale sociale ordinario e non sono contemplate dal fondo governativo finalizzato alla perdita di sostentamento per l&#8217;emergenza Covid-19), mentre in 21 casi si \u00e8 riscontrata la presenza di altri sostegni pubblici, come cassa integrazione o reddito di cittadinanza, che hanno ridotto la priorit\u00e0 d&#8217;intervento.\u00a0Queste domande non sono per\u00f2 cadute nel vuoto e si stanno trasformando in domanda di aiuto ai Servizi Sociali comunali: una quarantina le richieste giunte solo nelle ultime due settimane a Palazzo Rosso.\u00a0In totale, il Comune di Belluno ha erogato buoni spesa per 184.800 euro sui circa 190mila trasferiti dal Governo; i restanti 4950 euro sono stati impegnati per il servizio della mensa dei frati della Parrocchia di Mussoi.<\/p>\n<p><b>Et\u00e0, provenienza e composizione delle famiglie\u00a0<\/b>Il 54% delle domande accolte (310) \u00e8 stato presentato da persone tra i 30 e i 50 anni, il 32% (179) da over 50, mentre il 14% (76) da ragazzi fino ai 29 anni.\u00a0Il 68% delle domande \u00e8 stato presentato da cittadini italiani; tra le restanti richieste, si evidenziano soprattutto quelle presentate da cittadini della Moldavia, Ucraina, Romania e Albania: dato probabilmente legato alla sospensione dei contratti delle badanti.\u00a0Come anticipato, quelle pi\u00f9 in difficolt\u00e0 sono risultate le famiglie monopersonali (169 richieste accolte), seguite dai nuclei composti da tre e due persone (rispettivamente 114 e 113 domande accolte).\u00a0Incrociando i dati di et\u00e0 e membri del nucleo familiare, emergono le problematiche delle famiglie monopersonali soprattutto nella fascia degli under 29, in difficolt\u00e0 nel reperire un&#8217;occupazione stabile, e degli over 50, con situazioni precarie di lavoro o con problemi nel reinserimento nel mondo occupazionale.<\/p>\n<p><strong>L&#8217;ASSESSORE ALLE POLITICHE SOCIALI DEL COMUNE DI BELLUNO LUCIA PELLEGRINI<\/strong><\/p>\n<div style=\"width: 1200px;\" class=\"wp-video\"><video class=\"wp-video-shortcode\" id=\"video-136089-3\" width=\"1200\" height=\"675\" preload=\"metadata\" controls=\"controls\"><source type=\"video\/mp4\" src=\"https:\/\/www.radiopiu.net\/wordpress\/wp-content\/uploads\/2020\/05\/Lucia-Pellegrini-Analisi-dati-buoni-spesa-OOKK.mp4?_=3\" \/><a href=\"https:\/\/www.radiopiu.net\/wordpress\/wp-content\/uploads\/2020\/05\/Lucia-Pellegrini-Analisi-dati-buoni-spesa-OOKK.mp4\">https:\/\/www.radiopiu.net\/wordpress\/wp-content\/uploads\/2020\/05\/Lucia-Pellegrini-Analisi-dati-buoni-spesa-OOKK.mp4<\/a><\/video><\/div>\n<p>&nbsp;<\/p>\n<p>&nbsp;<\/p>\n<hr \/>\n<p>&nbsp;<\/p>\n<blockquote>\n<h3>PARCHI, APERTURE CON LIMITAZIONI DOMANI APERTI PARCO BOLOGNA E PARCO MARAGA<\/h3>\n<\/blockquote>\n<p><strong><a class=\"dt-pswp-item\" href=\"https:\/\/www.radiopiu.net\/wordpress\/wp-content\/uploads\/2020\/05\/parco-citta-bologna-a-belluno.jpg\" data-dt-img-description=\"\" data-large_image_width=\"768\" data-large_image_height=\"437\"><img loading=\"lazy\" decoding=\"async\" class=\"size-medium wp-image-136211 alignleft\" src=\"https:\/\/www.radiopiu.net\/wordpress\/wp-content\/uploads\/2020\/05\/parco-citta-bologna-a-belluno-300x171.jpg\" alt=\"\" width=\"300\" height=\"171\" srcset=\"https:\/\/www.radiopiu.net\/wordpress\/wp-content\/uploads\/2020\/05\/parco-citta-bologna-a-belluno-300x171.jpg 300w, https:\/\/www.radiopiu.net\/wordpress\/wp-content\/uploads\/2020\/05\/parco-citta-bologna-a-belluno.jpg 768w\" sizes=\"auto, (max-width: 300px) 100vw, 300px\" \/><\/a>BELLUNO\u00a0<\/strong>Riaperture graduali e \u201cdi prova\u201d per i parchi cittadini: sabato 9 maggio, si comincia riaprendo alla cittadinanza i parchi Citt\u00e0 di Bologna (<em>nella foto di belluno-turismo.it<\/em>), in centro citt\u00e0, e Maraga, sotto Via Feltre.\u00a0Non sar\u00e0 per\u00f2 un ritorno al parco pre-epidemia: come infatti previsto dall&#8217;ultimo DPCM, non potranno essere utilizzati i giochi e le strutture per i bambini, e anche sulle panchine bisogner\u00e0 mantenere sempre un metro di distanza dalle altre persone.\u00a0\u00ab<em>Dobbiamo abituarci a questa nuova normalit\u00e0: proprio per farci trovare pronti alla giornata di domani, infatti, in questi giorni abbiamo ripulito alcuni dei nostri parchi cittadini.- commenta il sindaco, Jacopo Massaro \u2013 Sar\u00e0 una grande prova di responsabilit\u00e0: sappiamo che le lente e progressive riaperture potrebbero essere cancellate in caso di una nuova e pericolosa impennata dei contagi. Se tutto andr\u00e0 bene, siamo pronti ad aprire gi\u00e0 dalla prossima settimana anche il parco di Lambioi; se invece dovessero verificarsi problemi o gravi mancanze di rispetto delle regole, allora dovremo procedere a un contingentamento degli accessi, se non addirittura a una nuova chiusura. Chiedo quindi a tutti i cittadini un grande sforzo di responsabilit\u00e0, per evitare di farci precipitare di nuovo nella drammatica situazione che abbiamo vissuto fino ad appena pochi giorni fa: lo dobbiamo soprattutto a chi tutti i giorni \u00e8 in prima fila e rischia la propria vita per salvare quella altrui e a tutte le imprese e i lavoratori che stanno lentamente riprendendo le loro attivit\u00e0 e per i quali un nuovo lockdown significherebbe la perdita di migliaia di posti di lavoro<\/em>\u00bb.<\/p>\n<p><strong>JACOPO MASSARO SINDACO DI BELLUNO<\/strong><\/p>\n<audio class=\"wp-audio-shortcode\" id=\"audio-136089-4\" preload=\"none\" style=\"width: 100%;\" controls=\"controls\"><source type=\"audio\/mpeg\" src=\"https:\/\/www.radiopiu.net\/wordpress\/wp-content\/uploads\/2020\/05\/Massaro-Riapertura-parchi-cittadini.mp3?_=4\" \/><a href=\"https:\/\/www.radiopiu.net\/wordpress\/wp-content\/uploads\/2020\/05\/Massaro-Riapertura-parchi-cittadini.mp3\">https:\/\/www.radiopiu.net\/wordpress\/wp-content\/uploads\/2020\/05\/Massaro-Riapertura-parchi-cittadini.mp3<\/a><\/audio>\n<p>&nbsp;<\/p>\n<p>&nbsp;<\/p>\n<hr \/>\n<p>&nbsp;<\/p>\n<blockquote>\n<h3>BELLUNO ALPINA, \u201cMANUTENZIONI E CURA DEL TERRITORIO COME BIGLIETTO DA VISITA. GRANDI EVENTI PER SOSTENERE E POTENZIARE L&#8217;OSPITALITA&#8221;<\/h3>\n<\/blockquote>\n<p><strong><a class=\"dt-pswp-item\" href=\"https:\/\/www.radiopiu.net\/wordpress\/wp-content\/uploads\/2020\/05\/Scritta-Piandelmonte-1.jpg\" data-dt-img-description=\"\" data-large_image_width=\"1108\" data-large_image_height=\"831\"><img loading=\"lazy\" decoding=\"async\" class=\"size-medium wp-image-136117 alignleft\" src=\"https:\/\/www.radiopiu.net\/wordpress\/wp-content\/uploads\/2020\/05\/Scritta-Piandelmonte-1-300x225.jpg\" alt=\"\" width=\"300\" height=\"225\" srcset=\"https:\/\/www.radiopiu.net\/wordpress\/wp-content\/uploads\/2020\/05\/Scritta-Piandelmonte-1-300x225.jpg 300w, https:\/\/www.radiopiu.net\/wordpress\/wp-content\/uploads\/2020\/05\/Scritta-Piandelmonte-1-1024x768.jpg 1024w, https:\/\/www.radiopiu.net\/wordpress\/wp-content\/uploads\/2020\/05\/Scritta-Piandelmonte-1-768x576.jpg 768w, https:\/\/www.radiopiu.net\/wordpress\/wp-content\/uploads\/2020\/05\/Scritta-Piandelmonte-1.jpg 1108w\" sizes=\"auto, (max-width: 300px) 100vw, 300px\" \/><\/a>BELLUNO\u00a0<\/strong>L&#8217;associazione Belluno Alpina continua nel suo lavoro sul territorio del comprensorio Quantin \u2013 Nevegal \u2013 Ronce \u2013 Valmorel.\u00a0Ultima iniziativa in ordine di tempo \u00e8 la posa delle scritte di paese che, dopo Ciroc e Tassei, ora ha visto protagonista Piandelmonte. La scritta \u00e8 stata posizionata a inizio paese ed \u00e8 gi\u00e0 diventata un&#8217;attrazione, con i primi selfie gi\u00e0 scattati con l&#8217;enorme insegna alle spalle. \u201c<em>Si \u00e8 trattato, ancora una volta, di un grande lavoro di squadra che ha coinvolto tutti i nostri volontari. \u00c8 stata un&#8217;operazione lunga che ha richiesto varie fasi: la forma della scritta su cassa, il rivestimento in sassi autoctoni, infine la posa in forma provvisoria e estraibile. La scritta viene poi illuminata di notte a spese di Belluno Alpina da un lampione a led, che si ricarica tramite un pannello solare. Stiamo lavorando al meglio per trasformare il nostro comprensorio e renderlo pronto per accogliere gli eventi che ci attendono nei prossimi anni<\/em>\u201d, commenta Rodolfo De Min, vicepresidente di Belluno Alpina e giovane residente di Piandelmonte, dove ha da poco ristrutturato un&#8217;abitazione dove vive con la compagna Lisa e il loro bimbo di tre anni.\u00a0<em>\u201cPresto proseguiremo con la posa delle scritte delle localit\u00e0 a Ronce e a Valdart, ma continuiamo a chiedere agli enti preposti opere concrete come percorsi o parchi giochi naturalistici. Il nostro territorio \u00e8 il luogo ideale per ospitare il turismo di questa estate, che sar\u00e0 contrassegnato dal distanziamento tra le persone, ma dobbiamo avere percorsi da offrire e strutture per l&#8217;ospitalit\u00e0 pronte. Noi crediamo nel nostro progetto, e confidiamo facciano lo stesso anche gli enti locali, a partire dall&#8217;Unione Montana che ha un ruolo operativo importante nella progettazione e manutenzione del territorio, e dalla Regione Veneto con la quale sar\u00e0 fondamentale continuare a sviluppare linee guida comuni, per le quali contiamo sul supporto dell&#8217;assessore bellunese Bottacin. Anche per questo \u00e8 fondamentale la costituzione di un consorzio forestale che possa occuparsi tutto l&#8217;anno delle Prealpi, condizione fondamentale per cambiare le sorti dei territori sopra i 600 metri di quota<\/em>\u201d, continua De Min.\u00a0L&#8217;obbiettivo di Belluno Alpina \u00e8 trasformare il territorio in un biglietto da visita: in questo senso va ad esempio anche l&#8217;intervento di \u201crecupero naturalistico straordinario di spazi aperti montani e degradati\u201d affidato dal Comune di Belluno all&#8217;Unione Montana Belluno &#8211; Ponte in localit\u00e0 Le Buse \u2013 Ronce all&#8217;interno delle misure del Piano di Sviluppo Rurale. \u201cIl nostro scopo \u00e8 far conoscere e crescere il nostro territorio, e le migliorie e la cura sono la base fondamentale anche per l&#8217;organizzazione di grandi eventi che possano rendere noto il nostro comprensorio in Italia e non solo\u201d; continua il rappresentante di Belluno Alpina.\u00a0Gi\u00e0, perch\u00e9 il chiodo dei grandi eventi, come il Giro d&#8217;Italia, \u00e8 sempre fisso nelle menti di Belluno Alpina: \u201cIl 2021 \u00e8 una data possibile per il Giro: siamo riusciti a unire sei comuni nell&#8217;intento, con l&#8217;obbiettivo di valorizzare l&#8217;intero arco prealpino: Belluno, Limana, Ponte nelle Alpi, Alpago, Tambre e Chies d&#8217;Alpago. La collaborazione con i sei enti, che non si limita solo al progetto Giro, nasce da lontano, ormai quasi due anni fa, con le riunioni e gli incontri pubblici organizzati sul nostro territorio\u201d, spiega Gimmy Dal Farra, presidente di Belluno Alpina.\u00a0Pronti a lavorare anche per la progettazione di una settimana rosa, ma servono investimenti: \u201c<em>Sul percorso sono necessari interventi. Bisogna partire subito con le manutenzioni, magari sfruttando gli introiti della vendita degli schianti di Vaia: chiediamo quindi che vengano appaltati i lavori per allargare la curva a Campagol di Piandelmonte, e che i 120mila euro introitati dalla vendita del legname vengano utilizzati per realizzare ulteriori piazzole di scambio lungo la strada<\/em>\u201d, conclude Dal Farra.<\/p>\n<p>&nbsp;<\/p>\n<p>&nbsp;<\/p>\n<hr \/>\n<p>&nbsp;<\/p>\n<blockquote>\n<h3>MANUTENZIONE DEL VERDE PUBBLICO E CURA DI STRADE E SENTIERI: DATI IN APPALTO LAVORI PER QUASI 100 MILA EURO<\/h3>\n<\/blockquote>\n<p><strong><a class=\"dt-pswp-item\" href=\"https:\/\/www.radiopiu.net\/wordpress\/wp-content\/uploads\/2020\/05\/WhatsApp-Image-2020-05-08-at-15.32.56.jpeg\" data-dt-img-description=\"\" data-large_image_width=\"1536\" data-large_image_height=\"2048\"><img loading=\"lazy\" decoding=\"async\" class=\" wp-image-136244 alignleft\" src=\"https:\/\/www.radiopiu.net\/wordpress\/wp-content\/uploads\/2020\/05\/WhatsApp-Image-2020-05-08-at-15.32.56-225x300.jpeg\" alt=\"\" width=\"149\" height=\"199\" srcset=\"https:\/\/www.radiopiu.net\/wordpress\/wp-content\/uploads\/2020\/05\/WhatsApp-Image-2020-05-08-at-15.32.56-225x300.jpeg 225w, https:\/\/www.radiopiu.net\/wordpress\/wp-content\/uploads\/2020\/05\/WhatsApp-Image-2020-05-08-at-15.32.56-768x1024.jpeg 768w, https:\/\/www.radiopiu.net\/wordpress\/wp-content\/uploads\/2020\/05\/WhatsApp-Image-2020-05-08-at-15.32.56-1152x1536.jpeg 1152w, https:\/\/www.radiopiu.net\/wordpress\/wp-content\/uploads\/2020\/05\/WhatsApp-Image-2020-05-08-at-15.32.56.jpeg 1536w\" sizes=\"auto, (max-width: 149px) 100vw, 149px\" \/><\/a>ALPAGO <\/strong><span class=\"s1\">Ammontano a circa 98 mila euro, suddivisi in tre lotti diversi, i lavori assegnati nei giorni scorsi dall\u2019Amministrazione di Alpago per quanto riguarda la manutenzione delle aree verdi e la pulizia dei cigli stradali e dei sentieri accessibili sia ai pedoni che ai cicloamatori. La primavera si manifesta in queste settimane di sole e temperature decisamente miti anche nello straordinario sviluppo della vegetazione; un fenomeno naturale straordinario \u2013 soprattutto in un territorio come la conca dell\u2019Alpago -, ma che richiede anche un intervento importante sul fronte delle manutenzioni delle aree urbane a servizio dei cittadini. <\/span><span class=\"s1\">I tre lotti assegnati, tutti tra l\u2019altro ad aziende bellunesi,<span class=\"Apple-converted-space\">\u00a0 <\/span>riguardano, in particolare, la pulizia e la manutenzione di piste ciclabili e sentieri, rotonde, marciapiedi e bordi stradali, nonch\u00e9 dell\u2019intera zona del Lago di Santa Croce, area di assoluto rilievo non solo per la fruizione da parte<a class=\"dt-pswp-item\" href=\"https:\/\/www.radiopiu.net\/wordpress\/wp-content\/uploads\/2020\/05\/WhatsApp-Image-2020-05-08-at-15.33.41.jpeg\" data-dt-img-description=\"\" data-large_image_width=\"1536\" data-large_image_height=\"2048\"><img loading=\"lazy\" decoding=\"async\" class=\"size-medium wp-image-136245 alignright\" src=\"https:\/\/www.radiopiu.net\/wordpress\/wp-content\/uploads\/2020\/05\/WhatsApp-Image-2020-05-08-at-15.33.41-225x300.jpeg\" alt=\"\" width=\"225\" height=\"300\" srcset=\"https:\/\/www.radiopiu.net\/wordpress\/wp-content\/uploads\/2020\/05\/WhatsApp-Image-2020-05-08-at-15.33.41-225x300.jpeg 225w, https:\/\/www.radiopiu.net\/wordpress\/wp-content\/uploads\/2020\/05\/WhatsApp-Image-2020-05-08-at-15.33.41-768x1024.jpeg 768w, https:\/\/www.radiopiu.net\/wordpress\/wp-content\/uploads\/2020\/05\/WhatsApp-Image-2020-05-08-at-15.33.41-1152x1536.jpeg 1152w, https:\/\/www.radiopiu.net\/wordpress\/wp-content\/uploads\/2020\/05\/WhatsApp-Image-2020-05-08-at-15.33.41.jpeg 1536w\" sizes=\"auto, (max-width: 225px) 100vw, 225px\" \/><\/a> dei cittadini, ma anche dei molti turisti che ci si augura possano tornare a popolare le sponde del lago con il rientro dell\u2019emergenza sanitaria in atto. <\/span><span class=\"s1\">\u201c<em>Il verde pubblico risulta di primaria importanza per la qualit\u00e0 della vita dei cittadini e per il decoro urbano sia sul piano estetico, che per la sicurezza e l\u2019incolumit\u00e0 pubblica<\/em>\u201d, sottolinea l\u2019assessore al turismo e alle attivit\u00e0 produttive del Comune di Alpago Federico Costa, che aggiunge: \u201c<em>Oggi pi\u00f9 che mai, dato il difficilissimo momento storico che stiamo attraversando, \u00e8 fondamentale curare in maniera<span class=\"Apple-converted-space\">\u00a0 <\/span>ottimale il territorio anche quale primo biglietto da visita della nostra offerta di attivit\u00e0 turistico-ricettive e sportive. Dobbiamo assolutamente farci trovare pronti ad una ripresa che \u2013 a detta di molti \u2013 potrebbe privilegiare pi\u00f9 degli scorsi anni proprio le mete di prossimit\u00e0 e ad alta valenza naturalistica come il Lago di Santa Croce e la conca dell\u2019Alpago con le loro straordinarie bellezze e le molteplici possibilit\u00e0 di svago all\u2019aria aperta<\/em>\u201d, conclude Costa.<\/span><\/p>\n<p>&nbsp;<\/p>\n<p>&nbsp;<\/p>\n<hr \/>\n<p>&nbsp;<\/p>\n<blockquote>\n<h3>FELTRE: MARATONA DI LETTURA 2020<\/h3>\n<\/blockquote>\n<p><strong><a class=\"dt-pswp-item\" href=\"https:\/\/www.radiopiu.net\/wordpress\/wp-content\/uploads\/2020\/05\/WhatsApp-Image-2020-05-08-at-14.35.09.jpeg\" data-dt-img-description=\"\" data-large_image_width=\"1600\" data-large_image_height=\"1200\"><img loading=\"lazy\" decoding=\"async\" class=\" wp-image-136170 alignleft\" src=\"https:\/\/www.radiopiu.net\/wordpress\/wp-content\/uploads\/2020\/05\/WhatsApp-Image-2020-05-08-at-14.35.09-300x225.jpeg\" alt=\"\" width=\"205\" height=\"154\" srcset=\"https:\/\/www.radiopiu.net\/wordpress\/wp-content\/uploads\/2020\/05\/WhatsApp-Image-2020-05-08-at-14.35.09-300x225.jpeg 300w, https:\/\/www.radiopiu.net\/wordpress\/wp-content\/uploads\/2020\/05\/WhatsApp-Image-2020-05-08-at-14.35.09-1024x768.jpeg 1024w, https:\/\/www.radiopiu.net\/wordpress\/wp-content\/uploads\/2020\/05\/WhatsApp-Image-2020-05-08-at-14.35.09-768x576.jpeg 768w, https:\/\/www.radiopiu.net\/wordpress\/wp-content\/uploads\/2020\/05\/WhatsApp-Image-2020-05-08-at-14.35.09-1536x1152.jpeg 1536w, https:\/\/www.radiopiu.net\/wordpress\/wp-content\/uploads\/2020\/05\/WhatsApp-Image-2020-05-08-at-14.35.09.jpeg 1600w\" sizes=\"auto, (max-width: 205px) 100vw, 205px\" \/><\/a>FELTRE<\/strong> E&#8217; stata presentata con una conferenza stampa online la &#8220;Maratona di lettura 2020&#8221;. Quest&#8217;anno l&#8217;evento sar\u00e0 interamente on line e si concluder\u00e0 con l&#8217;incontro con l&#8217;autore a cui la maratona \u00e8 dedicata,\u00a0ovvero Gianrico Carofiglio. Il programma, imperniato sul rapporto tra parola, linguaggi, legge e giustizia, si estende per tutta la settimana dal 18 al 23 maggio e prevede numerosi appuntamenti e ospiti di rilievo (tra gli altri Gherardo Colombo e Annamaria Testa). Gli iscritti ai vari appuntamenti on line sono gi\u00e0 oltre 600.<\/p>\n<p><strong>L&#8217;ASSESSORE DEL COMUNE DI FELTRE ALESSANDRO DEL BIANCO<\/strong><\/p>\n<audio class=\"wp-audio-shortcode\" id=\"audio-136089-5\" preload=\"none\" style=\"width: 100%;\" controls=\"controls\"><source type=\"audio\/mpeg\" src=\"https:\/\/www.radiopiu.net\/wordpress\/wp-content\/uploads\/2020\/05\/Audio-ass.-Del-Bianco-su-Maratona-di-Lettura-2020.mp3?_=5\" \/><a href=\"https:\/\/www.radiopiu.net\/wordpress\/wp-content\/uploads\/2020\/05\/Audio-ass.-Del-Bianco-su-Maratona-di-Lettura-2020.mp3\">https:\/\/www.radiopiu.net\/wordpress\/wp-content\/uploads\/2020\/05\/Audio-ass.-Del-Bianco-su-Maratona-di-Lettura-2020.mp3<\/a><\/audio>\n<p>&nbsp;<\/p>\n<p><strong>LA BROCHURE DELL&#8217;EVENTO<\/strong><\/p>\n<a href=\"https:\/\/www.radiopiu.net\/wordpress\/wp-content\/uploads\/2020\/05\/Brochure-MARATONA-2020.pdf\" class=\"pdfemb-viewer\" style=\"\" data-width=\"max\" data-height=\"max\" data-toolbar=\"top\" data-toolbar-fixed=\"on\">Brochure MARATONA 2020<\/a>\n<p>&nbsp;<\/p>\n<p>&nbsp;<\/p>\n<hr \/>\n<p>&nbsp;<\/p>\n<blockquote>\n<h3>CONSIGLI COMUNALI IN AGORDINO E CONSIGLIO DELL&#8217;UNIONE MONTANA AGORDINA<\/h3>\n<\/blockquote>\n<p><a class=\"dt-pswp-item\" href=\"https:\/\/www.radiopiu.net\/wordpress\/wp-content\/uploads\/2020\/05\/C2660A41-EEBC-45AE-9191-5DA3CD4FDAB7.jpg\" data-dt-img-description=\"\" data-large_image_width=\"2048\" data-large_image_height=\"2048\"><img loading=\"lazy\" decoding=\"async\" class=\"size-medium wp-image-136232 alignleft\" src=\"https:\/\/www.radiopiu.net\/wordpress\/wp-content\/uploads\/2020\/05\/C2660A41-EEBC-45AE-9191-5DA3CD4FDAB7-300x300.jpg\" alt=\"\" width=\"300\" height=\"300\" srcset=\"https:\/\/www.radiopiu.net\/wordpress\/wp-content\/uploads\/2020\/05\/C2660A41-EEBC-45AE-9191-5DA3CD4FDAB7-300x300.jpg 300w, https:\/\/www.radiopiu.net\/wordpress\/wp-content\/uploads\/2020\/05\/C2660A41-EEBC-45AE-9191-5DA3CD4FDAB7-1024x1024.jpg 1024w, https:\/\/www.radiopiu.net\/wordpress\/wp-content\/uploads\/2020\/05\/C2660A41-EEBC-45AE-9191-5DA3CD4FDAB7-150x150.jpg 150w, https:\/\/www.radiopiu.net\/wordpress\/wp-content\/uploads\/2020\/05\/C2660A41-EEBC-45AE-9191-5DA3CD4FDAB7-768x768.jpg 768w, https:\/\/www.radiopiu.net\/wordpress\/wp-content\/uploads\/2020\/05\/C2660A41-EEBC-45AE-9191-5DA3CD4FDAB7-1536x1536.jpg 1536w, https:\/\/www.radiopiu.net\/wordpress\/wp-content\/uploads\/2020\/05\/C2660A41-EEBC-45AE-9191-5DA3CD4FDAB7.jpg 2048w\" sizes=\"auto, (max-width: 300px) 100vw, 300px\" \/><\/a>di Gianni Santomaso<\/p>\n<audio class=\"wp-audio-shortcode\" id=\"audio-136089-6\" preload=\"none\" style=\"width: 100%;\" controls=\"controls\"><source type=\"audio\/mpeg\" src=\"https:\/\/www.radiopiu.net\/wordpress\/wp-content\/uploads\/2020\/05\/GIANNI-CONSIGLI-COMUNALI-E-UNIONE-MONTANA.mp3?_=6\" \/><a href=\"https:\/\/www.radiopiu.net\/wordpress\/wp-content\/uploads\/2020\/05\/GIANNI-CONSIGLI-COMUNALI-E-UNIONE-MONTANA.mp3\">https:\/\/www.radiopiu.net\/wordpress\/wp-content\/uploads\/2020\/05\/GIANNI-CONSIGLI-COMUNALI-E-UNIONE-MONTANA.mp3<\/a><\/audio>\n<p>&nbsp;<\/p>\n<p>&nbsp;<\/p>\n<hr \/>\n<p>&nbsp;<\/p>\n<blockquote>\n<h3>RIAPRE LA BIBLIOTECA DI AGORDO<\/h3>\n<\/blockquote>\n<p><a class=\"dt-pswp-item\" href=\"https:\/\/www.radiopiu.net\/wordpress\/wp-content\/uploads\/2020\/03\/LIBRI-SCAFFALE.jpg\" data-dt-img-description=\"\" data-large_image_width=\"1052\" data-large_image_height=\"1052\"><img loading=\"lazy\" decoding=\"async\" class=\"size-medium wp-image-122391 alignleft\" src=\"https:\/\/www.radiopiu.net\/wordpress\/wp-content\/uploads\/2020\/03\/LIBRI-SCAFFALE-300x300.jpg\" alt=\"\" width=\"300\" height=\"300\" srcset=\"https:\/\/www.radiopiu.net\/wordpress\/wp-content\/uploads\/2020\/03\/LIBRI-SCAFFALE-300x300.jpg 300w, https:\/\/www.radiopiu.net\/wordpress\/wp-content\/uploads\/2020\/03\/LIBRI-SCAFFALE-1024x1024.jpg 1024w, https:\/\/www.radiopiu.net\/wordpress\/wp-content\/uploads\/2020\/03\/LIBRI-SCAFFALE-150x150.jpg 150w, https:\/\/www.radiopiu.net\/wordpress\/wp-content\/uploads\/2020\/03\/LIBRI-SCAFFALE-768x768.jpg 768w, https:\/\/www.radiopiu.net\/wordpress\/wp-content\/uploads\/2020\/03\/LIBRI-SCAFFALE.jpg 1052w\" sizes=\"auto, (max-width: 300px) 100vw, 300px\" \/><\/a>di Gianni Santomaso<\/p>\n<audio class=\"wp-audio-shortcode\" id=\"audio-136089-7\" preload=\"none\" style=\"width: 100%;\" controls=\"controls\"><source type=\"audio\/mpeg\" src=\"https:\/\/www.radiopiu.net\/wordpress\/wp-content\/uploads\/2020\/05\/GIANNI-BIBLIOTECA-AGORDO.mp3?_=7\" \/><a href=\"https:\/\/www.radiopiu.net\/wordpress\/wp-content\/uploads\/2020\/05\/GIANNI-BIBLIOTECA-AGORDO.mp3\">https:\/\/www.radiopiu.net\/wordpress\/wp-content\/uploads\/2020\/05\/GIANNI-BIBLIOTECA-AGORDO.mp3<\/a><\/audio>\n<p>&nbsp;<\/p>\n<p>&nbsp;<\/p>\n<hr \/>\n<p>&nbsp;<\/p>\n<blockquote>\n<h3>DA MARTED\u00cc 12 MAGGIO UNA SERIE DI CORSI SPECIFICI PER TERZIARIO E TURISMO SUI PROTOCOLLI \u00a0DI REGOLAMENTAZIONE COVID-19.<\/h3>\n<\/blockquote>\n<p><strong><a class=\"dt-pswp-item\" href=\"https:\/\/www.radiopiu.net\/wordpress\/wp-content\/uploads\/2020\/05\/ENTE-BILATERALE-BELLUNO.png\" data-dt-img-description=\"\" data-large_image_width=\"512\" data-large_image_height=\"512\"><img loading=\"lazy\" decoding=\"async\" class=\" wp-image-136282 alignleft\" src=\"https:\/\/www.radiopiu.net\/wordpress\/wp-content\/uploads\/2020\/05\/ENTE-BILATERALE-BELLUNO-300x300.png\" alt=\"\" width=\"183\" height=\"183\" srcset=\"https:\/\/www.radiopiu.net\/wordpress\/wp-content\/uploads\/2020\/05\/ENTE-BILATERALE-BELLUNO-300x300.png 300w, https:\/\/www.radiopiu.net\/wordpress\/wp-content\/uploads\/2020\/05\/ENTE-BILATERALE-BELLUNO-150x150.png 150w, https:\/\/www.radiopiu.net\/wordpress\/wp-content\/uploads\/2020\/05\/ENTE-BILATERALE-BELLUNO.png 512w\" sizes=\"auto, (max-width: 183px) 100vw, 183px\" \/><\/a>BELLUNO<\/strong>\u00a0L\u2019Ente Bilaterale Provinciale di Belluno promuove, attraverso la collaborazione con Ascom Formazione, una serie di corsi specifici per i settori Terziario e Turismo con l&#8217;obiettivo di fornire indicazioni operative di procedure di sicurezza anti contagio finalizzate a incrementare negli ambienti di lavoro l&#8217;efficacia delle misure precauzionali di contenimento per contrastare l&#8217;epidemia di COVID-19. I corsi non hanno carattere di obbligatoriet\u00e0, ma rispondono pienamente all&#8217;obbligo di informazione al quale tutte le aziende sono tenute nei confronti dei dipendenti e degli avventori.\u00a0I destinatari dei corsi sono titolari e dipendenti delle aziende del commercio, dei pubblici esercizi e del turismo. La durata del la formazione \u00e8 di due ore, specifica per ciascun settore di attivit\u00e0, e viene svolta tramite videoconferenza.\u00a0Gli argomenti trattati saranno: introduzione; biologia e storia della pandemia; normativa di riferimento; protocolli nazionali; dispositivi di protezione individuale; il concetto di pulizia e sanificazione degli ambienti ed oggetti.\u00a0La frequenza \u00e8 gratuita per le ditte aderenti all\u2019Ente Bilaterale Provinciale, mentre \u00e8 a pagamento (\u20ac30+iva) per i non aderenti.\u00a0Per informazioni sull\u2019iscrizione contattare l\u2019ufficio dell\u2019Ente Bilaterale allo 0437\/943754, email info@entebilaterale.belluno.it, oppure gli uffici Ascom Formazione allo 0437\/215268, email formazione@ascombelluno.it. Per le iscrizioni: www.formazione.ascombelluno.it\/corsi\/49. Data l&#8217;imminenza delle aperture chiediamo una certa celerit\u00e0 nelle iscrizioni.<\/p>\n<p>&nbsp;<\/p>\n<p>&nbsp;<\/p>\n<hr \/>\n<p>&nbsp;<\/p>\n<blockquote>\n<h3 style=\"font-weight: 400;\"><strong>ASCA RICERCA AUTISTA PER IL TRASPORTO\/CONSEGNA PASTI A DOMICILIO<\/strong><\/h3>\n<\/blockquote>\n<p style=\"font-weight: 400;\"><strong><a class=\"dt-pswp-item\" href=\"https:\/\/www.radiopiu.net\/wordpress\/wp-content\/uploads\/2020\/04\/ASCA.png\" data-dt-img-description=\"\" data-large_image_width=\"1211\" data-large_image_height=\"668\"><img loading=\"lazy\" decoding=\"async\" class=\" wp-image-128881 alignleft\" src=\"https:\/\/www.radiopiu.net\/wordpress\/wp-content\/uploads\/2020\/04\/ASCA-300x165.png\" alt=\"\" width=\"213\" height=\"117\" srcset=\"https:\/\/www.radiopiu.net\/wordpress\/wp-content\/uploads\/2020\/04\/ASCA-300x165.png 300w, https:\/\/www.radiopiu.net\/wordpress\/wp-content\/uploads\/2020\/04\/ASCA-1024x565.png 1024w, https:\/\/www.radiopiu.net\/wordpress\/wp-content\/uploads\/2020\/04\/ASCA-768x424.png 768w, https:\/\/www.radiopiu.net\/wordpress\/wp-content\/uploads\/2020\/04\/ASCA.png 1211w\" sizes=\"auto, (max-width: 213px) 100vw, 213px\" \/><\/a>AGORDO\u00a0<\/strong>ASCA ha indetto una nuova selezione pubblica finalizzata alla formulazione di una graduatoria cui attingere per l\u2019inserimento a tempo determinato a tempo pieno e parziale di un AUTISTA\/VETTORE presso le varie unit\u00e0 d\u2019offerta della Azienda finalizzato principalmente alla consegna pasti agli utenti del servizio domiciliare o ad altre attivit\u00e0 legate ai servizi gestiti da ASCA.\u00a0Le modalit\u00e0 di presentazione della domanda si trovano sul sito aziendale\u00a0<u>www.servizisocialiasca.it<\/u>.\u00a0Il termine perentorio previsto per la presentazione della candidatura \u00e8 fissato il giorno\u00a0<strong>mercoled\u00ec 20 maggio 2020<\/strong>\u00a0entro le ore 12.00.<\/p>\n<p>&nbsp;<\/p>\n<p>&nbsp;<\/p>\n<hr \/>\n<p>&nbsp;<\/p>\n<blockquote>\n<h3>DILLO A RADIO PIU&#8217;. CASA: BISOGNO PRIMARIO O FALSO PROBLEMA?<\/h3>\n<\/blockquote>\n<p><strong><a class=\"dt-pswp-item\" href=\"https:\/\/www.radiopiu.net\/wordpress\/wp-content\/uploads\/2016\/04\/Canale_d_Agordo_dolomiti_stars.jpg\" data-dt-img-description=\"\" data-large_image_width=\"800\" data-large_image_height=\"600\"><img loading=\"lazy\" decoding=\"async\" class=\"size-medium wp-image-18333 alignleft\" src=\"https:\/\/www.radiopiu.net\/wordpress\/wp-content\/uploads\/2016\/04\/Canale_d_Agordo_dolomiti_stars-300x225.jpg\" alt=\"\" width=\"300\" height=\"225\" \/><\/a>RADIO PIU&#8217;<\/strong> Riceviamo e pubblichiamo una lettera dalla minoranza del Comune di Canale d&#8217;Agordo<\/p>\n<blockquote><p>&nbsp;<\/p>\n<p><em>Non siamo i soli a pensare che il problema della casa esista davvero e sia una delle cause ( non certo l\u2019 unica) del calo demografico che affligge i paesi di montagna come i nostri. Condividono le nostre convinzioni<span class=\"Apple-converted-space\">\u00a0 <\/span>i Consiglieri di minoranza del Comune di Falcade<span class=\"Apple-converted-space\">\u00a0 <\/span>che ringraziamo per il loro appoggio e con i quali saremo ben contenti di collaborare.<span class=\"Apple-converted-space\">\u00a0\u00a0<\/span><\/em><em>Non siamo all\u2019 emergenza abitativa, ma qui da noi un problema casa esiste, specialmente per chi \u00e8 giovane, e lo dimostra tra l\u2019 altro il fatto che ci sono persone che se ne sono andate e se ne vanno proprio per questo motivo. Noi ne conosciamo alcune, ma sarebbe sufficiente<span class=\"Apple-converted-space\">\u00a0 <\/span>camminare per i nostri paesi fuori stagione,<span class=\"Apple-converted-space\">\u00a0 <\/span>guardarsi intorno con calma e notare il grande<span class=\"Apple-converted-space\">\u00a0 <\/span>numero di case abitate solo per 1 -2 mesi all\u2019 anno ed i frequenti cartelli con la scritta \u201cin vendita\u201d. Basterebbe probabilmente questo a farci riflettere sul nostro futuro abitativo.\u00a0<\/em><em>La domanda fondamentale \u00e8 se l\u2019 esigenza di una casa vada considerata questione strettamente privata, da lasciare ai cittadini e al libero mercato immobiliare, oppure se riguardi in qualche modo la comunit\u00e0 intera. Per noi la risposta \u00e8 scontata: il Comune, che tale comunit\u00e0 rappresenta e che dovrebbe promuoverne lo sviluppo, non pu\u00f2 chiamarsi fuori.<span class=\"Apple-converted-space\">\u00a0\u00a0<\/span><\/em><em>I sindaci sostengono che il problema non \u00e8 poi cos\u00ec rilevante in quanto non hanno, da parte dei cittadini, richieste riguardo alla casa,<span class=\"Apple-converted-space\">\u00a0 <\/span>ma questo non sorprende: perch\u00e9 mai un cittadino che cerca casa in propriet\u00e0 o in affitto dovrebbe rivolgersi al proprio Sindaco, se presso il Comune di tale questione non si parla affatto? Se da parte dell\u2019 Ente pubblico non arriva alcun segnale che dimostri un qualche interesse per il problema? Nessuno si aspetta qualcosa dal proprio Comune se questo non dimostra, con idee, iniziative, progetti, di voler fare qualcosa.<span class=\"Apple-converted-space\">\u00a0\u00a0<\/span><\/em><em>Proviamo ad immaginare il contrario: il Comune riconosce che il problema \u201ccasa\u201d esiste, ci riflette, immagina possibili interventi per venire incontro ai bisogni abitativi dei cittadini, pianifica qualcosa, rende noti obiettivi ed eventuali iniziative rivolgendosi alla popolazione. A quel punto \u2013 ne siamo convinti \u2013 le richieste da parte degli interessati non dovrebbero mancare.<span class=\"Apple-converted-space\">\u00a0<\/span><\/em><em>Noi, per cominciare, guardiamo con grande interesse a quanto ha fatto il Comune di Sovramonte che ai propri cittadini ha inviato un segnale forte e chiaro: un progetto strategico per incentivare la residenzialit\u00e0, finanziato con fondi di confine, allo scopo di incrementare la popolazione del comune, migliorare la qualit\u00e0 dei servizi e gli standard qualitativi del patrimonio immobiliare comunale. L\u2019 aiuto ai cittadini consiste essenzialmente \u2013 riassumiamo al massimo \u2013 in un contributo a fondo perduto, mediamente del 35%,<span class=\"Apple-converted-space\">\u00a0 <\/span>sui costi per comprare, o ristrutturare, o mettere a norma un immobile (anche appartamento) destinato ad abitazione principale. Non \u00e8 cosa da poco!\u00a0<\/em><em>Si potrebbe<span class=\"Apple-converted-space\">\u00a0 <\/span>prevedere anche un qualche intervento in collaborazione con l\u2019 Azienda Territoriale per l\u2019 Edilizia Residenziale (ATER) di Belluno, ma di questo parleremo prossimamente.<span class=\"Apple-converted-space\">\u00a0\u00a0<\/span><\/em><em>Riteniamo<span class=\"Apple-converted-space\">\u00a0 <\/span>utile che il dibattito su questo tema esca dai municipi e cominci a svolgersi anche tra la popolazione dei nostri comuni.<span class=\"Apple-converted-space\">\u00a0 <\/span>Peccato che per il momento, a causa dell\u2019 emergenza Covid 19, non si possa organizzare un pubblico incontro.<span class=\"Apple-converted-space\">\u00a0 <\/span>Possiamo comunque iniziare, se vogliamo, a riflettere sulla questione.<\/em><\/p>\n<p>&nbsp;<\/p><\/blockquote>\n<p>&nbsp;<\/p>\n<hr \/>\n<p>&nbsp;<\/p>\n<blockquote class=\"wp-embedded-content\" data-secret=\"Dd4jDm3sqP\"><p><a href=\"https:\/\/www.radiopiu.net\/wordpress\/42-anni-fa-la-morte-di-peppino-impastato\/\">42 ANNI FA LA MORTE DI PEPPINO IMPASTATO<\/a><\/p><\/blockquote>\n<p><iframe loading=\"lazy\" title=\"&#8220;42 ANNI FA LA MORTE DI PEPPINO IMPASTATO&#8221; &#8212; Radio Pi\u00f9\" class=\"wp-embedded-content\" sandbox=\"allow-scripts\" security=\"restricted\" style=\"position: absolute; clip: rect(1px, 1px, 1px, 1px);\" src=\"https:\/\/www.radiopiu.net\/wordpress\/42-anni-fa-la-morte-di-peppino-impastato\/embed\/#?secret=Dd4jDm3sqP\" data-secret=\"Dd4jDm3sqP\" width=\"600\" height=\"338\" frameborder=\"0\" marginwidth=\"0\" marginheight=\"0\" scrolling=\"no\"><\/iframe><\/p>\n<p>&nbsp;<\/p>\n<hr \/>\n<p>&nbsp;<\/p>\n<blockquote class=\"wp-embedded-content\" data-secret=\"JZ8N2DCTAs\"><p><a href=\"https:\/\/www.radiopiu.net\/wordpress\/quatro-ciacole-su-agort-ottava-puntata-con-valentina-miniere-ed-economia\/\">QUATRO CIACOLE SU AGORT, OTTAVA PUNTATA CON VALENTINA &#8220;MINIERE ED ECONOMIA&#8221;<\/a><\/p><\/blockquote>\n<p><iframe loading=\"lazy\" title=\"&#8220;QUATRO CIACOLE SU AGORT, OTTAVA PUNTATA CON VALENTINA &#8220;MINIERE ED ECONOMIA&#8221;&#8221; &#8212; Radio Pi\u00f9\" class=\"wp-embedded-content\" sandbox=\"allow-scripts\" security=\"restricted\" style=\"position: absolute; clip: rect(1px, 1px, 1px, 1px);\" src=\"https:\/\/www.radiopiu.net\/wordpress\/quatro-ciacole-su-agort-ottava-puntata-con-valentina-miniere-ed-economia\/embed\/#?secret=JZ8N2DCTAs\" data-secret=\"JZ8N2DCTAs\" width=\"600\" height=\"338\" frameborder=\"0\" marginwidth=\"0\" marginheight=\"0\" scrolling=\"no\"><\/iframe><\/p>\n<blockquote class=\"wp-embedded-content\" data-secret=\"CrSWaUrHoo\"><p><a href=\"https:\/\/www.radiopiu.net\/wordpress\/quatro-ciacole-su-agort\/\">Quatro ci\u00e0cole su Agort<\/a><\/p><\/blockquote>\n<p><iframe loading=\"lazy\" title=\"&#8220;Quatro ci\u00e0cole su Agort&#8221; &#8212; Radio Pi\u00f9\" class=\"wp-embedded-content\" sandbox=\"allow-scripts\" security=\"restricted\" style=\"position: absolute; clip: rect(1px, 1px, 1px, 1px);\" src=\"https:\/\/www.radiopiu.net\/wordpress\/quatro-ciacole-su-agort\/embed\/#?secret=CrSWaUrHoo\" data-secret=\"CrSWaUrHoo\" width=\"600\" height=\"338\" frameborder=\"0\" marginwidth=\"0\" marginheight=\"0\" scrolling=\"no\"><\/iframe><\/p>\n<p>&nbsp;<\/p>\n<hr \/>\n<p>&nbsp;<\/p>\n<h3><span style=\"color: #800080;\">SPECIALE EPCENTER A RADIO PIU&#8217;<\/span><\/h3>\n<p><iframe loading=\"lazy\" title=\"EPCENTER 16^ PUNTATA\" width=\"1200\" height=\"675\" src=\"https:\/\/www.youtube.com\/embed\/VB3s1PerAO4?feature=oembed\" frameborder=\"0\" allow=\"accelerometer; autoplay; clipboard-write; encrypted-media; gyroscope; picture-in-picture\" allowfullscreen><\/iframe><\/p>\n<p>&nbsp;<\/p>\n<hr \/>\n<p>&nbsp;<\/p>\n<p>&nbsp;<\/p>\n<p>&nbsp;<\/p>\n<blockquote class=\"wp-embedded-content\" data-secret=\"owIuMfTQ3Q\"><p><a href=\"https:\/\/www.radiopiu.net\/wordpress\/quando-i-tirataie-si-intervistano-per-radio-piu\/\">QUANDO I TIRATAIE SI INTERVISTANO&#8230;. PER RADIO PIU&#8217;<\/a><\/p><\/blockquote>\n<p><iframe loading=\"lazy\" title=\"&#8220;QUANDO I TIRATAIE SI INTERVISTANO&#8230;. PER RADIO PIU&#8217;&#8221; &#8212; Radio Pi\u00f9\" class=\"wp-embedded-content\" sandbox=\"allow-scripts\" security=\"restricted\" style=\"position: absolute; clip: rect(1px, 1px, 1px, 1px);\" src=\"https:\/\/www.radiopiu.net\/wordpress\/quando-i-tirataie-si-intervistano-per-radio-piu\/embed\/#?secret=owIuMfTQ3Q\" data-secret=\"owIuMfTQ3Q\" width=\"600\" height=\"338\" frameborder=\"0\" marginwidth=\"0\" marginheight=\"0\" scrolling=\"no\"><\/iframe><\/p>\n<p>&nbsp;<\/p>\n<p>&nbsp;<\/p>\n<p>&nbsp;<\/p>\n<blockquote class=\"wp-embedded-content\" data-secret=\"Y0okIHQF1e\"><p><a href=\"https:\/\/www.radiopiu.net\/wordpress\/la-storia-del-maestro-thomas\/\">LA STORIA DEL MAESTRO THOMAS<\/a><\/p><\/blockquote>\n<p><iframe loading=\"lazy\" title=\"&#8220;LA STORIA DEL MAESTRO THOMAS&#8221; &#8212; Radio Pi\u00f9\" class=\"wp-embedded-content\" sandbox=\"allow-scripts\" security=\"restricted\" style=\"position: absolute; clip: rect(1px, 1px, 1px, 1px);\" src=\"https:\/\/www.radiopiu.net\/wordpress\/la-storia-del-maestro-thomas\/embed\/#?secret=Y0okIHQF1e\" data-secret=\"Y0okIHQF1e\" width=\"600\" height=\"338\" frameborder=\"0\" marginwidth=\"0\" marginheight=\"0\" scrolling=\"no\"><\/iframe><\/p>\n<p>&nbsp;<\/p>\n<hr \/>\n<p>&nbsp;<\/p>\n<blockquote class=\"wp-embedded-content\" data-secret=\"AJzzLzABuY\"><p><a href=\"https:\/\/www.radiopiu.net\/wordpress\/vulcanico-don-celeste-de-pellegrini-di-renato-bona\/\">VULCANICO DON CELESTE DE PELLEGRINI di RENATO BONA<\/a><\/p><\/blockquote>\n<p><iframe loading=\"lazy\" title=\"&#8220;VULCANICO DON CELESTE DE PELLEGRINI di RENATO BONA&#8221; &#8212; Radio Pi\u00f9\" class=\"wp-embedded-content\" sandbox=\"allow-scripts\" security=\"restricted\" style=\"position: absolute; clip: rect(1px, 1px, 1px, 1px);\" src=\"https:\/\/www.radiopiu.net\/wordpress\/vulcanico-don-celeste-de-pellegrini-di-renato-bona\/embed\/#?secret=AJzzLzABuY\" data-secret=\"AJzzLzABuY\" width=\"600\" height=\"338\" frameborder=\"0\" marginwidth=\"0\" marginheight=\"0\" scrolling=\"no\"><\/iframe><\/p>\n<p>&nbsp;<\/p>\n<hr \/>\n<p>&nbsp;<\/p>\n<h2>IERI ALLA RADIO<\/h2>\n<p><a class=\"dt-pswp-item\" href=\"https:\/\/www.radiopiu.net\/wordpress\/wp-content\/uploads\/2020\/05\/DIEGO-CASON.jpg\" data-dt-img-description=\"\" data-large_image_width=\"133\" data-large_image_height=\"150\"><img loading=\"lazy\" decoding=\"async\" class=\"size-full wp-image-136100 alignleft\" src=\"https:\/\/www.radiopiu.net\/wordpress\/wp-content\/uploads\/2020\/05\/DIEGO-CASON.jpg\" alt=\"\" width=\"133\" height=\"150\" \/><\/a><strong>IL SOCIOLOGO DIEGO CASON <\/strong><\/p>\n<p><strong>di Claudio Fontanive\u00a0<\/strong><\/p>\n<audio class=\"wp-audio-shortcode\" id=\"audio-136089-8\" preload=\"none\" style=\"width: 100%;\" controls=\"controls\"><source type=\"audio\/mpeg\" src=\"https:\/\/www.radiopiu.net\/wordpress\/wp-content\/uploads\/2020\/04\/diego-cason-8-maggio.mp3?_=8\" \/><a href=\"https:\/\/www.radiopiu.net\/wordpress\/wp-content\/uploads\/2020\/04\/diego-cason-8-maggio.mp3\">https:\/\/www.radiopiu.net\/wordpress\/wp-content\/uploads\/2020\/04\/diego-cason-8-maggio.mp3<\/a><\/audio>\n<p>&nbsp;<\/p>\n<p><span style=\"color: #993300;\"><strong>IL CAFFE&#8217; DELLA COLOMBIA di Paola Lanciato\u00a0<\/strong><\/span><\/p>\n<audio class=\"wp-audio-shortcode\" id=\"audio-136089-9\" preload=\"none\" style=\"width: 100%;\" controls=\"controls\"><source type=\"audio\/mpeg\" src=\"https:\/\/www.radiopiu.net\/wordpress\/wp-content\/uploads\/2020\/04\/fatto-Il-caff\u00e8-della-Colombia-1.mp3?_=9\" \/><a href=\"https:\/\/www.radiopiu.net\/wordpress\/wp-content\/uploads\/2020\/04\/fatto-Il-caff\u00e8-della-Colombia-1.mp3\">https:\/\/www.radiopiu.net\/wordpress\/wp-content\/uploads\/2020\/04\/fatto-Il-caff\u00e8-della-Colombia-1.mp3<\/a><\/audio>\n<p>&nbsp;<\/p>\n<h3><span style=\"color: #ff00ff;\">IN VIVO VERSO<\/span><\/h3>\n<blockquote class=\"wp-embedded-content\" data-secret=\"yeKCVRaefl\"><p><a href=\"https:\/\/www.radiopiu.net\/wordpress\/a-te-di-lara-fiori\/\">A TE di LARA FIORI<\/a><\/p><\/blockquote>\n<p><iframe loading=\"lazy\" title=\"&#8220;A TE di LARA FIORI&#8221; &#8212; Radio Pi\u00f9\" class=\"wp-embedded-content\" sandbox=\"allow-scripts\" security=\"restricted\" style=\"position: absolute; clip: rect(1px, 1px, 1px, 1px);\" src=\"https:\/\/www.radiopiu.net\/wordpress\/a-te-di-lara-fiori\/embed\/#?secret=yeKCVRaefl\" data-secret=\"yeKCVRaefl\" width=\"600\" height=\"338\" frameborder=\"0\" marginwidth=\"0\" marginheight=\"0\" scrolling=\"no\"><\/iframe><\/p>\n<p><strong>LA COLLEZIONE COMPLETA<\/strong><\/p>\n<blockquote class=\"wp-embedded-content\" data-secret=\"yI7UjPqE9X\"><p><a href=\"https:\/\/www.radiopiu.net\/wordpress\/in-vivo-verso\/\">In Vivo Verso<\/a><\/p><\/blockquote>\n<p><iframe loading=\"lazy\" title=\"&#8220;In Vivo Verso&#8221; &#8212; Radio Pi\u00f9\" class=\"wp-embedded-content\" sandbox=\"allow-scripts\" security=\"restricted\" style=\"position: absolute; clip: rect(1px, 1px, 1px, 1px);\" src=\"https:\/\/www.radiopiu.net\/wordpress\/in-vivo-verso\/embed\/#?secret=yI7UjPqE9X\" data-secret=\"yI7UjPqE9X\" width=\"600\" height=\"338\" frameborder=\"0\" marginwidth=\"0\" marginheight=\"0\" scrolling=\"no\"><\/iframe><\/p>\n<h3><span style=\"color: #ff6600;\">DUE MINUTI UN LIBRO<\/span><\/h3>\n<blockquote class=\"wp-embedded-content\" data-secret=\"FqwZrfME6U\"><p><a href=\"https:\/\/www.radiopiu.net\/wordpress\/causa-e-origine-di-tutte-le-malattie-2\/\">CAUSA E ORIGINE DI TUTTE LE MALATTIE<\/a><\/p><\/blockquote>\n<p><iframe loading=\"lazy\" title=\"&#8220;CAUSA E ORIGINE DI TUTTE LE MALATTIE&#8221; &#8212; Radio Pi\u00f9\" class=\"wp-embedded-content\" sandbox=\"allow-scripts\" security=\"restricted\" style=\"position: absolute; clip: rect(1px, 1px, 1px, 1px);\" src=\"https:\/\/www.radiopiu.net\/wordpress\/causa-e-origine-di-tutte-le-malattie-2\/embed\/#?secret=FqwZrfME6U\" data-secret=\"FqwZrfME6U\" width=\"600\" height=\"338\" frameborder=\"0\" marginwidth=\"0\" marginheight=\"0\" scrolling=\"no\"><\/iframe><\/p>\n<p><strong>LE ALTRE PUNTATE<\/strong><\/p>\n<blockquote class=\"wp-embedded-content\" data-secret=\"Cp26bDlNjM\"><p><a href=\"https:\/\/www.radiopiu.net\/wordpress\/due-minuti-un-libro\/\">Due minuti un libro<\/a><\/p><\/blockquote>\n<p><iframe loading=\"lazy\" title=\"&#8220;Due minuti un libro&#8221; &#8212; Radio Pi\u00f9\" class=\"wp-embedded-content\" sandbox=\"allow-scripts\" security=\"restricted\" style=\"position: absolute; clip: rect(1px, 1px, 1px, 1px);\" src=\"https:\/\/www.radiopiu.net\/wordpress\/due-minuti-un-libro\/embed\/#?secret=Cp26bDlNjM\" data-secret=\"Cp26bDlNjM\" width=\"600\" height=\"338\" frameborder=\"0\" marginwidth=\"0\" marginheight=\"0\" scrolling=\"no\"><\/iframe><\/p>\n<h3><span style=\"color: #339966;\">AGORDINOMERON\u00a0<\/span><\/h3>\n<blockquote class=\"wp-embedded-content\" data-secret=\"X5T47ANw8M\"><p><a href=\"https:\/\/www.radiopiu.net\/wordpress\/agordinomeron\/\">AGORDINOMERON, IL TERRITORIO SI RACCONTA Da un&#8217;idea di Gianni Santomaso<\/a><\/p><\/blockquote>\n<p><iframe loading=\"lazy\" title=\"&#8220;AGORDINOMERON, IL TERRITORIO SI RACCONTA Da un&#8217;idea di Gianni Santomaso&#8221; &#8212; Radio Pi\u00f9\" class=\"wp-embedded-content\" sandbox=\"allow-scripts\" security=\"restricted\" style=\"position: absolute; clip: rect(1px, 1px, 1px, 1px);\" src=\"https:\/\/www.radiopiu.net\/wordpress\/agordinomeron\/embed\/#?secret=X5T47ANw8M\" data-secret=\"X5T47ANw8M\" width=\"600\" height=\"338\" frameborder=\"0\" marginwidth=\"0\" marginheight=\"0\" scrolling=\"no\"><\/iframe><\/p>\n<h3><span style=\"color: #0000ff;\">IL MESSAGGIO DEI SACERDOTI A RADIO PIU&#8217;<\/span><\/h3>\n<blockquote class=\"wp-embedded-content\" data-secret=\"IPVqBgFLic\"><p><a href=\"https:\/\/www.radiopiu.net\/wordpress\/il-messaggio-dai-sacerdoti-della-conca-su-radio-piu-alle-7-30-e-19-30\/\">IL MESSAGGIO DAI SACERDOTI SU RADIO PIU&#8217; ALLE 7.30 E 19.30<\/a><\/p><\/blockquote>\n<p><iframe loading=\"lazy\" title=\"&#8220;IL MESSAGGIO DAI SACERDOTI SU RADIO PIU&#8217; ALLE 7.30 E 19.30&#8221; &#8212; Radio Pi\u00f9\" class=\"wp-embedded-content\" sandbox=\"allow-scripts\" security=\"restricted\" style=\"position: absolute; clip: rect(1px, 1px, 1px, 1px);\" src=\"https:\/\/www.radiopiu.net\/wordpress\/il-messaggio-dai-sacerdoti-della-conca-su-radio-piu-alle-7-30-e-19-30\/embed\/#?secret=IPVqBgFLic\" data-secret=\"IPVqBgFLic\" width=\"600\" height=\"338\" frameborder=\"0\" marginwidth=\"0\" marginheight=\"0\" scrolling=\"no\"><\/iframe><\/p>\n<p>&nbsp;<\/p>\n<hr \/>\n<p>&nbsp;<\/p>\n<blockquote class=\"wp-embedded-content\" data-secret=\"d4BH7v2XdG\"><p><a href=\"https:\/\/www.radiopiu.net\/wordpress\/i-servizi-a-domicilio-durante-il-coronavirus\/\">I SERVIZI A DOMICILIO DURANTE IL CORONAVIRUS<\/a><\/p><\/blockquote>\n<p><iframe loading=\"lazy\" title=\"&#8220;I SERVIZI A DOMICILIO DURANTE IL CORONAVIRUS&#8221; &#8212; Radio Pi\u00f9\" class=\"wp-embedded-content\" sandbox=\"allow-scripts\" security=\"restricted\" style=\"position: absolute; clip: rect(1px, 1px, 1px, 1px);\" src=\"https:\/\/www.radiopiu.net\/wordpress\/i-servizi-a-domicilio-durante-il-coronavirus\/embed\/#?secret=d4BH7v2XdG\" data-secret=\"d4BH7v2XdG\" width=\"600\" height=\"338\" frameborder=\"0\" marginwidth=\"0\" marginheight=\"0\" scrolling=\"no\"><\/iframe><\/p>\n<p>&nbsp;<\/p>\n<hr \/>\n<p>&nbsp;<\/p>\n<p class=\"photoswipe-wrapper\"><a class=\"dt-pswp-item pspw-wrap-ready\" href=\"https:\/\/i0.wp.com\/www.radiopiu.net\/wordpress\/wp-content\/uploads\/2018\/09\/viabilita.jpeg?ssl=1\" data-dt-img-description=\"\" data-large_image_width=\"800\" data-large_image_height=\"100\"><img loading=\"lazy\" decoding=\"async\" class=\"alignnone size-full wp-image-61954 jetpack-lazy-image jetpack-lazy-image--handled\" src=\"https:\/\/i0.wp.com\/www.radiopiu.net\/wordpress\/wp-content\/uploads\/2018\/09\/viabilita.jpeg?resize=800%2C100&amp;ssl=1\" sizes=\"auto, (max-width: 800px) 100vw, 800px\" srcset=\"https:\/\/i0.wp.com\/www.radiopiu.net\/wordpress\/wp-content\/uploads\/2018\/09\/viabilita.jpeg?w=800&amp;ssl=1 800w, https:\/\/i0.wp.com\/www.radiopiu.net\/wordpress\/wp-content\/uploads\/2018\/09\/viabilita.jpeg?resize=300%2C38&amp;ssl=1 300w, https:\/\/i0.wp.com\/www.radiopiu.net\/wordpress\/wp-content\/uploads\/2018\/09\/viabilita.jpeg?resize=768%2C96&amp;ssl=1 768w\" alt=\"\" width=\"800\" height=\"100\" data-lazy-loaded=\"1\" \/><\/a><\/p>\n<p>&nbsp;<\/p>\n<p>PROVINCIALE 20 DELLA VAL FIORENTINA, SELVA DI CADORE: DAL 14 FEBBRAIO AL 13 GIUGNO, CHIUSURA TOTALE TRA SOLATOR E IL CENTRO DEL PAESE ANCHE NEI GIORNI FESTIVI E PREFESTIVI, DAL CHILOMETRO 4.850 AL CHILOMETRO 5.100. TRANSITO CONSENTITO AI LOCALI CON TEMPI DI ATTESA MASSIMI STIMATI IN 30 MINUTI IN LOCALITA\u2019 SOLATOR DAL CHILOMETRO 4.400 AL CHILOMETRO 4.850<\/p>\n<p>SP641 PASSO FEDAIA DAL 27 APRILE AL 15 MAGGIO (SABATO E DOMENICA COMPRESI) SENSO UNICO ALTERNATO PER SOSTITUZIONE BARRIERE LATERALI DI SICUREZZA E CONSLIDAMENTO CIGLIO STRADALE<\/p>\n<p>REGIONALE 48 DELLE DOLOMITI, LOCALIT\u00c0 POCOL INIZIO ABITATO CORTINA, DAL 4 MAGGIO AL 12 GIUGNO SEMAFORO PER TRATTI DI 250 METRI ANCHE NEI GIORNI FESTIVI E PREFESTIVI<\/p>\n<p>REGIONALE 203 AGORDINA FINO AL 15 GIUGNO IN LOCALIT\u00c0 LA MUDA DEVIAZIONE SU VIABILIT\u00c0 PROVVISORIA, PRUDENZA<\/p>\n<p>PROVINCIALE 346 SAN PELLEGRINO DAL 4 AL 22 MAGGIO IN COMUNE DI CANALE D\u2019AGORDO SENSO UNICO ALTERNATO ESCLUSI SABATO E DOMENICA<\/p>\n<p>PROVINCIALE 12 PEDEMONTANA LOCALIT\u00c0 PONTE MAS, CHIUSURA TOTALE DI PONTE MAS DAL 4 MAGGIO AL 30 GIUGNO<\/p>\n<p>STRADA REGIONALE 48 DELLE DOLOMITI, DAL KM 110,350 AL KM 112, SENSO UNICO ALTERNATO REGOLATO DA IMPIANTO SEMAFORICO ANCHE SABATO E FESTIVI DAL 30 APRILE AL 31 MAGGIO PER POSA ELETTRODOTTO INTERRATO<\/p>\n<p>PROVINCIALE 563 DI SALESEI, DAL 4 MAGGIO AL 3 LUGLIO, SENSO UNICO ALTERNATO REGOLATO DA IMPIANTO SEMAFORICO IN LOCALIT\u00c0 DIGONERA PER MESSA IN SICUREZZA PIANO VIABILE, SABATO E FESTIVI INCLUSI<\/p>\n<p>PROVINCIALE 251 DELLA VAL DI ZOLDO E VAL CELLINA, TRA LE LOCALIT\u00c0 SOFFRANCO E MEZZOCANALE IN COMUNE DI LONGARONE, SENSO UNICO ALTERNATO REGOLATO DA IMPIANTO SEMAFORICO CON POSSIBILI BREVI INTERRUZIONI DI 10 MINUTI. SABATO E DOMENICA ESCLUSI<\/p>\n<p>PROVINCIALE 347 PASSO DURAN, LOCALITA\u2019 SANT\u2019ANDREA DI GOSALDO. FINO AL 5 GIUGNO SENSO UNICO ALTERNATO<\/p>\n<p>STRADA PROVINCIA 251 DELLA VAL DI ZOLDO E VAL CELLINA, DAL 6 AL 15 MAGGIO, SABATO E DOMENICA ESCLUSI, SENSO UNICO ALTRNATO REGOLATO DA IMPIANTO SEMAFORICO PER LAVORI DI RIPRISTINO RETI DI PROTEZIONE DEI VERSANTI<\/p>\n<p class=\"photoswipe-wrapper\">STRADA REGIONALE 48 DELLE DOLOMITI, DALLE ORE 8 DEL 12 MAGGIO ALLE 18 DEL 13 MAGGIO, INTERDIZIONE TOTALE AL TRAFFICO TRA ARABBA E IL PASSO PORDOI PER LAVORI DI RIFACIMENTO TOMBINATURA<\/p>\n<p>STRADA PROVINCIALE 347 DEL PASSO CEREDA E DURAN, DALLE 7 ALLE 18 , DAL 7 AL 29 MAGGIO, POSSIBILI TEMPORANEE INTERRUZZIONI ALLA VIABILIT\u00e0 DELLA DURATA MASSIMA DI 30 MINUTI E SENSO UNICO ALTERNATO REGOLATO DA MOVIERI PER ASFALTATURA TRATTI DI STRADA TRA PASSO DURAN E DONT<\/p>\n<p>STRADA REGIONALE 50 BIS DELLE SCALE DI PRIMOLANO, IN LOCALITA\u2019 GIARONI DI ARSIE\u2019, DALLE 8 ALLE 18, DA L\u201911 AL 15 MAGGIO, SENSO UNICO ALTERNATO REGOLATO DA IMPIANTO SEMAFORICO<\/p>\n<p>STRADA PROVINCIALE 346 DEL PASSO SAN PELLEGRINO, DAL 11 MAGGIO AL 5 GIUGNO, SENSO UNICO ALTERNATO REGOLATO DA IMPIANTO SEMOFORICO TRA FALCADE E FALCADE ALTO PER POSA CAVIDOTTO FIBRA OTTICA<\/p>\n<p>STRADA PROVINCIALE 347 DEL PASSO CEREDA E DURAN, DAL 12 MAGGIO AL 01 GIUGNO ESCLUSE DOMENICHE E FESTIVI, SENSO UNICO ALTERNATO REGOLATO DA IMPIANTO SEMAFORICO O MOVIERI IN COMUNE DI VALLE DI CADORE PER SONDAGGI GEOTECNICI<\/p>\n<p>STRADA PROVINCIALE 3 VAL IMPERINA, TRA CORDE MOLE E VALLASIN IN COMUNE DI GOSALDO, FINO AL 15 MAGGIO DALLE 8 ALLE 11:45 E DALLE 13:30 ALLE 17:30, TEMPORANEE INTERRUZIONI ALLA VIABILIT\u00e0 DELLA DURATA MASSIMA DI 30 MINUTI PER LAVORI DI TAGLIO ESBOSCO PIANTE<\/p>\n<p>&nbsp;<\/p>\n<hr \/>\n<p>&nbsp;<\/p>\n<p class=\"photoswipe-wrapper\"><a class=\"dt-pswp-item pspw-wrap-ready\" href=\"https:\/\/i1.wp.com\/www.radiopiu.net\/wordpress\/wp-content\/uploads\/2018\/09\/sport.jpg?ssl=1\" data-dt-img-description=\"\" data-large_image_width=\"800\" data-large_image_height=\"100\"><img loading=\"lazy\" decoding=\"async\" class=\"aligncenter wp-image-60761 size-full\" src=\"https:\/\/i1.wp.com\/www.radiopiu.net\/wordpress\/wp-content\/uploads\/2018\/09\/sport.jpg?resize=800%2C100&amp;ssl=1\" sizes=\"auto, (max-width: 800px) 100vw, 800px\" srcset=\"https:\/\/i1.wp.com\/www.radiopiu.net\/wordpress\/wp-content\/uploads\/2018\/09\/sport.jpg?w=800&amp;ssl=1 800w, https:\/\/i1.wp.com\/www.radiopiu.net\/wordpress\/wp-content\/uploads\/2018\/09\/sport.jpg?resize=300%2C38&amp;ssl=1 300w, https:\/\/i1.wp.com\/www.radiopiu.net\/wordpress\/wp-content\/uploads\/2018\/09\/sport.jpg?resize=768%2C96&amp;ssl=1 768w\" alt=\"\" width=\"800\" height=\"100\" \/><\/a><\/p>\n<p>&nbsp;<\/p>\n<p><a class=\"dt-pswp-item\" href=\"https:\/\/www.radiopiu.net\/wordpress\/wp-content\/uploads\/2020\/05\/daniele-dedo-de-dea.jpg\" data-dt-img-description=\"\" data-large_image_width=\"640\" data-large_image_height=\"480\"><img loading=\"lazy\" decoding=\"async\" class=\"size-medium wp-image-136105 alignleft\" src=\"https:\/\/www.radiopiu.net\/wordpress\/wp-content\/uploads\/2020\/05\/daniele-dedo-de-dea-300x225.jpg\" alt=\"\" width=\"300\" height=\"225\" srcset=\"https:\/\/www.radiopiu.net\/wordpress\/wp-content\/uploads\/2020\/05\/daniele-dedo-de-dea-300x225.jpg 300w, https:\/\/www.radiopiu.net\/wordpress\/wp-content\/uploads\/2020\/05\/daniele-dedo-de-dea.jpg 640w\" sizes=\"auto, (max-width: 300px) 100vw, 300px\" \/><\/a><strong>DANIELE DE DEA E L&#8217;ANNULLAMENTO DEL CAMPIONATO AGORDINO DI CALCIO<\/strong><\/p>\n<p>di Marco Gaz<\/p>\n<audio class=\"wp-audio-shortcode\" id=\"audio-136089-10\" preload=\"none\" style=\"width: 100%;\" controls=\"controls\"><source type=\"audio\/mpeg\" src=\"https:\/\/www.radiopiu.net\/wordpress\/wp-content\/uploads\/2020\/05\/CAMPIONATO-AGORDINO-DANIELE-DE-DEA.mp3?_=10\" \/><a href=\"https:\/\/www.radiopiu.net\/wordpress\/wp-content\/uploads\/2020\/05\/CAMPIONATO-AGORDINO-DANIELE-DE-DEA.mp3\">https:\/\/www.radiopiu.net\/wordpress\/wp-content\/uploads\/2020\/05\/CAMPIONATO-AGORDINO-DANIELE-DE-DEA.mp3<\/a><\/audio>\n<p>&nbsp;<\/p>\n<p>&nbsp;<\/p>\n<hr \/>\n<p>&nbsp;<\/p>\n<p><img decoding=\"async\" class=\"aligncenter jetpack-lazy-image jetpack-lazy-image--handled\" src=\"https:\/\/i0.wp.com\/www.radiopiu.net\/wordpress\/wp-content\/uploads\/2018\/09\/WhatsApp-Image-2018-09-20-at-16.04.06.jpeg?resize=800%2C100&amp;ssl=1\" data-lazy-loaded=\"1\" \/><\/p>\n<p>&nbsp;<\/p>\n<p><center><b>Sabato 9<\/b><\/center><b>Tempo atteso:\u00a0<\/b>Al mattino ben soleggiato, eccezione fatta di residue velature o nubi medie sulle Dolomiti al primo mattino. Al pomeriggio in prevalenza soleggiato sulle Prealpi, mentre l&#8217;attivit\u00e0 cumuliforme sar\u00e0 un po&#8217; pi\u00f9 presente sulle Dolomiti, dove gli addensamenti saranno localmente associati a qualche isolato fenomeno convettivo. Clima ancora primaverile.<br \/>\n<b>Precipitazioni:\u00a0<\/b>Al mattino assenti (0%); al pomeriggio probabilit\u00e0 medio-bassa sulle Dolomiti per rovesci (30\/40%), mentre il rischio sar\u00e0 decisamente minore sulle Prealpi (10%) o addirittura assente.<br \/>\n<b>Temperature:\u00a0<\/b>Minime in generale leggero aumento; massime pressoch\u00e9 stazionarie, eccetto qualche locale leggera flessione nei settori interessati da riduzione del soleggiamento per attivit\u00e0 cumuliforme. Le punte massime rimangono pressoch\u00e9 invariate con 22\/23\u00b0C nei fondovalle prealpini e 18\/20\u00b0C a 1000\/1200 m. Su Prealpi a 1500 m min 9\u00b0C max 14\u00b0C, a 2000 m min 8\u00b0C max 11\u00b0C. Su Dolomiti a 2000 m min 7\u00b0C max 12\u00b0C, a 3000 m min 1\u00b0C max 3\u00b0C.<br \/>\n<b>Venti:\u00a0<\/b>Deboli\/moderati a regime di brezza nelle valli; in quota perlopi\u00f9 deboli dai quadranti occidentali, a 5-10 km\/h a 2000 m e 10-15 km\/h a 3000 m.<\/p>\n<hr \/>\n<p><center><b>Domenica 10<\/b><\/center><b>Tempo atteso:\u00a0<\/b>Durante la notte cielo coperto, al mattino estese nubi medio-alte e qualche tratto di sereno. Al pomeriggio tratti soleggiati e attivit\u00e0 cumuliforme, modesta sulle Prealpi e localmente moderata sulle Dolomiti, ma l&#8217;insidia fenomeni convettivi sar\u00e0 piuttosto remota. Clima ancora piuttosto caldo nei fondovalle e mite in quota.<br \/>\n<b>Precipitazioni:\u00a0<\/b>Durante la notte e al primo mattino probabili piovaschi sparsi (20\/30%). In seguito generalmente assenti (10%), al pomeriggio non escluso del tutto qualche isolato piovasco sulle Dolomiti (10\/20%), mentre il rischio di fenomeni sar\u00e0 pressoch\u00e9 assente sulle Prealpi (10%).<br \/>\n<b>Temperature:\u00a0<\/b>In quota in generale lieve diminuzione; nelle valli minime stazionarie e massime in leggera flessione, specie nei settori interessati da riduzione del soleggiamento per attivit\u00e0 cumuliforme al pomeriggio. Le punte massime previste saranno di 20\/21\u00b0C nei fondovalle prealpini e di 16\/17\u00b0C a 1000\/1200 m. Su Prealpi a 1500 m min 8\u00b0C max 12\u00b0C, a 2000 m min 6\u00b0C max 9\u00b0C. Su Dolomiti a 2000 m min 6\u00b0C max 10\u00b0C, a 3000 m min 0\u00b0C max 2\u00b0C.<br \/>\n<b>Venti:\u00a0<\/b>Nelle valli deboli\/moderati a regime di brezza; in quota deboli\/moderati da sud-ovest al mattino, moderati al pomeriggio e in ulteriore rinforzo da sud in serata, a 5-50 km\/h a 2000 m e 10-30 km\/h a 3000 m.<\/p>\n<hr \/>\n<p><center><b>Lunedi 11<\/b><\/center>Tempo perturbato\/instabile con cielo molto nuvoloso\/coperto e diffuse precipitazioni, a tratti moderate e piuttosto persistenti, anche a carattere di rovescio o temporale, con limite neve attorno ai 2100\/2300 m. Esaurimento dei fenomeni in serata. Temperature in calo, eccetto rialzo delle minime nelle valli. Venti deboli di direzione variabile nelle valli, con qualche raffica in caso di temporale; in quota tesi\/forti da sud tra la notte e il primo mattino, poi moderati\/tesi da sud-ovest, alla sera in netta attenuazione provenienti da nord.<\/p>\n<hr \/>\n<p><center><b>Martedi 12<\/b><\/center>Copertura iniziale, seguita da temporaneo miglioramento e da nuovo aumento della nuvolosit\u00e0 per attivit\u00e0 cumuliforme, la quale sar\u00e0 associata a qualche rovescio sparso al pomeriggio, nevoso oltre i 2300\/2400 m. Temperature minime in calo e massime in leggera ripresa. Venti deboli di direzione variabile nelle valli, deboli\/moderati dai quadranti occidentali in quota. Previsore: R.L.Th<\/p>\n","protected":false},"excerpt":{"rendered":"<p>PER RICEVERE QUESTO NOTIZIARIO DIRETTAMENTE SUL TUO CELLULARE ISCRIVITI AL CANALE TELEGRAM\u00a0\u201cRADIO PIU\u00a0 INFORMAZIONE\u201d &nbsp; &nbsp; A La Valle oggi come 50 anni fa&#8230;foto di Anna De Nardin &nbsp; &nbsp; RINVIATA ANCHE LA SAGRA DI SAN LUCANO. A COMUNICARLO LA PRO LOCO DI TAIBON AGORDINO. L&#8217;APPUNTAMENTO AL PROSSIMO ANNO &nbsp; &nbsp; Gestione Servizi Pubblici informa&hellip;<\/p>\n","protected":false},"author":4,"featured_media":136306,"comment_status":"closed","ping_status":"closed","sticky":false,"template":"","format":"standard","meta":{"_monsterinsights_skip_tracking":false,"_monsterinsights_sitenote_active":false,"_monsterinsights_sitenote_note":"","_monsterinsights_sitenote_category":0,"footnotes":""},"categories":[1,51,86],"tags":[],"class_list":["post-136089","post","type-post","status-publish","format-standard","has-post-thumbnail","hentry","category-senza-categoria","category-evidenza-top","category-gr","category-1","category-51","category-86","description-off"],"img_url":"https:\/\/www.radiopiu.net\/wordpress\/wp-content\/uploads\/2020\/05\/4ca82896-f8f7-4cbe-adf3-f020cb8288a7.jpg","_links":{"self":[{"href":"https:\/\/www.radiopiu.net\/wordpress\/wp-json\/wp\/v2\/posts\/136089","targetHints":{"allow":["GET"]}}],"collection":[{"href":"https:\/\/www.radiopiu.net\/wordpress\/wp-json\/wp\/v2\/posts"}],"about":[{"href":"https:\/\/www.radiopiu.net\/wordpress\/wp-json\/wp\/v2\/types\/post"}],"author":[{"embeddable":true,"href":"https:\/\/www.radiopiu.net\/wordpress\/wp-json\/wp\/v2\/users\/4"}],"replies":[{"embeddable":true,"href":"https:\/\/www.radiopiu.net\/wordpress\/wp-json\/wp\/v2\/comments?post=136089"}],"version-history":[{"count":0,"href":"https:\/\/www.radiopiu.net\/wordpress\/wp-json\/wp\/v2\/posts\/136089\/revisions"}],"wp:featuredmedia":[{"embeddable":true,"href":"https:\/\/www.radiopiu.net\/wordpress\/wp-json\/wp\/v2\/media\/136306"}],"wp:attachment":[{"href":"https:\/\/www.radiopiu.net\/wordpress\/wp-json\/wp\/v2\/media?parent=136089"}],"wp:term":[{"taxonomy":"category","embeddable":true,"href":"https:\/\/www.radiopiu.net\/wordpress\/wp-json\/wp\/v2\/categories?post=136089"},{"taxonomy":"post_tag","embeddable":true,"href":"https:\/\/www.radiopiu.net\/wordpress\/wp-json\/wp\/v2\/tags?post=136089"}],"curies":[{"name":"wp","href":"https:\/\/api.w.org\/{rel}","templated":true}]}}