{"id":136116,"date":"2020-05-08T11:45:05","date_gmt":"2020-05-08T09:45:05","guid":{"rendered":"https:\/\/www.radiopiu.net\/wordpress\/?p=136116"},"modified":"2020-05-08T11:45:25","modified_gmt":"2020-05-08T09:45:25","slug":"belluno-alpina-manutenzioni-e-cura-del-territorio-come-biglietto-da-visita-grandi-eventi-per-sostenere-e-potenziare-lospitalita","status":"publish","type":"post","link":"https:\/\/www.radiopiu.net\/wordpress\/belluno-alpina-manutenzioni-e-cura-del-territorio-come-biglietto-da-visita-grandi-eventi-per-sostenere-e-potenziare-lospitalita\/","title":{"rendered":"BELLUNO ALPINA, \u201cMANUTENZIONI E CURA DEL TERRITORIO COME BIGLIETTO DA VISITA. GRANDI EVENTI PER SOSTENERE E POTENZIARE L&#8217;OSPITALITA&#8221;"},"content":{"rendered":"<p><strong><a class=\"dt-pswp-item\" href=\"https:\/\/www.radiopiu.net\/wordpress\/wp-content\/uploads\/2020\/05\/Scritta-Piandelmonte-1.jpg\" data-dt-img-description=\"\" data-large_image_width=\"1108\" data-large_image_height=\"831\"><img loading=\"lazy\" decoding=\"async\" class=\"size-medium wp-image-136117 alignleft\" src=\"https:\/\/www.radiopiu.net\/wordpress\/wp-content\/uploads\/2020\/05\/Scritta-Piandelmonte-1-300x225.jpg\" alt=\"\" width=\"300\" height=\"225\" srcset=\"https:\/\/www.radiopiu.net\/wordpress\/wp-content\/uploads\/2020\/05\/Scritta-Piandelmonte-1-300x225.jpg 300w, https:\/\/www.radiopiu.net\/wordpress\/wp-content\/uploads\/2020\/05\/Scritta-Piandelmonte-1-1024x768.jpg 1024w, https:\/\/www.radiopiu.net\/wordpress\/wp-content\/uploads\/2020\/05\/Scritta-Piandelmonte-1-768x576.jpg 768w, https:\/\/www.radiopiu.net\/wordpress\/wp-content\/uploads\/2020\/05\/Scritta-Piandelmonte-1.jpg 1108w\" sizes=\"auto, (max-width: 300px) 100vw, 300px\" \/><\/a>BELLUNO\u00a0<\/strong>L&#8217;associazione Belluno Alpina continua nel suo lavoro sul territorio del comprensorio Quantin \u2013 Nevegal \u2013 Ronce \u2013 Valmorel.\u00a0Ultima iniziativa in ordine di tempo \u00e8 la posa delle scritte di paese che, dopo Ciroc e Tassei, ora ha visto protagonista Piandelmonte.<span class=\"Apple-converted-space\">\u00a0<\/span>La scritta \u00e8 stata posizionata a inizio paese ed \u00e8 gi\u00e0 diventata un&#8217;attrazione, con i primi selfie gi\u00e0 scattati con l&#8217;enorme insegna alle spalle. \u201c<em>Si \u00e8 trattato, ancora una volta, di un grande lavoro di squadra che ha coinvolto tutti i nostri volontari. \u00c8 stata un&#8217;operazione lunga che ha richiesto varie fasi: la forma della scritta su cassa, il rivestimento in sassi autoctoni, infine la posa in forma provvisoria e estraibile. La scritta viene poi illuminata di notte a spese di Belluno Alpina da un lampione a led, che si ricarica tramite un pannello solare. Stiamo lavorando al meglio per trasformare il nostro comprensorio e renderlo pronto per accogliere gli eventi che ci attendono nei prossimi anni<\/em>\u201d, commenta Rodolfo De Min, vicepresidente di Belluno Alpina e giovane residente di Piandelmonte, dove ha da poco ristrutturato un&#8217;abitazione dove vive con la compagna Lisa e il loro bimbo di tre anni.\u00a0<em>\u201cPresto proseguiremo con la posa delle scritte delle localit\u00e0 a Ronce e a Valdart, ma continuiamo a chiedere agli enti preposti opere concrete come percorsi o parchi giochi naturalistici. Il nostro territorio \u00e8 il luogo ideale per ospitare il turismo di questa estate, che sar\u00e0 contrassegnato dal distanziamento tra le persone, ma dobbiamo avere percorsi da offrire e strutture per l&#8217;ospitalit\u00e0 pronte. Noi crediamo nel nostro progetto, e confidiamo facciano lo stesso anche gli enti locali, a partire dall&#8217;Unione Montana che ha un ruolo operativo importante nella progettazione e manutenzione del territorio, e dalla Regione Veneto con la quale sar\u00e0 fondamentale continuare a sviluppare linee guida comuni, per le quali contiamo sul supporto dell&#8217;assessore bellunese Bottacin. Anche per questo \u00e8 fondamentale la costituzione di un consorzio forestale che possa occuparsi tutto l&#8217;anno delle Prealpi, condizione fondamentale per cambiare le sorti dei territori sopra i 600 metri di quota<\/em>\u201d, continua De Min.\u00a0L&#8217;obbiettivo di Belluno Alpina \u00e8 trasformare il territorio in un biglietto da visita: in questo senso va ad esempio anche l&#8217;intervento di \u201crecupero naturalistico straordinario di spazi aperti montani e degradati\u201d affidato dal Comune di Belluno all&#8217;Unione Montana Belluno &#8211; Ponte in localit\u00e0 Le Buse \u2013 Ronce all&#8217;interno delle misure del Piano di Sviluppo Rurale. \u201cIl nostro scopo \u00e8 far conoscere e crescere il nostro territorio, e le migliorie e la cura sono la base fondamentale anche per l&#8217;organizzazione di grandi eventi che possano rendere noto il nostro comprensorio in Italia e non solo\u201d; continua il rappresentante di Belluno Alpina.\u00a0Gi\u00e0, perch\u00e9 il chiodo dei grandi eventi, come il Giro d&#8217;Italia, \u00e8 sempre fisso nelle menti di Belluno Alpina: \u201cIl 2021 \u00e8 una data possibile per il Giro: siamo riusciti a unire sei comuni nell&#8217;intento, con l&#8217;obbiettivo di valorizzare l&#8217;intero arco prealpino: Belluno, Limana, Ponte nelle Alpi, Alpago, Tambre e Chies d&#8217;Alpago. La collaborazione con i sei enti, che non si limita solo al progetto Giro, nasce da lontano, ormai quasi due anni fa, con le riunioni e gli incontri pubblici organizzati sul nostro territorio\u201d, spiega Gimmy Dal Farra, presidente di Belluno Alpina.\u00a0Pronti a lavorare anche per la progettazione di una settimana rosa, ma servono investimenti: \u201c<em>Sul percorso sono necessari interventi. Bisogna partire subito con le manutenzioni, magari sfruttando gli introiti della vendita degli schianti di Vaia: chiediamo quindi che vengano appaltati i lavori per allargare la curva a Campagol di Piandelmonte, e che i 120mila euro introitati dalla vendita del legname vengano utilizzati per realizzare ulteriori piazzole di scambio lungo la strada<\/em>\u201d, conclude Dal Farra.<\/p>\n","protected":false},"excerpt":{"rendered":"<p>BELLUNO\u00a0L&#8217;associazione Belluno Alpina continua nel suo lavoro sul territorio del comprensorio Quantin \u2013 Nevegal \u2013 Ronce \u2013 Valmorel.\u00a0Ultima iniziativa in ordine di tempo \u00e8 la posa delle scritte di paese che, dopo Ciroc e Tassei, ora ha visto protagonista Piandelmonte.\u00a0La scritta \u00e8 stata posizionata a inizio paese ed \u00e8 gi\u00e0 diventata un&#8217;attrazione, con i primi&hellip;<\/p>\n","protected":false},"author":4,"featured_media":136117,"comment_status":"closed","ping_status":"closed","sticky":false,"template":"","format":"standard","meta":{"_monsterinsights_skip_tracking":false,"_monsterinsights_sitenote_active":false,"_monsterinsights_sitenote_note":"","_monsterinsights_sitenote_category":0,"footnotes":""},"categories":[49],"tags":[],"class_list":["post-136116","post","type-post","status-publish","format-standard","has-post-thumbnail","hentry","category-news-18","category-49","description-off"],"img_url":"https:\/\/www.radiopiu.net\/wordpress\/wp-content\/uploads\/2020\/05\/Scritta-Piandelmonte-1.jpg","_links":{"self":[{"href":"https:\/\/www.radiopiu.net\/wordpress\/wp-json\/wp\/v2\/posts\/136116","targetHints":{"allow":["GET"]}}],"collection":[{"href":"https:\/\/www.radiopiu.net\/wordpress\/wp-json\/wp\/v2\/posts"}],"about":[{"href":"https:\/\/www.radiopiu.net\/wordpress\/wp-json\/wp\/v2\/types\/post"}],"author":[{"embeddable":true,"href":"https:\/\/www.radiopiu.net\/wordpress\/wp-json\/wp\/v2\/users\/4"}],"replies":[{"embeddable":true,"href":"https:\/\/www.radiopiu.net\/wordpress\/wp-json\/wp\/v2\/comments?post=136116"}],"version-history":[{"count":0,"href":"https:\/\/www.radiopiu.net\/wordpress\/wp-json\/wp\/v2\/posts\/136116\/revisions"}],"wp:featuredmedia":[{"embeddable":true,"href":"https:\/\/www.radiopiu.net\/wordpress\/wp-json\/wp\/v2\/media\/136117"}],"wp:attachment":[{"href":"https:\/\/www.radiopiu.net\/wordpress\/wp-json\/wp\/v2\/media?parent=136116"}],"wp:term":[{"taxonomy":"category","embeddable":true,"href":"https:\/\/www.radiopiu.net\/wordpress\/wp-json\/wp\/v2\/categories?post=136116"},{"taxonomy":"post_tag","embeddable":true,"href":"https:\/\/www.radiopiu.net\/wordpress\/wp-json\/wp\/v2\/tags?post=136116"}],"curies":[{"name":"wp","href":"https:\/\/api.w.org\/{rel}","templated":true}]}}