{"id":136123,"date":"2020-05-08T12:30:41","date_gmt":"2020-05-08T10:30:41","guid":{"rendered":"https:\/\/www.radiopiu.net\/wordpress\/?p=136123"},"modified":"2020-05-08T14:14:23","modified_gmt":"2020-05-08T12:14:23","slug":"conferenza-stampa-del-presidente-del-veneto-luca-zaia-08-maggio-2020","status":"publish","type":"post","link":"https:\/\/www.radiopiu.net\/wordpress\/conferenza-stampa-del-presidente-del-veneto-luca-zaia-08-maggio-2020\/","title":{"rendered":"I TEMPI DI ATTESA SI STANNO DILATANDO, NON POSSIAMO PIU&#8217; ATTENDERE. NEMMENO BISTRATTARE NEGOZIANTI E BARISTI, E NON SONO RESPONSABILE CONFERENZA STAMPA DEL PRESIDENTE DEL VENETO LUCA ZAIA 08 MAGGIO 2020"},"content":{"rendered":"<p><strong>VENEZIA<\/strong>\u00a0Da Marghera il Presidente Luca Zaia fa il punto sull\u2019emergenza Covid-19<\/p>\n<p>421 673 TAMPONI (+11000 da ieri), 5503 in isolamento (-270) positivi 18.618 (+65) in ospedale 910\u00a0 pazienti, di cui 79\u00a0 (-8) in Terapia Intensiva. Le persone in isolamento sono 5.503, i dimessi sono 2.882 (+56), i morti 1243 (+8), 1627 i morti totali.\u00a0 10.804 guariti (negativizzati).Decessi in ospedale\u00a0 1243 in totale\u00a0 1627 (+8). Nati 92.<\/p>\n<h3><span style=\"color: #ff0000;\">Da oggi i malati covid &#8211; per circolare- sono solo coloro che sono positivi, quindi da domani i ricoverati saranno molto meno, oggi ad esempio 380 in meno rispetto ai 910. Da domani dati retificati.<\/span><\/h3>\n<blockquote>\n<h2>LEGGI LA CONFERENZA STAMPA DI LUCA ZAIA<\/h2>\n<\/blockquote>\n<p>Siamo in una situazione positiiva con le curve che vanno verso il basso, ma non caliamo la guardia. Tanti cittadini responsabili ci segnalano tanti cittadini irresponsabili, non si \u00e8 capita la gravit\u00e0 del momento, colpa dei complottisti del non \u00e8 successo nulla, del sono morte meno persone dello scorso anno, che peraltro sono bugie. DONAZIONI 37.400 donatori\u00a0 PER 57.130 mila euro. LA LETTERA DA VO Ho 7 anni ho fatto il tampone, sono stato bravo non ho pianto e mi hanno anche regalato un uovo di pasqua e sono contento di aver contribuito ad aiutare la scienza.<\/p>\n<h2><span style=\"color: #ff0000;\"><strong>DOMANDE<\/strong><\/span><\/h2>\n<p><strong>L&#8217;ALTO ADIGE RIAPRE IL FRIULI PURE E IL VENETO?\u00a0<\/strong> C&#8217;\u00e8 una legge del consiglio regionale, invocando l&#8217;autonomia, artefizio che permette di aprire un varco, non \u00e8 un&#8217;ordinanza che va in corte costituzionale. Mi sento costantemente con Fedriga del Friuli e gli altri presidenti e dico che c&#8217;\u00e8 condivisione rispetto al fatto che il 1 giugno \u00e8 distante, il Governo decide in base alla legge, assume le decisioni e noi non possiamo aprire attivit\u00e0, le nostre ordinanze non ha validit\u00e0 giuridica e si trovano le Forze dell&#8217;Ordine che scrivono il verbale. Stiamo ragionando, come ieri in conferenza dei presidenti, per una leale collaborazione ma i tempi di attesa di stanno dilatando non possiamo piu&#8217; attendere.\u00a0 CI basta un DPCM che autorizzi le Regioni ad aprire su un preciso piano. Che si possa presentare un piano e riaprire.<\/p>\n<p><strong>BOCCIA IMPUGNERA&#8217; LE ORDINANZE DELL&#8217;ALTRO ADIGE<\/strong> Certo ma nel frattempo\u00a0 passeranno i giorni e una volta che si arriver\u00e0 alla discussione tutta Italia sar\u00e0 riaperta.<\/p>\n<p><strong>ELEZION<\/strong>I Dobbiamo garantire la democrazia faccio appello al Capo dello Stato affinch\u00e9 guardi dentro. Il rischio zero non ci sar\u00e0 mai, un focolaio puo&#8217; partire in qualsiasi momento soprattutto dagli asintomatici.<\/p>\n<p><strong>FOSSE STATO AUTONOMO?<\/strong>\u00a0 Avrei gi\u00e0 riaperto tutto. Siamo chiamati a scegliere quello che fa bene alla comunit\u00e0. Inutile chiamare gli amministratori se poi si contestano le scelte.<\/p>\n<p><strong>CHIESE RIAPERTE<\/strong> Dov&#8217;er\u00e0 il comitato scientifico? La prossima volta che arriva il virus si arrangeranno gli scienziati visto che non vogliono trovare una situazione di equilibrio<\/p>\n<p><strong>18 MAGGIO<\/strong> Non c&#8217;\u00e8 programmazione a tutt&#8217;oggi mi dicono che il 18 Conte potrebbe presentarsi con un altro DPCM per altre settimane. Bisogna informare i parrucchieri quando possono riaprire.Visto che il lunedi \u00e8 chiuso che almeno si faccia la deroga che possano aprire.<\/p>\n<p>&nbsp;<\/p>\n<p>&nbsp;<\/p>\n<p>&nbsp;<\/p>\n<p>https:\/\/www.facebook.com\/zaiaufficiale\/videos\/541138799874595<\/p>\n","protected":false},"excerpt":{"rendered":"<p>VENEZIA\u00a0Da Marghera il Presidente Luca Zaia fa il punto sull\u2019emergenza Covid-19 421 673 TAMPONI (+11000 da ieri), 5503 in isolamento (-270) positivi 18.618 (+65) in ospedale 910\u00a0 pazienti, di cui 79\u00a0 (-8) in Terapia Intensiva. Le persone in isolamento sono 5.503, i dimessi sono 2.882 (+56), i morti 1243 (+8), 1627 i morti totali.\u00a0 10.804&hellip;<\/p>\n","protected":false},"author":4,"featured_media":121391,"comment_status":"closed","ping_status":"closed","sticky":false,"template":"","format":"standard","meta":{"_monsterinsights_skip_tracking":false,"_monsterinsights_sitenote_active":false,"_monsterinsights_sitenote_note":"","_monsterinsights_sitenote_category":0,"footnotes":""},"categories":[51,49],"tags":[],"class_list":["post-136123","post","type-post","status-publish","format-standard","has-post-thumbnail","hentry","category-evidenza-top","category-news-18","category-51","category-49","description-off"],"img_url":"https:\/\/www.radiopiu.net\/wordpress\/wp-content\/uploads\/2020\/03\/covid-zaia.jpg","_links":{"self":[{"href":"https:\/\/www.radiopiu.net\/wordpress\/wp-json\/wp\/v2\/posts\/136123","targetHints":{"allow":["GET"]}}],"collection":[{"href":"https:\/\/www.radiopiu.net\/wordpress\/wp-json\/wp\/v2\/posts"}],"about":[{"href":"https:\/\/www.radiopiu.net\/wordpress\/wp-json\/wp\/v2\/types\/post"}],"author":[{"embeddable":true,"href":"https:\/\/www.radiopiu.net\/wordpress\/wp-json\/wp\/v2\/users\/4"}],"replies":[{"embeddable":true,"href":"https:\/\/www.radiopiu.net\/wordpress\/wp-json\/wp\/v2\/comments?post=136123"}],"version-history":[{"count":0,"href":"https:\/\/www.radiopiu.net\/wordpress\/wp-json\/wp\/v2\/posts\/136123\/revisions"}],"wp:featuredmedia":[{"embeddable":true,"href":"https:\/\/www.radiopiu.net\/wordpress\/wp-json\/wp\/v2\/media\/121391"}],"wp:attachment":[{"href":"https:\/\/www.radiopiu.net\/wordpress\/wp-json\/wp\/v2\/media?parent=136123"}],"wp:term":[{"taxonomy":"category","embeddable":true,"href":"https:\/\/www.radiopiu.net\/wordpress\/wp-json\/wp\/v2\/categories?post=136123"},{"taxonomy":"post_tag","embeddable":true,"href":"https:\/\/www.radiopiu.net\/wordpress\/wp-json\/wp\/v2\/tags?post=136123"}],"curies":[{"name":"wp","href":"https:\/\/api.w.org\/{rel}","templated":true}]}}