{"id":136162,"date":"2020-05-08T14:33:34","date_gmt":"2020-05-08T12:33:34","guid":{"rendered":"https:\/\/www.radiopiu.net\/wordpress\/?p=136162"},"modified":"2020-05-08T19:56:28","modified_gmt":"2020-05-08T17:56:28","slug":"le-aperture-in-provincia-di-bolzano-elezioni-il-18-maggio-e-altro-dalla-conferenza-stampa-di-zaia","status":"publish","type":"post","link":"https:\/\/www.radiopiu.net\/wordpress\/le-aperture-in-provincia-di-bolzano-elezioni-il-18-maggio-e-altro-dalla-conferenza-stampa-di-zaia\/","title":{"rendered":"LE APERTURE IN PROVINCIA DI BOLZANO, ELEZIONI, IL 18 MAGGIO E ALTRO DALLA CONFERENZA STAMPA DI ZAIA"},"content":{"rendered":"<p><strong><a class=\"dt-pswp-item\" href=\"https:\/\/www.radiopiu.net\/wordpress\/wp-content\/uploads\/2018\/10\/Zaia-al-Coni-3.jpeg\" data-dt-img-description=\"\" data-large_image_width=\"1600\" data-large_image_height=\"1200\"><img loading=\"lazy\" decoding=\"async\" class=\" wp-image-64262 alignleft\" src=\"https:\/\/www.radiopiu.net\/wordpress\/wp-content\/uploads\/2018\/10\/Zaia-al-Coni-3-300x225.jpeg\" alt=\"\" width=\"179\" height=\"134\" srcset=\"https:\/\/www.radiopiu.net\/wordpress\/wp-content\/uploads\/2018\/10\/Zaia-al-Coni-3-300x225.jpeg 300w, https:\/\/www.radiopiu.net\/wordpress\/wp-content\/uploads\/2018\/10\/Zaia-al-Coni-3-768x576.jpeg 768w, https:\/\/www.radiopiu.net\/wordpress\/wp-content\/uploads\/2018\/10\/Zaia-al-Coni-3-1024x768.jpeg 1024w, https:\/\/www.radiopiu.net\/wordpress\/wp-content\/uploads\/2018\/10\/Zaia-al-Coni-3.jpeg 1600w\" sizes=\"auto, (max-width: 179px) 100vw, 179px\" \/><\/a>L\u2019ALTO ADIGE RIAPRE IL FRIULI PURE E IL VENETO?\u00a0<\/strong><\/p>\n<p>C\u2019\u00e8 una legge del consiglio regionale, invocando l\u2019autonomia, artefizio che permette di aprire un varco, non \u00e8 un\u2019ordinanza che va in corte costituzionale. Mi sento costantemente con Fedriga del Friuli e gli altri presidenti e dico che c\u2019\u00e8 condivisione rispetto al fatto che il 1 giugno \u00e8 distante, il Governo decide in base alla legge, assume le decisioni e noi non possiamo aprire attivit\u00e0, le nostre ordinanze non hanno validit\u00e0 giuridica<\/p>\n<audio class=\"wp-audio-shortcode\" id=\"audio-136162-1\" preload=\"none\" style=\"width: 100%;\" controls=\"controls\"><source type=\"audio\/mpeg\" src=\"https:\/\/www.radiopiu.net\/wordpress\/wp-content\/uploads\/2020\/05\/ZAIA-APERTURA-DELLE-ATTIVITA-NELLA-PROVINCIA-AUTONOMA-DI-BOLZANO.mp3?_=1\" \/><a href=\"https:\/\/www.radiopiu.net\/wordpress\/wp-content\/uploads\/2020\/05\/ZAIA-APERTURA-DELLE-ATTIVITA-NELLA-PROVINCIA-AUTONOMA-DI-BOLZANO.mp3\">https:\/\/www.radiopiu.net\/wordpress\/wp-content\/uploads\/2020\/05\/ZAIA-APERTURA-DELLE-ATTIVITA-NELLA-PROVINCIA-AUTONOMA-DI-BOLZANO.mp3<\/a><\/audio>\n<p>&nbsp;<\/p>\n<p><strong>RISPETTO GLI UOMINI DI SCIENZA<\/strong><\/p>\n<p>I tempi di attesa si stanno dilatando e chiedo che il Governo faccia un DPCM che dica che le Regioni possano decidere quando aprire sulla base di un piano da mettere a disposizione. E&#8217; difficile spiegare che un&#8217;azienda con 1000 dipendenti apre e un negozio o una parrucchiera no<\/p>\n<audio class=\"wp-audio-shortcode\" id=\"audio-136162-2\" preload=\"none\" style=\"width: 100%;\" controls=\"controls\"><source type=\"audio\/mpeg\" src=\"https:\/\/www.radiopiu.net\/wordpress\/wp-content\/uploads\/2020\/05\/ZAIA-RISPETTO-GLI-UOMINI-DI-SCIENZA-MA-DIFFICILE-SPIEGARE-CHE-UNAZIENDA-DA-1000-DIPENDE-POSSA-APRIRE-E-UN-NEGOZIANTE-NO.mp3?_=2\" \/><a href=\"https:\/\/www.radiopiu.net\/wordpress\/wp-content\/uploads\/2020\/05\/ZAIA-RISPETTO-GLI-UOMINI-DI-SCIENZA-MA-DIFFICILE-SPIEGARE-CHE-UNAZIENDA-DA-1000-DIPENDE-POSSA-APRIRE-E-UN-NEGOZIANTE-NO.mp3\">https:\/\/www.radiopiu.net\/wordpress\/wp-content\/uploads\/2020\/05\/ZAIA-RISPETTO-GLI-UOMINI-DI-SCIENZA-MA-DIFFICILE-SPIEGARE-CHE-UNAZIENDA-DA-1000-DIPENDE-POSSA-APRIRE-E-UN-NEGOZIANTE-NO.mp3<\/a><\/audio>\n<p>&nbsp;<\/p>\n<p><strong>ELEZIONI<\/strong><\/p>\n<p>Portiamo avanti il discorso delle mancate riaperture per non andare a votare faccio appello al Capo dello Stato<\/p>\n<audio class=\"wp-audio-shortcode\" id=\"audio-136162-3\" preload=\"none\" style=\"width: 100%;\" controls=\"controls\"><source type=\"audio\/mpeg\" src=\"https:\/\/www.radiopiu.net\/wordpress\/wp-content\/uploads\/2020\/05\/ZAIA-PORTIAMO-AVANTI-IL-DISCORSO-DELLE-MANCATE-RIAPERTURE-PER-NON-ANDARE-A-VOTARE-FACCIO-APPELLO-AL-CAPO-DELLO-STATO.mp3?_=3\" \/><a href=\"https:\/\/www.radiopiu.net\/wordpress\/wp-content\/uploads\/2020\/05\/ZAIA-PORTIAMO-AVANTI-IL-DISCORSO-DELLE-MANCATE-RIAPERTURE-PER-NON-ANDARE-A-VOTARE-FACCIO-APPELLO-AL-CAPO-DELLO-STATO.mp3\">https:\/\/www.radiopiu.net\/wordpress\/wp-content\/uploads\/2020\/05\/ZAIA-PORTIAMO-AVANTI-IL-DISCORSO-DELLE-MANCATE-RIAPERTURE-PER-NON-ANDARE-A-VOTARE-FACCIO-APPELLO-AL-CAPO-DELLO-STATO.mp3<\/a><\/audio>\n<p>&nbsp;<\/p>\n<p><strong>SE LA REGIONE AVESSE L&#8217;AUTONOMIA?<\/strong><\/p>\n<p>Avrei gi\u00e0 riaperto tutto. Siamo chiamati a scegliere quello che fa bene alla comunit\u00e0. Inutile chiamare gli amministratori se poi si contestano le scelte.<\/p>\n<audio class=\"wp-audio-shortcode\" id=\"audio-136162-4\" preload=\"none\" style=\"width: 100%;\" controls=\"controls\"><source type=\"audio\/mpeg\" src=\"https:\/\/www.radiopiu.net\/wordpress\/wp-content\/uploads\/2020\/05\/ZAIA-AUTONOMIA-DECISIONALE-PER-LE-REGIONI-CHE-MOSTRANO-MIGLIORAMENTI.-MA-SE-LA-REGIONE-AVESSE-LAUTONOMIA.mp3?_=4\" \/><a href=\"https:\/\/www.radiopiu.net\/wordpress\/wp-content\/uploads\/2020\/05\/ZAIA-AUTONOMIA-DECISIONALE-PER-LE-REGIONI-CHE-MOSTRANO-MIGLIORAMENTI.-MA-SE-LA-REGIONE-AVESSE-LAUTONOMIA.mp3\">https:\/\/www.radiopiu.net\/wordpress\/wp-content\/uploads\/2020\/05\/ZAIA-AUTONOMIA-DECISIONALE-PER-LE-REGIONI-CHE-MOSTRANO-MIGLIORAMENTI.-MA-SE-LA-REGIONE-AVESSE-LAUTONOMIA.mp3<\/a><\/audio>\n<p>&nbsp;<\/p>\n<p><strong>CHIESE RIAPERTE<\/strong><\/p>\n<p>Dov\u2019er\u00e0 il comitato scientifico? La prossima volta che arriva il virus si arrangeranno gli scienziati visto che non vogliono trovare una situazione di equilibrio<\/p>\n<audio class=\"wp-audio-shortcode\" id=\"audio-136162-5\" preload=\"none\" style=\"width: 100%;\" controls=\"controls\"><source type=\"audio\/mpeg\" src=\"https:\/\/www.radiopiu.net\/wordpress\/wp-content\/uploads\/2020\/05\/ZAIA-SULLE-CHIESE-SI-E-TROVATO-LACCORDO-DOVERA-IL-COMITATO-SCIENTIFICO.mp3?_=5\" \/><a href=\"https:\/\/www.radiopiu.net\/wordpress\/wp-content\/uploads\/2020\/05\/ZAIA-SULLE-CHIESE-SI-E-TROVATO-LACCORDO-DOVERA-IL-COMITATO-SCIENTIFICO.mp3\">https:\/\/www.radiopiu.net\/wordpress\/wp-content\/uploads\/2020\/05\/ZAIA-SULLE-CHIESE-SI-E-TROVATO-LACCORDO-DOVERA-IL-COMITATO-SCIENTIFICO.mp3<\/a><\/audio>\n<p>&nbsp;<\/p>\n<p><strong>18 MAGGIO<\/strong><\/p>\n<p>Non c\u2019\u00e8 programmazione a tutt\u2019oggi mi dicono che il 18 Conte potrebbe presentarsi con un altro DPCM per altre settimane. Bisogna informare i parrucchieri quando possono riaprire.Visto che il lunedi \u00e8 chiuso che almeno si faccia la deroga che possano aprire<\/p>\n<audio class=\"wp-audio-shortcode\" id=\"audio-136162-6\" preload=\"none\" style=\"width: 100%;\" controls=\"controls\"><source type=\"audio\/mpeg\" src=\"https:\/\/www.radiopiu.net\/wordpress\/wp-content\/uploads\/2020\/05\/ZAIA-NON-CE-PROGRAMMAZIONE-IL-18-MAGGIO-TRA-LALTRO-E-LUNEDI-E-MOLTE-ATTIVITA-SONO-CHIUSE-PER-RIPOSO-SETTIMANALE-SINIZI-A-PENSARE-ALLE-DEROGHE.mp3?_=6\" \/><a href=\"https:\/\/www.radiopiu.net\/wordpress\/wp-content\/uploads\/2020\/05\/ZAIA-NON-CE-PROGRAMMAZIONE-IL-18-MAGGIO-TRA-LALTRO-E-LUNEDI-E-MOLTE-ATTIVITA-SONO-CHIUSE-PER-RIPOSO-SETTIMANALE-SINIZI-A-PENSARE-ALLE-DEROGHE.mp3\">https:\/\/www.radiopiu.net\/wordpress\/wp-content\/uploads\/2020\/05\/ZAIA-NON-CE-PROGRAMMAZIONE-IL-18-MAGGIO-TRA-LALTRO-E-LUNEDI-E-MOLTE-ATTIVITA-SONO-CHIUSE-PER-RIPOSO-SETTIMANALE-SINIZI-A-PENSARE-ALLE-DEROGHE.mp3<\/a><\/audio>\n","protected":false},"excerpt":{"rendered":"<p>L\u2019ALTO ADIGE RIAPRE IL FRIULI PURE E IL VENETO?\u00a0 C\u2019\u00e8 una legge del consiglio regionale, invocando l\u2019autonomia, artefizio che permette di aprire un varco, non \u00e8 un\u2019ordinanza che va in corte costituzionale. Mi sento costantemente con Fedriga del Friuli e gli altri presidenti e dico che c\u2019\u00e8 condivisione rispetto al fatto che il 1 giugno&hellip;<\/p>\n","protected":false},"author":4,"featured_media":64262,"comment_status":"closed","ping_status":"closed","sticky":false,"template":"","format":"standard","meta":{"_monsterinsights_skip_tracking":false,"_monsterinsights_sitenote_active":false,"_monsterinsights_sitenote_note":"","_monsterinsights_sitenote_category":0,"footnotes":""},"categories":[49],"tags":[],"class_list":["post-136162","post","type-post","status-publish","format-standard","has-post-thumbnail","hentry","category-news-18","category-49","description-off"],"img_url":"https:\/\/www.radiopiu.net\/wordpress\/wp-content\/uploads\/2018\/10\/Zaia-al-Coni-3.jpeg","_links":{"self":[{"href":"https:\/\/www.radiopiu.net\/wordpress\/wp-json\/wp\/v2\/posts\/136162","targetHints":{"allow":["GET"]}}],"collection":[{"href":"https:\/\/www.radiopiu.net\/wordpress\/wp-json\/wp\/v2\/posts"}],"about":[{"href":"https:\/\/www.radiopiu.net\/wordpress\/wp-json\/wp\/v2\/types\/post"}],"author":[{"embeddable":true,"href":"https:\/\/www.radiopiu.net\/wordpress\/wp-json\/wp\/v2\/users\/4"}],"replies":[{"embeddable":true,"href":"https:\/\/www.radiopiu.net\/wordpress\/wp-json\/wp\/v2\/comments?post=136162"}],"version-history":[{"count":0,"href":"https:\/\/www.radiopiu.net\/wordpress\/wp-json\/wp\/v2\/posts\/136162\/revisions"}],"wp:featuredmedia":[{"embeddable":true,"href":"https:\/\/www.radiopiu.net\/wordpress\/wp-json\/wp\/v2\/media\/64262"}],"wp:attachment":[{"href":"https:\/\/www.radiopiu.net\/wordpress\/wp-json\/wp\/v2\/media?parent=136162"}],"wp:term":[{"taxonomy":"category","embeddable":true,"href":"https:\/\/www.radiopiu.net\/wordpress\/wp-json\/wp\/v2\/categories?post=136162"},{"taxonomy":"post_tag","embeddable":true,"href":"https:\/\/www.radiopiu.net\/wordpress\/wp-json\/wp\/v2\/tags?post=136162"}],"curies":[{"name":"wp","href":"https:\/\/api.w.org\/{rel}","templated":true}]}}