{"id":136169,"date":"2020-05-08T14:45:35","date_gmt":"2020-05-08T12:45:35","guid":{"rendered":"https:\/\/www.radiopiu.net\/wordpress\/?p=136169"},"modified":"2020-05-08T14:45:35","modified_gmt":"2020-05-08T12:45:35","slug":"feltre-maratona-di-lettura-2020","status":"publish","type":"post","link":"https:\/\/www.radiopiu.net\/wordpress\/feltre-maratona-di-lettura-2020\/","title":{"rendered":"FELTRE: MARATONA DI LETTURA 2020"},"content":{"rendered":"<p><strong><a class=\"dt-pswp-item\" href=\"https:\/\/www.radiopiu.net\/wordpress\/wp-content\/uploads\/2020\/05\/WhatsApp-Image-2020-05-08-at-14.35.09.jpeg\" data-dt-img-description=\"\" data-large_image_width=\"1600\" data-large_image_height=\"1200\"><img loading=\"lazy\" decoding=\"async\" class=\" wp-image-136170 alignleft\" src=\"https:\/\/www.radiopiu.net\/wordpress\/wp-content\/uploads\/2020\/05\/WhatsApp-Image-2020-05-08-at-14.35.09-300x225.jpeg\" alt=\"\" width=\"205\" height=\"154\" srcset=\"https:\/\/www.radiopiu.net\/wordpress\/wp-content\/uploads\/2020\/05\/WhatsApp-Image-2020-05-08-at-14.35.09-300x225.jpeg 300w, https:\/\/www.radiopiu.net\/wordpress\/wp-content\/uploads\/2020\/05\/WhatsApp-Image-2020-05-08-at-14.35.09-1024x768.jpeg 1024w, https:\/\/www.radiopiu.net\/wordpress\/wp-content\/uploads\/2020\/05\/WhatsApp-Image-2020-05-08-at-14.35.09-768x576.jpeg 768w, https:\/\/www.radiopiu.net\/wordpress\/wp-content\/uploads\/2020\/05\/WhatsApp-Image-2020-05-08-at-14.35.09-1536x1152.jpeg 1536w, https:\/\/www.radiopiu.net\/wordpress\/wp-content\/uploads\/2020\/05\/WhatsApp-Image-2020-05-08-at-14.35.09.jpeg 1600w\" sizes=\"auto, (max-width: 205px) 100vw, 205px\" \/><\/a>FELTRE<\/strong> E&#8217; stata presentata con una conferenza stampa online la &#8220;Maratona di lettura 2020&#8221;. Quest&#8217;anno l&#8217;evento sar\u00e0 interamente on line e si concluder\u00e0 con l&#8217;incontro con l&#8217;autore a cui la maratona \u00e8 dedicata,\u00a0ovvero Gianrico Carofiglio. Il programma, imperniato sul rapporto tra parola, linguaggi, legge e giustizia, si estende per tutta la settimana dal 18 al 23 maggio e prevede numerosi appuntamenti e ospiti di rilievo (tra gli altri Gherardo Colombo e Annamaria Testa). Gli iscritti ai vari appuntamenti on line sono gi\u00e0 oltre 600.<\/p>\n<p><strong>L&#8217;ASSESSORE DEL COMUNE DI FELTRE ALESSANDRO DEL BIANCO<\/strong><\/p>\n<audio class=\"wp-audio-shortcode\" id=\"audio-136169-1\" preload=\"none\" style=\"width: 100%;\" controls=\"controls\"><source type=\"audio\/mpeg\" src=\"https:\/\/www.radiopiu.net\/wordpress\/wp-content\/uploads\/2020\/05\/Audio-ass.-Del-Bianco-su-Maratona-di-Lettura-2020.mp3?_=1\" \/><a href=\"https:\/\/www.radiopiu.net\/wordpress\/wp-content\/uploads\/2020\/05\/Audio-ass.-Del-Bianco-su-Maratona-di-Lettura-2020.mp3\">https:\/\/www.radiopiu.net\/wordpress\/wp-content\/uploads\/2020\/05\/Audio-ass.-Del-Bianco-su-Maratona-di-Lettura-2020.mp3<\/a><\/audio>\n<p>&nbsp;<\/p>\n<p><strong>LA BROCHURE DELL&#8217;EVENTO<\/strong><\/p>\n<a href=\"https:\/\/www.radiopiu.net\/wordpress\/wp-content\/uploads\/2020\/05\/Brochure-MARATONA-2020.pdf\" class=\"pdfemb-viewer\" style=\"\" data-width=\"max\" data-height=\"max\" data-toolbar=\"top\" data-toolbar-fixed=\"on\">Brochure MARATONA 2020<\/a>\n","protected":false},"excerpt":{"rendered":"<p>FELTRE E&#8217; stata presentata con una conferenza stampa online la &#8220;Maratona di lettura 2020&#8221;. Quest&#8217;anno l&#8217;evento sar\u00e0 interamente on line e si concluder\u00e0 con l&#8217;incontro con l&#8217;autore a cui la maratona \u00e8 dedicata,\u00a0ovvero Gianrico Carofiglio. Il programma, imperniato sul rapporto tra parola, linguaggi, legge e giustizia, si estende per tutta la settimana dal 18 al&hellip;<\/p>\n","protected":false},"author":4,"featured_media":136174,"comment_status":"closed","ping_status":"closed","sticky":false,"template":"","format":"standard","meta":{"_monsterinsights_skip_tracking":false,"_monsterinsights_sitenote_active":false,"_monsterinsights_sitenote_note":"","_monsterinsights_sitenote_category":0,"footnotes":""},"categories":[49],"tags":[],"class_list":["post-136169","post","type-post","status-publish","format-standard","has-post-thumbnail","hentry","category-news-18","category-49","description-off"],"img_url":"https:\/\/www.radiopiu.net\/wordpress\/wp-content\/uploads\/2020\/05\/Schermata-2020-05-08-alle-14.44.57.png","_links":{"self":[{"href":"https:\/\/www.radiopiu.net\/wordpress\/wp-json\/wp\/v2\/posts\/136169","targetHints":{"allow":["GET"]}}],"collection":[{"href":"https:\/\/www.radiopiu.net\/wordpress\/wp-json\/wp\/v2\/posts"}],"about":[{"href":"https:\/\/www.radiopiu.net\/wordpress\/wp-json\/wp\/v2\/types\/post"}],"author":[{"embeddable":true,"href":"https:\/\/www.radiopiu.net\/wordpress\/wp-json\/wp\/v2\/users\/4"}],"replies":[{"embeddable":true,"href":"https:\/\/www.radiopiu.net\/wordpress\/wp-json\/wp\/v2\/comments?post=136169"}],"version-history":[{"count":0,"href":"https:\/\/www.radiopiu.net\/wordpress\/wp-json\/wp\/v2\/posts\/136169\/revisions"}],"wp:featuredmedia":[{"embeddable":true,"href":"https:\/\/www.radiopiu.net\/wordpress\/wp-json\/wp\/v2\/media\/136174"}],"wp:attachment":[{"href":"https:\/\/www.radiopiu.net\/wordpress\/wp-json\/wp\/v2\/media?parent=136169"}],"wp:term":[{"taxonomy":"category","embeddable":true,"href":"https:\/\/www.radiopiu.net\/wordpress\/wp-json\/wp\/v2\/categories?post=136169"},{"taxonomy":"post_tag","embeddable":true,"href":"https:\/\/www.radiopiu.net\/wordpress\/wp-json\/wp\/v2\/tags?post=136169"}],"curies":[{"name":"wp","href":"https:\/\/api.w.org\/{rel}","templated":true}]}}