{"id":136201,"date":"2020-05-08T15:45:50","date_gmt":"2020-05-08T13:45:50","guid":{"rendered":"https:\/\/www.radiopiu.net\/wordpress\/?p=136201"},"modified":"2020-05-08T16:38:11","modified_gmt":"2020-05-08T14:38:11","slug":"ha-preso-servizio-il-direttore-delle-cure-primarie-di-feltre-lucia-dalla-torre","status":"publish","type":"post","link":"https:\/\/www.radiopiu.net\/wordpress\/ha-preso-servizio-il-direttore-delle-cure-primarie-di-feltre-lucia-dalla-torre\/","title":{"rendered":"HA PRESO SERVIZIO IL DIRETTORE DELLE CURE PRIMARIE DI FELTRE LUCIA DALLA TORRE"},"content":{"rendered":"<p><b><a class=\"dt-pswp-item\" href=\"https:\/\/www.radiopiu.net\/wordpress\/wp-content\/uploads\/2020\/05\/dallatorre.jpg\" data-dt-img-description=\"\" data-large_image_width=\"1600\" data-large_image_height=\"960\"><img loading=\"lazy\" decoding=\"async\" class=\"size-medium wp-image-136202 alignleft\" src=\"https:\/\/www.radiopiu.net\/wordpress\/wp-content\/uploads\/2020\/05\/dallatorre-300x180.jpg\" alt=\"\" width=\"300\" height=\"180\" srcset=\"https:\/\/www.radiopiu.net\/wordpress\/wp-content\/uploads\/2020\/05\/dallatorre-300x180.jpg 300w, https:\/\/www.radiopiu.net\/wordpress\/wp-content\/uploads\/2020\/05\/dallatorre-1024x614.jpg 1024w, https:\/\/www.radiopiu.net\/wordpress\/wp-content\/uploads\/2020\/05\/dallatorre-768x461.jpg 768w, https:\/\/www.radiopiu.net\/wordpress\/wp-content\/uploads\/2020\/05\/dallatorre-1536x922.jpg 1536w, https:\/\/www.radiopiu.net\/wordpress\/wp-content\/uploads\/2020\/05\/dallatorre.jpg 1600w\" sizes=\"auto, (max-width: 300px) 100vw, 300px\" \/><\/a>BELLUNO<\/b> Lucia Dalla Torre, nominata il 12 marzo 2020 direttore provvisorio delle Cure Primarie del distretto di Feltre, ha preso servizio questa settimana. Classe 1973, residente nel trevigiano, la dottoressa Dalla Torre si \u00e8 laureata in Medicina e Chirurgia con il massimo dei voti all\u2019Universit\u00e0 di Padova nel 1999 e si \u00e8 specializzata in Medicina di Comunit\u00e0 nel 2004 dopo aver effettuato un anno di formazione all&#8217;estero, come Assistant Project Manager del Progetto di Cooperazione Internazionale \u201cNascere senza AIDS in Tanzania\u201d. Nel 2017 ha completato un master di II livello in \u201cGovernare e dirigere i servizi sociosanitari. L\u2019innovazione nel lavoro integrato dei servizi territoriali per la persona e la comunit\u00e0\u201d all\u2019Universit\u00e0 di Udine. Dopo alcune esperienze all\u2019 ex ulss 7 di Pieve di Soligo tra il 2005 e il 2010 in ambito distrettuale, dal 2010 al 2016 ha ricoperto l\u2019incarico di dirigente medico al distretto sud dell\u2019ex Ulss 7 come responsabile delle Unit\u00e0 di Valutazione Multidimensionale Distrettuali -Area Anziani, occupandosi, in particolare, dei percorsi di presa in carico multidisciplinare per il paziente cronico (Assistenza Domiciliare nelle sue varie forme, Assistenza Residenziale, Dimissioni Protette).<span class=\"Apple-converted-space\">\u00a0<\/span>Dal 2016 al 2018 ha ricoperto l\u2019incarico di responsabile di U.O.S.<span class=\"Apple-converted-space\">\u00a0 <\/span>\u201ccontinuit\u00e0 dell\u2019assistenza, flussi e percorsi assistenziali\u201d, articolazione interna della UOC cure primarie del distretto socio-sanitario di Conegliano curando, tra il resto, lo sviluppo delle<span class=\"Apple-converted-space\">\u00a0 <\/span>linee di lavoro inerenti la clinical governance e lo sviluppo dell\u2019appropriatezza nell\u2019assistenza primaria, affiancando il Direttore di Distretto nei percorsi di integrazione Ospedale Territorio. Dal 2016 fino alla nomina in Ulss Dolomiti, inoltre, \u00e8 stata responsabile di U.O.S. \u201cNon Autosufficienza\u201d, articolazione interna della UOC Disabilit\u00e0 e Non Autosufficienza del Distretto di Pieve di Soligo \u2013 Az. Ulss2 Marca Trevigiana. \u00e8 stata responsabile delle Unit\u00e0 di Valutazione Multidimensionale Distrettuali -Area Anziani-, nei percorsi di presa in carico multidisciplinare per il paziente anziano (Assistenza Domiciliare nelle sue varie forme, Impegnative di Cura Domiciliare, Assistenza Residenziale e Semiresidenziale, Dimissioni Protette, progetti di Sollievo) , Referente Distrettuale Area Anziani nel Piano di Zona,Referente Aziendale per il Progetto ACG \u2013 Regione Veneto e Referente Distrettuale Sanitario per i Flussi Informativi delle Cure Domiciliari. \u00b7 Membro del gruppo aziendale di progetto \u201cAffidamento al territorio del paziente colonizzato\/infetto da germi multiresistenti\u201d. \u00e8 stata membro del tavolo di monitoraggio aziendale delle Medicine di Gruppo Integrate, con funzioni di collegamento funzionale con il tavolo dei medici coordinatori delle MGI e Responsabile scientifico dei progetti di formazione sul campo \u201cLa presa in carico integrata del paziente affetto da broncopneumopatia<span class=\"Apple-converted-space\">\u00a0 <\/span>cronica ostruttiva\u201d e \u201cLa presa in carico integrata del paziente cronico inserito nel pdta per la gestione della terapia anticoagulante in pazienti adulti con fibrillazione atriale non-valvolare\u201d, da cui emergono i profili di competenza infermieristica per la presa in carico del paziente cronico in Medicina di Gruppo Integrata.\u00a0Ha all\u2019attivo diverse pubblicazioni di cui una su \u201cIntegrare ospedale e territorio per la gestione della cronicit\u00e0\u201d pubblicata su Rapporto Sanit\u00e0 2011-Fondazione Smith Kline insieme a<span class=\"Apple-converted-space\">\u00a0 <\/span>Del Favero e Cinquetti<\/p>\n","protected":false},"excerpt":{"rendered":"<p>BELLUNO Lucia Dalla Torre, nominata il 12 marzo 2020 direttore provvisorio delle Cure Primarie del distretto di Feltre, ha preso servizio questa settimana. Classe 1973, residente nel trevigiano, la dottoressa Dalla Torre si \u00e8 laureata in Medicina e Chirurgia con il massimo dei voti all\u2019Universit\u00e0 di Padova nel 1999 e si \u00e8 specializzata in Medicina&hellip;<\/p>\n","protected":false},"author":4,"featured_media":136202,"comment_status":"closed","ping_status":"closed","sticky":false,"template":"","format":"standard","meta":{"_monsterinsights_skip_tracking":false,"_monsterinsights_sitenote_active":false,"_monsterinsights_sitenote_note":"","_monsterinsights_sitenote_category":0,"footnotes":""},"categories":[49],"tags":[],"class_list":["post-136201","post","type-post","status-publish","format-standard","has-post-thumbnail","hentry","category-news-18","category-49","description-off"],"img_url":"https:\/\/www.radiopiu.net\/wordpress\/wp-content\/uploads\/2020\/05\/dallatorre.jpg","_links":{"self":[{"href":"https:\/\/www.radiopiu.net\/wordpress\/wp-json\/wp\/v2\/posts\/136201","targetHints":{"allow":["GET"]}}],"collection":[{"href":"https:\/\/www.radiopiu.net\/wordpress\/wp-json\/wp\/v2\/posts"}],"about":[{"href":"https:\/\/www.radiopiu.net\/wordpress\/wp-json\/wp\/v2\/types\/post"}],"author":[{"embeddable":true,"href":"https:\/\/www.radiopiu.net\/wordpress\/wp-json\/wp\/v2\/users\/4"}],"replies":[{"embeddable":true,"href":"https:\/\/www.radiopiu.net\/wordpress\/wp-json\/wp\/v2\/comments?post=136201"}],"version-history":[{"count":0,"href":"https:\/\/www.radiopiu.net\/wordpress\/wp-json\/wp\/v2\/posts\/136201\/revisions"}],"wp:featuredmedia":[{"embeddable":true,"href":"https:\/\/www.radiopiu.net\/wordpress\/wp-json\/wp\/v2\/media\/136202"}],"wp:attachment":[{"href":"https:\/\/www.radiopiu.net\/wordpress\/wp-json\/wp\/v2\/media?parent=136201"}],"wp:term":[{"taxonomy":"category","embeddable":true,"href":"https:\/\/www.radiopiu.net\/wordpress\/wp-json\/wp\/v2\/categories?post=136201"},{"taxonomy":"post_tag","embeddable":true,"href":"https:\/\/www.radiopiu.net\/wordpress\/wp-json\/wp\/v2\/tags?post=136201"}],"curies":[{"name":"wp","href":"https:\/\/api.w.org\/{rel}","templated":true}]}}