{"id":136285,"date":"2020-05-08T23:59:17","date_gmt":"2020-05-08T21:59:17","guid":{"rendered":"https:\/\/www.radiopiu.net\/wordpress\/?p=136285"},"modified":"2020-05-09T06:14:03","modified_gmt":"2020-05-09T04:14:03","slug":"42-anni-fa-la-morte-di-peppino-impastato","status":"publish","type":"post","link":"https:\/\/www.radiopiu.net\/wordpress\/42-anni-fa-la-morte-di-peppino-impastato\/","title":{"rendered":"42 ANNI FA LA MORTE DI PEPPINO IMPASTATO"},"content":{"rendered":"<p><strong><a class=\"dt-pswp-item\" href=\"https:\/\/www.radiopiu.net\/wordpress\/wp-content\/uploads\/2019\/03\/Peppino-Impstato1-458x250.jpg\" data-dt-img-description=\"\" data-large_image_width=\"458\" data-large_image_height=\"250\"><img loading=\"lazy\" decoding=\"async\" class=\"size-medium wp-image-79861 alignleft\" src=\"https:\/\/www.radiopiu.net\/wordpress\/wp-content\/uploads\/2019\/03\/Peppino-Impstato1-458x250-300x164.jpg\" alt=\"\" width=\"300\" height=\"164\" srcset=\"https:\/\/www.radiopiu.net\/wordpress\/wp-content\/uploads\/2019\/03\/Peppino-Impstato1-458x250-300x164.jpg 300w, https:\/\/www.radiopiu.net\/wordpress\/wp-content\/uploads\/2019\/03\/Peppino-Impstato1-458x250.jpg 458w\" sizes=\"auto, (max-width: 300px) 100vw, 300px\" \/><\/a>RADIO PIU&#8217;<\/strong> Nella notte tra l&#8217;8 e il 9 maggio di 42 anni fa, nello stesso giorno in cui a Roma venne ritrovato il corpo di Aldo Moro, ucciso dalle Brigate Rosse, Peppino Impastato veniva ammazzato da Cosa Nostra nel suo paese, Cinisi in provincia di Palermo. Peppino era nato a Cinisi nel 1948 da una famiglia di mafiosi. Un legame che, per\u00f2, non accett\u00f2: ruppe con il padre, che lo cacci\u00f2 via di casa, e avvi\u00f2 un\u2019attivit\u00e0 politico-culturale antimafiosa. Fond\u00f2 il giornalino \u201cL\u2019Idea socialista\u201d, milit\u00f2 nei gruppi di Nuova Sinistra, conducendo le lotte dei contadini espropriati per la costruzione della terza pista dell\u2019aeroporto di Palermo, degli edili e dei disoccupati. Costitu\u00ec il gruppo \u201cMusica e cultura\u201d e fond\u00f2 \u201cRadio Aut\u201d con cui denunci\u00f2 i delitti e gli affari dei mafiosi locali, in primis del capomafia Gaetano Badalamenti.\u00a0 Un affronto che non gli venne perdonato. Il suo assassinio passer\u00e0, per\u00f2, per un atto terroristico e per un suicidio e solo grazie alla volont\u00e0 della madre Felicia Bartolotta, del fratello Giovanni, dei suoi compagni e del Centro di documentazione siciliana fu individuata la matrice mafiosa del delitto e venne riaperta l\u2019indagine che porter\u00e0 alla condanna di Vito Palazzolo (2001) e di Gaetano Badalamenti (2002). Nel marzo 2019, il Comune di Agordo ha intitolato a Peppino Impastato il parcheggio di Tamonich. Alla cerimonia di intitolazione il sindaco di allora, Sisto Da Roit, disse: \u201cPortatevi dentro il nome di Peppino Impastato e di tutte le vittime innocenti delle mafie. Ricordatevi di loro quando dovrete fare delle scelte. Ne va della nostra vita, della nostra felicit\u00e0 e del nostro futuro\u201d. Un anno fa Radio Pi\u00f9 dedic\u00f2 a Peppino Impastato un&#8217;intera settimana, mandando in onda contributi e interviste a personaggi del mondo della scuola, della politica, della religione, dell\u2019informazione: Antonio Zanetel, studente del secondo anno del liceo linguistico Dal Piaz di Feltre e delle Scuole in rete; gli alunni della classe 3A della scuola media di Canale d\u2019Agordo dell\u2019anno scolastico 2015-16; Nicol\u00f2 Luciani del Coordinamento di Libera Belluno; Francesco Trotta, scrittore dell\u2019associazione Cosa Vostra; Ugo Dinello, giornalista della Nuova di Venezia e Mestre e autore con Luana De Francisco e Giampiero Rossi del libro \u201cMafia a Nord-Est\u201d; Umberto Santino, presidente del Centro siciliano di documentazione intitolato a Peppino Impastato; don Luigi Ciotti, presidente e fondatore di Libera; Rosy Bindi, presidente della Commissione parlamentare anti-mafia dal 2013 al 2018; Beppe Giulietti, presidente della Federazione nazionale della stampa italiana; Luigi Lo Cascio, attore che ha interpretato Peppino Impastato nel film \u201cI cento passi\u201d. All&#8217;interno della rubrica \u201cIn Vivo Verso\u201d, ogni giorno la radio aveva proposto una poesia di Peppino Impastato, letta da Loris Santomaso e accompagnata al flauto da Candida Capraro e alla chitarra da Simone Fabris. \u201c<em>Avere intitolato un piazzale a Peppino Impastato \u2013 aveva detto Beppe Giulietti, presidente della Federazione nazionale della stampa &#8211; vuol dire averne fatto un maestro di legalit\u00e0, un modello per chi oggi ha 15 anni, un modello che ispira sentimenti positivi di rispetto della persona<\/em>&#8220;. Per scoprire chi \u00e8 stato Peppino Impastato e per perpetuarne la memoria, Radio Pi\u00f9 vi invita a riascoltare in podcast sul proprio sito lo speciale a lui dedicato.<\/p>\n<blockquote class=\"wp-embedded-content\" data-secret=\"KiXvZz0aAy\"><p><a href=\"https:\/\/www.radiopiu.net\/wordpress\/peppino-e-radio-aut\/\">PEPPINO E RADIO AUT<\/a><\/p><\/blockquote>\n<p><iframe loading=\"lazy\" title=\"&#8220;PEPPINO E RADIO AUT&#8221; &#8212; Radio Pi\u00f9\" class=\"wp-embedded-content\" sandbox=\"allow-scripts\" security=\"restricted\" style=\"position: absolute; clip: rect(1px, 1px, 1px, 1px);\" src=\"https:\/\/www.radiopiu.net\/wordpress\/peppino-e-radio-aut\/embed\/#?secret=KiXvZz0aAy\" data-secret=\"KiXvZz0aAy\" width=\"600\" height=\"338\" frameborder=\"0\" marginwidth=\"0\" marginheight=\"0\" scrolling=\"no\"><\/iframe><\/p>\n","protected":false},"excerpt":{"rendered":"<p>RADIO PIU&#8217; Nella notte tra l&#8217;8 e il 9 maggio di 42 anni fa, nello stesso giorno in cui a Roma venne ritrovato il corpo di Aldo Moro, ucciso dalle Brigate Rosse, Peppino Impastato veniva ammazzato da Cosa Nostra nel suo paese, Cinisi in provincia di Palermo. Peppino era nato a Cinisi nel 1948 da&hellip;<\/p>\n","protected":false},"author":4,"featured_media":79861,"comment_status":"closed","ping_status":"closed","sticky":false,"template":"","format":"standard","meta":{"_monsterinsights_skip_tracking":false,"_monsterinsights_sitenote_active":false,"_monsterinsights_sitenote_note":"","_monsterinsights_sitenote_category":0,"footnotes":""},"categories":[51,49],"tags":[],"class_list":["post-136285","post","type-post","status-publish","format-standard","has-post-thumbnail","hentry","category-evidenza-top","category-news-18","category-51","category-49","description-off"],"img_url":"https:\/\/www.radiopiu.net\/wordpress\/wp-content\/uploads\/2019\/03\/Peppino-Impstato1-458x250.jpg","_links":{"self":[{"href":"https:\/\/www.radiopiu.net\/wordpress\/wp-json\/wp\/v2\/posts\/136285","targetHints":{"allow":["GET"]}}],"collection":[{"href":"https:\/\/www.radiopiu.net\/wordpress\/wp-json\/wp\/v2\/posts"}],"about":[{"href":"https:\/\/www.radiopiu.net\/wordpress\/wp-json\/wp\/v2\/types\/post"}],"author":[{"embeddable":true,"href":"https:\/\/www.radiopiu.net\/wordpress\/wp-json\/wp\/v2\/users\/4"}],"replies":[{"embeddable":true,"href":"https:\/\/www.radiopiu.net\/wordpress\/wp-json\/wp\/v2\/comments?post=136285"}],"version-history":[{"count":0,"href":"https:\/\/www.radiopiu.net\/wordpress\/wp-json\/wp\/v2\/posts\/136285\/revisions"}],"wp:featuredmedia":[{"embeddable":true,"href":"https:\/\/www.radiopiu.net\/wordpress\/wp-json\/wp\/v2\/media\/79861"}],"wp:attachment":[{"href":"https:\/\/www.radiopiu.net\/wordpress\/wp-json\/wp\/v2\/media?parent=136285"}],"wp:term":[{"taxonomy":"category","embeddable":true,"href":"https:\/\/www.radiopiu.net\/wordpress\/wp-json\/wp\/v2\/categories?post=136285"},{"taxonomy":"post_tag","embeddable":true,"href":"https:\/\/www.radiopiu.net\/wordpress\/wp-json\/wp\/v2\/tags?post=136285"}],"curies":[{"name":"wp","href":"https:\/\/api.w.org\/{rel}","templated":true}]}}