{"id":136354,"date":"2020-05-09T08:26:12","date_gmt":"2020-05-09T06:26:12","guid":{"rendered":"https:\/\/www.radiopiu.net\/wordpress\/?p=136354"},"modified":"2020-05-09T08:26:12","modified_gmt":"2020-05-09T06:26:12","slug":"quando-i-tirataie-si-intervistano-per-radio-piu","status":"publish","type":"post","link":"https:\/\/www.radiopiu.net\/wordpress\/quando-i-tirataie-si-intervistano-per-radio-piu\/","title":{"rendered":"QUANDO I TIRATAIE SI INTERVISTANO&#8230;. PER RADIO PIU&#8217;"},"content":{"rendered":"<p><iframe loading=\"lazy\" title=\"tirataie SG radio\" width=\"1200\" height=\"675\" src=\"https:\/\/www.youtube.com\/embed\/xDJXzU1n_e8?feature=oembed\" frameborder=\"0\" allow=\"accelerometer; autoplay; clipboard-write; encrypted-media; gyroscope; picture-in-picture\" allowfullscreen><\/iframe><\/p>\n<p>&nbsp;<\/p>\n<p><strong><a class=\"dt-pswp-item\" href=\"https:\/\/www.radiopiu.net\/wordpress\/wp-content\/uploads\/2020\/05\/tirataie-senza-giga-scaled.jpg\" data-dt-img-description=\"\" data-large_image_width=\"2560\" data-large_image_height=\"1440\"><img loading=\"lazy\" decoding=\"async\" class=\"size-medium wp-image-134664 alignleft\" src=\"https:\/\/www.radiopiu.net\/wordpress\/wp-content\/uploads\/2020\/05\/tirataie-senza-giga-300x169.jpg\" alt=\"\" width=\"300\" height=\"169\" srcset=\"https:\/\/www.radiopiu.net\/wordpress\/wp-content\/uploads\/2020\/05\/tirataie-senza-giga-300x169.jpg 300w, https:\/\/www.radiopiu.net\/wordpress\/wp-content\/uploads\/2020\/05\/tirataie-senza-giga-1024x576.jpg 1024w, https:\/\/www.radiopiu.net\/wordpress\/wp-content\/uploads\/2020\/05\/tirataie-senza-giga-768x432.jpg 768w, https:\/\/www.radiopiu.net\/wordpress\/wp-content\/uploads\/2020\/05\/tirataie-senza-giga-1536x864.jpg 1536w, https:\/\/www.radiopiu.net\/wordpress\/wp-content\/uploads\/2020\/05\/tirataie-senza-giga-2048x1152.jpg 2048w\" sizes=\"auto, (max-width: 300px) 100vw, 300px\" \/><\/a>RADIO PIU&#8217;<\/strong> E&#8217; uscito da poche ore il nuovo singolo dei Tirataie. Si intitola &#8220;Senza Giga&#8221; e i componenti del gruppo della Valle del Biois lo presentano cos\u00ec: <em>\u201cIn questo ultimo periodo ci siamo visti costretti ad annullare tutte le esibizioni dal vivo cos\u00ec, per non fermarci proprio del tutto, da Marzo abbiamo dato il via a una serie di\u00a0#CoronaVideo in cui ci divertiamo a suonare a distanza alcuni vecchi classici reinterpretandoli a modo nostro. Non c&#8217;\u00e8 voluto molto per\u00f2 prima che arrivasse l\u2019ispirazione per scrivere qualcosa di nuovo e in due settimane siamo riusciti a confezionare un singolo di cui siamo molto soddisfatti.\u00a0<\/em><em>Sia il testo che la musica della canzone ruotano attorno alla parola\u00a0<\/em>giga<em>, che ha due significati ben distinti: comunemente questo termine indica il traffico internet a disposizione, e che in questo periodo non \u00e8 mai abbastanza, ma \u00e8 anche il nome di una musica tipicamente irlandese a cui si ispirano le sonorit\u00e0 del brano. <\/em><em>Visto che tutti stiamo vivendo una situazione un po\u2019 anomala ci siamo concessi di sperimentare ma, anche se la canzone dura cinque minuti e abbiamo sostituito la fisarmonica con tastiere e sintetizzatori, la nostra impronta goliardica si sente lo stesso! Abbiamo affrontato il tema quarantena con la dovuta leggerezza ma cercando di dare un messaggio non banale: in un periodo in cui si deve rinunciare alle cose superflue quello di cui pi\u00f9 si sente la mancanza \u00e8 la compagnia dei\u00a0<\/em>s\u00f2ci<em>\u00a0(trad. amici).\u201c<\/em><\/p>\n<p style=\"font-weight: 400;\">Il singolo \u00e8 stato prodotto da\u00a0i Tirataie\u00a0in collaborazione con\u00a0Giampaolo Rossi\u00a0de \u201cIl Terzo Mondo Studio\u201d di Ponte nelle Alpi che ne ha curato la parte audio e video.<\/p>\n<p>&nbsp;<\/p>\n<p><iframe loading=\"lazy\" title=\"i Tirataie - Senza Giga\" width=\"1200\" height=\"675\" src=\"https:\/\/www.youtube.com\/embed\/crnif2mwOac?feature=oembed\" frameborder=\"0\" allow=\"accelerometer; autoplay; clipboard-write; encrypted-media; gyroscope; picture-in-picture\" allowfullscreen><\/iframe><\/p>\n<p>&nbsp;<\/p>\n","protected":false},"excerpt":{"rendered":"<p>&nbsp; RADIO PIU&#8217; E&#8217; uscito da poche ore il nuovo singolo dei Tirataie. Si intitola &#8220;Senza Giga&#8221; e i componenti del gruppo della Valle del Biois lo presentano cos\u00ec: \u201cIn questo ultimo periodo ci siamo visti costretti ad annullare tutte le esibizioni dal vivo cos\u00ec, per non fermarci proprio del tutto, da Marzo abbiamo dato&hellip;<\/p>\n","protected":false},"author":1,"featured_media":134664,"comment_status":"closed","ping_status":"closed","sticky":false,"template":"","format":"standard","meta":{"_monsterinsights_skip_tracking":false,"_monsterinsights_sitenote_active":false,"_monsterinsights_sitenote_note":"","_monsterinsights_sitenote_category":0,"footnotes":""},"categories":[49],"tags":[],"class_list":["post-136354","post","type-post","status-publish","format-standard","has-post-thumbnail","hentry","category-news-18","category-49","description-off"],"img_url":"https:\/\/www.radiopiu.net\/wordpress\/wp-content\/uploads\/2020\/05\/tirataie-senza-giga-scaled.jpg","_links":{"self":[{"href":"https:\/\/www.radiopiu.net\/wordpress\/wp-json\/wp\/v2\/posts\/136354","targetHints":{"allow":["GET"]}}],"collection":[{"href":"https:\/\/www.radiopiu.net\/wordpress\/wp-json\/wp\/v2\/posts"}],"about":[{"href":"https:\/\/www.radiopiu.net\/wordpress\/wp-json\/wp\/v2\/types\/post"}],"author":[{"embeddable":true,"href":"https:\/\/www.radiopiu.net\/wordpress\/wp-json\/wp\/v2\/users\/1"}],"replies":[{"embeddable":true,"href":"https:\/\/www.radiopiu.net\/wordpress\/wp-json\/wp\/v2\/comments?post=136354"}],"version-history":[{"count":0,"href":"https:\/\/www.radiopiu.net\/wordpress\/wp-json\/wp\/v2\/posts\/136354\/revisions"}],"wp:featuredmedia":[{"embeddable":true,"href":"https:\/\/www.radiopiu.net\/wordpress\/wp-json\/wp\/v2\/media\/134664"}],"wp:attachment":[{"href":"https:\/\/www.radiopiu.net\/wordpress\/wp-json\/wp\/v2\/media?parent=136354"}],"wp:term":[{"taxonomy":"category","embeddable":true,"href":"https:\/\/www.radiopiu.net\/wordpress\/wp-json\/wp\/v2\/categories?post=136354"},{"taxonomy":"post_tag","embeddable":true,"href":"https:\/\/www.radiopiu.net\/wordpress\/wp-json\/wp\/v2\/tags?post=136354"}],"curies":[{"name":"wp","href":"https:\/\/api.w.org\/{rel}","templated":true}]}}