{"id":136378,"date":"2020-05-10T07:36:35","date_gmt":"2020-05-10T05:36:35","guid":{"rendered":"https:\/\/www.radiopiu.net\/wordpress\/?p=136378"},"modified":"2020-05-10T08:19:16","modified_gmt":"2020-05-10T06:19:16","slug":"giornale-radiopiu-10-maggio-2020-direttore-mirko-mezzacasa","status":"publish","type":"post","link":"https:\/\/www.radiopiu.net\/wordpress\/giornale-radiopiu-10-maggio-2020-direttore-mirko-mezzacasa\/","title":{"rendered":"GIORNALE RADIOPIU 10 MAGGIO 2020 DIRETTORE MIRKO MEZZACASA"},"content":{"rendered":"<h3><strong>PER RICEVERE QUESTO NOTIZIARIO DIRETTAMENTE SUL TUO CELLULARE ISCRIVITI AL CANALE TELEGRAM\u00a0<\/strong><strong>\u201cRADIO PIU\u00a0 INFORMAZIONE\u201d<\/strong><\/h3>\n<p>&nbsp;<\/p>\n<hr \/>\n<p>&nbsp;<\/p>\n<blockquote class=\"wp-embedded-content\" data-secret=\"7RUteuJP8Y\"><p><a href=\"https:\/\/www.radiopiu.net\/wordpress\/tanti-auguri-mamme\/\">TANTI AUGURI MAMME!!!<\/a><\/p><\/blockquote>\n<p><iframe loading=\"lazy\" title=\"&#8220;TANTI AUGURI MAMME!!!&#8221; &#8212; Radio Pi\u00f9\" class=\"wp-embedded-content\" sandbox=\"allow-scripts\" security=\"restricted\" style=\"position: absolute; clip: rect(1px, 1px, 1px, 1px);\" src=\"https:\/\/www.radiopiu.net\/wordpress\/tanti-auguri-mamme\/embed\/#?secret=7RUteuJP8Y\" data-secret=\"7RUteuJP8Y\" width=\"600\" height=\"338\" frameborder=\"0\" marginwidth=\"0\" marginheight=\"0\" scrolling=\"no\"><\/iframe><\/p>\n<p>&nbsp;<\/p>\n<hr \/>\n<p>&nbsp;<\/p>\n<p><em><strong>RINVIATA ANCHE LA SAGRA DI SAN LUCANO. A COMUNICARLO LA PRO LOCO DI TAIBON AGORDINO. L\u2019APPUNTAMENTO AL PROSSIMO ANNO<\/strong><\/em><\/p>\n<p>&nbsp;<\/p>\n<hr \/>\n<p>&nbsp;<\/p>\n<p><strong><em>Gestione Servizi Pubblici informa che a GOSALDO, nelle localit\u00e0 LE FOCHE, LAMBROI, DENEORE, MAGAIT, REN, SELLE, COL TAMAI, BITTI, GIARDOI, LE CASE, CURTI e INCASAL, l\u2019acqua erogata dall\u2019acquedotto non \u00e8 potabile e pu\u00f2 essere usata per scopi alimentari SOLO PREVIA bollitura<\/em><\/strong><\/p>\n<p>&nbsp;<\/p>\n<hr \/>\n<p>&nbsp;<\/p>\n<p><strong>CHIUDE PONTE MAS, FINO AL 30 GIUGNO PER I LAVORI DI CONSOLIDAMENTO:<\/strong>\u00a0 fino al\u00a0 30 giugno sar\u00e0 chiuso sia alle macchine sia ai pedoni il collegamento principale tra i comuni di Sospirolo e Sedico.\u00a0 L\u2019intera struttura subir\u00e0 notevoli lavori di risistemazione. Un intervento urgente, specie in seguito ai danni subiti dalla piena del torrente durante Vaia.Verr\u00e0 allargata la sede stradale, sul lato sud \u00e8 programmata l\u2019installazione della passerella pedonale. Dell\u2019attuale ponte rester\u00e0 solo la struttura portante. Percorso alternativo: da Ponte Mas a Vignole in Comune di Sedico.<\/p>\n<p>&nbsp;<\/p>\n<hr \/>\n<blockquote><p><em><a class=\"dt-pswp-item\" href=\"https:\/\/www.radiopiu.net\/wordpress\/wp-content\/uploads\/2020\/05\/IMG-20200509-WA0020.jpg\" data-dt-img-description=\"\" data-large_image_width=\"600\" data-large_image_height=\"900\"><img loading=\"lazy\" decoding=\"async\" class=\" wp-image-136415 alignleft\" src=\"https:\/\/www.radiopiu.net\/wordpress\/wp-content\/uploads\/2020\/05\/IMG-20200509-WA0020-200x300.jpg\" alt=\"\" width=\"163\" height=\"245\" srcset=\"https:\/\/www.radiopiu.net\/wordpress\/wp-content\/uploads\/2020\/05\/IMG-20200509-WA0020-200x300.jpg 200w, https:\/\/www.radiopiu.net\/wordpress\/wp-content\/uploads\/2020\/05\/IMG-20200509-WA0020.jpg 600w\" sizes=\"auto, (max-width: 163px) 100vw, 163px\" \/><\/a>Il giovane\u00a0 saliva la zona del Pilastro, erano in molti\u00a0 in marcia verso il Rifugio\u00a0 Di Bona\u00a0 per sciare lungo il canalone della Tofana<\/em><\/p><\/blockquote>\n<p><strong>CORTINA<\/strong> Attorno alle 9.30 il Soccorso alpino di Cortina \u00e8 stato allertato per una valanga staccatasi in Tofana, che ha coinvolto uno scialpinista. Scendendo dalla Rozes assieme al fratello, un giovane scialpinista bellunese, Tommaso Redolfi di 23 anni, anzich\u00e9 prendere il rientro classico dallo spallone, si \u00e8 tenuto a destra dello Spigolo Zero e ha preso un canale che porta dietro Punta Marietta. A met\u00e0 discesa si \u00e8 per\u00f2 staccata una valanga che lo ha trascinato per oltre 200 metri. Il fratello Francesco di 27 anni, \u00a0rimasto pi\u00f9 in alto, ha subito lanciato l&#8217;allarme e sul posto si \u00e8 diretto l&#8217;elicottero del Suem di Pieve di Cadore, dopo aver imbarcato personale del Soccorso alpino e della Guardia di finanza di Cortina. Una volta individuato il corpo a circa 2.550 metri di quota, i soccorritori sono stati sbarcati con un verricello di 70 metri. La salma, ricomposta e imbarellata, \u00e8 stata recuperata e trasportata a valle, per essere poi accompagnata nella cella mortuaria di Cortina. L&#8217;eliambulanza ha imbarcato anche il fratello del giovane, rimasto illeso. Si \u00e8 trattato di un incidente, una drammatica fatalit\u00e0 e il Pubblico Ministero\u00a0 Katjuscia D&#8217;Orlando, ha messo da subito\u00a0 la salma a disposizione dei famigliari. Sul posto oltre agli uomini del Soccorso Alpino della Guardia di Finanza di Cortina e i sanitari del Suem 118\u00a0 anche\u00a0 i carabinieri della stazione di Cortina. Tutti si sono dati da fare per portare aiuto al giovan, purtroppo tutto \u00e8 stato inutile.<\/p>\n<p>&nbsp;<\/p>\n<p>&nbsp;<\/p>\n<blockquote><p><em><a class=\"dt-pswp-item\" href=\"https:\/\/www.radiopiu.net\/wordpress\/wp-content\/uploads\/2020\/05\/293344_1595020890685_2081556801_n.jpg\" data-dt-img-description=\"\" data-large_image_width=\"650\" data-large_image_height=\"493\"><img loading=\"lazy\" decoding=\"async\" class=\"wp-image-136464 alignright\" src=\"https:\/\/www.radiopiu.net\/wordpress\/wp-content\/uploads\/2020\/05\/293344_1595020890685_2081556801_n-300x228.jpg\" alt=\"\" width=\"170\" height=\"129\" srcset=\"https:\/\/www.radiopiu.net\/wordpress\/wp-content\/uploads\/2020\/05\/293344_1595020890685_2081556801_n-300x228.jpg 300w, https:\/\/www.radiopiu.net\/wordpress\/wp-content\/uploads\/2020\/05\/293344_1595020890685_2081556801_n.jpg 650w\" sizes=\"auto, (max-width: 170px) 100vw, 170px\" \/><\/a>Morire a vent&#8217;anni, vedere morire il fratello a vent&#8217;anni senza poter fare nulla se non urlare al cielo, comporre il 118 con il tremore delle mani e affidarsi al fato. Una cattiveria della vita, terribile, di quelle che segnano. Me li immagino i due fratelli, salire in auto dopo 40 giorni di quarantena senza violare alcun divieto perch\u00e9 l&#8217;ordinanza della Regione lo concede da giorni, uno spostamento per praticare lo sport. Tommaso di sport ne praticava tanti, ma amava soprattutto lo sci. Me lo immagino, nel pieno dei vent&#8217;anni, carico di adrenalina riprendersi quella liber\u00e0 negatagli dall&#8217;8 marzo scorso. Una voglia matta di sentire l&#8217;aria sulla faccia, l&#8217;ebbrezza di inforcare gli sci, scendere con il sorriso sulle labbra seguito dal suo fratellone. Una cattiveria della vita interrompere quel sogno e causare tanto dolore ai suoi famigliari, ma non solo, perch\u00e9 una tragedia cos\u00ec grande sconvolge l&#8217;intera Belluno dove Tommaso abitava, sconvolge un&#8217;intera provincia che si unisce nel dolore, e tutto il popolo dolomitico che per settimane ha guardato dalla finestra le montagne imbiancate, mai come quest&#8217;anno, splendenti sotto al sole, mai una primavera tanto dolce. Nessuna colpa ai due giovani e ai tanti che si sono ripresi la libert\u00e0 negata in questo fine settimana, il primo dopo il lockdown, una libera uscita legittima. Per chi resta il dolore \u00e8 enorme, e in questo momento mi sento di dire solo forza Francesco, non sar\u00e0 facile esprimere il terrore che hai dentro a parole, ma cerca di spiegare alle persone attorno a te cosa provi. Gli amici intimi e i famigliari vorranno aiutarti, ma non sempre sapranno come, per cui dire loro come ti senti e come vuoi che si comportino li aiuter\u00e0 a capire come esserti di aiuto.\u00a0 Fatti forza Francesco, anche quando\u00a0 ti\u00a0 chiederanno come stanno i tuoi genitori e\u00a0 potr\u00e0 sembrare\u00a0 doloroso e irriverente perch\u00e9 avrai come la sensazione che la gente ignori i tuoi sentimenti a vantaggio di\u00a0 altri. Ma lo faranno solo\u00a0 per esserti\u00a0 di aiuto e potrebbero sentirsi a disagio nel chiederti direttamente come stai, le tue emozioni e il tuo modo di affrontare il dolore avranno sempre la stessa valenza di chiunque altro. Caro Francesco che i ricordi felici del tempo che hai trascorso con Tommaso\u00a0 inondino il tuo cuore addolorato e\u00a0 quando i morsi del dolore si faranno pi\u00f9 forti\u00a0 trasformali in lacrime ma dietro ci sar\u00e0 sempre un sorriso, quello contagioso che ti ha reso complice del tuo fratellino. <\/em><\/p>\n<p>mirko<\/p><\/blockquote>\n<p><strong>IL VIDEO DEL RECUPERO<\/strong><\/p>\n<div style=\"width: 848px;\" class=\"wp-video\"><video class=\"wp-video-shortcode\" id=\"video-136378-1\" width=\"848\" height=\"480\" preload=\"metadata\" controls=\"controls\"><source type=\"video\/mp4\" src=\"https:\/\/www.radiopiu.net\/wordpress\/wp-content\/uploads\/2020\/05\/TOFANA.mp4?_=1\" \/><a href=\"https:\/\/www.radiopiu.net\/wordpress\/wp-content\/uploads\/2020\/05\/TOFANA.mp4\">https:\/\/www.radiopiu.net\/wordpress\/wp-content\/uploads\/2020\/05\/TOFANA.mp4<\/a><\/video><\/div>\n<p><strong>L&#8217;INTERVENTO DI GIANPAOLO BOTTACIN DURANTE LA RASSEGNA STAMPA DI OGGI, l&#8217;appello alla prudenza<\/strong><\/p>\n<audio class=\"wp-audio-shortcode\" id=\"audio-136378-1\" preload=\"none\" style=\"width: 100%;\" controls=\"controls\"><source type=\"audio\/mpeg\" src=\"https:\/\/www.radiopiu.net\/wordpress\/wp-content\/uploads\/2020\/05\/BOTTA-VALANGA.mp3?_=1\" \/><a href=\"https:\/\/www.radiopiu.net\/wordpress\/wp-content\/uploads\/2020\/05\/BOTTA-VALANGA.mp3\">https:\/\/www.radiopiu.net\/wordpress\/wp-content\/uploads\/2020\/05\/BOTTA-VALANGA.mp3<\/a><\/audio>\n<blockquote><p><strong>Un&#8217;altra valanga si \u00e8 staccata nella mattinata da Punta Penia in\u00a0 Marmolada. Non risultano persone coinvolte.<\/strong><\/p><\/blockquote>\n<hr \/>\n<p>&nbsp;<\/p>\n<p>&#x1f5de; <strong>RIEPILOGO DELLA GIORNATA<\/strong>\u00a0 \u2022 In Italia <strong>1.083 nuovi casi <\/strong>nelle ultime 24 ore. I guariti <strong>superano quota 100mila<\/strong>; \u2022 Trump: &#8220;Il virus<strong> passer\u00e0 senza vaccino<\/strong>&#8220;. Obama: \u201cGestione <strong>disastrosa<\/strong>\u201d; \u2022 Germania, <strong>dopo le riaperture <\/strong>il tasso di contagio risale a 1.1; \u2022 La Cina ammette: &#8220;<strong>Ci sono state lacune <\/strong>nella gestione dell\u2019epidemia&#8221;.<\/p>\n<p>&nbsp;<\/p>\n<p>Il Ministero della Salute dal tavolo dei ragionamenti informa che il Veneto \u00e8 territorio a basso rischio. Lo si apprende dal &#8220;Report 0: situazione alla fine del lockdown&#8221; che non \u00e8 il titolo di un film ma il primo rapporto della fase 2 che tiene conto dell&#8217;efficienza sanitaria, andamento del contagio e capacit\u00e0 di accertamento. Al Report 0, come nelle telenovele, seguir\u00e0 l&#8217;uno, il due il tre e chiss\u00e0 quanti ancora di qui al prossimo Natale. Perch\u00e9 le indagini saranno ripetute settimanalmente ed a queste sono legate le riaperture differenziate. A questo proposito il presidente Luca Zaia continua a marcare stretto il Premier Giuseppe Conte. La richiesta \u00e8 sempre la stessa: <em>&#8220;Aprire tutto e subito&#8221;.<\/em> Se Zaia \u00e8 l&#8217;uomo dell&#8217;ora di pranzo, ogni giorno la conferenza stampa inizia puntuale alle 12.30, Conte \u00e8 l&#8217;uomo dell&#8217;ora di cena, molto spesso al sabato sera inizio del fine settimana <em>&#8220;Mi aspetto &#8211; ha detto ieri il Premier &#8211; che Conte questa sera faccia la sua comparsa in televisione e ci dica le sue nuove idee&#8221;.<\/em> Ma probabilmente ieri sera il Premier aveva altro da fare, in televisione e dai suoi canali social manco l&#8217;ombra cos\u00ec come dei titoli di coda di un film iniziato a fine febbraio <em>&#8220;Dobbiamo organizzarci &#8211; incalza Zaia &#8211; noi con la prevenzione, soprattutto commercianti e ristoratori che devono riaprire e non possono certo saperlo il 17 sera se la ripartenza in blocco \u00e8 previsto per lunedi 18. Il Veneto rispetto ai 21 indicatori scelti per la ripartenza \u00e8 a buon punto, ma qui siamo in una battaglia navale, un colpo di vento e siamo fuori. Speriamo che non ci si sia chi applica la sua vera creativit\u00e0 per complicare la vita ai cittadini, un conto \u00e8 l&#8217;esercizio scientifico, tutt&#8217;altro la vita reale&#8221;.<\/em> La vita reale ad esempio \u00e8 trovare le mascherina a 50 centesimi perch\u00e9 a questo prezzo nessuno vuole produrle, la vita reale sono gli incoscienti che girano per le strade e nei supermercati senza protezioni, nemmeno la mascherina e il rischio di riaccendere i focolai si rialza e la possibilit\u00e0 di ritornare in quarantena \u00e8 dietro l&#8217;angolo. A proposito delle idee creative si \u00e8 sentito anche che i tavoli dei ristoranti dovranno trovare spazio a 4 metri uno dall&#8217;altro.<em> &#8220;Il tavolo a 4 metri se lo metta a casa sua &#8211; ha attaccato Zaia &#8211; o nella vita reale chiudiamo tutti i ristoranti. Se vogliamo rischio zero tutti dovrebbero girare scafandrati per qualsiasi malattia&#8221;.<\/em> <em>Un&#8217;altra affermazione davanti ai giornalisti della CBS presenti a Marghera in conferenza stampa: &#8220;Se \u00e8 vero che il virus sta perdendo forza vuol dire che \u00e8 artificiale, un virus in natura non perde certo forza a questa velocit\u00e0&#8221;.<\/em> La barzeletta all&#8217;italiana: Ieri il Governo ha di nuovo chiuso tutte le attivit\u00e0 riaperte in Calabria, il Tar dove \u00e8 stata impugnata l&#8217;ordinanza ha annullato l&#8217;ordinanza stesse perch\u00e8 <em>&#8220;Le misure spettano al Governo&#8221;,\u00a0<\/em>infatti nelle stesse ore Bolzano ha dato il permesso di aprire tutto, bar, ristoranti, musei, sale giochi, tutto. Ovviamente un altro Governo dove non si pu\u00f2 nemmeno ricorrere al Tar, gli atti costituzionali sono altra cosa, ci vuole pi\u00f9 tempo, e quando arriver\u00e0 il conto della quarantena avremo solo un ricordo.\u00a0 <strong>NELLE ULTIME 24 ORE IN VENETO<\/strong> Nuovi casi di positivi + 53\u00a0 (giovedi 73) da inizio epidemia 18.702, attualmente positivi\u00a0 5814 (-165) deceduti 1650\u00a0 (+9 dato totale), negativizzati\/guariti 11238 (+209) in isolamento domiciliare 5163 (-340), ricoverati 925: in ospedale 726 (-22), ospedali di comunit\u00e0 122, terapia intensiva 77 (-1),\u00a0 dimessi\u00a0 3188 (+25), decessi ospedale 1289 ( +8), totale decessi 1650. <strong>NELLE ULTIME 24 ORE IN PROVINCIA DI BELLUNO<\/strong> Casi positivi\u00a0 1 (giovedi 0) dal 21 febbraio 1146, attualmente positivi 484\u00a0 (-26) , deceduti 96 (2),\u00a0 negativizzati\/guariti 566 (+12), in isolamento domiciliare 886\u00a0 (-3), ricoverati ospedale San Martino 8 (-5), terapia intensiva 3 (-1), ospedale di Comunit\u00e0 di Belluno 16\u00a0 (+4)\u00a0 Agordo 19 (-1)<\/p>\n<p>&nbsp;<\/p>\n<p>&nbsp;<\/p>\n<p>&nbsp;<\/p>\n<p>&nbsp;<\/p>\n<p>&nbsp;<\/p>\n<hr \/>\n<div class=\"page-title-head hgroup\">\n<blockquote>\n<h3 class=\"entry-title\">DUE DECESSI NELLA NOTTE, SI ABBASSA L\u2019ETA\u2019 DELLE VITTIME<\/h3>\n<\/blockquote>\n<\/div>\n<div class=\"page-title-breadcrumbs\">\n<p><strong><a class=\"dt-pswp-item\" href=\"https:\/\/www.radiopiu.net\/wordpress\/wp-content\/uploads\/2020\/03\/covid-ulss.jpg\" data-dt-img-description=\"\" data-large_image_width=\"800\" data-large_image_height=\"600\"><img loading=\"lazy\" decoding=\"async\" class=\"wp-image-121260 alignleft\" src=\"https:\/\/www.radiopiu.net\/wordpress\/wp-content\/uploads\/2020\/03\/covid-ulss-300x225.jpg\" alt=\"\" width=\"191\" height=\"143\" srcset=\"https:\/\/www.radiopiu.net\/wordpress\/wp-content\/uploads\/2020\/03\/covid-ulss-300x225.jpg 300w, https:\/\/www.radiopiu.net\/wordpress\/wp-content\/uploads\/2020\/03\/covid-ulss-768x576.jpg 768w, https:\/\/www.radiopiu.net\/wordpress\/wp-content\/uploads\/2020\/03\/covid-ulss.jpg 800w\" sizes=\"auto, (max-width: 191px) 100vw, 191px\" \/><\/a>BELLUNO\u00a0<\/strong>Due decessi ieri notte,\u00a0 \u00e8 morta una paziente covid positiva di\u00a0 67 anni, ricoverata in Terapia Intensiva di Belluno e residente in Ulss Dolomiti e una paziente covid\u00a0 positiva di\u00a0 72 anni , ricoverata in Pneumologia COVID di Belluno e residente in Ulss Dolomiti.<\/p>\n<p><strong>72\u00a0 DECESSI NEGLI OSPEDALI BELLUNESI DAL 21 FEBBRAIO<\/strong>\u00a0Ospedale San Martino di Belluno 50 (+2), Feltre 6, Belluno Ospedale di Comunit\u00e0 15 (+1), Agordo 1 e Pieve di Cadore 1.<\/p>\n<p>&nbsp;<\/p>\n<p>&nbsp;<\/p>\n<hr \/>\n<\/div>\n<p>&nbsp;<\/p>\n<p><strong>L&#8217;INTERVENTO A RADIO PIU&#8217; DI GIANPAOLO BOTTACIN, ASSESSORE REGIONALE<\/strong><\/p>\n<audio class=\"wp-audio-shortcode\" id=\"audio-136378-2\" preload=\"none\" style=\"width: 100%;\" controls=\"controls\"><source type=\"audio\/mpeg\" src=\"https:\/\/www.radiopiu.net\/wordpress\/wp-content\/uploads\/2020\/05\/BOTTACIN-TAGLIAFUOCO-TAIBON.mp3?_=2\" \/><a href=\"https:\/\/www.radiopiu.net\/wordpress\/wp-content\/uploads\/2020\/05\/BOTTACIN-TAGLIAFUOCO-TAIBON.mp3\">https:\/\/www.radiopiu.net\/wordpress\/wp-content\/uploads\/2020\/05\/BOTTACIN-TAGLIAFUOCO-TAIBON.mp3<\/a><\/audio>\n<p>&nbsp;<\/p>\n<p>&nbsp;<\/p>\n<div class=\"page-title-breadcrumbs\">\n<hr \/>\n<\/div>\n<p>&nbsp;<\/p>\n<p>&nbsp;<\/p>\n<p>&nbsp;<\/p>\n<p>&nbsp;<\/p>\n<div class=\"page-title-breadcrumbs\">\n<blockquote>\n<h3>DATI E GRAFICI DEL GIORNO, PROVINCIA \u2013 REGIONE 09 MAGGIO 2020<\/h3>\n<\/blockquote>\n<p><strong>Con la collaborazione di Tiziano De Col<\/strong><\/p>\n<p>Incremento giornalieri di postivi molto basso anche oggi in provincia, tra i pi\u00f9 bassi del Veneto che non scende \u00e8 il rapporto contagi\/popolazione, il pi\u00f9 alto del Veneto anche se si sta assottigliando la differenza con Verona<\/p>\n<p><a class=\"dt-pswp-item\" href=\"https:\/\/www.radiopiu.net\/wordpress\/wp-content\/uploads\/2020\/05\/Schermata-2020-05-09-alle-19.18.49.png\" data-dt-img-description=\"\" data-large_image_width=\"816\" data-large_image_height=\"448\"><img loading=\"lazy\" decoding=\"async\" class=\"alignnone wp-image-136508\" src=\"https:\/\/www.radiopiu.net\/wordpress\/wp-content\/uploads\/2020\/05\/Schermata-2020-05-09-alle-19.18.49-300x165.png\" alt=\"\" width=\"342\" height=\"188\" srcset=\"https:\/\/www.radiopiu.net\/wordpress\/wp-content\/uploads\/2020\/05\/Schermata-2020-05-09-alle-19.18.49-300x165.png 300w, https:\/\/www.radiopiu.net\/wordpress\/wp-content\/uploads\/2020\/05\/Schermata-2020-05-09-alle-19.18.49-768x422.png 768w, https:\/\/www.radiopiu.net\/wordpress\/wp-content\/uploads\/2020\/05\/Schermata-2020-05-09-alle-19.18.49.png 816w\" sizes=\"auto, (max-width: 342px) 100vw, 342px\" \/><\/a><a class=\"dt-pswp-item\" href=\"https:\/\/www.radiopiu.net\/wordpress\/wp-content\/uploads\/2020\/05\/4a7a98fc-abf4-41f7-bd61-5a89eb5cf056.jpg\" data-dt-img-description=\"\" data-large_image_width=\"574\" data-large_image_height=\"360\"><img loading=\"lazy\" decoding=\"async\" class=\"alignnone size-medium wp-image-136509\" src=\"https:\/\/www.radiopiu.net\/wordpress\/wp-content\/uploads\/2020\/05\/4a7a98fc-abf4-41f7-bd61-5a89eb5cf056-300x188.jpg\" alt=\"\" width=\"300\" height=\"188\" srcset=\"https:\/\/www.radiopiu.net\/wordpress\/wp-content\/uploads\/2020\/05\/4a7a98fc-abf4-41f7-bd61-5a89eb5cf056-300x188.jpg 300w, https:\/\/www.radiopiu.net\/wordpress\/wp-content\/uploads\/2020\/05\/4a7a98fc-abf4-41f7-bd61-5a89eb5cf056.jpg 574w\" sizes=\"auto, (max-width: 300px) 100vw, 300px\" \/><\/a><a class=\"dt-pswp-item\" href=\"https:\/\/www.radiopiu.net\/wordpress\/wp-content\/uploads\/2020\/05\/fecc4fd9-e95b-406d-ac9d-92d2c7b8c795.jpg\" data-dt-img-description=\"\" data-large_image_width=\"680\" data-large_image_height=\"370\"><img loading=\"lazy\" decoding=\"async\" class=\"alignnone size-medium wp-image-136510\" src=\"https:\/\/www.radiopiu.net\/wordpress\/wp-content\/uploads\/2020\/05\/fecc4fd9-e95b-406d-ac9d-92d2c7b8c795-300x163.jpg\" alt=\"\" width=\"300\" height=\"163\" srcset=\"https:\/\/www.radiopiu.net\/wordpress\/wp-content\/uploads\/2020\/05\/fecc4fd9-e95b-406d-ac9d-92d2c7b8c795-300x163.jpg 300w, https:\/\/www.radiopiu.net\/wordpress\/wp-content\/uploads\/2020\/05\/fecc4fd9-e95b-406d-ac9d-92d2c7b8c795.jpg 680w\" sizes=\"auto, (max-width: 300px) 100vw, 300px\" \/><\/a><\/p>\n<p>&nbsp;<\/p>\n<p>&nbsp;<\/p>\n<hr \/>\n<p>&nbsp;<\/p>\n<blockquote>\n<h2>LEGGI LA CONFERENZA DI LUCA ZAIA<\/h2>\n<\/blockquote>\n<p><strong><em>FARO&#8217; INCAZZARE QUALCUNO, SE IL VIRUS PERDE FORZA SIGNIFICA CHE E&#8217; ARTIFICIALE &#8211; OGGI IN SALA E&#8217; PRESENTE LA CBS. SE LA GERMANIA RI CONTAGIATA HA BISOGNO DELLA SANITA&#8217; VENETA CI SIAMO GLI PRESTIAMO ANCHE L&#8217;OSPEDALE DA CAMPO. NUOVO DPCM? DOVREBBE AVERE UN SOLO ARTICOLO:\u00a0 CHE LE REGIONI SI ARRANGINO CIOE&#8217; CHE VENGANO DELEGATE PER LA SANITA&#8217; VENETA. &#8220;A FAR REGOLE SI MUORE DI REGOLE, MOLTE NON LE ABBIAMO FATTE NOI&#8221;. ELEZIONI \u00a0Salvini indica\u00a0 ottobre ai parlamentari e nessun parlamentare leghista ha obiettato. &#8220;Ho letto anche io &#8211; risponde Zaia-\u00a0 ma non ne so nulla di questa riunione&#8221;.<\/em><\/strong><\/p>\n<p><strong>RIAPERTURE<\/strong> Auspico che il Governo dica qualche cosa, se hanno deciso di reiterare il Decreto lo devono dire prima del 17 maggio, che si apra in maniera programmata la gente deve organizzarsi, anche noi con la prevenzione e spero che le linee guida siano ragionevoli che non si applichino con creativit\u00e0 creando disagi ai cittadini: il tavolo a 4 metri se lo metta a casa sua o nella vita reale chiudiamo tutti i ristoranti. Se vogliamo rischio zero tutti dovrebbero girare scafandrati per qualsiasi malattia.<\/p>\n<p><strong>MASCHERINA<\/strong> Se non si usano il rischio di ritorno di focolai \u00e8 alto, e il rischio di un nuovo lockdown. E&#8217; un impegno. Ci arrivano immagini di persone che girano senza mascherina, anche nei supermercati. All&#8217;imbarcadero del Cavallino c&#8217;erano persone senza incoscienti e senza rispetto per se stessi e gli altri: il dispositivo va usato.<\/p>\n<h1>DOMANDE<\/h1>\n<p><strong>NON SI TROVANO LE MASCHERINE<\/strong> Io l&#8217;avevo detto. A 50 centesime non le vende nessuno perch\u00e9 ci rimette anche il farmacista. E&#8217; un problema reale. E&#8217; un problema e l&#8217;avevamo detto.<\/p>\n<p><strong>DONAZIONI<\/strong>\u00a057 MILIONI INCAMERATI, SPESI OLTRE 100 MILIONI<\/p>\n<p><strong>BANCA DEL PLASMA Ha invitato i guariti ad andare a donare il sangue, visto che da gennaio il personale \u00e8 in numero ridotto come si fa a gestire una massa del genere?\u00a0<\/strong> Sono 3500 in 10 Ulss, 350 per Ulss \u00e8 sufficiente programmare e c&#8217;\u00e8 una quota che ha gi\u00e0 donato. Rispetto allo scenario di prima ci sono almeno 1000 persone in pi\u00f9 assunte, che i direttori programmino la raccolta. Risolveremo anche questo problema.<\/p>\n<p><strong>AUMENTO DEI POSITIVI E DIMINUZIONE TERAPIE INTESIVE un ricercatore dice che il virus sta perdendo forza durante le mutazioni.<\/strong> Se perde forza vuol dire che \u00e8 artificiale, so che faro&#8217; incazzare qualcuno. Ma potrebbe essere un virus artificiale. La fase endemica \u00e8 oggi meno rappresentata, saranno le temperature, il virus che si \u00e8 spompato e se ne va senza recidiva autunnale. Io sono d&#8217; accordo con questo scienziato e ci potrebbe essere qualche cosa di artificiale di mezzo.<\/p>\n<p><strong>INTERLOCUZIONI CON IL GOVERNO INCERTEZZA ANCHE PER IL 18?<\/strong> Spero che stasera come ogni sabato compaia il Presidente del Consiglio e ci dica la sua, magari che dal 18 non rifa&#8217; il Decreto. Ieri ha avuto colloqui con il comitato scientifico, ora \u00e8 una sua competenza. Se vuole un consiglio dovrebbe fare il DPCM con un unico articolo: delegare le Regioni per l&#8217;emergenza sanitaria<\/p>\n<p><strong>RICHIUSE DELLE PROVINCE<\/strong> Ce l&#8217;avete detto per mesi che la Germania non \u00e8 il Veneto adesso noi non siamo la Germania non sar\u00e0 mica colpa nostra se hanno il ri-contagio, per noi sono dei fratelli hanno contribuito alla crescita del Veneto e se hanno bisogno\u00a0 ci siamo.<\/p>\n<p><strong>IMPIANTI DI RISALITA<\/strong> Noi sosteniamo le aperture di tutto nel rispetto dei temi sanitari, siamo per riaprire tutto.<\/p>\n<p><strong>FOGLIO ROSA COL GENITORE ACCANTO?<\/strong> Si e anche senza mascherina perche&#8217; sono congiunti<\/p>\n<p><strong>SECONDO CASE CI SI PUO&#8217; FERMARE PER LAVORI LUNGHI PER PIU&#8217; DI UNA GIORNATA<\/strong> Non modifico l&#8217;ordinanza \u00e8 il limite oltre al quale non possiamo andare<\/p>\n<p><strong>PADOVA APRONO NEGOZI ANCHE DI ABBIGLIAMENTO I VIGILI NON INTERVENGONO C&#8217;E&#8217; GENTE SENZA MASCHERINA GLI SCIENZIATI HANNO RAGIONE A NON FIDARSI DI NOI<\/strong>. Sul fatto che gli scienziati abbiamo sempre ragione ho qualche dubbio. Sui nostri comportamenti rimarco il fatto dell&#8217;importanza del rispetto delle regole. Se le Forze di Polizia non intervengono nelle riaperture mi sembra strano.<\/p>\n<p><strong>21 INDICATORI DI RISCHIO FISSATI DAL MINISTERO<\/strong> E&#8217; come la battaglia navale, un colpo d&#8217;aria e sei fuori<\/p>\n<p><strong>UNA GIORNATA PER I LAVORATORI DELLA SANITA&#8217;?<\/strong>\u00a0 Si assieme alla giornata per chi ha perso la vita per il Covid.<\/p>\n<p><strong>ELEZIONI IN AUTUNNO<\/strong> Ho fatto appello al Presidente della Repubblica per votare prima non \u00e8 possibile aprire tutto il 18 maggio e dopo 2 mesi non andare a votare dove il divieto di assembramento \u00e8 per legge. Che i cittadini siano protagonisti e che a luglio si vada a votare.<\/p>\n<p><strong>NON PARTE IL VAPORETTO C&#8217;ERANO 13 PERSONE IN PIU&#8217;<\/strong>\u00a0 Le norme\u00a0 confliggono con la vita quotidiana. Il problema aumenter\u00e0, a far regole si muore di regole e queste non le abbiamo fatte noi<\/p>\n<p><strong>EDUCATRICE DELLE SCUOLE CHIEDE UN MESSAGGIO PER I BAMBINI<\/strong> Sono stati bravissimi, hanno rispettato le regole. Sono stati bravi non sono in casa per punizione con il loro sacrificio stanno salvando gli adulti, i nonni, sono i veri eroi con i ragazzi che mi mandano le foto degli irresponsabili senza mascherina.\u00a0 ALLE EDUCATRICI So quante amiate.\u00a0 Scuole e centri estivi chiusi. E&#8217; un dramma, ci serve il parere del comitato tecnico scientifico, il problema dei soldi lo affrontiamo, ma dobbiamo avere il via libera. Se il governo ci desse un parere scientifico potremmo scrivere un&#8217;ordinanza e decidere qualcosa sulle scuole.<\/p>\n<p>&nbsp;<\/p>\n<p>&nbsp;<\/p>\n<hr \/>\n<p>&nbsp;<\/p>\n<blockquote>\n<h3>MANUELA LANZARIN: IL PUNTO SULLE ASSUNZIONI NELLE ULSS VENETE<\/h3>\n<\/blockquote>\n<p><strong><a class=\"dt-pswp-item\" href=\"https:\/\/www.radiopiu.net\/wordpress\/wp-content\/uploads\/2020\/04\/MANUELA-LANZARIN.jpg\" data-dt-img-description=\"\" data-large_image_width=\"639\" data-large_image_height=\"480\"><img loading=\"lazy\" decoding=\"async\" class=\" wp-image-133951 alignleft\" src=\"https:\/\/www.radiopiu.net\/wordpress\/wp-content\/uploads\/2020\/04\/MANUELA-LANZARIN-300x225.jpg\" alt=\"\" width=\"180\" height=\"135\" srcset=\"https:\/\/www.radiopiu.net\/wordpress\/wp-content\/uploads\/2020\/04\/MANUELA-LANZARIN-300x225.jpg 300w, https:\/\/www.radiopiu.net\/wordpress\/wp-content\/uploads\/2020\/04\/MANUELA-LANZARIN.jpg 639w\" sizes=\"auto, (max-width: 180px) 100vw, 180px\" \/><\/a>VENEZIA<\/strong> Al termine della conferenza stampa di Luca Zaia, ha preso parola l&#8217;assessore alla sanit\u00e0 Manuela Lanzarin che ha fatto il punto sulle assunzioni nelle ULSS venete.<\/p>\n<\/div>\n<audio class=\"wp-audio-shortcode\" id=\"audio-136378-3\" preload=\"none\" style=\"width: 100%;\" controls=\"controls\"><source type=\"audio\/mpeg\" src=\"https:\/\/www.radiopiu.net\/wordpress\/wp-content\/uploads\/2020\/05\/LANZARIN-ASSUNZIONI-SANITA.mp3?_=3\" \/><a href=\"https:\/\/www.radiopiu.net\/wordpress\/wp-content\/uploads\/2020\/05\/LANZARIN-ASSUNZIONI-SANITA.mp3\">https:\/\/www.radiopiu.net\/wordpress\/wp-content\/uploads\/2020\/05\/LANZARIN-ASSUNZIONI-SANITA.mp3<\/a><\/audio>\n<p>&nbsp;<\/p>\n<p>&nbsp;<\/p>\n<div class=\"page-title-breadcrumbs\">\n<p><strong>LA TABELLA DELLE ASSUNZIONI DISTRIBUITA DALLA REGIONE<\/strong><\/p>\n<a href=\"https:\/\/www.radiopiu.net\/wordpress\/wp-content\/uploads\/2020\/05\/688-2020-TABELLA-Report-Giornaliero-08-maggio-2020.pdf\" class=\"pdfemb-viewer\" style=\"\" data-width=\"max\" data-height=\"max\" data-toolbar=\"top\" data-toolbar-fixed=\"on\">688-2020 TABELLA Report Giornaliero - 08 maggio 2020<\/a>\n<p>&nbsp;<\/p>\n<p>&nbsp;<\/p>\n<hr \/>\n<p>&nbsp;<\/p>\n<div class=\"page-title-head hgroup\">\n<blockquote>\n<h3 class=\"entry-title\">\u201cDE COCCIO\u201d: 2 SANZIONI IN 24 ORE<\/h3>\n<\/blockquote>\n<\/div>\n<div class=\"page-title-breadcrumbs\">\n<p><strong>BELLUNO<\/strong>\u00a0520 persone controllate e 2 sanzioni. Questo il riepilogo della Prefettura di Belluno sui controlli per il contenimento del Covid-19. 42 sanzioni da inizio settimana e 2716 persone controllate. Il lavoro delle Forze dell\u2019Ordine consiste anche nel controllare gli esercizi commerciali. 1001 attivit\u00e0 controllate e nessuna irregolarit\u00e0 nella giornata di venerd\u00ec.<\/p>\n<p class=\"photoswipe-wrapper\"><a class=\"dt-pswp-item pspw-wrap-ready\" href=\"https:\/\/i2.wp.com\/www.radiopiu.net\/wordpress\/wp-content\/uploads\/2020\/05\/MONITORAGGIO_GIORNALIERO_DEI_SERVIZI_DI_CONTROLLO_DEL_08.05.2020.jpg?ssl=1\" data-dt-img-description=\"\" data-large_image_width=\"1240\" data-large_image_height=\"1753\"><img loading=\"lazy\" decoding=\"async\" class=\"alignnone wp-image-136363 jetpack-lazy-image jetpack-lazy-image--handled\" src=\"https:\/\/i2.wp.com\/www.radiopiu.net\/wordpress\/wp-content\/uploads\/2020\/05\/MONITORAGGIO_GIORNALIERO_DEI_SERVIZI_DI_CONTROLLO_DEL_08.05.2020.jpg?resize=724%2C1024&amp;ssl=1\" sizes=\"auto, (max-width: 724px) 100vw, 724px\" srcset=\"https:\/\/i2.wp.com\/www.radiopiu.net\/wordpress\/wp-content\/uploads\/2020\/05\/MONITORAGGIO_GIORNALIERO_DEI_SERVIZI_DI_CONTROLLO_DEL_08.05.2020.jpg?resize=724%2C1024&amp;ssl=1 724w, https:\/\/i2.wp.com\/www.radiopiu.net\/wordpress\/wp-content\/uploads\/2020\/05\/MONITORAGGIO_GIORNALIERO_DEI_SERVIZI_DI_CONTROLLO_DEL_08.05.2020.jpg?resize=212%2C300&amp;ssl=1 212w, https:\/\/i2.wp.com\/www.radiopiu.net\/wordpress\/wp-content\/uploads\/2020\/05\/MONITORAGGIO_GIORNALIERO_DEI_SERVIZI_DI_CONTROLLO_DEL_08.05.2020.jpg?resize=768%2C1086&amp;ssl=1 768w, https:\/\/i2.wp.com\/www.radiopiu.net\/wordpress\/wp-content\/uploads\/2020\/05\/MONITORAGGIO_GIORNALIERO_DEI_SERVIZI_DI_CONTROLLO_DEL_08.05.2020.jpg?resize=1087%2C1536&amp;ssl=1 1087w, https:\/\/i2.wp.com\/www.radiopiu.net\/wordpress\/wp-content\/uploads\/2020\/05\/MONITORAGGIO_GIORNALIERO_DEI_SERVIZI_DI_CONTROLLO_DEL_08.05.2020.jpg?w=1240&amp;ssl=1 1240w\" alt=\"\" width=\"283\" height=\"400\" data-recalc-dims=\"1\" data-lazy-loaded=\"1\" \/><\/a><\/p>\n<p>&nbsp;<\/p>\n<p>&nbsp;<\/p>\n<hr \/>\n<p>&nbsp;<\/p>\n<blockquote>\n<h3>NUOVA VIABILITA&#8217; ALL&#8217;OSPEDALE DI FELTRE<\/h3>\n<\/blockquote>\n<p class=\"p1\"><span class=\"s1\"><b><a class=\"dt-pswp-item\" href=\"https:\/\/www.radiopiu.net\/wordpress\/wp-content\/uploads\/2019\/02\/ospedale-di-feltre.jpeg\" data-dt-img-description=\"\" data-large_image_width=\"650\" data-large_image_height=\"463\"><img loading=\"lazy\" decoding=\"async\" class=\"size-medium wp-image-76822 alignleft\" src=\"https:\/\/www.radiopiu.net\/wordpress\/wp-content\/uploads\/2019\/02\/ospedale-di-feltre-300x214.jpeg\" alt=\"\" width=\"300\" height=\"214\" srcset=\"https:\/\/www.radiopiu.net\/wordpress\/wp-content\/uploads\/2019\/02\/ospedale-di-feltre-300x214.jpeg 300w, https:\/\/www.radiopiu.net\/wordpress\/wp-content\/uploads\/2019\/02\/ospedale-di-feltre.jpeg 650w\" sizes=\"auto, (max-width: 300px) 100vw, 300px\" \/><\/a>BELLUNO <\/b><\/span><span class=\"s2\">Da mercoled\u00ec 13 maggio 2020 a partire dalle 6.30 gli accessi all\u2019ospedale di Feltre sono cos\u00ec regolati:<\/span><\/p>\n<p><span class=\"s2\"><b>Accesso SUD \u2013 nuovo ingresso <\/b><\/span><span class=\"s2\">Ingresso pedonale e con veicoli presidiato dalle 6.45 alle 20.00 per <\/span><span class=\"s2\">TUTTI I PADIGLIONI (compreso\u00a0 <\/span><span class=\"s2\">padiglione DALLA PALMA, <\/span><span class=\"s2\">padiglione GUARNIERI, <\/span><span class=\"s2\">padiglione GAGGIA con Fisiatria e Centro Prelievi, <\/span><span class=\"s2\">padiglione GAGGIA LANTE con Dialisi, <\/span><span class=\"s2\">palazzina FUSARO (distretto), <\/span><span class=\"s2\">HOSPICE, <\/span><span class=\"s2\">Obitorio) <\/span><span class=\"s2\">Potranno accedere con veicoli all\u2019interno dell\u2019ospedale: anziani non autosufficienti, persone disabili, donne in gravidanza, bambini 0-6 anni, pazienti fragili e singoli casi particolari valutati dal personale preposto ai controlli. <\/span><span class=\"s2\">All\u2019ingresso saranno verificati per tutti il motivo di accesso, la temperatura, l\u2019uso della mascherina e l\u2019igiene delle mani.<\/span><\/p>\n<p><span class=\"s2\"><b>Accesso NORD (da via Bentivoglio) DALLE 6.30 <\/b><\/span><span class=\"s2\">solo per <\/span><span class=\"s2\">dipendenti, <\/span><span class=\"s2\">fornitori<\/span><\/p>\n<p><span class=\"s2\"><b>Accesso SUD \u2013 portineria (accesso storico): <\/b><\/span><span class=\"s2\">accesso pedonale e con veicolo SOLO per <\/span><span class=\"s2\">Pronto Soccorso, <\/span><span class=\"s2\">Pronto Soccorso COVID, <\/span><span class=\"s2\">Pronto Soccorso ostetrico e pediatrico, <\/span><span class=\"s2\">ambulatorio tamponi COVID<\/span><\/p>\n<p class=\"p5\"><span class=\"s2\">Pertanto, da mercoled\u00ec 13 maggio, anche chi deve recarsi al Centro prelievi, alla Fisiatria, in Hospice, in Dialisi e in Palazzina Fusaro <\/span><span class=\"s6\">dovr\u00e0 utilizzare il nuovo ingresso a SUD, da via Bagnols sur Ceze.<\/span><\/p>\n<p class=\"p1\"><span class=\"s2\">Da luned\u00ec 11 maggio, inoltre, sar\u00e0 presidiato con controllo della temperatura e dispositivi di sicurezza anche l\u2019ingresso della sede di via Marconi di Feltre.<\/span><\/p>\n<p><a class=\"dt-pswp-item\" href=\"https:\/\/www.radiopiu.net\/wordpress\/wp-content\/uploads\/2020\/05\/Schermata-2020-05-09-alle-16.25.59.png\" data-dt-img-description=\"\" data-large_image_width=\"1220\" data-large_image_height=\"836\"><img loading=\"lazy\" decoding=\"async\" class=\"alignnone wp-image-136459 size-large\" src=\"https:\/\/www.radiopiu.net\/wordpress\/wp-content\/uploads\/2020\/05\/Schermata-2020-05-09-alle-16.25.59-1024x702.png\" alt=\"\" width=\"1024\" height=\"702\" srcset=\"https:\/\/www.radiopiu.net\/wordpress\/wp-content\/uploads\/2020\/05\/Schermata-2020-05-09-alle-16.25.59-1024x702.png 1024w, https:\/\/www.radiopiu.net\/wordpress\/wp-content\/uploads\/2020\/05\/Schermata-2020-05-09-alle-16.25.59-300x206.png 300w, https:\/\/www.radiopiu.net\/wordpress\/wp-content\/uploads\/2020\/05\/Schermata-2020-05-09-alle-16.25.59-768x526.png 768w, https:\/\/www.radiopiu.net\/wordpress\/wp-content\/uploads\/2020\/05\/Schermata-2020-05-09-alle-16.25.59.png 1220w\" sizes=\"auto, (max-width: 1024px) 100vw, 1024px\" \/><\/a><\/p>\n<\/div>\n<p>&nbsp;<\/p>\n<hr \/>\n<p>&nbsp;<\/p>\n<div class=\"page-title-breadcrumbs\">\n<blockquote>\n<h3>TEMPESTA VAIA. PIANO DEL COMMISSARIO 2020. \u201cVIA LIBERA A 42 MILIONI DI EURO DI RISARCIMENTO DANNI A PRIVATI E IMPRESE. 212 MILIONI DI EURO DESTINATI A NUOVI CANTIERI\u201d<\/h3>\n<\/blockquote>\n<p><strong><a class=\"dt-pswp-item\" href=\"https:\/\/www.radiopiu.net\/wordpress\/wp-content\/uploads\/2020\/04\/ZAIA.jpg\" data-dt-img-description=\"\" data-large_image_width=\"960\" data-large_image_height=\"720\"><img loading=\"lazy\" decoding=\"async\" class=\"size-medium wp-image-133954 alignleft\" src=\"https:\/\/www.radiopiu.net\/wordpress\/wp-content\/uploads\/2020\/04\/ZAIA-300x225.jpg\" alt=\"\" width=\"300\" height=\"225\" srcset=\"https:\/\/www.radiopiu.net\/wordpress\/wp-content\/uploads\/2020\/04\/ZAIA-300x225.jpg 300w, https:\/\/www.radiopiu.net\/wordpress\/wp-content\/uploads\/2020\/04\/ZAIA-768x576.jpg 768w, https:\/\/www.radiopiu.net\/wordpress\/wp-content\/uploads\/2020\/04\/ZAIA.jpg 960w\" sizes=\"auto, (max-width: 300px) 100vw, 300px\" \/><\/a>VENEZIA<\/strong>\u00a0\u201c<em>Dopo alcune settimane di rallentamento, dovuto al coronavirus, diamo il via libera ad altre centinaia di nuovi cantieri per il ripristino delle opere viabilistiche colpite dal maltempo del 2018. Abbiamo dato priorit\u00e0 assoluta al risarcimento danni a privati e imprese colpiti da Vaia. Nel corso di quest\u2019anno riusciremo a liquidare i 42 milioni che restano dopo che lo scorso anno abbiamo assegnato i primi 25 milioni. Maltempo e pandemia non ci hanno mai fermati. Come ripeto sempre vogliamo riportare la nostra montagna devastata da Vaia a risplendere e ci stiamo mettendo tutte le nostre energie<\/em>\u201d.\u00a0Cos\u00ec il presidente della Regione del Veneto in qualit\u00e0 di \u201cCommissario Delegato per i primi interventi urgenti di Protezione Civile in conseguenza degli eccezionali eventi metereologici che hanno interessato la Regione Veneto dal 27 ottobre al 5 novembre 2018\u201d annuncia il via libera al piano del commissario per il 2020 da parte del Dipartimento Nazionale di Protezione Civile che garantisce l\u2019avvio di centinaia di nuovi cantieri nelle zone colpite dalla tempesta Vaia.\u00a0La maggior parte delle opere \u00e8 prevista in territorio bellunese, ma finanziamenti sono stati destinati a tutti i Comuni colpiti dal violento maltempo che ha flagellato il Veneto nell\u2019autunno 2018. Tra i molti cantieri stradali previsti nel corso di quest\u2019anno, alcuni hanno evidenza strategica territoriale soprattutto in vista delle Olimpiadi 2026, senza scordare il traguardo pi\u00f9 vicino dei Mondiali di Sci Cortina 2021.\u00a0Di seguito un quadro sintetico, di massima, delle principali aree di intervento previste nel Piano del Commissario 2020.\u00a0<b>SORGENTI SICURE<\/b>. 15 milioni di euro sono stati assegnati alla messa in sicurezza delle sorgenti e alla realizzazione di interventi di ammodernamento delle opere acquedottistiche per aumentare la resilienza delle sorgenti, in caso si verifichino condizioni simili a quelle che si sono create in occasione della tempesta Vaia. <b>OPERE IDRAULICHE.<\/b> Circa 100 milioni di euro sono riservati all\u2019adeguamento delle opere idrauliche in tutto il territorio del Veneto per ridurre il rischio idraulico su tutta la rete idraulica principale e secondaria. Le opere saranno eseguite dalle strutture della Regione del Veneto, Geni Civili e U.O. Forestale e dai Consorzi di Bonifica.\u00a0<b>STRADE<\/b> Oltre 45 milioni di euro del piano sono indirizzati al ripristino della rete stradale danneggiata e all\u2019adeguamento delle infrastrutture.\u00a0<b>COMUNI. <\/b>Alle amministrazioni comunali, per il ripristino dei danni alle infrastrutture pubbliche danneggiate da Vaia e per opere volte all\u2019aumento della resilienza vengono assegnati 60 milioni di euro: 40 milioni verranno destinati ai 24 Comuni maggiormente colpiti; i rimanenti 20 milioni sono destinati ai 64 Comuni colpiti con minore intensit\u00e0.\u00a0<b>PROGETTAZIONI.<\/b> Circa 5,5 milioni di euro nel piano 2020 sono destinati alla redazione di progetti esecutivi di opere strategiche come, ad esempio, il nuovo ponte in sostituzione del ponte Bailey sul fiume Piave a Belluno, l\u2019aumento della resilienza dei collegamenti intervallivi, come, ad esempio, la variante al tracciato della SR 203 per bypassare l&#8217;abitato di Alleghe, la galleria Pala Rossa ed il ponte sul torrente Cismon in localit\u00e0 Ponte Oltra nei Comuni di Lamon e Sovramonte.\u00a0<b>SERRAI DI SOTTOGUDA.<\/b> Per quanto riguarda i Serrai di Sottoguda in Comune di Rocca Pietore, sono stati impegnati 8,5 milioni di euro per il ripristino dell\u2019intera valle al fine di renderla nuovamente fruibile, nel rispetto delle peculiarit\u00e0 dell\u2019area patrimonio dell\u2019UNESCO. Nel 2019 sono stati avviati i lavori per circa 2 milioni di euro relativi ai primi interventi di pulizia, quest\u2019anno saranno rifatti i sottoservizi con l\u2019obiettivo di rendere la zona sicura in caso di eventi della portata di Vaia.<\/p>\n<a href=\"https:\/\/www.radiopiu.net\/wordpress\/wp-content\/uploads\/2020\/05\/687-2020-PIANO-DEL-COMMISSARIO-2020_COMUNI_OC4.pdf\" class=\"pdfemb-viewer\" style=\"\" data-width=\"max\" data-height=\"max\" data-toolbar=\"top\" data-toolbar-fixed=\"on\">687-2020 PIANO DEL COMMISSARIO 2020_COMUNI_OC4<\/a>\n<p>&nbsp;<\/p>\n<a href=\"https:\/\/www.radiopiu.net\/wordpress\/wp-content\/uploads\/2020\/05\/687-2020-PIANO-DEL-COMMISSARIO-2020_COMUNI_OC5.pdf\" class=\"pdfemb-viewer\" style=\"\" data-width=\"max\" data-height=\"max\" data-toolbar=\"top\" data-toolbar-fixed=\"on\">687-2020 PIANO DEL COMMISSARIO 2020_COMUNI_OC5<\/a>\n<p>&nbsp;<\/p>\n<p>&nbsp;<\/p>\n<\/div>\n<div class=\"page-title-breadcrumbs\">\n<hr \/>\n<p>&nbsp;<\/p>\n<blockquote>\n<h3>A TAIBON PIU&#8217; DI 2 MILIONI DI EURO DALLA REGIONE PER GLI INTERVENTI POST VAIA. UN MILIONE PER LA STRADA TAGLIAFUOCO SOPRA PEDEN<\/h3>\n<\/blockquote>\n<p><a class=\"dt-pswp-item\" href=\"https:\/\/www.radiopiu.net\/wordpress\/wp-content\/uploads\/2020\/05\/TAIBON-DRONE-scaled.jpg\" data-dt-img-description=\"DCIM100MEDIADJI_0046.JPG\" data-large_image_width=\"2560\" data-large_image_height=\"1440\"><img loading=\"lazy\" decoding=\"async\" class=\"wp-image-136470 size-medium alignleft\" src=\"https:\/\/www.radiopiu.net\/wordpress\/wp-content\/uploads\/2020\/05\/TAIBON-DRONE-300x169.jpg\" alt=\"\" width=\"300\" height=\"169\" srcset=\"https:\/\/www.radiopiu.net\/wordpress\/wp-content\/uploads\/2020\/05\/TAIBON-DRONE-300x169.jpg 300w, https:\/\/www.radiopiu.net\/wordpress\/wp-content\/uploads\/2020\/05\/TAIBON-DRONE-1024x576.jpg 1024w, https:\/\/www.radiopiu.net\/wordpress\/wp-content\/uploads\/2020\/05\/TAIBON-DRONE-768x432.jpg 768w, https:\/\/www.radiopiu.net\/wordpress\/wp-content\/uploads\/2020\/05\/TAIBON-DRONE-1536x864.jpg 1536w, https:\/\/www.radiopiu.net\/wordpress\/wp-content\/uploads\/2020\/05\/TAIBON-DRONE-2048x1152.jpg 2048w\" sizes=\"auto, (max-width: 300px) 100vw, 300px\" \/><\/a><\/p>\n<p><strong>TAIBON\u00a0<\/strong>il presidente della Regione del Veneto, Luca Zaia, \u00a0in qualit\u00e0 di \u201cCommissario Delegato per i primi interventi urgenti di Protezione Civile in conseguenza degli eccezionali eventi metereologici che hanno interessato la Regione Veneto dal 27 ottobre al 5 novembre 2018\u201d annuncia il via libera al piano del commissario per il 2020 da parte del Dipartimento Nazionale di Protezione Civile che garantisce l\u2019avvio di centinaia di nuovi cantieri nelle zone colpite dalla tempesta Vaia. Al comune di Taibon Agordino 2 milioni e 100 mila euro che serviranno per coprire 4 lavori in particolare. 1 milione di euro \u00e8 stato destinato per la realizzazione della strada taglia fuoco sopra l&#8217;abitato Forno val &#8211; Peden &#8211; Ai Coi &#8211; Il Forte. Un progetto che era gi\u00e0 stato presentato in comune tempo fa con la raccolta firme da parte degli abitanti interessati, subito dopo l&#8217;incendio avvenuto appena prima della tempesta Vaia. Gli altri contributi serviranno invece per realizzare altri 3 progetti comunicati dal comune alla regione.<\/p>\n<p><strong>L&#8217;ASSESSORE REGIONALE GIANPAOLO BOTTACIN<\/strong><\/p>\n<audio class=\"wp-audio-shortcode\" id=\"audio-136378-4\" preload=\"none\" style=\"width: 100%;\" controls=\"controls\"><source type=\"audio\/mpeg\" src=\"https:\/\/www.radiopiu.net\/wordpress\/wp-content\/uploads\/2020\/05\/BOTTACIN-TAGLIAFUOCO-TAIBON.mp3?_=4\" \/><a href=\"https:\/\/www.radiopiu.net\/wordpress\/wp-content\/uploads\/2020\/05\/BOTTACIN-TAGLIAFUOCO-TAIBON.mp3\">https:\/\/www.radiopiu.net\/wordpress\/wp-content\/uploads\/2020\/05\/BOTTACIN-TAGLIAFUOCO-TAIBON.mp3<\/a><\/audio>\n<hr \/>\n<p>&nbsp;<\/p>\n<blockquote>\n<h3>ESPLODE LA BOMBOLA DEL GAS A SANTA GIUSTINA<\/h3>\n<\/blockquote>\n<p><strong><a class=\"dt-pswp-item\" href=\"https:\/\/www.radiopiu.net\/wordpress\/wp-content\/uploads\/2016\/08\/carabinieri-6-2.jpg\" data-dt-img-description=\"\" data-large_image_width=\"1000\" data-large_image_height=\"681\"><img loading=\"lazy\" decoding=\"async\" class=\" wp-image-22568 alignleft\" src=\"https:\/\/www.radiopiu.net\/wordpress\/wp-content\/uploads\/2016\/08\/carabinieri-6-2-300x204.jpg\" alt=\"\" width=\"204\" height=\"139\" \/><\/a>SANTA GIUSTINA<\/strong> I carabinieri di Santa Giustina sono intervenuti ieri alle 17:35 di fronte al Super W per un&#8217;esplosione di una bombola del gas. Il fatto \u00e8 avvenuto in via Cal De Formiga presso l&#8217;abitazione di un uomo di 82 anni. Per cause ancora in corso di accertamento, la bombola, che si trovava sul terrazzo, \u00e8 esplosa e si \u00e8 temuto il peggio. Sul posto anche i Vigili del Fuoco che hanno messo in sicurezza l&#8217;edificio. Nessun ferito nell&#8217;esplosione.<\/p>\n<p>&nbsp;<\/p>\n<p>&nbsp;<\/p>\n<hr \/>\n<p>&nbsp;<\/p>\n<blockquote>\n<h3>INTERVENTI IN MONTAGNA<\/h3>\n<\/blockquote>\n<p><strong><a class=\"dt-pswp-item\" href=\"https:\/\/www.radiopiu.net\/wordpress\/wp-content\/uploads\/2015\/06\/Elicottero-Soccorso-alpino.jpg\" data-dt-img-description=\"\" data-large_image_width=\"900\" data-large_image_height=\"600\"><img loading=\"lazy\" decoding=\"async\" class=\"size-medium wp-image-6089 alignleft\" src=\"https:\/\/www.radiopiu.net\/wordpress\/wp-content\/uploads\/2015\/06\/Elicottero-Soccorso-alpino-300x200.jpg\" alt=\"\" width=\"300\" height=\"200\" \/><\/a>BELLUNO<\/strong> Ieri mattina alle 9.40 circa la Centrale operativa del 118 \u00e8 stata allertata per uno scialpinista infortunatosi, mentre con altre due persone si trovava lungo il Canale Mascabroni, vicino al Passo della Sentinella sul Popera, comune di Comelico Superiore. Perso l&#8217;equilibrio infatti, F.B., 47 anni, di Sandrigo (VI), era ruzzolato riportando un sospetto trauma alla gamba. Recuperato dal Pelikan, l&#8217;infortunato \u00e8 stato trasportato all&#8217;ospedale di Bressanone. Alle 11.30 l&#8217;eliambulanza di Bressanone \u00e8 poi intervenuta a Cima d&#8217;Ambata, sempre Comelico Superiore, per uno scialpinista di Mogliano Veneto (TV), A.B., 52 anni, che si era fatto male a una spalla scendendo con altri due sciatori. Attorno a mezzogiorno l&#8217;elicottero del Suem di Pieve di Cadore \u00e8 invece stato inviato a Domegge di Cadore, in localit\u00e0 Siviron, dove, mentre stava facendo legna in compagnia, un uomo era stato colpito a una gamba da un tronco tagliato. Individuato il punto dell&#8217;incidente non appena gli amici sono usciti dal bosco per dare indicazioni all&#8217;equipaggio, equipe medica e tecnico di elisoccorso sono stati calati con un verricello di 70 metri. Prestate le prime cure a M.A., 31 anni, di Lozzo di Cadore (BL), per una probabile frattura, i soccorritori lo hanno imbarellato e trasportato per una trentina di metri fino al prato, da dove \u00e8 stato caricato a bordo, sempre utilizzando il verricello, per poi essere accompagnato all&#8217;ospedale di Feltre. Successivamente l&#8217;elicottero di Pieve di Cadore \u00e8 volato a Cima d&#8217;Ambata, a 2.800 metri di quota, per recuperare i due compagni bellunesi dello sciatore infortunato che, aumentate le temperature, avevano contattato il 118 per il timore di possibili valanghe. Imbarcati entrambi con verricello corto, i due scialpinisti sono stati portati al Rifugio Lunelli.<\/p>\n<p>&nbsp;<\/p>\n<p>&nbsp;<\/p>\n<hr \/>\n<p>&nbsp;<\/p>\n<\/div>\n<\/div>\n<blockquote>\n<h3>FASE 2, BOND (FI): ALTO ADIGE CI DISPREZZA, IMBRACCIAMO I FORCONI<\/h3>\n<\/blockquote>\n<p><strong><a class=\"dt-pswp-item\" href=\"https:\/\/www.radiopiu.net\/wordpress\/wp-content\/uploads\/2019\/02\/bond1-e1550408229859.jpg\" data-dt-img-description=\"\" data-large_image_width=\"720\" data-large_image_height=\"416\"><img loading=\"lazy\" decoding=\"async\" class=\" wp-image-75798 alignleft\" src=\"https:\/\/www.radiopiu.net\/wordpress\/wp-content\/uploads\/2019\/02\/bond1-e1550408229859-300x173.jpg\" alt=\"\" width=\"210\" height=\"121\" srcset=\"https:\/\/www.radiopiu.net\/wordpress\/wp-content\/uploads\/2019\/02\/bond1-e1550408229859-300x173.jpg 300w, https:\/\/www.radiopiu.net\/wordpress\/wp-content\/uploads\/2019\/02\/bond1-e1550408229859.jpg 720w\" sizes=\"auto, (max-width: 210px) 100vw, 210px\" \/><\/a>ROMA<\/strong> \u201c<em>Dobbiamo prendere i forconi. Andare avanti cos\u00ec \u00e8 intollerabile<\/em>\u201d. Dura la reazione di Dario Bond, deputato di Forza Italia, alla riapertura anticipata di Bolzano, che, con legge provinciale, ha inteso riavviare il motore di negozi e attivit\u00e0 economiche ben prima della fine della \u201cfase 2\u201d. \u201c<em>L\u2019Alto Adige apre e noi Italia dobbiamo stare fermi? Non \u00e8 possibile, di fronte al virus, avere due pesi e due misure, e trovare nell\u2019autonomia una causa di giustificazione alla differenziazione di regole e comportamenti tra territori pur sempre italiani<\/em>\u201d attacca il deputato bellunese di Forza Italia. \u201c<em>Conosco, anche se non comprendo, l\u2019autonomia storica, legata ad accordi internazionali. Ma il virus non si ferma mica davanti a una tabella con scritto \u2018Alto Adige\u2019. Se gli altoatesini esercitano l\u2019autonomia come forma di disprezzo per l\u2019Italia, allora la misura \u00e8 colma. Non ci resta che avere tanta rabbia e imbracciare i forconi<\/em>\u201d.<\/p>\n<p>&nbsp;<\/p>\n<p>&nbsp;<\/p>\n<p>&nbsp;<\/p>\n<hr \/>\n<p>&nbsp;<\/p>\n<blockquote>\n<h3>CORONAVIRUS. DE CARLO (FDI): IL GOVERNO RIAPRA LE FATTORIE DIDATTICHE AI BAMBINI<\/h3>\n<\/blockquote>\n<p><strong><a class=\"dt-pswp-item\" href=\"https:\/\/www.radiopiu.net\/wordpress\/wp-content\/uploads\/2019\/03\/DE-CARLO.jpg\" data-dt-img-description=\"\" data-large_image_width=\"471\" data-large_image_height=\"471\"><img loading=\"lazy\" decoding=\"async\" class=\" wp-image-78825 alignleft\" src=\"https:\/\/www.radiopiu.net\/wordpress\/wp-content\/uploads\/2019\/03\/DE-CARLO-300x300.jpg\" alt=\"\" width=\"183\" height=\"183\" srcset=\"https:\/\/www.radiopiu.net\/wordpress\/wp-content\/uploads\/2019\/03\/DE-CARLO-300x300.jpg 300w, https:\/\/www.radiopiu.net\/wordpress\/wp-content\/uploads\/2019\/03\/DE-CARLO-150x150.jpg 150w, https:\/\/www.radiopiu.net\/wordpress\/wp-content\/uploads\/2019\/03\/DE-CARLO.jpg 471w\" sizes=\"auto, (max-width: 183px) 100vw, 183px\" \/><\/a>ROMA<\/strong> &#8220;<em>Il governo consenta alle oltre 3 mila fattorie didattiche presenti in Italia di riaprire, permettendo di ospitare i molti bambini chiusi in casa da mesi per l&#8217;emergenza Coronavirus<\/em>&#8221; cos\u00ec in una nota il deputato e responsabile nazionale Agricoltura di Fratelli d&#8217;Italia Luca De Carlo. &#8220;Nella fase 2 appena iniziata, con le scuole chiuse e molte famiglie tornate a lavoro, le fattorie didattiche rappresentano la soluzione ideale.\u00a0&#8220;<em>I molti operatori impegnati nel settore hanno gi\u00e0 pensato a rimodulare la propria offerta e sono pronti ad ospitare bambini e ragazzi nel rispetto delle norme di sicurezza, ma serve un protocollo di sicurezza nazionale : il governo e i suoi 450 esperti non perdano tempo e provvedano a stilarne uno il prima possibile.<\/em><br \/>\n<em>La natura e gli spazi aperti rappresentano l&#8217;ambiente ideale per svolgere attivit\u00e0 in questo particolare momento, oltre che essere un&#8217; esperienza educativa senza eguali per i nostri ragazzi<\/em>&#8221; conclude il deputato De Carlo<\/p>\n<p>&nbsp;<\/p>\n<p>&nbsp;<\/p>\n<hr \/>\n<p>&nbsp;<\/p>\n<blockquote>\n<h3>CONFCOMMERCIO BELLUNO: CONFERENZE ON LINE PER LA RIAPERTURA DELLE ATTIVITA\u2019 TURISTICHE E COMMERCIALI<\/h3>\n<\/blockquote>\n<p><strong><a class=\"dt-pswp-item\" href=\"https:\/\/www.radiopiu.net\/wordpress\/wp-content\/uploads\/2019\/02\/CONFCOMMERCIO.jpg\" data-dt-img-description=\"\" data-large_image_width=\"400\" data-large_image_height=\"400\"><img loading=\"lazy\" decoding=\"async\" class=\"size-medium wp-image-75615 alignleft\" src=\"https:\/\/www.radiopiu.net\/wordpress\/wp-content\/uploads\/2019\/02\/CONFCOMMERCIO-300x300.jpg\" alt=\"\" width=\"300\" height=\"300\" srcset=\"https:\/\/www.radiopiu.net\/wordpress\/wp-content\/uploads\/2019\/02\/CONFCOMMERCIO-300x300.jpg 300w, https:\/\/www.radiopiu.net\/wordpress\/wp-content\/uploads\/2019\/02\/CONFCOMMERCIO-150x150.jpg 150w, https:\/\/www.radiopiu.net\/wordpress\/wp-content\/uploads\/2019\/02\/CONFCOMMERCIO.jpg 400w\" sizes=\"auto, (max-width: 300px) 100vw, 300px\" \/><\/a>BELLUNO<\/strong>\u00a0Con la conferenza online di venerd\u00ec 8 maggio pomeriggio, seguita da oltre 150 imprese turistico ricettive del territorio provinciale, ha preso il via una fitta agenda di proposte informative coordinate da Confcommercio e Federalberghi Belluno e dedicate alle attivit\u00e0 economiche in vista della riapertura di negozi, alberghi, campeggi, rifugi alpini. Un incontro utile per capire cosa concretamente dover fare per la ripartenza del comparto turistico bellunese prendendo spunto in modo particolare dal Protocollo \u201cAccoglienza Sicura\u201d redatto da Federalberghi e presentato in \u201ccall\u201d dal direttore generale Alessandro Nucara con meticolosa precisione.\u00a0\u201c<i>L\u2019incontro dedicato al turismo \u2013 <\/i>afferma il presidente Paolo Doglioni<i> \u2013 rappresenta l\u2019avvio di una nuova e necessaria \u201cstagione\u201d sul fronte della comunicazione con le imprese del territorio. S\u00ec, \u00e8 vero, mancher\u00e0 per un po&#8217; il rapporto diretto fra persone, colleghi, ma la tecnologia ci dar\u00e0 anche modo di essere spesso a contatto con gli associati, di poter loro trasferire informazioni ed aggiornamenti in tempo reale e senza che esse debbano spostarsi dalle proprie attivit\u00e0, dai propri paesi. E la grande partecipazione all\u2019appuntamento dedicato al turismo ne \u00e8 la dimostrazione e solo il principio di una nuova fase densa di appuntamenti fondamentali<\/i>\u201d.\u00a0Gi\u00e0 luned\u00ec 11 maggio alle 11,00 si replica con un ulteriore conferenza dedicata, questa volta, a tutti gli esercizi commerciali del settore Moda (abbigliamento, calzature, articoli sportivi, tessuti\u2026) che potranno comprendere come avvicinarsi alla riapertura dei negozi che Confcommercio e Federazione Moda Italia auspicano essere ormai dietro l\u2019angolo ma che va organizzata ed affrontata conoscendo le linee guida e le buone prassi di riferimento che l\u2019emergenza Covid imporr\u00e0 almeno per un primo ed indefinibile periodo.\u00a0L\u2019incontro, al quale potranno registrarsi associati e non associati (\u00e8 sufficiente inviare una mail a sindacale@ascombelluno.it) e che viene proposto in modo assolutamente gratuito, vedr\u00e0 la partecipazione del segretario generale di Federazione Moda Italia, Massimo Torti il quale illustrer\u00e0 i contenuti delle Linee Guida redatte <i>ad hoc<\/i> perch\u00e9 i negozi possano aprire nel rispetto delle disposizioni straordinarie governative e di buone prassi di riferimento calate su misura per gli operatori del settore. Non quindi \u201cnegozi ospedali\u201d, come del resto non \u201calberghi ospedali\u201d, ma attivit\u00e0 che con le dovute attenzioni ai temi del distanziamento sociale, della pulizia e dell\u2019uso delle mascherine e degli igienizzanti, potranno riavviarsi al rapporto diretto con la clientela.\u00a0La prossima settimana proceder\u00e0 poi con ulteriori e quotidiani appuntamenti formativi\/informativi online dedicati ai pubblici esercizi ed alle attivit\u00e0 che, come gli alimentaristi, hanno potuto lavorare in questo periodo, ma che devono comunque focalizzare l\u2019attenzione su particolari aspetti procedurali e gestionali di estrema importanza anche per fare le scelte giuste, investire laddove \u00e8 necessario e saper valutare cosa non sia effettivamente obbligatorio fare.<span class=\"Apple-converted-space\">\u00a0<\/span>In tutto ci\u00f2 un ruolo di fondamentale supporto sar\u00e0 garantito dall\u2019Ente Bilaterale del commercio e del turismo nell\u2019ottica di contemperare le esigenze dei datori di lavoro e dei lavoratori e di sostenere economicamente gli impegni ai quali gli operatori del settore si devono approcciare.<\/p>\n<p>&nbsp;<\/p>\n<p>&nbsp;<\/p>\n<hr \/>\n<p>&nbsp;<\/p>\n<blockquote>\n<h3>OPERAZIONE ANTI-CRISI: LE FARMACIE VENTURELLI \u201cROTTAMANO\u201d I FARMACI SCADUTI<\/h3>\n<\/blockquote>\n<p><strong><a class=\"dt-pswp-item\" href=\"https:\/\/www.radiopiu.net\/wordpress\/wp-content\/uploads\/2020\/05\/IMG_2128-scaled.jpeg\" data-dt-img-description=\"\" data-large_image_width=\"1920\" data-large_image_height=\"2560\"><img loading=\"lazy\" decoding=\"async\" class=\" wp-image-136446 alignleft\" src=\"https:\/\/www.radiopiu.net\/wordpress\/wp-content\/uploads\/2020\/05\/IMG_2128-225x300.jpeg\" alt=\"\" width=\"131\" height=\"175\" srcset=\"https:\/\/www.radiopiu.net\/wordpress\/wp-content\/uploads\/2020\/05\/IMG_2128-225x300.jpeg 225w, https:\/\/www.radiopiu.net\/wordpress\/wp-content\/uploads\/2020\/05\/IMG_2128-768x1024.jpeg 768w, https:\/\/www.radiopiu.net\/wordpress\/wp-content\/uploads\/2020\/05\/IMG_2128-1152x1536.jpeg 1152w, https:\/\/www.radiopiu.net\/wordpress\/wp-content\/uploads\/2020\/05\/IMG_2128-1536x2048.jpeg 1536w, https:\/\/www.radiopiu.net\/wordpress\/wp-content\/uploads\/2020\/05\/IMG_2128-scaled.jpeg 1920w\" sizes=\"auto, (max-width: 131px) 100vw, 131px\" \/><\/a>BELLUNO<\/strong>\u00a0Dopo che il tessuto economico \u00e8 stato letteralmente eroso dalla serrata totale della quarantena, le Farmacie Venturelli hanno deciso di supportare la popolazione di Belluno e dell\u2019Alpago premiando il corretto smaltimento dei farmaci scaduti con una rottamazione a dir poco originale, ovvero \u201cvalutandoli\u201d 5 euro a confezione.\u00a0\u201c<em>Abbiamo deciso di ripartire offrendo un segno concreto ai nostri concittadini che si accompagni ad un\u2019azione corretta ma spesso ignorata\u201d afferma il dottor Gianfranco Venturelli, titolare delle farmacie omonime. \u201cI farmaci scaduti andrebbero smaltiti solo in farmacia, ma spesso e volentieri vanno a finire nell\u2019indifferenziata, con gravi danni per l\u2019ambiente. Oltre al messaggio civico riteniamo che l\u2019incentivo che riconosciamo costituisca in questo momento delicatissimo un piccolo messaggio di fiducia per la popolazione.<\/em>\u201d. <a class=\"dt-pswp-item\" href=\"https:\/\/www.radiopiu.net\/wordpress\/wp-content\/uploads\/2020\/05\/IMG_1517-scaled.jpeg\" data-dt-img-description=\"\" data-large_image_width=\"2560\" data-large_image_height=\"1920\"><img loading=\"lazy\" decoding=\"async\" class=\"size-medium wp-image-136447 alignright\" src=\"https:\/\/www.radiopiu.net\/wordpress\/wp-content\/uploads\/2020\/05\/IMG_1517-300x225.jpeg\" alt=\"\" width=\"300\" height=\"225\" srcset=\"https:\/\/www.radiopiu.net\/wordpress\/wp-content\/uploads\/2020\/05\/IMG_1517-300x225.jpeg 300w, https:\/\/www.radiopiu.net\/wordpress\/wp-content\/uploads\/2020\/05\/IMG_1517-1024x768.jpeg 1024w, https:\/\/www.radiopiu.net\/wordpress\/wp-content\/uploads\/2020\/05\/IMG_1517-768x576.jpeg 768w, https:\/\/www.radiopiu.net\/wordpress\/wp-content\/uploads\/2020\/05\/IMG_1517-1536x1152.jpeg 1536w, https:\/\/www.radiopiu.net\/wordpress\/wp-content\/uploads\/2020\/05\/IMG_1517-2048x1536.jpeg 2048w\" sizes=\"auto, (max-width: 300px) 100vw, 300px\" \/><\/a>La rottamazione dei farmaci scaduti proseguir\u00e0 nelle Farmacie Venturelli fino al 31 maggio. Per aderirvi basta portare i farmaci scaduti in orario di apertura. I farmacisti indicano come smaltirli e rilasciano per ogni confezione un buono di 5 euro da spendere in prodotti extra-farmaco.\u00a0\u201c<em>I clienti sono increduli,<\/em>\u201d afferma il dott. Venturelli \u201c<em>ed \u00e8 un\u2019ottima occasione che consente a noi farmacisti, commentando la storia dei farmaci che hanno rottamato, di approfondire il loro stato di salute generale e offrire loro quella parola di conforto in pi\u00f9 che adesso serve tanto<\/em>\u201d.\u00a0Ripartire con un gesto di solidariet\u00e0 sembra in effetti essere la scelta giusta: allo slogan \u201cresta a casa\u201d che abbiamo sentito per settimane suona molto corretto aggiungere adesso \u201cper\u00f2 veniamoci incontro\u201d.<\/p>\n<p>&nbsp;<\/p>\n<p>&nbsp;<\/p>\n<hr \/>\n<p>&nbsp;<\/p>\n<div class=\"page-title-head hgroup\">\n<blockquote>\n<h3 class=\"entry-title\">ECOCENTRO DI AGORDO IL RITORNO ALLA NORMALITA\u2019<\/h3>\n<\/blockquote>\n<\/div>\n<div class=\"page-title-breadcrumbs\"><strong><img loading=\"lazy\" decoding=\"async\" class=\"alignleft jetpack-lazy-image jetpack-lazy-image--handled\" src=\"https:\/\/i2.wp.com\/www.radiopiu.net\/wordpress\/wp-content\/uploads\/2020\/04\/ECOCENTRO.png?resize=231%2C122&amp;ssl=1\" width=\"231\" height=\"122\" data-recalc-dims=\"1\" data-lazy-loaded=\"1\" \/>AGORDO<\/strong>\u00a0Da lunedi novit\u00e0 nell\u2019apertura dell\u2019ecocentro di via Valcozzena ad Agordo. Il ritorno alla normalit\u00e0, APERTO LUNEDI MARTEDI GIOVEDI VENERDI E SABATO come da comunicazioni del sindaco Roberto Chissal\u00e8 che invita al rispetto delle regole<\/div>\n<div>\n<audio class=\"wp-audio-shortcode\" id=\"audio-136378-5\" preload=\"none\" style=\"width: 100%;\" controls=\"controls\"><source type=\"audio\/mpeg\" src=\"https:\/\/www.radiopiu.net\/wordpress\/wp-content\/uploads\/2020\/05\/chissale.mp3?_=5\" \/><a href=\"https:\/\/www.radiopiu.net\/wordpress\/wp-content\/uploads\/2020\/05\/chissale.mp3\">https:\/\/www.radiopiu.net\/wordpress\/wp-content\/uploads\/2020\/05\/chissale.mp3<\/a><\/audio>\n<\/div>\n<div><\/div>\n<div>\n<hr \/>\n<\/div>\n<p>&nbsp;<\/p>\n<blockquote>\n<h3>I COMUNI DI ALLEGHE, ROCCA PIETORE, COLLE SANTA LUCIA E SELVA DI CADORE INSIEME PER UN CENTRO ESTIVO<\/h3>\n<\/blockquote>\n<p><strong><a class=\"dt-pswp-item\" href=\"https:\/\/www.radiopiu.net\/wordpress\/wp-content\/uploads\/2016\/05\/Poesie-bambini-estate-vacanze.jpg\" data-dt-img-description=\"\" data-large_image_width=\"588\" data-large_image_height=\"400\"><img loading=\"lazy\" decoding=\"async\" class=\"size-medium wp-image-19196 alignleft\" src=\"https:\/\/www.radiopiu.net\/wordpress\/wp-content\/uploads\/2016\/05\/Poesie-bambini-estate-vacanze-300x204.jpg\" alt=\"\" width=\"300\" height=\"204\" \/><\/a>ALLEGHE<\/strong> Il comune di Alleghe, in accordo con i comuni di Rocca Pistore, Colle Santa Lucia e Selva di Cadore, ha avviato l&#8217;iter per la realizzazione del centro estivo per bambini dai 3 anni a quelli che hanno frequentato la seconda media \u00a0Per la prima fascia di et\u00e0 ovvero dai 3 anni ai 6 anni la sede sar\u00e0 la scuola materna di Sottoguda. Per gli altri la scuola media di Caprile . Tutta la pratica per l&#8217;affidamennto della gestione \u00e8 praticamente stata completata . Rimangono da vedere le disposizioni a livello governativo sulla possibilit\u00e0 o meno di aprire il centro e a quali condizioni siano esse operative che economiche . Per i sindaci questa iniziativa \u00e8 di fondamentale importanza per tutte le famiglie con genitori che lavorano e hanno difficolt\u00e0 a collocare i figli nelle giornate lavorative . Ora dipende dalle indicazioni del governo<\/p>\n<p>&nbsp;<\/p>\n<p>&nbsp;<\/p>\n<hr \/>\n<p>&nbsp;<\/p>\n<blockquote>\n<h3>CONSIGLI COMUNALI IN AGORDINO E CONSIGLIO DELL&#8217;UNIONE MONTANA AGORDINA<\/h3>\n<\/blockquote>\n<p><a class=\"dt-pswp-item\" href=\"https:\/\/www.radiopiu.net\/wordpress\/wp-content\/uploads\/2020\/05\/C2660A41-EEBC-45AE-9191-5DA3CD4FDAB7.jpg\" data-dt-img-description=\"\" data-large_image_width=\"2048\" data-large_image_height=\"2048\"><img loading=\"lazy\" decoding=\"async\" class=\"size-medium wp-image-136232 alignleft\" src=\"https:\/\/www.radiopiu.net\/wordpress\/wp-content\/uploads\/2020\/05\/C2660A41-EEBC-45AE-9191-5DA3CD4FDAB7-300x300.jpg\" alt=\"\" width=\"300\" height=\"300\" srcset=\"https:\/\/www.radiopiu.net\/wordpress\/wp-content\/uploads\/2020\/05\/C2660A41-EEBC-45AE-9191-5DA3CD4FDAB7-300x300.jpg 300w, https:\/\/www.radiopiu.net\/wordpress\/wp-content\/uploads\/2020\/05\/C2660A41-EEBC-45AE-9191-5DA3CD4FDAB7-1024x1024.jpg 1024w, https:\/\/www.radiopiu.net\/wordpress\/wp-content\/uploads\/2020\/05\/C2660A41-EEBC-45AE-9191-5DA3CD4FDAB7-150x150.jpg 150w, https:\/\/www.radiopiu.net\/wordpress\/wp-content\/uploads\/2020\/05\/C2660A41-EEBC-45AE-9191-5DA3CD4FDAB7-768x768.jpg 768w, https:\/\/www.radiopiu.net\/wordpress\/wp-content\/uploads\/2020\/05\/C2660A41-EEBC-45AE-9191-5DA3CD4FDAB7-1536x1536.jpg 1536w, https:\/\/www.radiopiu.net\/wordpress\/wp-content\/uploads\/2020\/05\/C2660A41-EEBC-45AE-9191-5DA3CD4FDAB7.jpg 2048w\" sizes=\"auto, (max-width: 300px) 100vw, 300px\" \/><\/a>di Gianni Santomaso<\/p>\n<audio class=\"wp-audio-shortcode\" id=\"audio-136378-6\" preload=\"none\" style=\"width: 100%;\" controls=\"controls\"><source type=\"audio\/mpeg\" src=\"https:\/\/www.radiopiu.net\/wordpress\/wp-content\/uploads\/2020\/05\/GIANNI-CONSIGLI-COMUNALI-E-UNIONE-MONTANA.mp3?_=6\" \/><a href=\"https:\/\/www.radiopiu.net\/wordpress\/wp-content\/uploads\/2020\/05\/GIANNI-CONSIGLI-COMUNALI-E-UNIONE-MONTANA.mp3\">https:\/\/www.radiopiu.net\/wordpress\/wp-content\/uploads\/2020\/05\/GIANNI-CONSIGLI-COMUNALI-E-UNIONE-MONTANA.mp3<\/a><\/audio>\n<p>&nbsp;<\/p>\n<p>&nbsp;<\/p>\n<hr \/>\n<p>&nbsp;<\/p>\n<blockquote>\n<h3>RIAPRE LA BIBLIOTECA DI AGORDO<\/h3>\n<\/blockquote>\n<p><a class=\"dt-pswp-item\" href=\"https:\/\/www.radiopiu.net\/wordpress\/wp-content\/uploads\/2020\/03\/LIBRI-SCAFFALE.jpg\" data-dt-img-description=\"\" data-large_image_width=\"1052\" data-large_image_height=\"1052\"><img loading=\"lazy\" decoding=\"async\" class=\"size-medium wp-image-122391 alignleft\" src=\"https:\/\/www.radiopiu.net\/wordpress\/wp-content\/uploads\/2020\/03\/LIBRI-SCAFFALE-300x300.jpg\" alt=\"\" width=\"300\" height=\"300\" srcset=\"https:\/\/www.radiopiu.net\/wordpress\/wp-content\/uploads\/2020\/03\/LIBRI-SCAFFALE-300x300.jpg 300w, https:\/\/www.radiopiu.net\/wordpress\/wp-content\/uploads\/2020\/03\/LIBRI-SCAFFALE-1024x1024.jpg 1024w, https:\/\/www.radiopiu.net\/wordpress\/wp-content\/uploads\/2020\/03\/LIBRI-SCAFFALE-150x150.jpg 150w, https:\/\/www.radiopiu.net\/wordpress\/wp-content\/uploads\/2020\/03\/LIBRI-SCAFFALE-768x768.jpg 768w, https:\/\/www.radiopiu.net\/wordpress\/wp-content\/uploads\/2020\/03\/LIBRI-SCAFFALE.jpg 1052w\" sizes=\"auto, (max-width: 300px) 100vw, 300px\" \/><\/a>di Gianni Santomaso<\/p>\n<audio class=\"wp-audio-shortcode\" id=\"audio-136378-7\" preload=\"none\" style=\"width: 100%;\" controls=\"controls\"><source type=\"audio\/mpeg\" src=\"https:\/\/www.radiopiu.net\/wordpress\/wp-content\/uploads\/2020\/05\/GIANNI-BIBLIOTECA-AGORDO.mp3?_=7\" \/><a href=\"https:\/\/www.radiopiu.net\/wordpress\/wp-content\/uploads\/2020\/05\/GIANNI-BIBLIOTECA-AGORDO.mp3\">https:\/\/www.radiopiu.net\/wordpress\/wp-content\/uploads\/2020\/05\/GIANNI-BIBLIOTECA-AGORDO.mp3<\/a><\/audio>\n<p>&nbsp;<\/p>\n<hr \/>\n<p>&nbsp;<\/p>\n<h2>INVIALE A RADIO PIU&#8217;<\/h2>\n<p><strong>RADIO PIU&#8217;<\/strong> Abbiamo ricevuto da Alessandro Savio di Taibon una serie di foto curiose che riguardano le Pale di San Lucano e pi\u00f9 precisamente la zona interessata dall&#8217;incendio del 2018.<\/p>\n<blockquote>\n<p class=\"default-style\"><strong><em>A seguito dell&#8217;incendio dell&#8217;ottobre 2018 sulle pale di San Lucano si \u00e8 verificato un fenomeno veramente strano di crescita naturale di &#8220;Eriche&#8221;, fiori rossi. Si \u00a0notano dalla strada di Col Di Pr\u00e0 con un effetto cromatico veramente singolare che ha \u00a0colorato di rosso le pendici del Boral della Besaosega.Merita vederlo prima della Chiesa di San Lucano.\u00a0<\/em><\/strong><\/p>\n<p><strong><em>Alessandro Savio<\/em><\/strong><\/p><\/blockquote>\n<p><strong>LE FOTO<\/strong><\/p>\n\n\t\t\t<style type='text\/css'>\n\t\t\t\t#gallery-1 {\n\t\t\t\t\tmargin: auto;\n\t\t\t\t}\n\t\t\t\t#gallery-1 .gallery-item {\n\t\t\t\t\tfloat: left;\n\t\t\t\t\tmargin-top: 10px;\n\t\t\t\t\ttext-align: center;\n\t\t\t\t\twidth: 33%;\n\t\t\t\t}\n\t\t\t\t#gallery-1 img {\n\t\t\t\t\tborder: 2px solid #cfcfcf;\n\t\t\t\t}\n\t\t\t\t#gallery-1 .gallery-caption {\n\t\t\t\t\tmargin-left: 0;\n\t\t\t\t}\n\t\t\t\t\/* see gallery_shortcode() in wp-includes\/media.php *\/\n\t\t\t<\/style>\n\t\t<div id='gallery-1' class='dt-gallery-container gallery galleryid-136378 gallery-columns-3 gallery-size-large'><dl class='gallery-item'>\n\t\t\t\t<dt class='gallery-icon landscape'>\n\t\t\t\t\t<a class=\"rollover\" href='https:\/\/www.radiopiu.net\/wordpress\/inviale-a-radio-piu-la-curiosita-di-alessandro-savio\/eriche-san-lucano-1\/'><img loading=\"lazy\" decoding=\"async\" width=\"1024\" height=\"768\" src=\"https:\/\/www.radiopiu.net\/wordpress\/wp-content\/uploads\/2020\/05\/eriche-san-lucano-1-1024x768.jpg\" class=\"attachment-large size-large\" alt=\"\" srcset=\"https:\/\/www.radiopiu.net\/wordpress\/wp-content\/uploads\/2020\/05\/eriche-san-lucano-1-1024x768.jpg 1024w, https:\/\/www.radiopiu.net\/wordpress\/wp-content\/uploads\/2020\/05\/eriche-san-lucano-1-300x225.jpg 300w, https:\/\/www.radiopiu.net\/wordpress\/wp-content\/uploads\/2020\/05\/eriche-san-lucano-1-768x576.jpg 768w, https:\/\/www.radiopiu.net\/wordpress\/wp-content\/uploads\/2020\/05\/eriche-san-lucano-1.jpg 1280w\" sizes=\"auto, (max-width: 1024px) 100vw, 1024px\" \/><\/a>\n\t\t\t\t<\/dt><\/dl><dl class='gallery-item'>\n\t\t\t\t<dt class='gallery-icon portrait'>\n\t\t\t\t\t<a class=\"rollover\" href='https:\/\/www.radiopiu.net\/wordpress\/inviale-a-radio-piu-la-curiosita-di-alessandro-savio\/eriche-san-lucano-2\/'><img loading=\"lazy\" decoding=\"async\" width=\"768\" height=\"1024\" src=\"https:\/\/www.radiopiu.net\/wordpress\/wp-content\/uploads\/2020\/05\/eriche-san-lucano-2-768x1024.jpg\" class=\"attachment-large size-large\" alt=\"\" srcset=\"https:\/\/www.radiopiu.net\/wordpress\/wp-content\/uploads\/2020\/05\/eriche-san-lucano-2-768x1024.jpg 768w, https:\/\/www.radiopiu.net\/wordpress\/wp-content\/uploads\/2020\/05\/eriche-san-lucano-2-225x300.jpg 225w, https:\/\/www.radiopiu.net\/wordpress\/wp-content\/uploads\/2020\/05\/eriche-san-lucano-2.jpg 960w\" sizes=\"auto, (max-width: 768px) 100vw, 768px\" \/><\/a>\n\t\t\t\t<\/dt><\/dl><dl class='gallery-item'>\n\t\t\t\t<dt class='gallery-icon landscape'>\n\t\t\t\t\t<a class=\"rollover\" href='https:\/\/www.radiopiu.net\/wordpress\/inviale-a-radio-piu-la-curiosita-di-alessandro-savio\/eriche-san-lucano-3\/'><img loading=\"lazy\" decoding=\"async\" width=\"1024\" height=\"768\" src=\"https:\/\/www.radiopiu.net\/wordpress\/wp-content\/uploads\/2020\/05\/eriche-san-lucano-3-1024x768.jpg\" class=\"attachment-large size-large\" alt=\"\" srcset=\"https:\/\/www.radiopiu.net\/wordpress\/wp-content\/uploads\/2020\/05\/eriche-san-lucano-3-1024x768.jpg 1024w, https:\/\/www.radiopiu.net\/wordpress\/wp-content\/uploads\/2020\/05\/eriche-san-lucano-3-300x225.jpg 300w, https:\/\/www.radiopiu.net\/wordpress\/wp-content\/uploads\/2020\/05\/eriche-san-lucano-3-768x576.jpg 768w, https:\/\/www.radiopiu.net\/wordpress\/wp-content\/uploads\/2020\/05\/eriche-san-lucano-3.jpg 1280w\" sizes=\"auto, (max-width: 1024px) 100vw, 1024px\" \/><\/a>\n\t\t\t\t<\/dt><\/dl><br style=\"clear: both\" \/>\n\t\t\t<\/div>\n\n<p>&nbsp;<\/p>\n<p>&nbsp;<\/p>\n<hr \/>\n<p><em><strong>BARBARA BENVEGNU&#8217; CI HA INVIATO DELLE FOTO DELLA TORRE VENEZIA<\/strong><\/em><\/p>\n\n\t\t\t<style type='text\/css'>\n\t\t\t\t#gallery-2 {\n\t\t\t\t\tmargin: auto;\n\t\t\t\t}\n\t\t\t\t#gallery-2 .gallery-item {\n\t\t\t\t\tfloat: left;\n\t\t\t\t\tmargin-top: 10px;\n\t\t\t\t\ttext-align: center;\n\t\t\t\t\twidth: 33%;\n\t\t\t\t}\n\t\t\t\t#gallery-2 img {\n\t\t\t\t\tborder: 2px solid #cfcfcf;\n\t\t\t\t}\n\t\t\t\t#gallery-2 .gallery-caption {\n\t\t\t\t\tmargin-left: 0;\n\t\t\t\t}\n\t\t\t\t\/* see gallery_shortcode() in wp-includes\/media.php *\/\n\t\t\t<\/style>\n\t\t<div id='gallery-2' class='dt-gallery-container gallery galleryid-136378 gallery-columns-3 gallery-size-medium'><dl class='gallery-item'>\n\t\t\t\t<dt class='gallery-icon portrait'>\n\t\t\t\t\t<a class=\"rollover\" href='https:\/\/www.radiopiu.net\/wordpress\/giornale-radiopiu-10-maggio-2020-direttore-mirko-mezzacasa\/36056a0a-f6b4-46e7-a2cf-6cbe1a6f9617\/'><img loading=\"lazy\" decoding=\"async\" width=\"146\" height=\"300\" src=\"https:\/\/www.radiopiu.net\/wordpress\/wp-content\/uploads\/2020\/05\/36056a0a-f6b4-46e7-a2cf-6cbe1a6f9617-146x300.jpg\" class=\"attachment-medium size-medium\" alt=\"\" srcset=\"https:\/\/www.radiopiu.net\/wordpress\/wp-content\/uploads\/2020\/05\/36056a0a-f6b4-46e7-a2cf-6cbe1a6f9617-146x300.jpg 146w, https:\/\/www.radiopiu.net\/wordpress\/wp-content\/uploads\/2020\/05\/36056a0a-f6b4-46e7-a2cf-6cbe1a6f9617-498x1024.jpg 498w, https:\/\/www.radiopiu.net\/wordpress\/wp-content\/uploads\/2020\/05\/36056a0a-f6b4-46e7-a2cf-6cbe1a6f9617-768x1580.jpg 768w, https:\/\/www.radiopiu.net\/wordpress\/wp-content\/uploads\/2020\/05\/36056a0a-f6b4-46e7-a2cf-6cbe1a6f9617-747x1536.jpg 747w, https:\/\/www.radiopiu.net\/wordpress\/wp-content\/uploads\/2020\/05\/36056a0a-f6b4-46e7-a2cf-6cbe1a6f9617.jpg 980w\" sizes=\"auto, (max-width: 146px) 100vw, 146px\" \/><\/a>\n\t\t\t\t<\/dt><\/dl><dl class='gallery-item'>\n\t\t\t\t<dt class='gallery-icon portrait'>\n\t\t\t\t\t<a class=\"rollover\" href='https:\/\/www.radiopiu.net\/wordpress\/giornale-radiopiu-10-maggio-2020-direttore-mirko-mezzacasa\/e58a950f-a787-4915-af24-f487a1a3c145\/'><img loading=\"lazy\" decoding=\"async\" width=\"146\" height=\"300\" src=\"https:\/\/www.radiopiu.net\/wordpress\/wp-content\/uploads\/2020\/05\/e58a950f-a787-4915-af24-f487a1a3c145-146x300.jpg\" class=\"attachment-medium size-medium\" alt=\"\" srcset=\"https:\/\/www.radiopiu.net\/wordpress\/wp-content\/uploads\/2020\/05\/e58a950f-a787-4915-af24-f487a1a3c145-146x300.jpg 146w, https:\/\/www.radiopiu.net\/wordpress\/wp-content\/uploads\/2020\/05\/e58a950f-a787-4915-af24-f487a1a3c145-498x1024.jpg 498w, https:\/\/www.radiopiu.net\/wordpress\/wp-content\/uploads\/2020\/05\/e58a950f-a787-4915-af24-f487a1a3c145-768x1580.jpg 768w, https:\/\/www.radiopiu.net\/wordpress\/wp-content\/uploads\/2020\/05\/e58a950f-a787-4915-af24-f487a1a3c145-747x1536.jpg 747w, https:\/\/www.radiopiu.net\/wordpress\/wp-content\/uploads\/2020\/05\/e58a950f-a787-4915-af24-f487a1a3c145.jpg 980w\" sizes=\"auto, (max-width: 146px) 100vw, 146px\" \/><\/a>\n\t\t\t\t<\/dt><\/dl><dl class='gallery-item'>\n\t\t\t\t<dt class='gallery-icon portrait'>\n\t\t\t\t\t<a class=\"rollover\" href='https:\/\/www.radiopiu.net\/wordpress\/giornale-radiopiu-10-maggio-2020-direttore-mirko-mezzacasa\/d1b1f645-064a-4dde-989d-d2bbf40eb36c\/'><img loading=\"lazy\" decoding=\"async\" width=\"146\" height=\"300\" src=\"https:\/\/www.radiopiu.net\/wordpress\/wp-content\/uploads\/2020\/05\/d1b1f645-064a-4dde-989d-d2bbf40eb36c-146x300.jpg\" class=\"attachment-medium size-medium\" alt=\"\" srcset=\"https:\/\/www.radiopiu.net\/wordpress\/wp-content\/uploads\/2020\/05\/d1b1f645-064a-4dde-989d-d2bbf40eb36c-146x300.jpg 146w, https:\/\/www.radiopiu.net\/wordpress\/wp-content\/uploads\/2020\/05\/d1b1f645-064a-4dde-989d-d2bbf40eb36c-498x1024.jpg 498w, https:\/\/www.radiopiu.net\/wordpress\/wp-content\/uploads\/2020\/05\/d1b1f645-064a-4dde-989d-d2bbf40eb36c-768x1580.jpg 768w, https:\/\/www.radiopiu.net\/wordpress\/wp-content\/uploads\/2020\/05\/d1b1f645-064a-4dde-989d-d2bbf40eb36c-747x1536.jpg 747w, https:\/\/www.radiopiu.net\/wordpress\/wp-content\/uploads\/2020\/05\/d1b1f645-064a-4dde-989d-d2bbf40eb36c.jpg 980w\" sizes=\"auto, (max-width: 146px) 100vw, 146px\" \/><\/a>\n\t\t\t\t<\/dt><\/dl><br style=\"clear: both\" \/>\n\t\t\t<\/div>\n\n<p>&nbsp;<\/p>\n<p>&nbsp;<\/p>\n<p>&nbsp;<\/p>\n<hr \/>\n<p>&nbsp;<\/p>\n<h2>DILLO A RADIO PIU&#8217;<\/h2>\n<p>Riceviamo e pubblichiamo una lettera di Franco Piacentini<\/p>\n<blockquote><p><em><strong>LA LETTERA<\/strong><\/em><\/p>\n<div class=\"gmail_attr\" dir=\"ltr\"><em>&#8220;L incaponirsi di Zaia sul voto a luglio&#8221;<\/em><\/div>\n<\/blockquote>\n<div dir=\"auto\">\n<blockquote>\n<div dir=\"auto\"><\/div>\n<div dir=\"auto\"><em>Con la drammatica pandemia Covid 19, che non tramonter\u00e0 in tempi brevi, \u00e8 veramente incomprensibile, inaccettabile, l&#8217;incaponirsi del Governatore della Regione Veneto, nel voler a tutti i costi il voto amministrativo nel mese di luglio prossimo. Il dott. Luca Zaia, sa benissimo che in Veneto, almeno per i prossimi cinque anni, sul versante degli equilibri politici di governo regionale, nulla cambier\u00e0. Ci saranno, in Consiglio Regionale, alcuni volti nuovi, nulla di pi\u00f9. Quindi anche lui rimarr\u00e0 al suo posto di comando. Saggezza, responsabilit\u00e0, impegno e coinvolgimento, devono prevalere sulla &#8220;smania&#8221; del voto in estate. Con mascherine, guanti e distanza di un metro, pochissimi avrebbero voglia di fare la coda per votare. L&#8217; emergenza sanitaria e i drammi delle perdite occupazionali e delle riduzioni reddituali, non possono soccombere alle speculazioni e alle polemiche elettorali, devono trovare urgenti soluzioni in un gioco di squadra fra tutti gli attuali soggetti: istituzionali (Governo, Regioni e Comuni); sociali (Terzo Settore e Volontariato); economici (Associazioni Imprenditoriali); sindacali CGIL CISL UIL); finanziari (Istituti Bancari). Il voto pu\u00f2 attendere anche la primavera 2021.<\/em><\/div>\n<\/blockquote>\n<\/div>\n<p>&nbsp;<\/p>\n<p>&nbsp;<\/p>\n<hr \/>\n<p>&nbsp;<\/p>\n<h2>IERI ALLA RADIO<\/h2>\n<h3><span style=\"color: #0000ff;\">LA RASSEGNA STAMPA DALL&#8217;AMICO DEL POPOLO di Gianni Santomaso<\/span><\/h3>\n<p><iframe loading=\"lazy\" title=\"RASSEGNA STAMPA AMICO DEL POPOLO   09 MAGGIO 2020\" width=\"1200\" height=\"675\" src=\"https:\/\/www.youtube.com\/embed\/Vn_Gd8rhRus?feature=oembed\" frameborder=\"0\" allow=\"accelerometer; autoplay; clipboard-write; encrypted-media; gyroscope; picture-in-picture\" allowfullscreen><\/iframe><\/p>\n<h3><span style=\"color: #339966;\">AGORDINOMERON<\/span><\/h3>\n<blockquote class=\"wp-embedded-content\" data-secret=\"4oHYWgp7dU\"><p><a href=\"https:\/\/www.radiopiu.net\/wordpress\/agordinomeron\/\">AGORDINOMERON, IL TERRITORIO SI RACCONTA Da un&#8217;idea di Gianni Santomaso<\/a><\/p><\/blockquote>\n<p><iframe loading=\"lazy\" title=\"&#8220;AGORDINOMERON, IL TERRITORIO SI RACCONTA Da un&#8217;idea di Gianni Santomaso&#8221; &#8212; Radio Pi\u00f9\" class=\"wp-embedded-content\" sandbox=\"allow-scripts\" security=\"restricted\" style=\"position: absolute; clip: rect(1px, 1px, 1px, 1px);\" src=\"https:\/\/www.radiopiu.net\/wordpress\/agordinomeron\/embed\/#?secret=4oHYWgp7dU\" data-secret=\"4oHYWgp7dU\" width=\"600\" height=\"338\" frameborder=\"0\" marginwidth=\"0\" marginheight=\"0\" scrolling=\"no\"><\/iframe><\/p>\n<p>&nbsp;<\/p>\n<h3><span style=\"color: #808000;\">IL MESSAGGIO DEI SACERDOTI A RADIO PIU&#8217;<\/span><\/h3>\n<blockquote class=\"wp-embedded-content\" data-secret=\"iioprqvjgj\"><p><a href=\"https:\/\/www.radiopiu.net\/wordpress\/il-messaggio-dai-sacerdoti-della-conca-su-radio-piu-alle-7-30-e-19-30\/\">IL MESSAGGIO DAI SACERDOTI SU RADIO PIU&#8217; ALLE 7.30 E 19.30<\/a><\/p><\/blockquote>\n<p><iframe loading=\"lazy\" title=\"&#8220;IL MESSAGGIO DAI SACERDOTI SU RADIO PIU&#8217; ALLE 7.30 E 19.30&#8221; &#8212; Radio Pi\u00f9\" class=\"wp-embedded-content\" sandbox=\"allow-scripts\" security=\"restricted\" style=\"position: absolute; clip: rect(1px, 1px, 1px, 1px);\" src=\"https:\/\/www.radiopiu.net\/wordpress\/il-messaggio-dai-sacerdoti-della-conca-su-radio-piu-alle-7-30-e-19-30\/embed\/#?secret=iioprqvjgj\" data-secret=\"iioprqvjgj\" width=\"600\" height=\"338\" frameborder=\"0\" marginwidth=\"0\" marginheight=\"0\" scrolling=\"no\"><\/iframe><\/p>\n<p>&nbsp;<\/p>\n<hr \/>\n<p>&nbsp;<\/p>\n<blockquote class=\"wp-embedded-content\" data-secret=\"aifXaMN7gy\"><p><a href=\"https:\/\/www.radiopiu.net\/wordpress\/i-servizi-a-domicilio-durante-il-coronavirus\/\">I SERVIZI A DOMICILIO DURANTE IL CORONAVIRUS<\/a><\/p><\/blockquote>\n<p><iframe loading=\"lazy\" title=\"&#8220;I SERVIZI A DOMICILIO DURANTE IL CORONAVIRUS&#8221; &#8212; Radio Pi\u00f9\" class=\"wp-embedded-content\" sandbox=\"allow-scripts\" security=\"restricted\" style=\"position: absolute; clip: rect(1px, 1px, 1px, 1px);\" src=\"https:\/\/www.radiopiu.net\/wordpress\/i-servizi-a-domicilio-durante-il-coronavirus\/embed\/#?secret=aifXaMN7gy\" data-secret=\"aifXaMN7gy\" width=\"600\" height=\"338\" frameborder=\"0\" marginwidth=\"0\" marginheight=\"0\" scrolling=\"no\"><\/iframe><\/p>\n<p>&nbsp;<\/p>\n<hr \/>\n<p>&nbsp;<\/p>\n<p class=\"photoswipe-wrapper\"><a class=\"dt-pswp-item pspw-wrap-ready\" href=\"https:\/\/i0.wp.com\/www.radiopiu.net\/wordpress\/wp-content\/uploads\/2018\/09\/viabilita.jpeg?ssl=1\" data-dt-img-description=\"\" data-large_image_width=\"800\" data-large_image_height=\"100\"><img loading=\"lazy\" decoding=\"async\" class=\"alignnone size-full wp-image-61954 jetpack-lazy-image jetpack-lazy-image--handled\" src=\"https:\/\/i0.wp.com\/www.radiopiu.net\/wordpress\/wp-content\/uploads\/2018\/09\/viabilita.jpeg?resize=800%2C100&amp;ssl=1\" sizes=\"auto, (max-width: 800px) 100vw, 800px\" srcset=\"https:\/\/i0.wp.com\/www.radiopiu.net\/wordpress\/wp-content\/uploads\/2018\/09\/viabilita.jpeg?w=800&amp;ssl=1 800w, https:\/\/i0.wp.com\/www.radiopiu.net\/wordpress\/wp-content\/uploads\/2018\/09\/viabilita.jpeg?resize=300%2C38&amp;ssl=1 300w, https:\/\/i0.wp.com\/www.radiopiu.net\/wordpress\/wp-content\/uploads\/2018\/09\/viabilita.jpeg?resize=768%2C96&amp;ssl=1 768w\" alt=\"\" width=\"800\" height=\"100\" data-lazy-loaded=\"1\" \/><\/a><\/p>\n<p>&nbsp;<\/p>\n<p>PROVINCIALE 20 DELLA VAL FIORENTINA, SELVA DI CADORE: DAL 14 FEBBRAIO AL 13 GIUGNO, CHIUSURA TOTALE TRA SOLATOR E IL CENTRO DEL PAESE ANCHE NEI GIORNI FESTIVI E PREFESTIVI, DAL CHILOMETRO 4.850 AL CHILOMETRO 5.100. TRANSITO CONSENTITO AI LOCALI CON TEMPI DI ATTESA MASSIMI STIMATI IN 30 MINUTI IN LOCALITA\u2019 SOLATOR DAL CHILOMETRO 4.400 AL CHILOMETRO 4.850<\/p>\n<p>SP641 PASSO FEDAIA DAL 27 APRILE AL 15 MAGGIO (SABATO E DOMENICA COMPRESI) SENSO UNICO ALTERNATO PER SOSTITUZIONE BARRIERE LATERALI DI SICUREZZA E CONSLIDAMENTO CIGLIO STRADALE<\/p>\n<p>REGIONALE 48 DELLE DOLOMITI, LOCALIT\u00c0 POCOL INIZIO ABITATO CORTINA, DAL 4 MAGGIO AL 12 GIUGNO SEMAFORO PER TRATTI DI 250 METRI ANCHE NEI GIORNI FESTIVI E PREFESTIVI<\/p>\n<p>REGIONALE 203 AGORDINA FINO AL 15 GIUGNO IN LOCALIT\u00c0 LA MUDA DEVIAZIONE SU VIABILIT\u00c0 PROVVISORIA, PRUDENZA<\/p>\n<p>PROVINCIALE 346 SAN PELLEGRINO DAL 4 AL 22 MAGGIO IN COMUNE DI CANALE D\u2019AGORDO SENSO UNICO ALTERNATO ESCLUSI SABATO E DOMENICA<\/p>\n<p>PROVINCIALE 12 PEDEMONTANA LOCALIT\u00c0 PONTE MAS, CHIUSURA TOTALE DI PONTE MAS DAL 4 MAGGIO AL 30 GIUGNO<\/p>\n<p>STRADA REGIONALE 48 DELLE DOLOMITI, DAL KM 110,350 AL KM 112, SENSO UNICO ALTERNATO REGOLATO DA IMPIANTO SEMAFORICO ANCHE SABATO E FESTIVI DAL 30 APRILE AL 31 MAGGIO PER POSA ELETTRODOTTO INTERRATO<\/p>\n<p>PROVINCIALE 563 DI SALESEI, DAL 4 MAGGIO AL 3 LUGLIO, SENSO UNICO ALTERNATO REGOLATO DA IMPIANTO SEMAFORICO IN LOCALIT\u00c0 DIGONERA PER MESSA IN SICUREZZA PIANO VIABILE, SABATO E FESTIVI INCLUSI<\/p>\n<p>PROVINCIALE 251 DELLA VAL DI ZOLDO E VAL CELLINA, TRA LE LOCALIT\u00c0 SOFFRANCO E MEZZOCANALE IN COMUNE DI LONGARONE, SENSO UNICO ALTERNATO REGOLATO DA IMPIANTO SEMAFORICO CON POSSIBILI BREVI INTERRUZIONI DI 10 MINUTI. SABATO E DOMENICA ESCLUSI<\/p>\n<p>PROVINCIALE 347 PASSO DURAN, LOCALITA\u2019 SANT\u2019ANDREA DI GOSALDO. FINO AL 5 GIUGNO SENSO UNICO ALTERNATO<\/p>\n<p>STRADA PROVINCIA 251 DELLA VAL DI ZOLDO E VAL CELLINA, DAL 6 AL 15 MAGGIO, SABATO E DOMENICA ESCLUSI, SENSO UNICO ALTRNATO REGOLATO DA IMPIANTO SEMAFORICO PER LAVORI DI RIPRISTINO RETI DI PROTEZIONE DEI VERSANTI<\/p>\n<p class=\"photoswipe-wrapper\">STRADA REGIONALE 48 DELLE DOLOMITI, DALLE ORE 8 DEL 12 MAGGIO ALLE 18 DEL 13 MAGGIO, INTERDIZIONE TOTALE AL TRAFFICO TRA ARABBA E IL PASSO PORDOI PER LAVORI DI RIFACIMENTO TOMBINATURA<\/p>\n<p>STRADA PROVINCIALE 347 DEL PASSO CEREDA E DURAN, DALLE 7 ALLE 18 , DAL 7 AL 29 MAGGIO, POSSIBILI TEMPORANEE INTERRUZZIONI ALLA VIABILIT\u00e0 DELLA DURATA MASSIMA DI 30 MINUTI E SENSO UNICO ALTERNATO REGOLATO DA MOVIERI PER ASFALTATURA TRATTI DI STRADA TRA PASSO DURAN E DONT<\/p>\n<p>STRADA REGIONALE 50 BIS DELLE SCALE DI PRIMOLANO, IN LOCALITA\u2019 GIARONI DI ARSIE\u2019, DALLE 8 ALLE 18, DA L\u201911 AL 15 MAGGIO, SENSO UNICO ALTERNATO REGOLATO DA IMPIANTO SEMAFORICO<\/p>\n<p>STRADA PROVINCIALE 346 DEL PASSO SAN PELLEGRINO, DAL 11 MAGGIO AL 5 GIUGNO, SENSO UNICO ALTERNATO REGOLATO DA IMPIANTO SEMOFORICO TRA FALCADE E FALCADE ALTO PER POSA CAVIDOTTO FIBRA OTTICA<\/p>\n<p>STRADA PROVINCIALE 347 DEL PASSO CEREDA E DURAN, DAL 12 MAGGIO AL 01 GIUGNO ESCLUSE DOMENICHE E FESTIVI, SENSO UNICO ALTERNATO REGOLATO DA IMPIANTO SEMAFORICO O MOVIERI IN COMUNE DI VALLE DI CADORE PER SONDAGGI GEOTECNICI<\/p>\n<p>STRADA PROVINCIALE 3 VAL IMPERINA, TRA CORDE MOLE E VALLASIN IN COMUNE DI GOSALDO, FINO AL 15 MAGGIO DALLE 8 ALLE 11:45 E DALLE 13:30 ALLE 17:30, TEMPORANEE INTERRUZIONI ALLA VIABILIT\u00e0 DELLA DURATA MASSIMA DI 30 MINUTI PER LAVORI DI TAGLIO ESBOSCO PIANTE<\/p>\n<p>&nbsp;<\/p>\n<hr \/>\n<p>&nbsp;<\/p>\n<p><img decoding=\"async\" class=\"aligncenter jetpack-lazy-image jetpack-lazy-image--handled\" src=\"https:\/\/i0.wp.com\/www.radiopiu.net\/wordpress\/wp-content\/uploads\/2018\/09\/WhatsApp-Image-2018-09-20-at-16.04.06.jpeg?resize=800%2C100&amp;ssl=1\" data-lazy-loaded=\"1\" \/><\/p>\n<p>&nbsp;<\/p>\n<p><center><b>Domenica 10<\/b><\/center><b>Tempo atteso:\u00a0<\/b>Nottetempo e al primmo mattino cielo coperto con fenomeni sparsi. Nel corso della mattinata la nuvolosit\u00e0 diverr\u00e0 meno compatta, con prime schiarite. Al pomeriggio parziale miglioramento con tratti soleggiati, banchi di cirri e irregolari stratocumuli. Clima ancora piuttosto mite nei fondovalle e leggermente pi\u00f9 fresco in quota.<br \/>\n<b>Precipitazioni:\u00a0<\/b>A fine nottata e nelle prime ore del mattino probabili pioviggine o piovaschi sparsi (50\/70%), con nevischio oltre i 2500\/2600 m. In seguito precipitazioni assenti (0%), anche se non del tutto esclua qualche goccia sulle Dolomiti (10%).<br \/>\n<b>Temperature:\u00a0<\/b>In quota in generale lieve diminuzione; nelle valli minime in leggero rialzo e massime in contenuta flessione per deficit di sole nelle prime ore del giorno. Le punte massime previste saranno di 18\/19\u00b0C nei fondovalle prealpini e di 14\/15\u00b0C a 1000\/1200 m. Su Prealpi a 1500 m min 8\u00b0C max 12\u00b0C, a 2000 m min 6\u00b0C max 9\u00b0C. Su Dolomiti a 2000 m min 5\u00b0C max 8\u00b0C, a 3000 m min 0\u00b0C max 2\u00b0C.<br \/>\n<b>Venti:\u00a0<\/b>Nelle valli deboli\/moderati a regime di brezza; in quota deboli\/moderati da sud-ovest al mattino, moderati al pomeriggio e in ulteriore rinforzo da sud in serata, a 5-15 km\/h a 2000 m e 10-30 km\/h a 3000 m.<\/p>\n<hr \/>\n<p><center><b>Lunedi 11<\/b><\/center><b>Tempo atteso:\u00a0<\/b>Tempo perturbato\/instabile con cielo molto coperto e diffuse precipitazioni al mattino. In seguito la nuvolosit\u00e0 sar\u00e0 meno compatta, con probabili schiarite, e l&#8217;instabilit\u00e0 andr\u00e0 attenuandosi, specie sulle Dolomiti. Clima pi\u00f9 fresco a tutte le quote.<br \/>\n<b>Precipitazioni:\u00a0<\/b>Probabilit\u00e0 molto alta (90\/100%) di precipitazioni diffuse, spesso a carattere di rovescio, eventualmente anche temporalesche, ma non si prevedono fenomeni intensi. Al pomeriggio attenuazione dei fenomeni sulle Dolomiti(40\/50%), mentre la probabilit\u00e0 rimarr\u00e0 pi\u00f9 alta sulle Prealpi (60\/80%). Il limite della neve sar\u00e0 sui 2200\/2300 m.<br \/>\n<b>Temperature:\u00a0<\/b>In generale calo, eccetto rialzo delle minime nelle valli. Il clima sar\u00e0 umido con debole escursione termica diurna. Sono previste punte di 14\/15\u00b0C nei fondovalle prealpini e di 9\/11\u00b0C a 1000\/1200 m. Su Prealpi a 1500 m min 5\u00b0C max 8\u00b0C, a 2000 m min 3\u00b0C max 6\u00b0C. Su Dolomiti a 2000 m min 2\u00b0C max 5\u00b0C, a 3000 m min -2\u00b0C max 0\u00b0C.<br \/>\n<b>Venti:\u00a0<\/b>Deboli di direzione variabile nelle valli, con qualche raffica in caso di temporale; in quota tesi\/forti da sud tra la notte e il primo mattino, poi moderati\/tesi da sud-ovest, alla sera in attenuazione provenienti da nord, a 5-25 km\/h a 2000 m e 15-50 km\/h a 3000 m.<\/p>\n<hr \/>\n<p><center><b>Martedi 12<\/b><\/center>Copertura iniziale, seguita da temporaneo miglioramento e da nuovo aumento della nuvolosit\u00e0 per attivit\u00e0 cumuliforme, la quale sar\u00e0 associata a qualche rovescio sparso al pomeriggio, nevoso oltre i 2300\/2400 m. Temperature minime in calo e massime in leggera ripresa. Venti nelle valli deboli di direzione variabile; deboli\/moderati da sud-ovest al mattino e tesi\/forti al pomeriggio in quota.<\/p>\n<hr \/>\n<p><center><b>Mercoledi 13<\/b><\/center>Tempo variabile\/instabile con brevi schiarite e nuvolosit\u00e0 predominante, associata a precipitazioni, perlopi\u00f9 a carattere di rovescio. Temperature minime in rialzo in quota e stazionarie nelle valli, massime in genrale calo. Venti deboli di direzione variabile nelle valli, moderati\/tesi da sud-ovest in quota, anche forti sulle cime pi\u00f9 alte. Previsore: R.L.Th.<\/p>\n","protected":false},"excerpt":{"rendered":"<p>PER RICEVERE QUESTO NOTIZIARIO DIRETTAMENTE SUL TUO CELLULARE ISCRIVITI AL CANALE TELEGRAM\u00a0\u201cRADIO PIU\u00a0 INFORMAZIONE\u201d &nbsp; &nbsp; TANTI AUGURI MAMME!!! &nbsp; &nbsp; RINVIATA ANCHE LA SAGRA DI SAN LUCANO. A COMUNICARLO LA PRO LOCO DI TAIBON AGORDINO. L\u2019APPUNTAMENTO AL PROSSIMO ANNO &nbsp; &nbsp; Gestione Servizi Pubblici informa che a GOSALDO, nelle localit\u00e0 LE FOCHE, LAMBROI, DENEORE,&hellip;<\/p>\n","protected":false},"author":4,"featured_media":136503,"comment_status":"closed","ping_status":"closed","sticky":false,"template":"","format":"standard","meta":{"_monsterinsights_skip_tracking":false,"_monsterinsights_sitenote_active":false,"_monsterinsights_sitenote_note":"","_monsterinsights_sitenote_category":0,"footnotes":""},"categories":[1,51,86],"tags":[],"class_list":["post-136378","post","type-post","status-publish","format-standard","has-post-thumbnail","hentry","category-senza-categoria","category-evidenza-top","category-gr","category-1","category-51","category-86","description-off"],"img_url":"https:\/\/www.radiopiu.net\/wordpress\/wp-content\/uploads\/2020\/05\/eriche-san-lucano-2.jpg","_links":{"self":[{"href":"https:\/\/www.radiopiu.net\/wordpress\/wp-json\/wp\/v2\/posts\/136378","targetHints":{"allow":["GET"]}}],"collection":[{"href":"https:\/\/www.radiopiu.net\/wordpress\/wp-json\/wp\/v2\/posts"}],"about":[{"href":"https:\/\/www.radiopiu.net\/wordpress\/wp-json\/wp\/v2\/types\/post"}],"author":[{"embeddable":true,"href":"https:\/\/www.radiopiu.net\/wordpress\/wp-json\/wp\/v2\/users\/4"}],"replies":[{"embeddable":true,"href":"https:\/\/www.radiopiu.net\/wordpress\/wp-json\/wp\/v2\/comments?post=136378"}],"version-history":[{"count":0,"href":"https:\/\/www.radiopiu.net\/wordpress\/wp-json\/wp\/v2\/posts\/136378\/revisions"}],"wp:featuredmedia":[{"embeddable":true,"href":"https:\/\/www.radiopiu.net\/wordpress\/wp-json\/wp\/v2\/media\/136503"}],"wp:attachment":[{"href":"https:\/\/www.radiopiu.net\/wordpress\/wp-json\/wp\/v2\/media?parent=136378"}],"wp:term":[{"taxonomy":"category","embeddable":true,"href":"https:\/\/www.radiopiu.net\/wordpress\/wp-json\/wp\/v2\/categories?post=136378"},{"taxonomy":"post_tag","embeddable":true,"href":"https:\/\/www.radiopiu.net\/wordpress\/wp-json\/wp\/v2\/tags?post=136378"}],"curies":[{"name":"wp","href":"https:\/\/api.w.org\/{rel}","templated":true}]}}