{"id":136402,"date":"2020-05-09T18:26:37","date_gmt":"2020-05-09T16:26:37","guid":{"rendered":"https:\/\/www.radiopiu.net\/wordpress\/?p=136402"},"modified":"2020-05-09T18:38:37","modified_gmt":"2020-05-09T16:38:37","slug":"valanga-a-cortina-muore-il-piu-giovane-di-due-fratelli","status":"publish","type":"post","link":"https:\/\/www.radiopiu.net\/wordpress\/valanga-a-cortina-muore-il-piu-giovane-di-due-fratelli\/","title":{"rendered":"VALANGA A CORTINA, MUORE IL PIU&#8217; GIOVANE DI DUE FRATELLI"},"content":{"rendered":"<blockquote><p><em><a class=\"dt-pswp-item\" href=\"https:\/\/www.radiopiu.net\/wordpress\/wp-content\/uploads\/2020\/05\/IMG-20200509-WA0020.jpg\" data-dt-img-description=\"\" data-large_image_width=\"600\" data-large_image_height=\"900\"><img loading=\"lazy\" decoding=\"async\" class=\" wp-image-136415 alignleft\" src=\"https:\/\/www.radiopiu.net\/wordpress\/wp-content\/uploads\/2020\/05\/IMG-20200509-WA0020-200x300.jpg\" alt=\"\" width=\"163\" height=\"245\" srcset=\"https:\/\/www.radiopiu.net\/wordpress\/wp-content\/uploads\/2020\/05\/IMG-20200509-WA0020-200x300.jpg 200w, https:\/\/www.radiopiu.net\/wordpress\/wp-content\/uploads\/2020\/05\/IMG-20200509-WA0020.jpg 600w\" sizes=\"auto, (max-width: 163px) 100vw, 163px\" \/><\/a>Il giovane\u00a0 saliva la zona del Pilastro, erano in molti\u00a0 in marcia verso il Rifugio\u00a0 Di Bona\u00a0 per sciare lungo il canalone della Tofana<\/em><\/p><\/blockquote>\n<p><strong>CORTINA<\/strong> Attorno alle 9.30 il Soccorso alpino di Cortina \u00e8 stato allertato per una valanga staccatasi in Tofana, che ha coinvolto uno scialpinista. Scendendo dalla Rozes assieme al fratello, un giovane scialpinista bellunese, Tommaso Redolfi di 23 anni, anzich\u00e9 prendere il rientro classico dallo spallone, si \u00e8 tenuto a destra dello Spigolo Zero e ha preso un canale che porta dietro Punta Marietta. A met\u00e0 discesa si \u00e8 per\u00f2 staccata una valanga che lo ha trascinato per oltre 200 metri. Il fratello Francesco di 27 anni, \u00a0rimasto pi\u00f9 in alto, ha subito lanciato l&#8217;allarme e sul posto si \u00e8 diretto l&#8217;elicottero del Suem di Pieve di Cadore, dopo aver imbarcato personale del Soccorso alpino e della Guardia di finanza di Cortina. Una volta individuato il corpo a circa 2.550 metri di quota, i soccorritori sono stati sbarcati con un verricello di 70 metri. La salma, ricomposta e imbarellata, \u00e8 stata recuperata e trasportata a valle, per essere poi accompagnata nella cella mortuaria di Cortina. L&#8217;eliambulanza ha imbarcato anche il fratello del giovane, rimasto illeso. Si \u00e8 trattato di un incidente, una drammatica fatalit\u00e0 e il Pubblico Ministero\u00a0 Katjuscia D&#8217;Orlando, ha messo da subito\u00a0 la salma a disposizione dei famigliari. Sul posto oltre agli uomini del Soccorso Alpino della Guardia di Finanza di Cortina e i sanitari del Suem 118\u00a0 anche\u00a0 i carabinieri della stazione di Cortina. Tutti si sono dati da fare per portare aiuto al giovan, purtroppo tutto \u00e8 stato inutile.<\/p>\n<p>&nbsp;<\/p>\n<p>&nbsp;<\/p>\n<blockquote><p><em><a class=\"dt-pswp-item\" href=\"https:\/\/www.radiopiu.net\/wordpress\/wp-content\/uploads\/2020\/05\/293344_1595020890685_2081556801_n.jpg\" data-dt-img-description=\"\" data-large_image_width=\"650\" data-large_image_height=\"493\"><img loading=\"lazy\" decoding=\"async\" class=\"wp-image-136464 alignright\" src=\"https:\/\/www.radiopiu.net\/wordpress\/wp-content\/uploads\/2020\/05\/293344_1595020890685_2081556801_n-300x228.jpg\" alt=\"\" width=\"170\" height=\"129\" srcset=\"https:\/\/www.radiopiu.net\/wordpress\/wp-content\/uploads\/2020\/05\/293344_1595020890685_2081556801_n-300x228.jpg 300w, https:\/\/www.radiopiu.net\/wordpress\/wp-content\/uploads\/2020\/05\/293344_1595020890685_2081556801_n.jpg 650w\" sizes=\"auto, (max-width: 170px) 100vw, 170px\" \/><\/a>Morire a vent&#8217;anni, vedere morire il fratello a vent&#8217;anni senza poter fare nulla se non urlare al cielo, comporre il 118 con il tremore delle mani e affidarsi al fato. Una cattiveria della vita, terribile, di quelle che segnano. Me li immagino i due fratelli, salire in auto dopo 40 giorni di quarantena senza violare alcun divieto perch\u00e9 l&#8217;ordinanza della Regione lo concede da giorni, uno spostamento per praticare lo sport. Tommaso di sport ne praticava tanti, ma amava soprattutto lo sci. Me lo immagino, nel pieno dei vent&#8217;anni, carico di adrenalina riprendersi quella liber\u00e0 negatagli dall&#8217;8 marzo scorso. Una voglia matta di sentire l&#8217;aria sulla faccia, l&#8217;ebbrezza di inforcare gli sci, scendere con il sorriso sulle labbra seguito dal suo fratellone. Una cattiveria della vita interrompere quel sogno e causare tanto dolore ai suoi famigliari, ma non solo, perch\u00e9 una tragedia cos\u00ec grande sconvolge l&#8217;intera Belluno dove Tommaso abitava, sconvolge un&#8217;intera provincia che si unisce nel dolore, e tutto il popolo dolomitico che per settimane ha guardato dalla finestra le montagne imbiancate, mai come quest&#8217;anno, splendenti sotto al sole, mai una primavera tanto dolce. Nessuna colpa ai due giovani e ai tanti che si sono ripresi la libert\u00e0 negata in questo fine settimana, il primo dopo il lockdown, una libera uscita legittima. Per chi resta il dolore \u00e8 enorme, e in questo momento mi sento di dire solo forza Francesco, non sar\u00e0 facile esprimere il terrore che hai dentro a parole, ma cerca di spiegare alle persone attorno a te cosa provi. Gli amici intimi e i famigliari vorranno aiutarti, ma non sempre sapranno come, per cui dire loro come ti senti e come vuoi che si comportino li aiuter\u00e0 a capire come esserti di aiuto.\u00a0 Fatti forza Francesco, anche quando\u00a0 ti\u00a0 chiederanno come stanno i tuoi genitori e\u00a0 potr\u00e0 sembrare\u00a0 doloroso e irriverente perch\u00e9 avrai come la sensazione che la gente ignori i tuoi sentimenti a vantaggio di\u00a0 altri. Ma lo faranno solo\u00a0 per esserti\u00a0 di aiuto e potrebbero sentirsi a disagio nel chiederti direttamente come stai, le tue emozioni e il tuo modo di affrontare il dolore avranno sempre la stessa valenza di chiunque altro. Caro Francesco che i ricordi felici del tempo che hai trascorso con Tommaso\u00a0 inondino il tuo cuore addolorato e\u00a0 quando i morsi del dolore si faranno pi\u00f9 forti\u00a0 trasformali in lacrime ma dietro ci sar\u00e0 sempre un sorriso, quello contagioso che ti ha reso complice del tuo fratellino. <\/em><\/p>\n<p>mirko<\/p><\/blockquote>\n<p><strong>IL VIDEO DEL RECUPERO<\/strong><\/p>\n<div style=\"width: 848px;\" class=\"wp-video\"><video class=\"wp-video-shortcode\" id=\"video-136402-1\" width=\"848\" height=\"480\" preload=\"metadata\" controls=\"controls\"><source type=\"video\/mp4\" src=\"https:\/\/www.radiopiu.net\/wordpress\/wp-content\/uploads\/2020\/05\/TOFANA.mp4?_=1\" \/><a href=\"https:\/\/www.radiopiu.net\/wordpress\/wp-content\/uploads\/2020\/05\/TOFANA.mp4\">https:\/\/www.radiopiu.net\/wordpress\/wp-content\/uploads\/2020\/05\/TOFANA.mp4<\/a><\/video><\/div>\n<p><strong>L&#8217;INTERVENTO DI GIANPAOLO BOTTACIN DURANTE LA RASSEGNA STAMPA DI OGGI, l&#8217;appello alla prudenza<\/strong><\/p>\n<audio class=\"wp-audio-shortcode\" id=\"audio-136402-1\" preload=\"none\" style=\"width: 100%;\" controls=\"controls\"><source type=\"audio\/mpeg\" src=\"https:\/\/www.radiopiu.net\/wordpress\/wp-content\/uploads\/2020\/05\/BOTTA-VALANGA.mp3?_=1\" \/><a href=\"https:\/\/www.radiopiu.net\/wordpress\/wp-content\/uploads\/2020\/05\/BOTTA-VALANGA.mp3\">https:\/\/www.radiopiu.net\/wordpress\/wp-content\/uploads\/2020\/05\/BOTTA-VALANGA.mp3<\/a><\/audio>\n<blockquote><p><strong>Un&#8217;altra valanga si \u00e8 staccata nella mattinata da Punta Penia in\u00a0 Marmolada. Non risultano persone coinvolte.<\/strong><\/p><\/blockquote>\n","protected":false},"excerpt":{"rendered":"<p>Il giovane\u00a0 saliva la zona del Pilastro, erano in molti\u00a0 in marcia verso il Rifugio\u00a0 Di Bona\u00a0 per sciare lungo il canalone della Tofana CORTINA Attorno alle 9.30 il Soccorso alpino di Cortina \u00e8 stato allertato per una valanga staccatasi in Tofana, che ha coinvolto uno scialpinista. Scendendo dalla Rozes assieme al fratello, un giovane&hellip;<\/p>\n","protected":false},"author":4,"featured_media":136415,"comment_status":"closed","ping_status":"closed","sticky":false,"template":"","format":"standard","meta":{"_monsterinsights_skip_tracking":false,"_monsterinsights_sitenote_active":false,"_monsterinsights_sitenote_note":"","_monsterinsights_sitenote_category":0,"footnotes":""},"categories":[51,49],"tags":[],"class_list":["post-136402","post","type-post","status-publish","format-standard","has-post-thumbnail","hentry","category-evidenza-top","category-news-18","category-51","category-49","description-off"],"img_url":"https:\/\/www.radiopiu.net\/wordpress\/wp-content\/uploads\/2020\/05\/IMG-20200509-WA0020.jpg","_links":{"self":[{"href":"https:\/\/www.radiopiu.net\/wordpress\/wp-json\/wp\/v2\/posts\/136402","targetHints":{"allow":["GET"]}}],"collection":[{"href":"https:\/\/www.radiopiu.net\/wordpress\/wp-json\/wp\/v2\/posts"}],"about":[{"href":"https:\/\/www.radiopiu.net\/wordpress\/wp-json\/wp\/v2\/types\/post"}],"author":[{"embeddable":true,"href":"https:\/\/www.radiopiu.net\/wordpress\/wp-json\/wp\/v2\/users\/4"}],"replies":[{"embeddable":true,"href":"https:\/\/www.radiopiu.net\/wordpress\/wp-json\/wp\/v2\/comments?post=136402"}],"version-history":[{"count":0,"href":"https:\/\/www.radiopiu.net\/wordpress\/wp-json\/wp\/v2\/posts\/136402\/revisions"}],"wp:featuredmedia":[{"embeddable":true,"href":"https:\/\/www.radiopiu.net\/wordpress\/wp-json\/wp\/v2\/media\/136415"}],"wp:attachment":[{"href":"https:\/\/www.radiopiu.net\/wordpress\/wp-json\/wp\/v2\/media?parent=136402"}],"wp:term":[{"taxonomy":"category","embeddable":true,"href":"https:\/\/www.radiopiu.net\/wordpress\/wp-json\/wp\/v2\/categories?post=136402"},{"taxonomy":"post_tag","embeddable":true,"href":"https:\/\/www.radiopiu.net\/wordpress\/wp-json\/wp\/v2\/tags?post=136402"}],"curies":[{"name":"wp","href":"https:\/\/api.w.org\/{rel}","templated":true}]}}