{"id":136926,"date":"2020-05-11T14:22:35","date_gmt":"2020-05-11T12:22:35","guid":{"rendered":"https:\/\/www.radiopiu.net\/wordpress\/?p=136926"},"modified":"2020-05-11T14:22:35","modified_gmt":"2020-05-11T12:22:35","slug":"pericolo-re-infezione-agenzie-viaggio-lincontro-col-governo-di-oggi-e-altro-dalla-conferenza-stampa-di-zaia","status":"publish","type":"post","link":"https:\/\/www.radiopiu.net\/wordpress\/pericolo-re-infezione-agenzie-viaggio-lincontro-col-governo-di-oggi-e-altro-dalla-conferenza-stampa-di-zaia\/","title":{"rendered":"PERICOLO RE INFEZIONE, AGENZIE VIAGGIO, L&#8217;INCONTRO COL GOVERNO DI OGGI E ALTRO DALLA CONFERENZA STAMPA DI ZAIA"},"content":{"rendered":"<p><strong>PERICOLO RE INFEZIONI <\/strong><\/p>\n<p>Stiamo preparando il piano d\u2019azione con l\u2019artiglieria pesante per la possibile re infezione autunnale e in questo progetto rientra anche la banca del plasma. Siamo i primi al mondo, avremo carichi quotidiani di prelievi.\u00a0 La partita del sangue \u00e8 importante, dobbiamo avere un piano, se la cura di riferimento sar\u00e0 quella del sangue noi saremo pronti con il nostro magazzino. Siamo gi\u00e0 nella fase promozionale, arriver\u00e0 una lettera a tutti gli interessati che non dovranno preoccuparsi. Dei 18mila che abbiamo oggi sappiamo che molti non potranno contribuire.\u00a0 Negli asintomatici la quantit\u00e0 di anticorpi non sempre \u00e8 sufficiente per le terapie sui malati.ma faremo il test anticorpale a tutti<\/p>\n<audio class=\"wp-audio-shortcode\" id=\"audio-136926-1\" preload=\"none\" style=\"width: 100%;\" controls=\"controls\"><source type=\"audio\/mpeg\" src=\"https:\/\/www.radiopiu.net\/wordpress\/wp-content\/uploads\/2020\/05\/ZAIA-REINFEZIONE.mp3?_=1\" \/><a href=\"https:\/\/www.radiopiu.net\/wordpress\/wp-content\/uploads\/2020\/05\/ZAIA-REINFEZIONE.mp3\">https:\/\/www.radiopiu.net\/wordpress\/wp-content\/uploads\/2020\/05\/ZAIA-REINFEZIONE.mp3<\/a><\/audio>\n<p>&nbsp;<\/p>\n<p><strong>OGGI\u00a0 ALLE 18 INCONTRO IN VIDEO CONFERENZA CON IL GOVERNO<\/strong><\/p>\n<p>Chiederemo la riapertura al 18 maggio sulla base di nozione scientifiche e sul rispetto degli indicatori sanitari coscienti che non \u00e8 un liberi tutti e tutti dovranno usare la mascherina. Non \u00e8 una riunione per fare prove muscolari altrimenti facevamo l\u2019ordinanza. Se il Governo ha dato velocemente disponibilit\u00e0 ad incontrarci\u00a0 con il Ministro Boccia e il Presidente Conte ha capito che il percorso di questo ultimo miglio si potr\u00e0 fare in maniera pi\u00f9 agevole con l\u2019aiuto delle regioni. Per noi il 18 \u00e8 la data migliore, altrimenti il 1 giugno sar\u00e0 un\u2019ecatombe<\/p>\n<audio class=\"wp-audio-shortcode\" id=\"audio-136926-2\" preload=\"none\" style=\"width: 100%;\" controls=\"controls\"><source type=\"audio\/mpeg\" src=\"https:\/\/www.radiopiu.net\/wordpress\/wp-content\/uploads\/2020\/05\/ZAIA-INCONTRO-GOVERNO.mp3?_=2\" \/><a href=\"https:\/\/www.radiopiu.net\/wordpress\/wp-content\/uploads\/2020\/05\/ZAIA-INCONTRO-GOVERNO.mp3\">https:\/\/www.radiopiu.net\/wordpress\/wp-content\/uploads\/2020\/05\/ZAIA-INCONTRO-GOVERNO.mp3<\/a><\/audio>\n<p>&nbsp;<\/p>\n<p><strong>LA REGIONE HA UN PIANO B SE CON IL GOVERNO VA MALE?<\/strong><\/p>\n<p>E\u2019 doveroso trovare assieme una soluzione<\/p>\n<audio class=\"wp-audio-shortcode\" id=\"audio-136926-3\" preload=\"none\" style=\"width: 100%;\" controls=\"controls\"><source type=\"audio\/mpeg\" src=\"https:\/\/www.radiopiu.net\/wordpress\/wp-content\/uploads\/2020\/05\/ZAIA-PIANO-B.mp3?_=3\" \/><a href=\"https:\/\/www.radiopiu.net\/wordpress\/wp-content\/uploads\/2020\/05\/ZAIA-PIANO-B.mp3\">https:\/\/www.radiopiu.net\/wordpress\/wp-content\/uploads\/2020\/05\/ZAIA-PIANO-B.mp3<\/a><\/audio>\n<p>&nbsp;<\/p>\n<p><strong>AGENZIE DI VIAGGIO NON POSSONO FARE PROGRAMMI<\/strong><\/p>\n<p>Hanno ragione, gli operatori interessa sapere con certezza la data di riapertura per organizzarsi. Noi siamo nella condizioni di far partire una campagna di promozione<\/p>\n<audio class=\"wp-audio-shortcode\" id=\"audio-136926-4\" preload=\"none\" style=\"width: 100%;\" controls=\"controls\"><source type=\"audio\/mpeg\" src=\"https:\/\/www.radiopiu.net\/wordpress\/wp-content\/uploads\/2020\/05\/ZAIA-AGENZIA-VIAGGI.mp3?_=4\" \/><a href=\"https:\/\/www.radiopiu.net\/wordpress\/wp-content\/uploads\/2020\/05\/ZAIA-AGENZIA-VIAGGI.mp3\">https:\/\/www.radiopiu.net\/wordpress\/wp-content\/uploads\/2020\/05\/ZAIA-AGENZIA-VIAGGI.mp3<\/a><\/audio>\n<p>&nbsp;<\/p>\n<p><strong>PRIMA SETTIMANA DI RIAPERTURA DICONO CHE TUTTE LE REGIONI POSSONO APRIRE ECCETTO LOMBARDIA E PIEMONTE<\/strong><\/p>\n<p>Noi abbiamo i dati che sono chiari che rispettano i parametri. Il comitato scientifico non si \u00e8 espresso ma ci sono i dati e non siamo tra le Regioni vietate<\/p>\n<audio class=\"wp-audio-shortcode\" id=\"audio-136926-5\" preload=\"none\" style=\"width: 100%;\" controls=\"controls\"><source type=\"audio\/mpeg\" src=\"https:\/\/www.radiopiu.net\/wordpress\/wp-content\/uploads\/2020\/05\/ZAIA-PRIMA-SETTIMANA.mp3?_=5\" \/><a href=\"https:\/\/www.radiopiu.net\/wordpress\/wp-content\/uploads\/2020\/05\/ZAIA-PRIMA-SETTIMANA.mp3\">https:\/\/www.radiopiu.net\/wordpress\/wp-content\/uploads\/2020\/05\/ZAIA-PRIMA-SETTIMANA.mp3<\/a><\/audio>\n","protected":false},"excerpt":{"rendered":"<p>PERICOLO RE INFEZIONI Stiamo preparando il piano d\u2019azione con l\u2019artiglieria pesante per la possibile re infezione autunnale e in questo progetto rientra anche la banca del plasma. Siamo i primi al mondo, avremo carichi quotidiani di prelievi.\u00a0 La partita del sangue \u00e8 importante, dobbiamo avere un piano, se la cura di riferimento sar\u00e0 quella del&hellip;<\/p>\n","protected":false},"author":4,"featured_media":134423,"comment_status":"closed","ping_status":"closed","sticky":false,"template":"","format":"standard","meta":{"_monsterinsights_skip_tracking":false,"_monsterinsights_sitenote_active":false,"_monsterinsights_sitenote_note":"","_monsterinsights_sitenote_category":0,"footnotes":""},"categories":[49],"tags":[],"class_list":["post-136926","post","type-post","status-publish","format-standard","has-post-thumbnail","hentry","category-news-18","category-49","description-off"],"img_url":"https:\/\/www.radiopiu.net\/wordpress\/wp-content\/uploads\/2020\/05\/Zaia-OOOOKKKK.jpg","_links":{"self":[{"href":"https:\/\/www.radiopiu.net\/wordpress\/wp-json\/wp\/v2\/posts\/136926","targetHints":{"allow":["GET"]}}],"collection":[{"href":"https:\/\/www.radiopiu.net\/wordpress\/wp-json\/wp\/v2\/posts"}],"about":[{"href":"https:\/\/www.radiopiu.net\/wordpress\/wp-json\/wp\/v2\/types\/post"}],"author":[{"embeddable":true,"href":"https:\/\/www.radiopiu.net\/wordpress\/wp-json\/wp\/v2\/users\/4"}],"replies":[{"embeddable":true,"href":"https:\/\/www.radiopiu.net\/wordpress\/wp-json\/wp\/v2\/comments?post=136926"}],"version-history":[{"count":0,"href":"https:\/\/www.radiopiu.net\/wordpress\/wp-json\/wp\/v2\/posts\/136926\/revisions"}],"wp:featuredmedia":[{"embeddable":true,"href":"https:\/\/www.radiopiu.net\/wordpress\/wp-json\/wp\/v2\/media\/134423"}],"wp:attachment":[{"href":"https:\/\/www.radiopiu.net\/wordpress\/wp-json\/wp\/v2\/media?parent=136926"}],"wp:term":[{"taxonomy":"category","embeddable":true,"href":"https:\/\/www.radiopiu.net\/wordpress\/wp-json\/wp\/v2\/categories?post=136926"},{"taxonomy":"post_tag","embeddable":true,"href":"https:\/\/www.radiopiu.net\/wordpress\/wp-json\/wp\/v2\/tags?post=136926"}],"curies":[{"name":"wp","href":"https:\/\/api.w.org\/{rel}","templated":true}]}}