{"id":136933,"date":"2020-05-11T14:47:22","date_gmt":"2020-05-11T12:47:22","guid":{"rendered":"https:\/\/www.radiopiu.net\/wordpress\/?p=136933"},"modified":"2020-05-11T14:59:32","modified_gmt":"2020-05-11T12:59:32","slug":"rc-auto-ad-aprile-crollo-record-dei-premi-in-veneto-1683%e2%80%a8-prezzi-mai-cosi-bassi-ma-risaliranno","status":"publish","type":"post","link":"https:\/\/www.radiopiu.net\/wordpress\/rc-auto-ad-aprile-crollo-record-dei-premi-in-veneto-1683%e2%80%a8-prezzi-mai-cosi-bassi-ma-risaliranno\/","title":{"rendered":"RC AUTO: AD APRILE CROLLO RECORD DEI PREMI IN VENETO (-16,83%)\u2028 PREZZI MAI COS\u00cc BASSI, MA RISALIRANNO"},"content":{"rendered":"<p><a class=\"dt-pswp-item\" href=\"https:\/\/www.radiopiu.net\/wordpress\/wp-content\/uploads\/2020\/05\/Oss-Rc-Auto-1_bassa.jpg\" data-dt-img-description=\"red toy car on banknotes and coins\" data-large_image_width=\"858\" data-large_image_height=\"569\"><img loading=\"lazy\" decoding=\"async\" class=\"alignleft wp-image-136935 size-medium\" src=\"https:\/\/www.radiopiu.net\/wordpress\/wp-content\/uploads\/2020\/05\/Oss-Rc-Auto-1_bassa-300x199.jpg\" alt=\"\" width=\"300\" height=\"199\" srcset=\"https:\/\/www.radiopiu.net\/wordpress\/wp-content\/uploads\/2020\/05\/Oss-Rc-Auto-1_bassa-300x199.jpg 300w, https:\/\/www.radiopiu.net\/wordpress\/wp-content\/uploads\/2020\/05\/Oss-Rc-Auto-1_bassa-768x509.jpg 768w, https:\/\/www.radiopiu.net\/wordpress\/wp-content\/uploads\/2020\/05\/Oss-Rc-Auto-1_bassa.jpg 858w\" sizes=\"auto, (max-width: 300px) 100vw, 300px\" \/><\/a><\/p>\n<p><strong>MILANO<\/strong>\u00a0Con l\u2019avvio della Fase 2 e il graduale ritorno alla normalit\u00e0 molti automobilisti veneti dovranno fare i conti con il rinnovo dell\u2019RC auto; la buona notizia \u00e8, come emerso dall\u2019osservatorio di Facile.it, che il costo dell\u2019assicurazione continua a calare. Se gi\u00e0 a marzo 2020 i premi medi rilevati in Veneto hanno iniziato a risentire positivamente del lockdown (-9,53% su base annua), ad aprile 2020 la diminuzione \u00e8 stata ancor pi\u00f9 importante, con un eloquente -16,83% rispetto allo stesso mese del 2019. Il dato \u00e8 ancor pi\u00f9 rilevante se si considera che la riduzione nazionale \u00e8 stata pari al 15,04%.\u00a0In valori assoluti significa che, lo scorso mese, per assicurare un veicolo a quattro ruote in Veneto occorrevano, in media, 379,05 euro, vale a dire ben 76 euro in meno rispetto ad aprile 2019.\u00a0Il dato emerge dall\u2019analisi di un campione di oltre 608.200 preventivi effettuati in Veneto attraverso Facile.it da marzo 2019 ad aprile 2020 e delle relative quotazioni offerte da un panel di compagnie che rappresentano, considerando i premi totali raccolti, circa il 55% del mercato RCA italiano*.<span class=\"Apple-converted-space\">\u00a0\u00a0<\/span><i>\u00abCome avevamo previsto il calo rilevato a marzo era solo l\u2019inizio di un trend al ribasso ancora pi\u00f9 importante, confermato dai dati di aprile\u00bb<\/i>, spiega Diego Palano, Managing Director assicurazioni di Facile.it <i>\u00abTuttavia con buona probabilit\u00e0 la curva si invertir\u00e0 presto soprattutto perch\u00e9, con l\u2019interruzione graduale della quarantena e i nuovi limiti imposti al trasporto pubblico, il numero delle auto in circolazione \u2013 e con esso quello dei sinistri \u2013 torner\u00e0 ad aumentare.<\/i><i>\u00bb.\u00a0<\/i>Lo straordinario calo dei prezzi, come evidenziato da Facile.it, \u00e8 in buona parte legato al lockdown imposto dal Governo a causa del Covid, restrizione che ha portato nei mesi di marzo e aprile ad una drastica diminuzione sia dei veicoli in circolazione sia, di conseguenza, dei sinistri stradali.<span class=\"Apple-converted-space\">\u00a0\u00a0<\/span>Con il ritorno alla normalit\u00e0 questi due elementi potrebbero riprendere a crescere; essendo essi fondamentali per il calcolo delle tariffe assicurative, \u00e8 facile prevedere che ci\u00f2 comporter\u00e0 inevitabili rincari a scapito degli automobilisti. Ecco perch\u00e9, spiegano gli esperti del comparatore, il consiglio per tutti coloro che hanno una polizza in scadenza \u00e8 di rinnovare l\u2019assicurazione ora, anche se il veicolo non viene utilizzato, mettendosi al riparo dai futuri aumenti.<\/p>\n<p><b>L\u2019andamento provinciale<\/b><\/p>\n<p>Il calo dei prezzi evidenziato da Facile.it in Veneto ad aprile 2020 \u00e8 uno tra i pi\u00f9 importanti rilevati a livello nazionale, con una diminuzione a doppia cifra in quasi tutte le aree della regione.\u00a0La provincia veneta che ha visto scendere in misura maggiore il prezzo dell\u2019RC auto \u00e8 stata quella di Treviso dove, ad aprile 2020, il calo \u00e8 stato del 18,72% rispetto allo stesso mese del 2019, con un premio medio sceso a 368,50 euro.\u00a0Seguono nella graduatoria regionale la provincia di Vicenza, dove ad aprile 2020 la diminuzione \u00e8 stata del 18,21% su base annua, con un premio medio stabilizzatosi a 357,04 euro e quella di Padova, dove il calo \u00e8 stato del 17,22%, con un premio medio fermo a 390,87 euro.\u00a0Diminuzioni inferiori alla media regionale, ma comunque superiori a quella nazionale, per le province di Verona (-16,12%, premio medio pari a 381,12 euro) e Venezia, che, nonostante il calo del 16,06% e un valore medio RC auto pari a 395,33 euro, \u00e8 risultata essere l\u2019area veneta dove, ad aprile 2020, assicurare un veicolo a quattro ruote costava di pi\u00f9.\u00a0Cali inferiori alla media nazionale, invece, per le province di Rovigo (369,54 euro, in calo dell\u201911,14%) e di Belluno, che con una diminuzione del 3,77% e un premio medio Rc auto equivalente a 344,66 euro, il pi\u00f9 basso della regione, \u00e8 stata l\u2019unica area veneta a registrare un calo ad una sola cifra.<\/p>\n<p><a class=\"dt-pswp-item\" href=\"https:\/\/www.radiopiu.net\/wordpress\/wp-content\/uploads\/2020\/05\/Schermata-2020-05-11-alle-14.45.42.png\" data-dt-img-description=\"\" data-large_image_width=\"644\" data-large_image_height=\"612\"><img loading=\"lazy\" decoding=\"async\" class=\" wp-image-136934 aligncenter\" src=\"https:\/\/www.radiopiu.net\/wordpress\/wp-content\/uploads\/2020\/05\/Schermata-2020-05-11-alle-14.45.42-300x285.png\" alt=\"\" width=\"456\" height=\"433\" srcset=\"https:\/\/www.radiopiu.net\/wordpress\/wp-content\/uploads\/2020\/05\/Schermata-2020-05-11-alle-14.45.42-300x285.png 300w, https:\/\/www.radiopiu.net\/wordpress\/wp-content\/uploads\/2020\/05\/Schermata-2020-05-11-alle-14.45.42.png 644w\" sizes=\"auto, (max-width: 456px) 100vw, 456px\" \/><\/a><\/p>\n","protected":false},"excerpt":{"rendered":"<p>MILANO\u00a0Con l\u2019avvio della Fase 2 e il graduale ritorno alla normalit\u00e0 molti automobilisti veneti dovranno fare i conti con il rinnovo dell\u2019RC auto; la buona notizia \u00e8, come emerso dall\u2019osservatorio di Facile.it, che il costo dell\u2019assicurazione continua a calare. Se gi\u00e0 a marzo 2020 i premi medi rilevati in Veneto hanno iniziato a risentire positivamente&hellip;<\/p>\n","protected":false},"author":4,"featured_media":136935,"comment_status":"closed","ping_status":"closed","sticky":false,"template":"","format":"standard","meta":{"_monsterinsights_skip_tracking":false,"_monsterinsights_sitenote_active":false,"_monsterinsights_sitenote_note":"","_monsterinsights_sitenote_category":0,"footnotes":""},"categories":[1],"tags":[],"class_list":["post-136933","post","type-post","status-publish","format-standard","has-post-thumbnail","hentry","category-senza-categoria","category-1","description-off"],"img_url":"https:\/\/www.radiopiu.net\/wordpress\/wp-content\/uploads\/2020\/05\/Oss-Rc-Auto-1_bassa.jpg","_links":{"self":[{"href":"https:\/\/www.radiopiu.net\/wordpress\/wp-json\/wp\/v2\/posts\/136933","targetHints":{"allow":["GET"]}}],"collection":[{"href":"https:\/\/www.radiopiu.net\/wordpress\/wp-json\/wp\/v2\/posts"}],"about":[{"href":"https:\/\/www.radiopiu.net\/wordpress\/wp-json\/wp\/v2\/types\/post"}],"author":[{"embeddable":true,"href":"https:\/\/www.radiopiu.net\/wordpress\/wp-json\/wp\/v2\/users\/4"}],"replies":[{"embeddable":true,"href":"https:\/\/www.radiopiu.net\/wordpress\/wp-json\/wp\/v2\/comments?post=136933"}],"version-history":[{"count":0,"href":"https:\/\/www.radiopiu.net\/wordpress\/wp-json\/wp\/v2\/posts\/136933\/revisions"}],"wp:featuredmedia":[{"embeddable":true,"href":"https:\/\/www.radiopiu.net\/wordpress\/wp-json\/wp\/v2\/media\/136935"}],"wp:attachment":[{"href":"https:\/\/www.radiopiu.net\/wordpress\/wp-json\/wp\/v2\/media?parent=136933"}],"wp:term":[{"taxonomy":"category","embeddable":true,"href":"https:\/\/www.radiopiu.net\/wordpress\/wp-json\/wp\/v2\/categories?post=136933"},{"taxonomy":"post_tag","embeddable":true,"href":"https:\/\/www.radiopiu.net\/wordpress\/wp-json\/wp\/v2\/tags?post=136933"}],"curies":[{"name":"wp","href":"https:\/\/api.w.org\/{rel}","templated":true}]}}