{"id":137010,"date":"2020-05-11T18:59:23","date_gmt":"2020-05-11T16:59:23","guid":{"rendered":"https:\/\/www.radiopiu.net\/wordpress\/?p=137010"},"modified":"2020-05-11T18:59:23","modified_gmt":"2020-05-11T16:59:23","slug":"dati-e-grafici-del-giorno-provincia-regione-11-maggio-2020","status":"publish","type":"post","link":"https:\/\/www.radiopiu.net\/wordpress\/dati-e-grafici-del-giorno-provincia-regione-11-maggio-2020\/","title":{"rendered":"DATI E GRAFICI DEL GIORNO, PROVINCIA \u2013 REGIONE 11 MAGGIO 2020"},"content":{"rendered":"<p><strong>Con la collaborazione di Tiziano De Col<\/strong><\/p>\n<p>Dalle tabelle di Tiziano De Col la percentuale dei positivi sulla popolazione, per la provincia la pi\u00f9 alta del Veneto. In tabella si ripostano 0 contagi anche se in realt\u00e0 1 positivo nel pomeriggio \u00e8 stato &#8220;scoperto&#8221;.<\/p>\n<p><a class=\"dt-pswp-item\" href=\"https:\/\/www.radiopiu.net\/wordpress\/wp-content\/uploads\/2020\/05\/Schermata-2020-05-11-alle-18.57.16.png\" data-dt-img-description=\"\" data-large_image_width=\"812\" data-large_image_height=\"452\"><img loading=\"lazy\" decoding=\"async\" class=\"alignnone size-medium wp-image-137028\" src=\"https:\/\/www.radiopiu.net\/wordpress\/wp-content\/uploads\/2020\/05\/Schermata-2020-05-11-alle-18.57.16-300x167.png\" alt=\"\" width=\"300\" height=\"167\" srcset=\"https:\/\/www.radiopiu.net\/wordpress\/wp-content\/uploads\/2020\/05\/Schermata-2020-05-11-alle-18.57.16-300x167.png 300w, https:\/\/www.radiopiu.net\/wordpress\/wp-content\/uploads\/2020\/05\/Schermata-2020-05-11-alle-18.57.16-768x428.png 768w, https:\/\/www.radiopiu.net\/wordpress\/wp-content\/uploads\/2020\/05\/Schermata-2020-05-11-alle-18.57.16.png 812w\" sizes=\"auto, (max-width: 300px) 100vw, 300px\" \/><\/a><a class=\"dt-pswp-item\" href=\"https:\/\/www.radiopiu.net\/wordpress\/wp-content\/uploads\/2020\/05\/376f85bd-e829-4dfc-aba7-05e728f5d794.jpg\" data-dt-img-description=\"\" data-large_image_width=\"768\" data-large_image_height=\"376\"><img loading=\"lazy\" decoding=\"async\" class=\"alignnone  wp-image-137029\" src=\"https:\/\/www.radiopiu.net\/wordpress\/wp-content\/uploads\/2020\/05\/376f85bd-e829-4dfc-aba7-05e728f5d794-300x147.jpg\" alt=\"\" width=\"335\" height=\"164\" srcset=\"https:\/\/www.radiopiu.net\/wordpress\/wp-content\/uploads\/2020\/05\/376f85bd-e829-4dfc-aba7-05e728f5d794-300x147.jpg 300w, https:\/\/www.radiopiu.net\/wordpress\/wp-content\/uploads\/2020\/05\/376f85bd-e829-4dfc-aba7-05e728f5d794.jpg 768w\" sizes=\"auto, (max-width: 335px) 100vw, 335px\" \/><\/a><a class=\"dt-pswp-item\" href=\"https:\/\/www.radiopiu.net\/wordpress\/wp-content\/uploads\/2020\/05\/fa0e575b-78bc-47a6-bddf-263a8e7b9eab.jpg\" data-dt-img-description=\"\" data-large_image_width=\"556\" data-large_image_height=\"341\"><img loading=\"lazy\" decoding=\"async\" class=\"alignnone  wp-image-137030\" src=\"https:\/\/www.radiopiu.net\/wordpress\/wp-content\/uploads\/2020\/05\/fa0e575b-78bc-47a6-bddf-263a8e7b9eab-300x184.jpg\" alt=\"\" width=\"300\" height=\"184\" srcset=\"https:\/\/www.radiopiu.net\/wordpress\/wp-content\/uploads\/2020\/05\/fa0e575b-78bc-47a6-bddf-263a8e7b9eab-300x184.jpg 300w, https:\/\/www.radiopiu.net\/wordpress\/wp-content\/uploads\/2020\/05\/fa0e575b-78bc-47a6-bddf-263a8e7b9eab.jpg 556w\" sizes=\"auto, (max-width: 300px) 100vw, 300px\" \/><\/a><\/p>\n","protected":false},"excerpt":{"rendered":"<p>Con la collaborazione di Tiziano De Col Dalle tabelle di Tiziano De Col la percentuale dei positivi sulla popolazione, per la provincia la pi\u00f9 alta del Veneto. In tabella si ripostano 0 contagi anche se in realt\u00e0 1 positivo nel pomeriggio \u00e8 stato &#8220;scoperto&#8221;.<\/p>\n","protected":false},"author":4,"featured_media":137030,"comment_status":"closed","ping_status":"closed","sticky":false,"template":"","format":"standard","meta":{"_monsterinsights_skip_tracking":false,"_monsterinsights_sitenote_active":false,"_monsterinsights_sitenote_note":"","_monsterinsights_sitenote_category":0,"footnotes":""},"categories":[49],"tags":[],"class_list":["post-137010","post","type-post","status-publish","format-standard","has-post-thumbnail","hentry","category-news-18","category-49","description-off"],"img_url":"https:\/\/www.radiopiu.net\/wordpress\/wp-content\/uploads\/2020\/05\/fa0e575b-78bc-47a6-bddf-263a8e7b9eab.jpg","_links":{"self":[{"href":"https:\/\/www.radiopiu.net\/wordpress\/wp-json\/wp\/v2\/posts\/137010","targetHints":{"allow":["GET"]}}],"collection":[{"href":"https:\/\/www.radiopiu.net\/wordpress\/wp-json\/wp\/v2\/posts"}],"about":[{"href":"https:\/\/www.radiopiu.net\/wordpress\/wp-json\/wp\/v2\/types\/post"}],"author":[{"embeddable":true,"href":"https:\/\/www.radiopiu.net\/wordpress\/wp-json\/wp\/v2\/users\/4"}],"replies":[{"embeddable":true,"href":"https:\/\/www.radiopiu.net\/wordpress\/wp-json\/wp\/v2\/comments?post=137010"}],"version-history":[{"count":0,"href":"https:\/\/www.radiopiu.net\/wordpress\/wp-json\/wp\/v2\/posts\/137010\/revisions"}],"wp:featuredmedia":[{"embeddable":true,"href":"https:\/\/www.radiopiu.net\/wordpress\/wp-json\/wp\/v2\/media\/137030"}],"wp:attachment":[{"href":"https:\/\/www.radiopiu.net\/wordpress\/wp-json\/wp\/v2\/media?parent=137010"}],"wp:term":[{"taxonomy":"category","embeddable":true,"href":"https:\/\/www.radiopiu.net\/wordpress\/wp-json\/wp\/v2\/categories?post=137010"},{"taxonomy":"post_tag","embeddable":true,"href":"https:\/\/www.radiopiu.net\/wordpress\/wp-json\/wp\/v2\/tags?post=137010"}],"curies":[{"name":"wp","href":"https:\/\/api.w.org\/{rel}","templated":true}]}}