{"id":137114,"date":"2020-05-13T05:53:05","date_gmt":"2020-05-13T03:53:05","guid":{"rendered":"https:\/\/www.radiopiu.net\/wordpress\/?p=137114"},"modified":"2020-05-13T10:38:11","modified_gmt":"2020-05-13T08:38:11","slug":"giornale-radiopiu-13-maggio-2020-direttore-mirko-mezzacasa","status":"publish","type":"post","link":"https:\/\/www.radiopiu.net\/wordpress\/giornale-radiopiu-13-maggio-2020-direttore-mirko-mezzacasa\/","title":{"rendered":"GIORNALE RADIOPIU 13 MAGGIO 2020 DIRETTORE MIRKO MEZZACASA"},"content":{"rendered":"<h3><strong>PER RICEVERE QUESTO NOTIZIARIO DIRETTAMENTE SUL TUO CELLULARE ISCRIVITI AL CANALE TELEGRAM\u00a0<\/strong><strong>\u201cRADIO PIU\u00a0 INFORMAZIONE\u201d<\/strong><\/h3>\n<p>&nbsp;<\/p>\n<hr \/>\n<p>&nbsp;<\/p>\n<p><strong><em>Gestione Servizi Pubblici informa che a GOSALDO, nelle localit\u00e0 LE FOCHE, LAMBROI, DENEORE, MAGAIT, REN, SELLE, COL TAMAI, BITTI, GIARDOI, LE CASE, CURTI e INCASAL, l\u2019acqua erogata dall\u2019acquedotto non \u00e8 potabile e pu\u00f2 essere usata per scopi alimentari SOLO PREVIA bollitura<\/em><\/strong><\/p>\n<p><strong>Per lavori alla rete idrica comunale, OGGI dalle\u00a0 8.30 alle 12 verr\u00e0 sospesa l\u2019erogazione dell\u2019acqua a VALLADA AGORDINA nella frazione di SACHET.<\/strong><\/p>\n<hr \/>\n<p>&nbsp;<\/p>\n<p><strong>CHIUDE PONTE MAS, FINO AL 30 GIUGNO PER I LAVORI DI CONSOLIDAMENTO:<\/strong>\u00a0 fino al\u00a0 30 giugno sar\u00e0 chiuso sia alle macchine sia ai pedoni il collegamento principale tra i comuni di Sospirolo e Sedico.\u00a0 L\u2019intera struttura subir\u00e0 notevoli lavori di risistemazione. Un intervento urgente, specie in seguito ai danni subiti dalla piena del torrente durante Vaia.Verr\u00e0 allargata la sede stradale, sul lato sud \u00e8 programmata l\u2019installazione della passerella pedonale. Dell\u2019attuale ponte rester\u00e0 solo la struttura portante. Percorso alternativo: da Ponte Mas a Vignole in Comune di Sedico.<\/p>\n<p>&nbsp;<\/p>\n<hr \/>\n<p>&nbsp;<\/p>\n<p><strong>FOTO COPERTINA, LUCA ZANFRON<\/strong><\/p>\n<p><span style=\"color: #ff0000;\"><em>LA ULSS1 IN PRIMA LINEA CON\u00a0 IL TAMPONE DRIVE IN, 50 IN DUE GIORNI<\/em><\/span><\/p>\n<p><a class=\"dt-pswp-item\" href=\"https:\/\/www.radiopiu.net\/wordpress\/wp-content\/uploads\/2020\/05\/060e0872-1c29-4a01-9776-54989dab4e90-1.jpg\" data-dt-img-description=\"\" data-large_image_width=\"1440\" data-large_image_height=\"960\"><img loading=\"lazy\" decoding=\"async\" class=\"alignnone size-medium wp-image-137238\" src=\"https:\/\/www.radiopiu.net\/wordpress\/wp-content\/uploads\/2020\/05\/060e0872-1c29-4a01-9776-54989dab4e90-1-300x200.jpg\" alt=\"\" width=\"300\" height=\"200\" srcset=\"https:\/\/www.radiopiu.net\/wordpress\/wp-content\/uploads\/2020\/05\/060e0872-1c29-4a01-9776-54989dab4e90-1-300x200.jpg 300w, https:\/\/www.radiopiu.net\/wordpress\/wp-content\/uploads\/2020\/05\/060e0872-1c29-4a01-9776-54989dab4e90-1-1024x683.jpg 1024w, https:\/\/www.radiopiu.net\/wordpress\/wp-content\/uploads\/2020\/05\/060e0872-1c29-4a01-9776-54989dab4e90-1-768x512.jpg 768w, https:\/\/www.radiopiu.net\/wordpress\/wp-content\/uploads\/2020\/05\/060e0872-1c29-4a01-9776-54989dab4e90-1.jpg 1440w\" sizes=\"auto, (max-width: 300px) 100vw, 300px\" \/><\/a><\/p>\n<p align=\"CENTER\"><span style=\"font-family: Arial, serif;\"><span style=\"font-size: large;\"><b>Tamponi in modalit\u00e0 drive-in al San Martino di Belluno: bilancio della prima giornata<\/b><\/span><\/span><\/p>\n<p align=\"JUSTIFY\"><span style=\"font-size: medium;\"><span style=\"font-family: Calibri, serif;\"><span style=\"font-size: large;\"><b><a class=\"dt-pswp-item\" href=\"https:\/\/www.radiopiu.net\/wordpress\/wp-content\/uploads\/2020\/05\/drivein3.jpg\" data-dt-img-description=\"\" data-large_image_width=\"1600\" data-large_image_height=\"1200\"><img loading=\"lazy\" decoding=\"async\" class=\"size-medium wp-image-137283 alignleft\" src=\"https:\/\/www.radiopiu.net\/wordpress\/wp-content\/uploads\/2020\/05\/drivein3-300x225.jpg\" alt=\"\" width=\"300\" height=\"225\" srcset=\"https:\/\/www.radiopiu.net\/wordpress\/wp-content\/uploads\/2020\/05\/drivein3-300x225.jpg 300w, https:\/\/www.radiopiu.net\/wordpress\/wp-content\/uploads\/2020\/05\/drivein3-1024x768.jpg 1024w, https:\/\/www.radiopiu.net\/wordpress\/wp-content\/uploads\/2020\/05\/drivein3-768x576.jpg 768w, https:\/\/www.radiopiu.net\/wordpress\/wp-content\/uploads\/2020\/05\/drivein3-1536x1152.jpg 1536w, https:\/\/www.radiopiu.net\/wordpress\/wp-content\/uploads\/2020\/05\/drivein3.jpg 1600w\" sizes=\"auto, (max-width: 300px) 100vw, 300px\" \/><\/a>Belluno. <\/b><\/span><\/span><span style=\"font-family: Calibri, serif;\"><span style=\"font-size: large;\">La modalit\u00e0 \u201cdrive-in\u201d di esecuzione dei tamponi programmati per la ricerca del Sars-Cov-2, attiva da ieri in Ulss Dolomiti, \u00e8 stata sperimentata con successo. <\/span><\/span><\/span><span style=\"font-size: medium;\"><span style=\"font-family: Calibri, serif;\"><span style=\"font-size: large;\">La modalit\u00e0 drive-in si aggiunge agli \u201cambulatori tamponi\u201d e alla possibilit\u00e0 di eseguire i tamponi a domicilio, tutte modalit\u00e0 attivate dall\u2019Ulss Dolomiti per diagnosi sempre pi\u00f9 rapide. <\/span><\/span><\/span><span style=\"font-size: medium;\"><span style=\"font-family: Calibri, serif;\"><span style=\"font-size: large;\">La postazione di \u201cambulatorio\u201d drive in \u00e8 stata allestita nel parcheggio del San Martino di Belluno ed \u00e8 gestita da operatori del Dipartimento di Prevenzione. <\/span><\/span><\/span><span style=\"font-size: medium;\"><span style=\"font-family: Calibri, serif;\"><span style=\"font-size: large;\">Il servizio \u00e8 attivo su appuntamento, ed \u00e8 rivolto a: <\/span><\/span><\/span><span style=\"font-size: large; font-family: Calibri, serif;\">soggetti \u201ccontatti stretti\u201d (di individui positivi al virus) che terminano la quarantena <\/span><span style=\"font-size: large; font-family: Calibri, serif;\">soggetti gi\u00e0 risultati positivi per sars-cov-2 di cui si vuole verificare la negativizzazione <\/span><span style=\"font-size: large; font-family: Calibri, serif;\">soggetti risultati positivi a test sierologico che necessitano di una conferma <\/span><span style=\"font-size: large; font-family: Calibri, serif;\">soggetti che necessitano di approfondimento diagnostico su segnalazione del medico curante (ricetta), o sulla base delle risultanze di indagini epidemiologiche. <\/span><span style=\"font-size: medium;\"><span style=\"font-family: Calibri, serif;\"><span style=\"font-size: large;\">All\u2019interno della tenda \u201cdrive in\u201d, abbassato il finestrino, gli assistenti sanitari o infermieri<\/span><\/span><span style=\"font-size: large;\">. dotati di tutti i dispositivi di protezione richiesti, eseguono il prelievo garantendo sicurezza e rapidita\u2019 di intervento. Ieri<\/span><\/span><span style=\"font-size: large; font-family: Calibri, serif;\"> sono stati eseguiti 35 tamponi in modalit\u00e0 drive in, LUNEDI 15. La postazione sar\u00e0 ulteriormente potenziata nei prossimi giorni.<\/span><\/p>\n<hr \/>\n<p>&nbsp;<\/p>\n<p>&#x1f5de; <strong>RIEPILOGO DELLA GIORNATA<\/strong>\u00a0 \u2022 I nuovi casi <strong>ammontano a 1.402<\/strong>, quasi il doppio di ieri, ma <strong>oltre 400 sono riferiti a giorni precedenti<\/strong>. Nelle ultime 24 ore sono decedute 172 persone (30.911 in totale), mentre ne sono guarite 2.452. <strong>Ancora in calo i ricoveri<\/strong>: quelli in terapia intensiva sono 952; \u2022 Iss: anche se non si conosce a oggi &#8220;il <strong>tempo di sopravvivenza<\/strong> in un rifiuto domestico o urbano del coronavirus&#8221;, sarebbe opportuno che &#8220;i rifiuti domestici di una persona che \u00e8 stata contagiata<strong> finissero nella raccolta indifferenziata, cos\u00ec da non essere sottoposti ad alcun trattamento <\/strong>da parte degli operatori ecologici&#8221;; \u2022 Le indicazioni Inail e Iss: <strong>nei ristoranti 4 metri quadrati a cliente<\/strong>, addio a buffet e a men\u00f9 cartacei. Gli esercenti: \u201cCos\u00ec si uccide il settore\u201d; \u2022 Esteri, la Russia diventa seconda per contagi,<strong> positivo il portavoce di Putin.<\/strong><\/p>\n<p>&nbsp;<\/p>\n<blockquote>\n<h2>FASE 2 CON UN&#8217;UNICA CERTEZZA: LA RIAPERTURA DI BAR, RISTORANTI, NEGOZI, PARRUCCHIERI ED ESTETISTE. IL GOVERNO NON RIESCE E TROVARE L&#8217;ACCORDO SUGLI SPOSTAMENTI INTERREGIONALI. IL TORMENTONE ESTIVO E&#8217; SOLO ALL&#8217;INIZIO. SARA&#8217; IL VENETO A DETTARE LE REGOLE AI VENETI CHE DA LUNEDI SI GIOCHERANNO IL FUTURO E POTRANNO PRENDERE IL SOLE IN SPIAGGIA A 4 METRI UNO DALL&#8217;ALTRO.<\/h2>\n<\/blockquote>\n<p><strong>di Mirko Mezzacasa<\/strong><\/p>\n<p>Il Veneto \u00e8 pronto a dettare le regole per la ripartenza, da lunedi. A proposito le attivit\u00e0 potranno riaprire dal primo giorno della settimana al sabato (anche per 14 ore, dalle 8 alle 22) saltando anche i turni di riposo non essendoci bisogno di alcuna deroga che sar\u00e0, eventualmente necessaria per aprire la domenica ma non per supermercati e centri commerciali chiusi da ordinanza regionale che sar\u00e0 reiterata. In difficolt\u00e0 i ristoranti per le norme sui distanziamenti, qualcuno potrebbe anche decidere di non riaprire n\u00e8 lunedi n\u00e8 mai pi\u00f9. Il Veneto \u00e8 \u00a0pronto a riaprire tutto quello che \u00e8 possibile aprire nel rispetto delle linee guida del Governo che si auspica siano semplici e nel rispetto delle direttive del comitato scientifico. Nessun via libera per le seconde case oltre i confini regionali, non ancora. I supermercati e centri commerciali rimarranno chiusi alla domenica come nel periodo del lockdown. Da Roma si mormora che sar\u00e0 possibile dare il via agli incontri tra amici e non solo tra congiunti, anche se il Ministro alla salute Roberto Speranza persegue la linea dura, quella del<em> &#8220;non si pu\u00f2, non da lunedi&#8221;<\/em>\u00a0 dubbi anche sugli spostamenti interregionali, il Ministro Francesco Boccia frena gli entusiasmi rinviando le decisioni, probabilmente, al 25 maggio. Gli scienziati sono cauti e vorrebbero la vera svolta solo con il 1 giugno cio\u00e8 tra due settimane. Per domani \u00e8 atteso lo studio sui dati epidemiologi dopodich\u00e9 saranno messi i paletti per la ripartenza differenziata per territori. Per venerdi \u00e8 invece annunciato il nuovo DPCM probabilmente in prima serata in diretta televisiva. Il dibattito \u00e8 aperto e i politici del Governo dovranno trovare l&#8217;intesa che su molti punti ancora non c&#8217;\u00e8. Di certo la revoca dello stop alle attivit\u00e0 commerciali, la sospensione dei grandi eventi e quindi il divieto di assembramenti purch\u00e9 nel frattempo qualcuno non paghi un riscatto o impegni le forze speciali a rischio della loro vita, per riportare a casa qualche rapito dai terroristi,\u00a0 dopo un periodo di &#8220;erasmus&#8221; alla ricerca di se stesso,\u00a0 perch\u00e9 in questo caso rivedremo le folle sotto casa ad applaudire, baci e abbracci che al resto dell&#8217;Italia sono off limits da due mesi e rivedremo in televisione un mare in piena di uomini e donne uno sull&#8217;altro a spingere contro i cordoni di malcapitati uomini e donne delle Forze di Polizia. Da ieri in Veneto una nuova rivoluzione, quella dei medici di base che proporranno gli esami in ambulatorio oppure a casa. La telemedicina sar\u00e0 esperimentata a Padova (10 medicine di gruppo per 150mila assistiti), di seguito a Rovigo e Verona con una spesa prevista di 40mila euro. Elettrocardiogramma, valutazione dei nei, altri accertamenti verranno svolti nello studio medico oppure tra le mura di casa e l&#8217;ambulatorio trover\u00e0 spazio dentro uno zainetto. <strong>NELLE ULTIME 24 ORE IN VENETO <\/strong>Tamponi 454.985. Nuovi casi di positivi 43 (lunedi 21) da inizio epidemia 18794,\u00a0 attualmente positivi 5129 (-248)\u00a0 negativizzati\/guariti 11960 (+267),\u00a0 in isolamento domiciliare 4713 (-302),\u00a0 ricoverati 779 (-37), in ospedale 658 (-38), ospedali di comunit\u00e0 121 (+1), terapia intensiva 70 (-1,\u00a0 33 positivi, 37 negativi),\u00a0 dimessi 3278 (+44) , decessi ospedale 1313\u00a0 (9) , totale decessi 1705 (24). <strong>NELLE ULTIME 24 ORE IN PROVINCIA DI BELLUNO<\/strong> Casi positivi 1 (lunedi 1) dal 21 febbraio 1150 (+1), attualmente positivi 459 (-13) , deceduti 99 (1),\u00a0 negativizzati\/guariti 592 (+13), in isolamento domiciliare 770 (-32), ricoverati ospedale San Martino 10 (0) , terapia intensiva 2 (0) , ospedale di Comunit\u00e0 di Belluno 15 (0) Agordo 13 (0).<\/p>\n<p>&nbsp;<\/p>\n<p>&nbsp;<\/p>\n<p>&nbsp;<\/p>\n<hr \/>\n<p>&nbsp;<\/p>\n<p>&nbsp;<\/p>\n<blockquote>\n<h3>INCONTRO ULSS1-FP CGIL SULLE CASE DI RIPOSO, 49 OSS &#8211; MERCE RARA &#8211; SU 242 RICHIESTE &#8220;NECESSARIE ALTRE FORZE&#8221;<\/h3>\n<\/blockquote>\n<p>&nbsp;<\/p>\n<p><span style=\"color: #ff0000;\">DAI NOTIZIARI DI RADIO PIU GIANLUIGI DELLA GIACOMA<\/span><\/p>\n<audio class=\"wp-audio-shortcode\" id=\"audio-137114-1\" preload=\"none\" style=\"width: 100%;\" controls=\"controls\"><source type=\"audio\/mpeg\" src=\"https:\/\/www.radiopiu.net\/wordpress\/wp-content\/uploads\/2020\/05\/DELLA-GIACOMA.mp3?_=1\" \/><a href=\"https:\/\/www.radiopiu.net\/wordpress\/wp-content\/uploads\/2020\/05\/DELLA-GIACOMA.mp3\">https:\/\/www.radiopiu.net\/wordpress\/wp-content\/uploads\/2020\/05\/DELLA-GIACOMA.mp3<\/a><\/audio>\n<p>&nbsp;<\/p>\n<h3>SITUAZIONE NELLE CASE DI RIPOSO AGGIORNATA A IERI<\/h3>\n<p>Case di riposo: 69 morti. Ad oggi 198 anziani positivi al coronavirus, 85 i guariti, 1097 negativi tra i 1449 sottoposti a test. Ad Agordo RSA nessun infetto sui 20 ospiti sottoposti a test, cos\u00ec come a Villa San Giuseppe di Livinallongo (51 ospiti testati), a Taibon sui 37 ospiti testati 2 attualmente infetti, 2 guariti, 1 decesso e 32 negativi. Le altre case di riposo \u201cpulite\u201d: Arsi\u00e8 (1 decesso), Quero, Fonzaso casa per suore, Fonzaso casa di riposo (1 decesso), Lentiai, Longarone, Meano, Pedavena casa per religiosi, Pieve di Cadore casa di riposo (1 decesso),\u00a0 Pieve di Cadore Marmarole, Ponte nelle Alpi, Santo Stefano, Sedico, Seren Del Grappa, Val di Zoldo.<\/p>\n<p><a class=\"dt-pswp-item\" href=\"https:\/\/www.radiopiu.net\/wordpress\/wp-content\/uploads\/2020\/05\/19e202c6-9da0-42c6-8249-c1ce6feb42fb.jpg\" data-dt-img-description=\"\" data-large_image_width=\"2048\" data-large_image_height=\"1152\"><img loading=\"lazy\" decoding=\"async\" class=\"alignnone wp-image-137261 size-full\" src=\"https:\/\/www.radiopiu.net\/wordpress\/wp-content\/uploads\/2020\/05\/19e202c6-9da0-42c6-8249-c1ce6feb42fb.jpg\" alt=\"\" width=\"2048\" height=\"1152\" srcset=\"https:\/\/www.radiopiu.net\/wordpress\/wp-content\/uploads\/2020\/05\/19e202c6-9da0-42c6-8249-c1ce6feb42fb.jpg 2048w, https:\/\/www.radiopiu.net\/wordpress\/wp-content\/uploads\/2020\/05\/19e202c6-9da0-42c6-8249-c1ce6feb42fb-300x169.jpg 300w, https:\/\/www.radiopiu.net\/wordpress\/wp-content\/uploads\/2020\/05\/19e202c6-9da0-42c6-8249-c1ce6feb42fb-1024x576.jpg 1024w, https:\/\/www.radiopiu.net\/wordpress\/wp-content\/uploads\/2020\/05\/19e202c6-9da0-42c6-8249-c1ce6feb42fb-768x432.jpg 768w, https:\/\/www.radiopiu.net\/wordpress\/wp-content\/uploads\/2020\/05\/19e202c6-9da0-42c6-8249-c1ce6feb42fb-1536x864.jpg 1536w\" sizes=\"auto, (max-width: 2048px) 100vw, 2048px\" \/><\/a><\/p>\n<p>&nbsp;<\/p>\n<p>&nbsp;<\/p>\n<hr \/>\n<h1>LUXOTTICA FASE 2: INIZIATI GLI ESAMI AL TAMPONE, PROVINCIA OTTIMISTA PER I TRASPORTI MA I SINDACATI RIBADISCONO &#8220;NON CI SONO NOVITA'&#8221;<\/h1>\n<p>&nbsp;<\/p>\n<p><strong><span style=\"color: #0000ff;\">SI RICOMINCIA ANCHE ALLA RADIO: OGGI ALLE 10.30 E 1900 RITORNA &#8220;CISL LA VOCE DEI LAVORATORI&#8221; IL DATATO PROGRAMMA CHE DA VOCE E INDICAZIONI AI LAVORATORI LUXOTTICA. LA TRASMISSIONE RADIOFONICA PORTA AI MICROFONO IL SEGRETARIO PROVINCIALE FEMCA CISL NICOLA BRANCHER E PAOLO CHISSALE&#8217; DELLA RSU LUXOTTICA DI AGORDO. DA DOMANI ANCHE IN PODCAST SU QUESTO SITO.<\/span><\/strong><\/p>\n<p>&nbsp;<\/p>\n<blockquote>\n<h2>RIPRISTINO CORSE PER I LAVORATORI LUXOTTICA, SCOPEL: \u00abPICCOLO PASSO PER IL RITORNO ALLA NORMALIT\u00c0\u00bb<\/h2>\n<\/blockquote>\n<p><strong><img loading=\"lazy\" decoding=\"async\" class=\"alignleft\" src=\"https:\/\/www.radiopiu.net\/wordpress\/wp-content\/uploads\/2020\/03\/NOVITA-LUXOTTICA.jpg\" width=\"267\" height=\"150\" \/>BELLUNO<\/strong> Il ritorno alla normalit\u00e0 passa anche per il ripristino del trasporto pubblico locale. In concomitanza con la cosiddetta \u201cfase 2\u201d, la Provincia di Belluno ha autorizzato oggi la riattivazione delle corse extraurbane Dolomitibus di collegamento con le zone industriali di Agordo (Brugnach) e Sedico (Landris). Si tratta del servizio programmato per i lavoratori Luxottica, che ripartir\u00e0 da luned\u00ec prossimo (18 maggio).<\/p>\n<p><strong>AI MICROFONI DI RADIO PIU&#8217; DARIO SCOPEL CON DELEGA AI TRASPORTI<\/strong><\/p>\n<audio class=\"wp-audio-shortcode\" id=\"audio-137114-2\" preload=\"none\" style=\"width: 100%;\" controls=\"controls\"><source type=\"audio\/mpeg\" src=\"https:\/\/www.radiopiu.net\/wordpress\/wp-content\/uploads\/2020\/05\/SCOPEL-1.mp3?_=2\" \/><a href=\"https:\/\/www.radiopiu.net\/wordpress\/wp-content\/uploads\/2020\/05\/SCOPEL-1.mp3\">https:\/\/www.radiopiu.net\/wordpress\/wp-content\/uploads\/2020\/05\/SCOPEL-1.mp3<\/a><\/audio>\n<p>&nbsp;<\/p>\n<p>&nbsp;<\/p>\n<hr \/>\n<h3><\/h3>\n<blockquote>\n<h2>LUXOTTICA, BUONA L&#8217;ADESIONE AI TAMPONI PER I TURNISTI NESSUNA NOVITA&#8217; PER I TRASPORTI<\/h2>\n<\/blockquote>\n<p><strong><img loading=\"lazy\" decoding=\"async\" class=\"alignleft\" src=\"https:\/\/www.radiopiu.net\/wordpress\/wp-content\/uploads\/2020\/01\/NUOVA-INSEGNA-LUXOTTICA-scaled.jpg\" width=\"185\" height=\"139\" \/>AGORDO<\/strong><\/p>\n<p><strong>TRASPORTI:<\/strong> Ad oggi non ci sono novit\u00e0 riguardo ai trasporti, ma la Rsu si \u00e8 impegnata ad informare di eventuali sviluppi<\/p>\n<p><strong>TAMPONI:<\/strong> L&#8217;adesione ai test volontari \u00e8 stata buona. Da oggi i dipendenti che hanno aderito ad effettuarlo saranno convocati in infermeria e in maniera scaglionata e contestualmente riceveranno il codice personale per il ritiro del referto on line che potranno confrontare sul sito dopo 48 ore.<\/p>\n<p>Ieri \u00a0incontro esecutivo con la Femca Cisl, per i lavoratori turnisti definito il nuovo orario, dalle 5.45 alle 11.45, dalle 14.15 alle 20.15. Come gi\u00e0 noto la misura temporanea permette una migliore gestione dei flussi, tanto in entrata che in uscita, ma anche dei trasporti una volta ripristinati. L&#8217;orario della convocazione al lavoro sar\u00e0 resto noto tramite un sms. Ai lavoratori verr\u00e0 fornito un cestino in reparto prima dell&#8217;orario di uscita e conterr\u00e0 panini standard, appena possibile verr\u00e0 per\u00f2 ripristinato il sistema a prenotazione. Impossibile per i dipendenti recarsi in mensa perch\u00e9 verrebbero meno le concordate misure di sicurezza.<\/p>\n<p>&nbsp;<\/p>\n<hr \/>\n<p>&nbsp;<\/p>\n<p>&nbsp;<\/p>\n<blockquote class=\"wp-embedded-content\" data-secret=\"UgMhc0R4v0\"><p><a href=\"https:\/\/www.radiopiu.net\/wordpress\/maggio12maggio17\/\">+43 POSITIVI IN 24 ORE, IN ISOLAMENTO SOTTO I 5000, 37 RICOVERATI IN MENO. AGGIORNAMENTO AZIENDA ZERO. BELLUNO 1 POSITIVO IN PIU&#8217;, 32 PERSONE IN MENO IN ISOLAMENTO DOMICILIARE<\/a><\/p><\/blockquote>\n<p><iframe loading=\"lazy\" title=\"&#8220;+43 POSITIVI IN 24 ORE, IN ISOLAMENTO SOTTO I 5000, 37 RICOVERATI IN MENO. AGGIORNAMENTO AZIENDA ZERO. BELLUNO 1 POSITIVO IN PIU&#8217;, 32 PERSONE IN MENO IN ISOLAMENTO DOMICILIARE&#8221; &#8212; Radio Pi\u00f9\" class=\"wp-embedded-content\" sandbox=\"allow-scripts\" security=\"restricted\" style=\"position: absolute; clip: rect(1px, 1px, 1px, 1px);\" src=\"https:\/\/www.radiopiu.net\/wordpress\/maggio12maggio17\/embed\/#?secret=UgMhc0R4v0\" data-secret=\"UgMhc0R4v0\" width=\"600\" height=\"338\" frameborder=\"0\" marginwidth=\"0\" marginheight=\"0\" scrolling=\"no\"><\/iframe><\/p>\n<p>&nbsp;<\/p>\n<hr \/>\n<p>&nbsp;<\/p>\n<p>&nbsp;<\/p>\n<blockquote class=\"wp-embedded-content\" data-secret=\"pQCkBUoR35\"><p><a href=\"https:\/\/www.radiopiu.net\/wordpress\/dati-e-grafici-del-giorno-provincia-regione-12-maggio-2020\/\">DATI E GRAFICI DEL GIORNO, PROVINCIA \u2013 REGIONE 12 MAGGIO 2020<\/a><\/p><\/blockquote>\n<p><iframe loading=\"lazy\" title=\"&#8220;DATI E GRAFICI DEL GIORNO, PROVINCIA \u2013 REGIONE 12 MAGGIO 2020&#8221; &#8212; Radio Pi\u00f9\" class=\"wp-embedded-content\" sandbox=\"allow-scripts\" security=\"restricted\" style=\"position: absolute; clip: rect(1px, 1px, 1px, 1px);\" src=\"https:\/\/www.radiopiu.net\/wordpress\/dati-e-grafici-del-giorno-provincia-regione-12-maggio-2020\/embed\/#?secret=pQCkBUoR35\" data-secret=\"pQCkBUoR35\" width=\"600\" height=\"338\" frameborder=\"0\" marginwidth=\"0\" marginheight=\"0\" scrolling=\"no\"><\/iframe><\/p>\n<p>&nbsp;<\/p>\n<p>&nbsp;<\/p>\n<hr \/>\n<p>&nbsp;<\/p>\n<p>&nbsp;<\/p>\n<p>&nbsp;<\/p>\n<blockquote class=\"wp-embedded-content\" data-secret=\"cRGIajzeHO\"><p><a href=\"https:\/\/www.radiopiu.net\/wordpress\/aggiornamento-assessorato-protezione-civile-12-maggio-2020\/\">AGGIORNAMENTO ASSESSORATO PROTEZIONE CIVILE 12 MAGGIO 2020<\/a><\/p><\/blockquote>\n<p><iframe loading=\"lazy\" title=\"&#8220;AGGIORNAMENTO ASSESSORATO PROTEZIONE CIVILE 12 MAGGIO 2020&#8221; &#8212; Radio Pi\u00f9\" class=\"wp-embedded-content\" sandbox=\"allow-scripts\" security=\"restricted\" style=\"position: absolute; clip: rect(1px, 1px, 1px, 1px);\" src=\"https:\/\/www.radiopiu.net\/wordpress\/aggiornamento-assessorato-protezione-civile-12-maggio-2020\/embed\/#?secret=cRGIajzeHO\" data-secret=\"cRGIajzeHO\" width=\"600\" height=\"338\" frameborder=\"0\" marginwidth=\"0\" marginheight=\"0\" scrolling=\"no\"><\/iframe><\/p>\n<p>&nbsp;<\/p>\n<h2>L&#8217;ASSESSORE ALLA PROTEZIONE CIVILE GIANPAOLO BOTTACIN<\/h2>\n<audio class=\"wp-audio-shortcode\" id=\"audio-137114-3\" preload=\"none\" style=\"width: 100%;\" controls=\"controls\"><source type=\"audio\/mpeg\" src=\"https:\/\/www.radiopiu.net\/wordpress\/wp-content\/uploads\/2020\/05\/BOTTACIN-8.mp3?_=3\" \/><a href=\"https:\/\/www.radiopiu.net\/wordpress\/wp-content\/uploads\/2020\/05\/BOTTACIN-8.mp3\">https:\/\/www.radiopiu.net\/wordpress\/wp-content\/uploads\/2020\/05\/BOTTACIN-8.mp3<\/a><\/audio>\n<p>&nbsp;<\/p>\n<p>&nbsp;<\/p>\n<p>&nbsp;<\/p>\n<blockquote class=\"wp-embedded-content\" data-secret=\"gxYGngnaXj\"><p><a href=\"https:\/\/www.radiopiu.net\/wordpress\/riaperture-prime-indicazioni-bozza-del-documento-tecnico-dellinail\/\">RIAPERTURE, PRIME INDICAZIONI, BOZZA DEL DOCUMENTO TECNICO DELL&#8217;INAIL<\/a><\/p><\/blockquote>\n<p><iframe loading=\"lazy\" title=\"&#8220;RIAPERTURE, PRIME INDICAZIONI, BOZZA DEL DOCUMENTO TECNICO DELL&#8217;INAIL&#8221; &#8212; Radio Pi\u00f9\" class=\"wp-embedded-content\" sandbox=\"allow-scripts\" security=\"restricted\" style=\"position: absolute; clip: rect(1px, 1px, 1px, 1px);\" src=\"https:\/\/www.radiopiu.net\/wordpress\/riaperture-prime-indicazioni-bozza-del-documento-tecnico-dellinail\/embed\/#?secret=gxYGngnaXj\" data-secret=\"gxYGngnaXj\" width=\"600\" height=\"338\" frameborder=\"0\" marginwidth=\"0\" marginheight=\"0\" scrolling=\"no\"><\/iframe><\/p>\n<p>&nbsp;<\/p>\n<p>&nbsp;<\/p>\n<hr \/>\n<p>&nbsp;<\/p>\n<p>&nbsp;<\/p>\n<blockquote class=\"wp-embedded-content\" data-secret=\"OI072RRbvO\"><p><a href=\"https:\/\/www.radiopiu.net\/wordpress\/riaperture-prime-indicazioni-dallinail-per-la-balneazione-in-spiaggia\/\">RIAPERTURE, PRIME INDICAZIONI DALL&#8217;INAIL PER LA BALNEAZIONE IN SPIAGGIA<\/a><\/p><\/blockquote>\n<p><iframe loading=\"lazy\" title=\"&#8220;RIAPERTURE, PRIME INDICAZIONI DALL&#8217;INAIL PER LA BALNEAZIONE IN SPIAGGIA&#8221; &#8212; Radio Pi\u00f9\" class=\"wp-embedded-content\" sandbox=\"allow-scripts\" security=\"restricted\" style=\"position: absolute; clip: rect(1px, 1px, 1px, 1px);\" src=\"https:\/\/www.radiopiu.net\/wordpress\/riaperture-prime-indicazioni-dallinail-per-la-balneazione-in-spiaggia\/embed\/#?secret=OI072RRbvO\" data-secret=\"OI072RRbvO\" width=\"600\" height=\"338\" frameborder=\"0\" marginwidth=\"0\" marginheight=\"0\" scrolling=\"no\"><\/iframe><\/p>\n<p>&nbsp;<\/p>\n<p>&nbsp;<\/p>\n<hr \/>\n<p>&nbsp;<\/p>\n<p>&nbsp;<\/p>\n<h3 class=\"entry-title\">ZAIA ATTACCA DI MAIO E I \u201cTROMBONI\u201d DELLE DICHIARAZIONE FACILI. CONFERENZA STAMPA DEL PRESIDENTE DEL VENETO LUCA ZAIA 12 MAGGIO 2020<\/h3>\n<blockquote>\n<h2>LEGGI LA CONFERENZA STAMPA DI LUCA ZAIA<\/h2>\n<p><em>Noi con al nostra ordinanza faremo la proposta a Roma, salvo impedimenti si riparte. Ci servono le linee guida dell&#8217;Inal, spero semplici. Seconde case da lunedi? Vedremo il Dpcm per capire se si potr\u00e0.Centri commerciali: Finch\u00e9 possiamo manterremo la chiusura domenicale.<\/em><\/p><\/blockquote>\n<p><strong>DONAZIONI<\/strong> 37702 DONATORI PER UN TOTALE DI 57.192.223 EURO, 370 euro dai donatori calcio di Ros\u00e0, le multe pagate per i ritardi o le assenze agli allenamenti. Siamo sommersi dai disegni dei bambini, sar\u00e0 necessaria una citt\u00e0 intera per esporli.<\/p>\n<p><strong>APERTURE<\/strong> Passata la linea che ho cercato di portare avanti con molti colleghi per molto tempo. Che il Governo faccia delle scelte di base e poi deleghi le Regioni a fare le altre scelte &#8220;sartoriali&#8221;, \u00e8 stato un incontro positivi. Ho detto al Presidente del Consiglio siamo allo spartiacque tra ordine (lavorare assieme) e disordine (andare per conto proprio) Se sar\u00e0 confermato ci sar\u00e0 un DPCM con le novit\u00e0 e demander\u00e0 alle Regioni le decisioni. Premesso che dovremo rispettare tutti i parametri del comitato tecnico scientifico con grande responsabilit\u00e0 la nostra idea che da lunedi se ci saranno i presupposti di provvedere all&#8217;apertura di tutto quello che si puo&#8217; aprire, palestre e piscine comprese se le carte mi daranno spazio per farlo. E&#8217; urgente conoscere le linee guida dell&#8217;Inail e che si sia la volont\u00e0 di guardarle con semplicit\u00e0. Lo si dica, scriva e codifichi ma il minimo per mettere in sicurezza lavoratori e clienti ma senza fare i &#8220;fenomeni&#8221; Domani incontro con la parti e l&#8217;assessore Manuela Lanzarin per presentare le linee guida, se c&#8217;\u00e8 qualche aggiustamento lo proporremo. Ai cittadini dico che ci giochiamo il futuro cerchiamo di non tornare alla casella di partenza, sarebbe la fine. Siamo sotti i riflettori per la virtuosit\u00e0 e una re infezione in Veneto sarebbe un disastro per il Veneto virtuoso. Ad oggi gli indicatori sanitari sono buoni se tutti ci proteggiamo vinciamo la sfida altrimenti dobbiamo dire al mondo intero che abbiamo sbagliato. Il mondo del turismo ha bisogno di aiuto cosi&#8217; come i commercianti e quanti in difficolt\u00e0<br \/>\n<strong>CASSA INTEGRAZIONE<\/strong> Ho sollevato il problema anche che di Maio non puo&#8217; andare in TV e raccontare bugie dando le colpe alle Regioni, noi abbiamo fatto tutto quindi non \u00e8 colpa nostra e la tragedia \u00e8 chi a casa aspetta i soldi. Oggi ci sar\u00e0 un tavolo per capire dove stanno gli inghippi su una procedura nazionale. Sfido i &#8220;tromboni&#8221; che fanno dichiarazione a dire cosa abbiamo sbagliato. Abbiamo fatto tutto, abbiamo lavorato bene con gli uffici con l&#8217;Inps con il quale non abbiamo problemi. Sono stipendi che devono arrivare ai lavoratori, la catena di trasmissione ha incagli ma non regionali non accuso nessuno ma c&#8217;\u00e8 un po&#8217; di ruggine su qualche ingranaggio ci vuole una goccia d&#8217;olio.<\/p>\n<p><strong>TURISMO E PALESTRE\u00a0<\/strong> Attendiamo le linee guida\u00a0 per regolamentare\u00a0 le aggregazioni in spiaggia, al lago. Per le palestre poche regole, chiare, severe, ma non acrobazie di norme e contronorme, le palestre possono stabilire turni e prenotazioni. Anche per musicisti e cantanti \u00e8 sufficiente rispettare il distanziamento sociale. Ci servono le linee guida dell&#8217;Inail, spero semplici. E&#8217; fondamentale cominciare a partire con\u00a0 aggiustamenti .Ristoranti:\u00a0con pochi tavoli non riapriranno mai. In Veneto sar\u00e0 4 metri da centro tavolo a centro tavolo.<\/p>\n<p><strong>MOBILITA&#8217; TRA REGIONI<\/strong> \u00a0Credo che gli accordi fra regioni devono essere portati avanti in attesa dell&#8217;apertura totale. La Campania, per esempio, vuole blindare i confini regionali, li rispettiamo. Noi abbiamo il problema dei congiunti divisi dal Po. Non escludo che ci sar\u00e0 gi\u00e0 una regolamentazione nell&#8217;ordinanza\u00a0 del 18 per la riapertura.<\/p>\n<p><strong>ELEZIONI<\/strong> Ne abbiamo parlato sono intervenuto io e gli altri colleghi. Conte ha riconosciuto che la condizione sanitaria \u00e8 mutata. Auspico che il 18 si apra e poi si vada anche a votare (d&#8217;estate ndr.)<\/p>\n<p><strong>LIBERAZIONE DI SILVIA ROMANO<\/strong> Chi si \u00e8 assunto la possibilit\u00e0 di mandare una cooperante in una zona come quella? Sono felice che Silvia sia tornata a casa, tanti non sono mai pi\u00f9 tornati.<\/p>\n<p><strong>MASCHERINE<\/strong> Introvabili? In Veneto no, non so nelle altre regioni. Noi le abbiamo distribuite e le stiamo ancora distribuendo<\/p>\n<p><strong>SCUOLA <\/strong>La Val d&#8217;Aosta sta aprendo le scuole a turnazione. Se una Regione lo ha fatto, con orari scaglionati, studenti non ammassati, allora possiamo farlo tutti, chiedo al ministro dell&#8217;Istruzione che chiarisca.<\/p>\n<blockquote><p><strong><em>COME VISITARE I PAZIENTI SENZA ANDARE IN AMBULATORIO O IN OSPEDALE, PROGETTO PER PAZIENTI AMBULATORIALI O DOMICILIARI. INTERESSATI GIA&#8217; 10 GRUPPI DI MEDICI PER UNA BACINO DI 150MILA PERSONE. L&#8217;OPERAZIONE COSTA COMPLESSIVAMENTE SUI 40MILA EURO PER UN ANNO E POSSIAMO CONTARE SU UNA DONAZIONE. A CASA E&#8217; SUFFICIENTE UN BANALE TELEFONINO NEMMENO DI ULTIMISSIMA GENERAZIONE, LAVORA CON APP SU GOOGLE E APPLE.<\/em><\/strong><\/p><\/blockquote>\n<p><strong>MEDICI DI BASE<\/strong>\u00a0 Domenico Crisar\u00e0, segretario regionale di Fimmg Veneto, presenta un progetto del Veneto con i medici di base.\u00a0 &#8220;SONO COME LA PANDA, SE NON DI FOSSERO BISOGNEREBBE INVENTARLI&#8221; Lanciano un programma importante e ambizioso. Visite in ambulatorio o\u00a0 domicilio senza ricorrrere all&#8217;ospedale, anche elettrocardiogramma, valutate direttamente dal medico che puo&#8217; rivolgersi in tempo reale ad un secondo livello di visita specialistica che referta. Si inizia da Padova per poi andare a Verona e Rovigo Interessati 30mila i pazienti , occorre fare il tampone a tutte queste persone.\u00a0 Abbiamo una piattaforma per la videovisita con\u00a0 aggiornamento della scheda del paziente attraverso dispositivi che possono essere lasciati a domicilio. La dimostrazione del funzionamento del metodo \u00e8 stata fatta in diretta con un paziente in quarantena, <b>\u00a0<\/b>il paziente \u00e8 faccia a faccia con il dottore e dotato di un dispositivo con il quale controlla la saturazione dell&#8217;ossigeno &#8211; si tratta di un paziente in quarantena per Covid. La scheda del paziente si apre, in modo da aggiornare i dati in tempo reale. Non manca il colloquio medico-paziente. L'&#8221; ambulatorio&#8221; \u00e8 grande come un telefonino da appoggiare sul torace, i dati vengono trasmessi direttamente al medico per la refertazione. Con lo stesso sistema l&#8217;uso dell&#8217;holter, dello strumento per la\u00a0 pressione e per il\u00a0 dermatoscopio digitale per avlutare macchie e lesioni cutanee.<\/p>\n<p>&nbsp;<\/p>\n<p>https:\/\/www.facebook.com\/zaiaufficiale\/videos\/1586223951524687<\/p>\n<p>&nbsp;<\/p>\n<p>&nbsp;<\/p>\n<hr \/>\n<h2><\/h2>\n<h2><img loading=\"lazy\" decoding=\"async\" class=\"alignleft\" src=\"https:\/\/www.radiopiu.net\/wordpress\/wp-content\/uploads\/2018\/06\/MERCATINO-CANALE-DAGORDO.jpg\" width=\"164\" height=\"123\" \/>IL COMUNE RAGIONA SULLA TOSAP E COME AIUTARE I COMMERCIANTI<\/h2>\n<p>AGORDO<\/p>\n<p>DI GIANNI SANTOMASO<\/p>\n<audio class=\"wp-audio-shortcode\" id=\"audio-137114-4\" preload=\"none\" style=\"width: 100%;\" controls=\"controls\"><source type=\"audio\/mpeg\" src=\"https:\/\/www.radiopiu.net\/wordpress\/wp-content\/uploads\/2020\/05\/GIANNI-TOSAP.mp3?_=4\" \/><a href=\"https:\/\/www.radiopiu.net\/wordpress\/wp-content\/uploads\/2020\/05\/GIANNI-TOSAP.mp3\">https:\/\/www.radiopiu.net\/wordpress\/wp-content\/uploads\/2020\/05\/GIANNI-TOSAP.mp3<\/a><\/audio>\n<p>&nbsp;<\/p>\n<p>&nbsp;<\/p>\n<hr \/>\n<p>&nbsp;<\/p>\n<p>&nbsp;<\/p>\n<p>&nbsp;<\/p>\n<blockquote class=\"wp-embedded-content\" data-secret=\"BSQXGZv9IH\"><p><a href=\"https:\/\/www.radiopiu.net\/wordpress\/coronavirus-in-veneto-fase-2-in-sicurezza-per-le-attivita-produttive-ok-giunta-regionale-a-un-manuale\/\">CORONAVIRUS. IN VENETO FASE 2 IN SICUREZZA PER LE ATTIVITA\u2019 PRODUTTIVE. OK GIUNTA REGIONALE A UN MANUALE\u00a0<\/a><\/p><\/blockquote>\n<p><iframe loading=\"lazy\" title=\"&#8220;CORONAVIRUS. IN VENETO FASE 2 IN SICUREZZA PER LE ATTIVITA\u2019 PRODUTTIVE. OK GIUNTA REGIONALE A UN MANUALE\u00a0&#8221; &#8212; Radio Pi\u00f9\" class=\"wp-embedded-content\" sandbox=\"allow-scripts\" security=\"restricted\" style=\"position: absolute; clip: rect(1px, 1px, 1px, 1px);\" src=\"https:\/\/www.radiopiu.net\/wordpress\/coronavirus-in-veneto-fase-2-in-sicurezza-per-le-attivita-produttive-ok-giunta-regionale-a-un-manuale\/embed\/#?secret=BSQXGZv9IH\" data-secret=\"BSQXGZv9IH\" width=\"600\" height=\"338\" frameborder=\"0\" marginwidth=\"0\" marginheight=\"0\" scrolling=\"no\"><\/iframe><\/p>\n<p>&nbsp;<\/p>\n<p>&nbsp;<\/p>\n<hr \/>\n<p>&nbsp;<\/p>\n<p>&nbsp;<\/p>\n<div class=\"page-title-head hgroup\">\n<blockquote>\n<h3 class=\"entry-title\">\u201cDE COCCIO\u201d: INIZIA BENE LA SETTIMANA MA NON PER I TITOLARI DI ATTIVIT\u00c0 COMMERCIALI<\/h3>\n<\/blockquote>\n<\/div>\n<div class=\"page-title-breadcrumbs\">\n<p><strong>BELLUNO\u00a0<\/strong>Una sola sanzione in 24 ore. Questo il dato comunicato dalla Prefettura di Belluno in base ai controlli sul contenimento del Covid-19. Un luned\u00ec che ha visto le Forze dell\u2019Ordine impegnate sulle strade della provincia e controllare 395 persone. 1108 sanzioni da inizio emergenza dopo 35472 controlli. Sempre luned\u00ec sono state controllate 1082 attivit\u00e0 commerciali della provincia e 6 titolari sono stati sanzionati. A nessun esercizio commerciale \u00e8 stata imposta la chiusura temporanea.<\/p>\n<p class=\"photoswipe-wrapper\"><a class=\"dt-pswp-item pspw-wrap-ready\" href=\"https:\/\/i2.wp.com\/www.radiopiu.net\/wordpress\/wp-content\/uploads\/2020\/05\/MONITORAGGIO_GIORNALIERO_DEI_SERVIZI_DI_CONTROLLO_DEL_11.05.jpg?ssl=1\" data-dt-img-description=\"\" data-large_image_width=\"1240\" data-large_image_height=\"1754\"><img loading=\"lazy\" decoding=\"async\" class=\"alignnone wp-image-137134 jetpack-lazy-image jetpack-lazy-image--handled\" src=\"https:\/\/i2.wp.com\/www.radiopiu.net\/wordpress\/wp-content\/uploads\/2020\/05\/MONITORAGGIO_GIORNALIERO_DEI_SERVIZI_DI_CONTROLLO_DEL_11.05.jpg?resize=724%2C1024&amp;ssl=1\" sizes=\"auto, (max-width: 724px) 100vw, 724px\" srcset=\"https:\/\/i2.wp.com\/www.radiopiu.net\/wordpress\/wp-content\/uploads\/2020\/05\/MONITORAGGIO_GIORNALIERO_DEI_SERVIZI_DI_CONTROLLO_DEL_11.05.jpg?resize=724%2C1024&amp;ssl=1 724w, https:\/\/i2.wp.com\/www.radiopiu.net\/wordpress\/wp-content\/uploads\/2020\/05\/MONITORAGGIO_GIORNALIERO_DEI_SERVIZI_DI_CONTROLLO_DEL_11.05.jpg?resize=212%2C300&amp;ssl=1 212w, https:\/\/i2.wp.com\/www.radiopiu.net\/wordpress\/wp-content\/uploads\/2020\/05\/MONITORAGGIO_GIORNALIERO_DEI_SERVIZI_DI_CONTROLLO_DEL_11.05.jpg?resize=768%2C1086&amp;ssl=1 768w, https:\/\/i2.wp.com\/www.radiopiu.net\/wordpress\/wp-content\/uploads\/2020\/05\/MONITORAGGIO_GIORNALIERO_DEI_SERVIZI_DI_CONTROLLO_DEL_11.05.jpg?resize=1086%2C1536&amp;ssl=1 1086w, https:\/\/i2.wp.com\/www.radiopiu.net\/wordpress\/wp-content\/uploads\/2020\/05\/MONITORAGGIO_GIORNALIERO_DEI_SERVIZI_DI_CONTROLLO_DEL_11.05.jpg?w=1240&amp;ssl=1 1240w\" alt=\"\" width=\"283\" height=\"400\" data-recalc-dims=\"1\" data-lazy-loaded=\"1\" \/><\/a><\/p>\n<p>&nbsp;<\/p>\n<p>&nbsp;<\/p>\n<hr \/>\n<p>&nbsp;<\/p>\n<blockquote>\n<h3 class=\"entry-title\">PRESUMIBILMENTE PER MOTIVI SENTIMENTALI MINACCIANO L\u2019AVVERSARIO IN AMORE CON PISTOLE SCACCIACANI<\/h3>\n<\/blockquote>\n<p><strong>CORTINA<\/strong> I Carabinieri di Cortina hanno denunciato in stato di libert\u00e0 per il reato di minaccia aggravata due giovani del luogo di\u00a0 23 e 25 anni che avrebbero avvicinato e minacciato con due pistole scacciacani un 35 enne\u00a0 sempre di Cortina\u00a0 per futili motivi riconducibili\u00a0 probabilmente a dissidi sentimentali. Dopo la denuncia \u00e9 scattata la perquisizione, nell\u2019abitazione dei due sono e state rinvenute e sequestrate le due scacciacani.<\/p>\n<p class=\"photoswipe-wrapper\"><a class=\"dt-pswp-item pspw-wrap-ready\" href=\"https:\/\/i0.wp.com\/www.radiopiu.net\/wordpress\/wp-content\/uploads\/2020\/05\/a30b1f33-b456-4850-a53b-a2ccd30f9d63.jpg?ssl=1\" data-dt-img-description=\"\" data-large_image_width=\"1024\" data-large_image_height=\"797\"><img loading=\"lazy\" decoding=\"async\" class=\"alignnone wp-image-137190 jetpack-lazy-image jetpack-lazy-image--handled\" src=\"https:\/\/i0.wp.com\/www.radiopiu.net\/wordpress\/wp-content\/uploads\/2020\/05\/a30b1f33-b456-4850-a53b-a2ccd30f9d63.jpg?resize=300%2C233&amp;ssl=1\" sizes=\"auto, (max-width: 300px) 100vw, 300px\" srcset=\"https:\/\/i0.wp.com\/www.radiopiu.net\/wordpress\/wp-content\/uploads\/2020\/05\/a30b1f33-b456-4850-a53b-a2ccd30f9d63.jpg?resize=300%2C233&amp;ssl=1 300w, https:\/\/i0.wp.com\/www.radiopiu.net\/wordpress\/wp-content\/uploads\/2020\/05\/a30b1f33-b456-4850-a53b-a2ccd30f9d63.jpg?resize=768%2C598&amp;ssl=1 768w, https:\/\/i0.wp.com\/www.radiopiu.net\/wordpress\/wp-content\/uploads\/2020\/05\/a30b1f33-b456-4850-a53b-a2ccd30f9d63.jpg?w=1024&amp;ssl=1 1024w\" alt=\"\" width=\"279\" height=\"216\" data-recalc-dims=\"1\" data-lazy-loaded=\"1\" \/><\/a><a class=\"dt-pswp-item pspw-wrap-ready\" href=\"https:\/\/i1.wp.com\/www.radiopiu.net\/wordpress\/wp-content\/uploads\/2020\/05\/dae793fb-6f4e-4fd0-a5ff-1722d1f4ec68.jpg?ssl=1\" data-dt-img-description=\"\" data-large_image_width=\"1024\" data-large_image_height=\"768\"><img loading=\"lazy\" decoding=\"async\" class=\"alignnone wp-image-137188 jetpack-lazy-image jetpack-lazy-image--handled\" src=\"https:\/\/i1.wp.com\/www.radiopiu.net\/wordpress\/wp-content\/uploads\/2020\/05\/dae793fb-6f4e-4fd0-a5ff-1722d1f4ec68.jpg?resize=311%2C233&amp;ssl=1\" sizes=\"auto, (max-width: 311px) 100vw, 311px\" srcset=\"https:\/\/i1.wp.com\/www.radiopiu.net\/wordpress\/wp-content\/uploads\/2020\/05\/dae793fb-6f4e-4fd0-a5ff-1722d1f4ec68.jpg?resize=300%2C225&amp;ssl=1 300w, https:\/\/i1.wp.com\/www.radiopiu.net\/wordpress\/wp-content\/uploads\/2020\/05\/dae793fb-6f4e-4fd0-a5ff-1722d1f4ec68.jpg?resize=768%2C576&amp;ssl=1 768w, https:\/\/i1.wp.com\/www.radiopiu.net\/wordpress\/wp-content\/uploads\/2020\/05\/dae793fb-6f4e-4fd0-a5ff-1722d1f4ec68.jpg?w=1024&amp;ssl=1 1024w\" alt=\"\" width=\"295\" height=\"221\" data-recalc-dims=\"1\" data-lazy-loaded=\"1\" \/><\/a><\/p>\n<p>&nbsp;<\/p>\n<p>&nbsp;<\/p>\n<hr \/>\n<\/div>\n<p>&nbsp;<\/p>\n<h3>MOTOCICLISTA FERITO A SANTA GIUSTINA<\/h3>\n<p><strong>SANTA GIUSTINA\u00a0<\/strong> Un ferito lieve nello scontro di ieri mattina alla rotonda di Meano tra un&#8217;auto e una moto Suzuki\u00a0 finita contro la fiancata destra di un&#8217;utilitaria. Ad avere la peggio il centauro finito a terra. L&#8217;urto non \u00e8 stato violento e le conseguenze non sono state gravi. L&#8217;uomo \u00e8 stato trasportato all&#8217;ospedale Santa Maria del Prato\u00a0 con traumi lievi. Sul posto, anche i vigili del fuoco del Comando di Belluno, che hanno provveduto al lavaggio della sede stradale.<\/p>\n<p>&nbsp;<\/p>\n<hr \/>\n<div class=\"page-title-head hgroup\">\n<blockquote>\n<h3><\/h3>\n<h3 class=\"entry-title\">PIETRE IN STRADA A PRAGRANDE, DANNI ALL\u2019AUTO IN TRANSITO<\/h3>\n<\/blockquote>\n<\/div>\n<div class=\"page-title-breadcrumbs\">\n<div id=\"content\" class=\"content\" role=\"main\">\n<article id=\"post-137102\" class=\"post-137102 post type-post status-publish format-standard has-post-thumbnail category-evidenza-top category-news-18 category-51 category-49 description-off\">\n<div class=\"entry-content\">\n<p><strong class=\"photoswipe-wrapper\"><a class=\"dt-pswp-item pspw-wrap-ready\" href=\"https:\/\/i0.wp.com\/www.radiopiu.net\/wordpress\/wp-content\/uploads\/2020\/05\/aba14c57-dced-463e-a331-de75576d98c5.jpg?ssl=1\" data-dt-img-description=\"\" data-large_image_width=\"1600\" data-large_image_height=\"900\"><img loading=\"lazy\" decoding=\"async\" class=\"wp-image-137110 alignleft jetpack-lazy-image jetpack-lazy-image--handled\" src=\"https:\/\/i0.wp.com\/www.radiopiu.net\/wordpress\/wp-content\/uploads\/2020\/05\/aba14c57-dced-463e-a331-de75576d98c5.jpg?resize=178%2C100&amp;ssl=1\" sizes=\"auto, (max-width: 178px) 100vw, 178px\" srcset=\"https:\/\/i0.wp.com\/www.radiopiu.net\/wordpress\/wp-content\/uploads\/2020\/05\/aba14c57-dced-463e-a331-de75576d98c5.jpg?resize=300%2C169&amp;ssl=1 300w, https:\/\/i0.wp.com\/www.radiopiu.net\/wordpress\/wp-content\/uploads\/2020\/05\/aba14c57-dced-463e-a331-de75576d98c5.jpg?resize=1024%2C576&amp;ssl=1 1024w, https:\/\/i0.wp.com\/www.radiopiu.net\/wordpress\/wp-content\/uploads\/2020\/05\/aba14c57-dced-463e-a331-de75576d98c5.jpg?resize=768%2C432&amp;ssl=1 768w, https:\/\/i0.wp.com\/www.radiopiu.net\/wordpress\/wp-content\/uploads\/2020\/05\/aba14c57-dced-463e-a331-de75576d98c5.jpg?resize=1536%2C864&amp;ssl=1 1536w, https:\/\/i0.wp.com\/www.radiopiu.net\/wordpress\/wp-content\/uploads\/2020\/05\/aba14c57-dced-463e-a331-de75576d98c5.jpg?w=1600&amp;ssl=1 1600w\" alt=\"\" width=\"178\" height=\"100\" data-recalc-dims=\"1\" data-lazy-loaded=\"1\" \/><\/a>AGORDO<\/strong> Alle 23 di lunedi sera il colpo di sfortuna, trovarsi nel posto sbagliato al momento sbagliato. Ne sa qualche cosa il proprietario dell\u2019auto in transito lungo la regionale 203 agordina a Pragrande poco prima della\u00a0 ex Mpa, direzione Agordo Belluno.\u00a0 Sulla strada erano cadute da poco delle pietre dal pendio sovrastante, difficili da evitare. Danni alla coppa dell\u2019olio e liquido sparso sulla carreggiata. Sul posto l\u2019immediato intervento dei Carabinieri di Agordo comandati dal lugotenente Antonio D\u2019Alcamo. Per la necessaria pulizia della sede stradale sono invece intervenuti uomini e mezzi dei vigli del fuoco di Agordo.<\/p>\n<p>&nbsp;<\/p>\n<p class=\"photoswipe-wrapper\"><a class=\"dt-pswp-item pspw-wrap-ready\" href=\"https:\/\/i1.wp.com\/www.radiopiu.net\/wordpress\/wp-content\/uploads\/2020\/05\/f9fb78a3-1ad6-48b9-9979-5159053ddb2f.jpg?ssl=1\" data-dt-img-description=\"\" data-large_image_width=\"1512\" data-large_image_height=\"2016\"><img loading=\"lazy\" decoding=\"async\" class=\"alignnone wp-image-137106 jetpack-lazy-image jetpack-lazy-image--handled\" src=\"https:\/\/i1.wp.com\/www.radiopiu.net\/wordpress\/wp-content\/uploads\/2020\/05\/f9fb78a3-1ad6-48b9-9979-5159053ddb2f.jpg?resize=225%2C300&amp;ssl=1\" sizes=\"auto, (max-width: 225px) 100vw, 225px\" srcset=\"https:\/\/i1.wp.com\/www.radiopiu.net\/wordpress\/wp-content\/uploads\/2020\/05\/f9fb78a3-1ad6-48b9-9979-5159053ddb2f.jpg?resize=225%2C300&amp;ssl=1 225w, https:\/\/i1.wp.com\/www.radiopiu.net\/wordpress\/wp-content\/uploads\/2020\/05\/f9fb78a3-1ad6-48b9-9979-5159053ddb2f.jpg?resize=768%2C1024&amp;ssl=1 768w, https:\/\/i1.wp.com\/www.radiopiu.net\/wordpress\/wp-content\/uploads\/2020\/05\/f9fb78a3-1ad6-48b9-9979-5159053ddb2f.jpg?resize=1152%2C1536&amp;ssl=1 1152w, https:\/\/i1.wp.com\/www.radiopiu.net\/wordpress\/wp-content\/uploads\/2020\/05\/f9fb78a3-1ad6-48b9-9979-5159053ddb2f.jpg?w=1512&amp;ssl=1 1512w\" alt=\"\" width=\"197\" height=\"263\" data-recalc-dims=\"1\" data-lazy-loaded=\"1\" \/><\/a><a class=\"dt-pswp-item pspw-wrap-ready\" href=\"https:\/\/i0.wp.com\/www.radiopiu.net\/wordpress\/wp-content\/uploads\/2020\/05\/1431a017-369e-4261-8ed8-4aa66d86b842.jpg?ssl=1\" data-dt-img-description=\"\" data-large_image_width=\"1512\" data-large_image_height=\"2016\"><img loading=\"lazy\" decoding=\"async\" class=\"alignnone wp-image-137105 jetpack-lazy-image jetpack-lazy-image--handled\" src=\"https:\/\/i0.wp.com\/www.radiopiu.net\/wordpress\/wp-content\/uploads\/2020\/05\/1431a017-369e-4261-8ed8-4aa66d86b842.jpg?resize=225%2C300&amp;ssl=1\" sizes=\"auto, (max-width: 225px) 100vw, 225px\" srcset=\"https:\/\/i0.wp.com\/www.radiopiu.net\/wordpress\/wp-content\/uploads\/2020\/05\/1431a017-369e-4261-8ed8-4aa66d86b842.jpg?resize=225%2C300&amp;ssl=1 225w, https:\/\/i0.wp.com\/www.radiopiu.net\/wordpress\/wp-content\/uploads\/2020\/05\/1431a017-369e-4261-8ed8-4aa66d86b842.jpg?resize=768%2C1024&amp;ssl=1 768w, https:\/\/i0.wp.com\/www.radiopiu.net\/wordpress\/wp-content\/uploads\/2020\/05\/1431a017-369e-4261-8ed8-4aa66d86b842.jpg?resize=1152%2C1536&amp;ssl=1 1152w, https:\/\/i0.wp.com\/www.radiopiu.net\/wordpress\/wp-content\/uploads\/2020\/05\/1431a017-369e-4261-8ed8-4aa66d86b842.jpg?w=1512&amp;ssl=1 1512w\" alt=\"\" width=\"199\" height=\"265\" data-recalc-dims=\"1\" data-lazy-loaded=\"1\" \/><\/a><a class=\"dt-pswp-item pspw-wrap-ready\" href=\"https:\/\/i1.wp.com\/www.radiopiu.net\/wordpress\/wp-content\/uploads\/2020\/05\/9cf4c804-3f72-49ba-a884-7b2aff6e6717.jpg?ssl=1\" data-dt-img-description=\"\" data-large_image_width=\"1512\" data-large_image_height=\"2016\"><img loading=\"lazy\" decoding=\"async\" class=\"alignnone wp-image-137104 jetpack-lazy-image jetpack-lazy-image--handled\" src=\"https:\/\/i1.wp.com\/www.radiopiu.net\/wordpress\/wp-content\/uploads\/2020\/05\/9cf4c804-3f72-49ba-a884-7b2aff6e6717.jpg?resize=225%2C300&amp;ssl=1\" sizes=\"auto, (max-width: 225px) 100vw, 225px\" srcset=\"https:\/\/i1.wp.com\/www.radiopiu.net\/wordpress\/wp-content\/uploads\/2020\/05\/9cf4c804-3f72-49ba-a884-7b2aff6e6717.jpg?resize=225%2C300&amp;ssl=1 225w, https:\/\/i1.wp.com\/www.radiopiu.net\/wordpress\/wp-content\/uploads\/2020\/05\/9cf4c804-3f72-49ba-a884-7b2aff6e6717.jpg?resize=768%2C1024&amp;ssl=1 768w, https:\/\/i1.wp.com\/www.radiopiu.net\/wordpress\/wp-content\/uploads\/2020\/05\/9cf4c804-3f72-49ba-a884-7b2aff6e6717.jpg?resize=1152%2C1536&amp;ssl=1 1152w, https:\/\/i1.wp.com\/www.radiopiu.net\/wordpress\/wp-content\/uploads\/2020\/05\/9cf4c804-3f72-49ba-a884-7b2aff6e6717.jpg?w=1512&amp;ssl=1 1512w\" alt=\"\" width=\"199\" height=\"265\" data-recalc-dims=\"1\" data-lazy-loaded=\"1\" \/><\/a><\/p>\n<p>&nbsp;<\/p>\n<\/div>\n<\/article>\n<\/div>\n<\/div>\n<div style=\"width: 848px;\" class=\"wp-video\"><video class=\"wp-video-shortcode\" id=\"video-137114-1\" width=\"848\" height=\"480\" preload=\"metadata\" controls=\"controls\"><source type=\"video\/mp4\" src=\"https:\/\/www.radiopiu.net\/wordpress\/wp-content\/uploads\/2020\/05\/WhatsApp-Video-2020-05-12-at-05.06.00.mp4?_=1\" \/><a href=\"https:\/\/www.radiopiu.net\/wordpress\/wp-content\/uploads\/2020\/05\/WhatsApp-Video-2020-05-12-at-05.06.00.mp4\">https:\/\/www.radiopiu.net\/wordpress\/wp-content\/uploads\/2020\/05\/WhatsApp-Video-2020-05-12-at-05.06.00.mp4<\/a><\/video><\/div>\n<p>&nbsp;<\/p>\n<p>&nbsp;<\/p>\n<hr \/>\n<p>&nbsp;<\/p>\n<h2><span style=\"color: #ff0000;\">DILLO\u00a0 A RADIO PIU<\/span><\/h2>\n<blockquote>\n<p style=\"text-align: right;\"><em>Due sere fa ho fatto una passeggiata in destra Tegn\u00e0s dalla Val del Nare fino alle Peschiere. <\/em><em>Con la morte nel cuore ho visto i disastri combinati dalla natura e anche dall&#8217;uomo. Oggi ho letto con interesse il post di Alessandro Savio riferito all&#8217;area delle Peschiere: ne condivido le emozioni che traspaiono, le considerazioni e gli auspici. Perch\u00e9 le prossime generazioni meritano di godersi le Peschiere come ce le siamo godute noi.<br \/>\n<strong>Paolo Chissale&#8217;<\/strong><\/em><\/p>\n<\/blockquote>\n<blockquote class=\"wp-embedded-content\" data-secret=\"ife3Xvn5XX\"><p><a href=\"https:\/\/www.radiopiu.net\/wordpress\/el-lach-piciol\/\">EL LACH PICIOL (IL LAGO PICCOLO)<\/a><\/p><\/blockquote>\n<p><iframe loading=\"lazy\" title=\"&#8220;EL LACH PICIOL (IL LAGO PICCOLO)&#8221; &#8212; Radio Pi\u00f9\" class=\"wp-embedded-content\" sandbox=\"allow-scripts\" security=\"restricted\" style=\"position: absolute; clip: rect(1px, 1px, 1px, 1px);\" src=\"https:\/\/www.radiopiu.net\/wordpress\/el-lach-piciol\/embed\/#?secret=ife3Xvn5XX\" data-secret=\"ife3Xvn5XX\" width=\"600\" height=\"338\" frameborder=\"0\" marginwidth=\"0\" marginheight=\"0\" scrolling=\"no\"><\/iframe><\/p>\n<p>&nbsp;<\/p>\n<p>&nbsp;<\/p>\n<p>&nbsp;<\/p>\n<hr \/>\n<p>&nbsp;<\/p>\n<p>&nbsp;<\/p>\n<p>&nbsp;<\/p>\n<h3>EDILIZIA SCOLASTICA, UNCEM: BENE I 510 MILIONI DI EURO ASSEGNATI DAL MIUR<\/h3>\n<p><strong><a class=\"dt-pswp-item\" href=\"https:\/\/www.radiopiu.net\/wordpress\/wp-content\/uploads\/2020\/04\/UNCEM.jpg\" data-dt-img-description=\"\" data-large_image_width=\"500\" data-large_image_height=\"500\"><img loading=\"lazy\" decoding=\"async\" class=\"size-medium wp-image-133399 alignleft\" src=\"https:\/\/www.radiopiu.net\/wordpress\/wp-content\/uploads\/2020\/04\/UNCEM-300x300.jpg\" alt=\"\" width=\"300\" height=\"300\" srcset=\"https:\/\/www.radiopiu.net\/wordpress\/wp-content\/uploads\/2020\/04\/UNCEM-300x300.jpg 300w, https:\/\/www.radiopiu.net\/wordpress\/wp-content\/uploads\/2020\/04\/UNCEM-150x150.jpg 150w, https:\/\/www.radiopiu.net\/wordpress\/wp-content\/uploads\/2020\/04\/UNCEM.jpg 500w\" sizes=\"auto, (max-width: 300px) 100vw, 300px\" \/><\/a>ROMA<\/strong> Il Miur ha stanziato 510 milioni di risorse per finanziare gli interventi di edilizia scolastica\u00a0indicati nel piano nazionale triennale 2018-2020, sfruttando il meccanismo di anticipazione dei mutui Bei. Uncem ritiene particolarmente importante questo stanziamento a valere sul piano e considera rilevante che gli Enti beneficiari siano autorizzati ad avviare entro un anno le procedure di gara per l&#8217;affidamento dei successivi livelli di progettazione e per l&#8217;esecuzione dei lavori.\u00a0&#8220;<em>Sono importantissime queste nuove risorse in arrivo &#8211; spiega Marco Bussone, Presidente Uncem &#8211; come ne andranno individuate altre per rendere pi\u00f9 belle e sicure le scuole. Due gli assi, quello legato alla\u00a0sicurezza e all&#8217;antisismicit\u00e0 degli edifici, e quello legato al\u00a0basso consumo energetico, alla sostenibilit\u00e0, al\u00a0benessere in spazi ben costruiti secondo i pi\u00f9 moderni criteri della bioedilizia che sa utilizzare materiali locali, &#8216;verdi&#8217;. E poi, sempre di pi\u00f9 possiamo lavorare su &#8216;scuole di valle&#8217;, plessi avanzati sui quali convergono intere valli alpine e appenninich<\/em>e&#8221;.<\/p>\n<p>&nbsp;<\/p>\n<p>&nbsp;<\/p>\n<p>&nbsp;<\/p>\n<p>&nbsp;<\/p>\n<p>&nbsp;<\/p>\n<hr \/>\n<p>&nbsp;<\/p>\n<p>&nbsp;<\/p>\n<blockquote>\n<h3>IERI LA GIORNATA NAZIONALE INFERMIERI. BOND: PUNTARE SU INFERMIERE DI PROSSIMITA\u2019 E MEDICINA DEL TERRITORIO<\/h3>\n<\/blockquote>\n<p><strong><a class=\"dt-pswp-item\" href=\"https:\/\/www.radiopiu.net\/wordpress\/wp-content\/uploads\/2018\/03\/BOND-1.jpg\" data-dt-img-description=\"\" data-large_image_width=\"150\" data-large_image_height=\"150\"><img loading=\"lazy\" decoding=\"async\" class=\"size-full wp-image-45236 alignleft\" src=\"https:\/\/www.radiopiu.net\/wordpress\/wp-content\/uploads\/2018\/03\/BOND-1.jpg\" alt=\"\" width=\"150\" height=\"150\" \/><\/a>ROMA<\/strong> \u201cPrima della pandemia da Coronavirus avevamo tanti infermieri diplomati ma non tutti, e comunque non sempre, inseriti adeguatamente nelle strutture sanitarie oppure valorizzati per il delicato lavoro e la missione che svolgono quotidianamente. L\u2019esperienza vissuta in questi ultimi mesi ci insegna, invece, che si tratta di figure professionali cruciali per la salute del cittadino. Non solo da impiegare nelle strutture sanitarie ma anche direttamente sui territori. Lavoriamo allora nella direzione di ripensare alla loro professione immaginando un infermiere \u2018di prossimit\u00e0\u2019, che possa essere utile alle famiglie, ai territori, considerando che la medicina del territorio si sta confermando l\u2019arma migliore anche per combattere un virus come il Covid-19, assicurando cure ma evitando di ospedalizzare pazienti che non ne hanno necessit\u00e0\u201d.<\/p>\n<p><strong>IERI SU TWITTER IL MINISTRO FEDERICO D&#8217;INCA&#8217;<\/strong><em> &#8220;Gli infermieri di tutto il mondo sono esempio di coraggio e di spirito di servizio. Lavorano in prima linea in questa guerra al coronavirus anche a costo di enormi sacrifici. \u00c8 a tutti loro che dobbiamo dire con profonda gratitudine grazie&#8221;.<\/em><\/p>\n<p>&nbsp;<\/p>\n<p>&nbsp;<\/p>\n<hr \/>\n<p>&nbsp;<\/p>\n<p>&nbsp;<\/p>\n<p align=\"JUSTIFY\"><span style=\"font-size: medium;\"><b>LA REGIONE OTTIENE DAL COMMISSARIO ARCURI LA FORNITURA GIORNALIERA DI 12.000 MASCHERINE DA DISTRIBUIRE AGLI OPERATORI DEL TRASPORTO PUBBLICO LOCALE DEL VENETO<\/b><\/span><\/p>\n<p align=\"JUSTIFY\"><span style=\"font-size: medium;\"><strong><a class=\"dt-pswp-item\" href=\"https:\/\/www.radiopiu.net\/wordpress\/wp-content\/uploads\/2020\/03\/MASCHERINA-CHIRURGICA.png\" data-dt-img-description=\"\" data-large_image_width=\"1280\" data-large_image_height=\"1021\"><img loading=\"lazy\" decoding=\"async\" class=\"wp-image-126460 alignleft\" src=\"https:\/\/www.radiopiu.net\/wordpress\/wp-content\/uploads\/2020\/03\/MASCHERINA-CHIRURGICA-300x239.png\" alt=\"\" width=\"153\" height=\"122\" srcset=\"https:\/\/www.radiopiu.net\/wordpress\/wp-content\/uploads\/2020\/03\/MASCHERINA-CHIRURGICA-300x239.png 300w, https:\/\/www.radiopiu.net\/wordpress\/wp-content\/uploads\/2020\/03\/MASCHERINA-CHIRURGICA-1024x817.png 1024w, https:\/\/www.radiopiu.net\/wordpress\/wp-content\/uploads\/2020\/03\/MASCHERINA-CHIRURGICA-768x613.png 768w, https:\/\/www.radiopiu.net\/wordpress\/wp-content\/uploads\/2020\/03\/MASCHERINA-CHIRURGICA.png 1280w\" sizes=\"auto, (max-width: 153px) 100vw, 153px\" \/><\/a>VENEZIA\u00a0<\/strong> <\/span><span style=\"font-size: medium;\">Dodicimila mascherine chirurgiche saranno consegnate quotidianamente al personale che opera nel settore del trasporto pubblico locale del Veneto. <\/span><span style=\"font-size: medium;\">A darne notizia sono gli assessori regionali ai trasporti, Elisa De Berti e alla protezione civile, Gianpaolo Bottacin. <\/span>\u201c<span style=\"font-size: medium;\">Nella riunione tecnica della Commissione Speciale Protezione Civile nazionale \u2013 spiegano gli assessori veneti \u2013, abbiamo ottenuto dal Commissario straordinario per l\u2019emergenza Coronavirus, Domenico Arcuri, la garanzia del conferimento giornaliero alla nostra regione di questi dispositivi indispensabili per la protezione dal contagio. Provvederemo alla loro distribuzione alle diverse aziende di TPL avvalendoci degli Enti territoriali\u201d.<\/span><\/p>\n<hr \/>\n<p>&nbsp;<\/p>\n<p>&nbsp;<\/p>\n<blockquote>\n<h3>PAZIENTI COVID LOMBARDI, IL PD INTERROGA IL PRESIDENTE LUCA ZAIA<\/h3>\n<\/blockquote>\n<p><span style=\"font-size: large;\">\u201cIl Veneto ha fatto il possibile per aiutare le Regioni in maggiore difficolt\u00e0, in particolare la Lombardia, mettendo a disposizione posti letto nelle terapie intensive per fronteggiare l\u2019emergenza Covid-19? E quanti? Decine di pazienti lombardi sono stati ricoverati in Toscana, Puglia, Sicilia e perfino in Germania: Zaia ci dica cosa e quanto \u00e8 stato fatto qua\u201d. A chiederlo i rappresentanti del Partito Democratico con un\u2019interrogazione che ha il consigliere Graziano Azzalin come primo firmatario, ma sottoscritta dal capogruppo Stefano Fracasso e dai colleghi Anna Maria Bigon, Bruno Pigozzo, Claudio Sinigaglia, Andrea Zanoni e Francesca Zottis.\u00a0<\/span><\/p>\n<blockquote><p><em><span style=\"font-size: large;\">\u201cNon vogliamo grandi discorsi, ma numeri: i dati, giorno per giorno, sull\u2019occupazione dei posti letto di terapia intensiva dal 21 febbraio 2020 ad oggi, quanti sono sono stati messi a disposizione di pazienti di altre regioni e il motivo di eventuali rifiuti. Sono domande\u00a0 a cui \u00e8 doveroso dare risposte. Lo stesso sindaco di Brescia si \u00e8 domandato come mai quasi nessun lombardo \u00e8 stato accolto in Veneto, nonostante l\u2019appello dei primari di Terapia intensiva della Lombardia a superare i confini fra regioni, considerando prioritari i criteri di vicinanza geografica e l\u2019ordinanza del 4 marzo della Protezione civile che prevedeva la messa a disposizione obbligatoria di risorse umane, strumentali e tecnologiche rispondenti alle urgenze\u201d. Inclusi i posti letto, che in Veneto tra gli esistenti e quelli attivati durante l\u2019emergenza, hanno raggiunto quota 825. \u201cFortunatamente &#8211; sottolineano gli esponenti democratici &#8211; il tasso di saturazione \u00e8 sempre stato lontano. Secondo i dati della piattaforma Prosafe, a met\u00e0 marzo, su 1708 contagiati Covid ammessi in 92 reparti di Terapia Intensiva ben il 38,4% si trovava in Lombardia contro il 3,5 del Veneto. Eppure dal 24 marzo al 3 aprile non risulta che la centrale remota per le operazioni di soccorso sanitario Cross abbia smistato in Veneto una parte dei 116 pazienti Covid lombardi, trasferiti invece altrove. Le eccezioni sono poche, come Peschiera che al 28 marzo ospitava 16 persone provenienti dalle province di Brescia e Mantova, diventate 10 il 9 aprile. Sono numeri oggettivamente bassi, su cui \u00e8 necessario fare assoluta chiarezza\u201d.<\/span><\/em><\/p><\/blockquote>\n<h2><span style=\"color: #ff0000;\">LA RISPOSTA DALLA CONFERENZA STAMPA DI OGGI<\/span><\/h2>\n<audio class=\"wp-audio-shortcode\" id=\"audio-137114-5\" preload=\"none\" style=\"width: 100%;\" controls=\"controls\"><source type=\"audio\/mpeg\" src=\"https:\/\/www.radiopiu.net\/wordpress\/wp-content\/uploads\/2020\/05\/pazienti-da-altre-province-polemiche-1.mp3?_=5\" \/><a href=\"https:\/\/www.radiopiu.net\/wordpress\/wp-content\/uploads\/2020\/05\/pazienti-da-altre-province-polemiche-1.mp3\">https:\/\/www.radiopiu.net\/wordpress\/wp-content\/uploads\/2020\/05\/pazienti-da-altre-province-polemiche-1.mp3<\/a><\/audio>\n<p>&nbsp;<\/p>\n<p>&nbsp;<\/p>\n<p>&nbsp;<\/p>\n<hr \/>\n<h2><\/h2>\n<p>&nbsp;<\/p>\n<blockquote>\n<h2>INCENTIVI PER CHI VA A VIVERE IN MONTAGNA,<\/h2>\n<\/blockquote>\n<p>Uncem ha inviato una lettera a tutti i Presidenti delle Regioni italiane chiedendo di individuare a livello regionale degli specifici &#8220;Incentivi per gli insediamenti nelle zone montane&#8221;, come ha fatto nei giorni scorsi, con uno stanziamento e un bando ad hoc, la\u00a0 Regione Emilia-Romagna. &#8220;Nella legge sui piccoli Comuni\u00a0 sono individuate forme di sostegno a coloro che vogliono trasferirsi in un borgo &#8211; scrive il Presidente Uncem Marco Bussone- Apprezziamo come Uncem l&#8217;impegno di alcune Regioni nell&#8217;aver previsto, proprio negli ultimi giorni, risorse da investire su questo fronte. Segnaliamo dunque l&#8217;opportunit\u00e0, incoraggiata da tanti Comuni montani, di individuare a livello regionale degli specifici incentivi per gli insediamenti nelle zone montane. Ciascuna Regione, sulla base delle proprie caratteristiche, al fine di favorire il riequilibrio insediativo e il recupero dei centri abitati di montagna, potrebbe individuare risorse e concedere e contributi sulle spese di acquisto e ristrutturazione di immobili da destinare a prima abitazione, a favore di coloro che trasferiscono la propria residenza e dimora abituale.<\/p>\n<p>&nbsp;<\/p>\n<p>&nbsp;<\/p>\n<p>&nbsp;<\/p>\n<hr \/>\n<p>&nbsp;<\/p>\n<p>&nbsp;<\/p>\n<p>&nbsp;<\/p>\n<h3>DL RILANCIO. BOND (FI): EVITIAMO ENNESIMO VALZER DI CARTE, BONUS TURISMO SIA IMMEDIATAMENTE SPENDIBILE E DETRAIBILE<\/h3>\n<p><strong>ROMA<\/strong> \u201cDiamo il bonus turismo direttamente ai contribuenti sotto forma di un buono spendibile e utilizzabile in compensazione fiscale o scontabile finanziariamente per trasformarlo in liquidit\u00e0 immediata\u201d. Cos\u00ec Dario Bond, deputato di Forza Italia, interviene sull\u2019incentivo turistico previsto nel Decreto Rilancio, rilevando che: \u201cl\u2019incentivo a famiglie e singoli italiani per fare le proprie vacanze all\u2019interno del suolo patrio dovrebbe essere un bonus variabile dai 500 euro per una famiglia a decrescere fino a 150 euro per un singolo. Ma il bonus non \u00e8 erogato in soldi a favore dell\u2019aspirante vacanziero o con un buono spendibile in una delle migliaia di strutture turistiche allo stremo di liquidit\u00e0\u201d. \u201cIl meccanismo escogitato \u2013 prosegue Bond &#8211; \u00e8 decisamente pi\u00f9 machiavellico e prevede che il bonus vacanze sia erogato in termini di credito d\u2019imposta da parte dell\u2019azienda che eroga il servizio. Nel concreto, la famiglia Rossi che decide di passare qualche giorno in vacanza \u2013 sempre ammesso che abbia avanzato qualche risparmio dopo la batosta da Coronavirus \u2013 forte della promessa del bonus va nell\u2019albergo prescelto armata di apposita dichiarazione Isee attestante il proprio livello di reddito inferiore a 45.000 euro (in una versione precedente il tetto era fissato a 35.000 euro). L\u2019albergatore all\u2019atto dell\u2019emissione della fattura per il soggiorno dovrebbe scontare l\u201980% del bonus della famiglia dall\u2019importo da pagare e utilizzarlo per la compensazione con altri crediti fiscali vantati dall\u2019azienda alberghiera nei confronti di qualche amministrazione pubblica. La parte rimanente, il 20% del bonus, verrebbe recuperato dalla famiglia in sede di dichiarazione dei redditi come credito fiscale\u201d. \u201cAltro valzer di carte \u2013 aggiunge il deputato bellunese di Forza Italia, Dario Bond \u2013 che non porter\u00e0 alcun vantaggio effettivo al comparto turistico, vuoi per l\u2019esiguit\u00e0 dello stanziamento previsto (solo 30 milioni di euro), vuoi per la complicazione per il suo impiego, soprattutto per gli importi pi\u00f9 bassi\u201d. \u201cSe aziende e cittadini non hanno soldi da spendere, \u00e8 quasi impossibile che l\u2019economia possa riprendere a girare. Occorre liquidit\u00e0 immediata. Se il Governo intende effettivamente rilanciare il movimento turistico nazionale e le attivit\u00e0 di mare, lago, campagna e montagna \u2013 conclude Bond &#8211; serve ben altro, ad iniziare da una semplificazione di tutto il procedimento\u201d.<\/p>\n<p>&nbsp;<\/p>\n<p>&nbsp;<\/p>\n<hr \/>\n<p>&nbsp;<\/p>\n<p>&nbsp;<\/p>\n<p>&nbsp;<\/p>\n<h2><em>SISTEMAZIONE DELLA FRANA DI LORENZAGO: LAVORI IN DIRITTURA D\u2019ARRIVO. BORTOLUZZI: \u00abLE AREE PERIFERICHE NON SONO DIMENTICATE\u00bb<\/em><\/h2>\n<p><a class=\"dt-pswp-item\" href=\"https:\/\/www.radiopiu.net\/wordpress\/wp-content\/uploads\/2020\/05\/87040a3c-4d69-4cf7-ba93-d684754194f4.jpg\" data-dt-img-description=\"\" data-large_image_width=\"1600\" data-large_image_height=\"1200\"><img loading=\"lazy\" decoding=\"async\" class=\"alignnone size-medium wp-image-137220\" src=\"https:\/\/www.radiopiu.net\/wordpress\/wp-content\/uploads\/2020\/05\/87040a3c-4d69-4cf7-ba93-d684754194f4-300x225.jpg\" alt=\"\" width=\"300\" height=\"225\" srcset=\"https:\/\/www.radiopiu.net\/wordpress\/wp-content\/uploads\/2020\/05\/87040a3c-4d69-4cf7-ba93-d684754194f4-300x225.jpg 300w, https:\/\/www.radiopiu.net\/wordpress\/wp-content\/uploads\/2020\/05\/87040a3c-4d69-4cf7-ba93-d684754194f4-1024x768.jpg 1024w, https:\/\/www.radiopiu.net\/wordpress\/wp-content\/uploads\/2020\/05\/87040a3c-4d69-4cf7-ba93-d684754194f4-768x576.jpg 768w, https:\/\/www.radiopiu.net\/wordpress\/wp-content\/uploads\/2020\/05\/87040a3c-4d69-4cf7-ba93-d684754194f4-1536x1152.jpg 1536w, https:\/\/www.radiopiu.net\/wordpress\/wp-content\/uploads\/2020\/05\/87040a3c-4d69-4cf7-ba93-d684754194f4.jpg 1600w\" sizes=\"auto, (max-width: 300px) 100vw, 300px\" \/><\/a><a class=\"dt-pswp-item\" href=\"https:\/\/www.radiopiu.net\/wordpress\/wp-content\/uploads\/2020\/05\/e643f4b9-9b48-4665-8d44-d1c6da283af8.jpg\" data-dt-img-description=\"\" data-large_image_width=\"1600\" data-large_image_height=\"1200\"><img loading=\"lazy\" decoding=\"async\" class=\"alignnone size-medium wp-image-137219\" src=\"https:\/\/www.radiopiu.net\/wordpress\/wp-content\/uploads\/2020\/05\/e643f4b9-9b48-4665-8d44-d1c6da283af8-300x225.jpg\" alt=\"\" width=\"300\" height=\"225\" srcset=\"https:\/\/www.radiopiu.net\/wordpress\/wp-content\/uploads\/2020\/05\/e643f4b9-9b48-4665-8d44-d1c6da283af8-300x225.jpg 300w, https:\/\/www.radiopiu.net\/wordpress\/wp-content\/uploads\/2020\/05\/e643f4b9-9b48-4665-8d44-d1c6da283af8-1024x768.jpg 1024w, https:\/\/www.radiopiu.net\/wordpress\/wp-content\/uploads\/2020\/05\/e643f4b9-9b48-4665-8d44-d1c6da283af8-768x576.jpg 768w, https:\/\/www.radiopiu.net\/wordpress\/wp-content\/uploads\/2020\/05\/e643f4b9-9b48-4665-8d44-d1c6da283af8-1536x1152.jpg 1536w, https:\/\/www.radiopiu.net\/wordpress\/wp-content\/uploads\/2020\/05\/e643f4b9-9b48-4665-8d44-d1c6da283af8.jpg 1600w\" sizes=\"auto, (max-width: 300px) 100vw, 300px\" \/><\/a><a class=\"dt-pswp-item\" href=\"https:\/\/www.radiopiu.net\/wordpress\/wp-content\/uploads\/2020\/05\/1437dac8-c7b8-4b20-98b6-87a75a5f9761.jpg\" data-dt-img-description=\"\" data-large_image_width=\"1600\" data-large_image_height=\"1200\"><img loading=\"lazy\" decoding=\"async\" class=\"alignnone size-medium wp-image-137218\" src=\"https:\/\/www.radiopiu.net\/wordpress\/wp-content\/uploads\/2020\/05\/1437dac8-c7b8-4b20-98b6-87a75a5f9761-300x225.jpg\" alt=\"\" width=\"300\" height=\"225\" srcset=\"https:\/\/www.radiopiu.net\/wordpress\/wp-content\/uploads\/2020\/05\/1437dac8-c7b8-4b20-98b6-87a75a5f9761-300x225.jpg 300w, https:\/\/www.radiopiu.net\/wordpress\/wp-content\/uploads\/2020\/05\/1437dac8-c7b8-4b20-98b6-87a75a5f9761-1024x768.jpg 1024w, https:\/\/www.radiopiu.net\/wordpress\/wp-content\/uploads\/2020\/05\/1437dac8-c7b8-4b20-98b6-87a75a5f9761-768x576.jpg 768w, https:\/\/www.radiopiu.net\/wordpress\/wp-content\/uploads\/2020\/05\/1437dac8-c7b8-4b20-98b6-87a75a5f9761-1536x1152.jpg 1536w, https:\/\/www.radiopiu.net\/wordpress\/wp-content\/uploads\/2020\/05\/1437dac8-c7b8-4b20-98b6-87a75a5f9761.jpg 1600w\" sizes=\"auto, (max-width: 300px) 100vw, 300px\" \/><\/a><\/p>\n<p><strong>LORENZAGO DI CADORE<\/strong> Si avviano a conclusione i lavori di sistemazione e messa in sicurezza del dissesto idrogeologico in localit\u00e0 Ruere (a Lorenzago di Cadore). La Provincia di Belluno sta completando proprio in questi giorni la scogliera ai piedi della frana, verificatasi dopo la tempesta Vaia.\u00a0 Si tratta di uno smottamento di medie dimensioni, che insiste su una casa e sulla Statale 52 Carnica, proprio all\u2019uscita dell\u2019abitato di Lorenzago. Il maltempo di fine ottobre 2018 aveva provocato il collasso del versante a monte del fabbricato, facendo scivolare fino a ridosso della casa terra e massi di piccole dimensioni. Il settore Difesa del Suolo della Provincia ha provveduto alla progettazione immediata dei lavori. E nel corso del 2019 \u00e8 stata realizzata l\u2019opera di drenaggio delle acque, per evitare l\u2019aggravarsi del dissesto. I lavori, interrottisi durante i mesi invernali, sono ripresi qualche settimana fa, con la realizzazione della scogliera al piede di frana.<br \/>\n<span style=\"color: #ff0000;\">IL CONSIGLIERE PROVINCIALE CON DELEGA ALLA\u00a0 DIFESA DEL SUOLO MASSIMO BORTOLUZZI<\/span><\/p>\n<audio class=\"wp-audio-shortcode\" id=\"audio-137114-6\" preload=\"none\" style=\"width: 100%;\" controls=\"controls\"><source type=\"audio\/mpeg\" src=\"https:\/\/www.radiopiu.net\/wordpress\/wp-content\/uploads\/2020\/05\/BORTOLUZZI.mp3?_=6\" \/><a href=\"https:\/\/www.radiopiu.net\/wordpress\/wp-content\/uploads\/2020\/05\/BORTOLUZZI.mp3\">https:\/\/www.radiopiu.net\/wordpress\/wp-content\/uploads\/2020\/05\/BORTOLUZZI.mp3<\/a><\/audio>\n<p>&nbsp;<\/p>\n<p>&nbsp;<\/p>\n<p>&nbsp;<\/p>\n<p>&nbsp;<\/p>\n<blockquote class=\"wp-embedded-content\" data-secret=\"BSQXGZv9IH\"><p><a href=\"https:\/\/www.radiopiu.net\/wordpress\/coronavirus-in-veneto-fase-2-in-sicurezza-per-le-attivita-produttive-ok-giunta-regionale-a-un-manuale\/\">CORONAVIRUS. IN VENETO FASE 2 IN SICUREZZA PER LE ATTIVITA\u2019 PRODUTTIVE. OK GIUNTA REGIONALE A UN MANUALE\u00a0<\/a><\/p><\/blockquote>\n<p><iframe loading=\"lazy\" title=\"&#8220;CORONAVIRUS. IN VENETO FASE 2 IN SICUREZZA PER LE ATTIVITA\u2019 PRODUTTIVE. OK GIUNTA REGIONALE A UN MANUALE\u00a0&#8221; &#8212; Radio Pi\u00f9\" class=\"wp-embedded-content\" sandbox=\"allow-scripts\" security=\"restricted\" style=\"position: absolute; clip: rect(1px, 1px, 1px, 1px);\" src=\"https:\/\/www.radiopiu.net\/wordpress\/coronavirus-in-veneto-fase-2-in-sicurezza-per-le-attivita-produttive-ok-giunta-regionale-a-un-manuale\/embed\/#?secret=BSQXGZv9IH\" data-secret=\"BSQXGZv9IH\" width=\"600\" height=\"338\" frameborder=\"0\" marginwidth=\"0\" marginheight=\"0\" scrolling=\"no\"><\/iframe><\/p>\n<p>&nbsp;<\/p>\n<hr \/>\n<p>&nbsp;<\/p>\n<p>&nbsp;<\/p>\n<p>&nbsp;<\/p>\n<blockquote>\n<h2><img loading=\"lazy\" decoding=\"async\" class=\"alignleft\" src=\"https:\/\/www.radiopiu.net\/wordpress\/wp-content\/uploads\/2020\/05\/eriche-san-lucano-2.jpg\" width=\"163\" height=\"217\" \/><\/h2>\n<h2><\/h2>\n<h2>SULLE PALE DI SAN LUCANO L&#8217;ERICA&#8230;CHE NON E&#8217; L&#8217;ERICA. LA PAROLA AGLI ESPERTI<\/h2>\n<\/blockquote>\n<p>&nbsp;<\/p>\n<p><strong>TAIBON<\/strong><\/p>\n<p>DI GIANNI SANTOMASO<\/p>\n<audio class=\"wp-audio-shortcode\" id=\"audio-137114-7\" preload=\"none\" style=\"width: 100%;\" controls=\"controls\"><source type=\"audio\/mpeg\" src=\"https:\/\/www.radiopiu.net\/wordpress\/wp-content\/uploads\/2020\/05\/GIANI-ERICA.mp3?_=7\" \/><a href=\"https:\/\/www.radiopiu.net\/wordpress\/wp-content\/uploads\/2020\/05\/GIANI-ERICA.mp3\">https:\/\/www.radiopiu.net\/wordpress\/wp-content\/uploads\/2020\/05\/GIANI-ERICA.mp3<\/a><\/audio>\n<p>&nbsp;<\/p>\n<p>&nbsp;<\/p>\n<p>&nbsp;<\/p>\n<hr \/>\n<p>&nbsp;<\/p>\n<p>&nbsp;<\/p>\n<p>&nbsp;<\/p>\n<p>&nbsp;<\/p>\n<blockquote>\n<h3>IAT PIAZZA DUOMO E INFOPOINT NEVEGAL PUBBLICATO L&#8217;AVVISO PER LA GESTIONE<\/h3>\n<\/blockquote>\n<p><strong><a class=\"dt-pswp-item\" href=\"https:\/\/www.radiopiu.net\/wordpress\/wp-content\/uploads\/2020\/04\/BELLUNO-VEDUTA.jpg\" data-dt-img-description=\"\" data-large_image_width=\"259\" data-large_image_height=\"194\"><img loading=\"lazy\" decoding=\"async\" class=\"size-full wp-image-127955 alignleft\" src=\"https:\/\/www.radiopiu.net\/wordpress\/wp-content\/uploads\/2020\/04\/BELLUNO-VEDUTA.jpg\" alt=\"\" width=\"259\" height=\"194\" \/><\/a>BELLUNO<\/strong> L&#8217;Unione Montana Belluno-Ponte nelle Alpi ha pubblicato l&#8217;avviso di manifestazione di interesse per la gestione congiunta dell&#8217;ufficio turistico di Piazza Duomo e dell&#8217;Infopoint in Nevegal: continua quindi la collaborazione tra l&#8217;ente, accreditato fin dal 2015 presso la Regione Veneto per la gestione dello IAT del capoluogo, ed il Comune di Belluno, finanziatore del progetto e autore delle linee di indirizzo per la gestione.<\/p>\n<p><b>Le attivit\u00e0 richieste\u00a0<\/b>Per la prima volta, viene unificata la gestione dei due punti informativi turistici del Capoluogo.\u00a0L&#8217;affidatario dovr\u00e0 garantire una serie di servizi minimi, che vanno dalle tradizionali informazioni ai visitatori alla distribuzione di materiale informativo e promozionale, passando per l&#8217;assistenza generale al turista, ad esempio supportandolo nella prenotazione di un albergo o di un ristorante, organizzando visite guidate, rilasciando titoli di viaggio, permessi di raccolta funghi o il tesseramento a Dolomiti Emergency, cos\u00ec come consegnando le spillette dedicate a chi completa l&#8217;Alta Via n.1.\u00a0Tra le novit\u00e0 per il gestore, anche l&#8217;incarico di partecipare ad almeno tre appuntamenti fieristici di rilievo internazionale, da individuare anche con l\u2019aiuto della DMO Dolomiti, dove promuovere la Citt\u00e0 di Belluno.\u00a0Questo per quanto riguarda le relazioni con il pubblico, ma l&#8217;avviso prevede questa volta anche alcune attivit\u00e0 di \u201cback-office\u201d, che consistono innanzitutto nella gestione e aggiornamento del portale turistico Adorable Belluno e dei relativi canali social, e nella produzione di nuovo materiale informativo e promozionale cartaceo, seguendo gli indirizzi del Comune di Belluno per quanto riguarda i prodotti turistici e i tematismi da sviluppare.\u00a0\u00c8 inoltre richiesto un continuo coordinamento con gli altri uffici IAT provinciali e con i vari portatori di interesse del territorio, affinch\u00e9 vi sia un aggiornamento tempestivo delle informazioni sull&#8217;offerta turistica \u2013 come alberghi, ristoranti, bar, negozi, impianti sportivi, noleggio mezzi, \u2026 \u2013 e un adeguato supporto anche in occasione di manifestazioni importanti.<\/p>\n<p><b>Gli aspetti tecnici\u00a0<\/b>Importanti novit\u00e0 anche sotto il profilo degli orari di apertura dei due uffici: ampliata la finestra di lavoro per l&#8217;ufficio di Piazza Duomo, che durante l\u2019estate sar\u00e0 aperto tutti i giorni e da ottobre a maggio 6 giorni su 7; sar\u00e0 invece di 450 ore all&#8217;anno il monte ore totale di apertura dell&#8217;Infopoint in Nevegal, con orari che verranno studiati in base all\u2019affluenza, fermo restando l\u2019apertura tutti i giorni in alta stagione e del solo weekend nei mesi intermedi.<span class=\"Apple-converted-space\">\u00a0\u00a0<\/span>Agli addetti ai rapporti con i turisti \u00e8 richiesta un&#8217;ottima conoscenza della lingua inglese e possibilmente anche di una seconda lingua straniera.\u00a0Il contratto di concessione durer\u00e0 un anno, eventualmente rinnovabile.\u00a0Le dichiarazioni dovranno essere inviate esclusivamente tramite PEC all&#8217;indirizzo cmbellunese.bl@cert.ip-veneto.net entro le 12.00 del\u00a022 maggio 2020.<\/p>\n<p><strong>L&#8217;ASSESSORE DEL COMUNE DI BELLUNO YUKI D&#8217;EMILIA<\/strong><\/p>\n<audio class=\"wp-audio-shortcode\" id=\"audio-137114-8\" preload=\"none\" style=\"width: 100%;\" controls=\"controls\"><source type=\"audio\/mpeg\" src=\"https:\/\/www.radiopiu.net\/wordpress\/wp-content\/uploads\/2020\/05\/dEmilia-Bando-gestione-IAT.mp3?_=8\" \/><a href=\"https:\/\/www.radiopiu.net\/wordpress\/wp-content\/uploads\/2020\/05\/dEmilia-Bando-gestione-IAT.mp3\">https:\/\/www.radiopiu.net\/wordpress\/wp-content\/uploads\/2020\/05\/dEmilia-Bando-gestione-IAT.mp3<\/a><\/audio>\n<p>&nbsp;<\/p>\n<p>&nbsp;<\/p>\n<hr \/>\n<p>&nbsp;<\/p>\n<p>&nbsp;<\/p>\n<blockquote>\n<h2><em>FASE 2: DA LUNED\u00cc 18 IL VENETO RIAVVIA CEOD E TIROCINI PER DISABILI<\/em><\/h2>\n<\/blockquote>\n<p align=\"JUSTIFY\"><strong><span style=\"color: #000000;\"><span style=\"font-size: medium;\"><img loading=\"lazy\" decoding=\"async\" class=\"alignleft\" src=\"https:\/\/www.radiopiu.net\/wordpress\/wp-content\/uploads\/2020\/05\/LANZARIN.jpg\" width=\"260\" height=\"195\" \/>VENEZIA\u00a0 <\/span><\/span><\/strong><span style=\"color: #000000;\"><span style=\"font-size: medium;\">Da luned\u00ec 18 la Regione Veneto riavvia l\u2019attivit\u00e0 di Ceod, dei centri semiresidenziali per ragazzi e adulti disabili, tirocini sociali e occupazionali che rappresentano progetti alternativi per le persone pi\u00f9 fragili. La Giunta regionale ha approvato, su proposta dell\u2019assessore alla Sanit\u00e0 e al Sociale Manuela Lanzarin, il via libera alla riapertura di queste strutture diurne, dei laboratori protetti e dei progetti del \u2018Dopo di noi\u2019, dettagliando linee guida sanitarie e organizzative che gestori, operatori, famiglie, utenti e fornitori dovranno rispettare alla lettera. <\/span><\/span><span style=\"color: #000000;\"><span style=\"font-size: medium;\">Il protocollo di sicurezza per il personale di Ceod, centri diurni di vario tipo e strutture che accolgono tirocini sociali e occupazionali impone la riorganizzazione delle attivit\u00e0 in piccoli gruppi omogenei di 5 persone e con operatori stabili. Le attivit\u00e0 dei piccoli gruppi dovranno avvenire in spazi predefiniti, divisi a compartimenti funzionali, tra loro isolati. Tutti gli spazi e gli oggetti dovranno essere frequentemente igienizzati. Sar\u00e0 obbligatorio l\u2019uso di mascherine, guanti e gel, almeno per operatori e fornitori, mentre per gli utenti si privilegia il lavaggio frequente delle mani. <\/span><\/span><span style=\"color: #000000;\"><span style=\"font-size: medium;\">Il ciclo delle attivit\u00e0 diurne sar\u00e0 riorganizzato con moduli a scacchiera che alternino le attivit\u00e0 in sede (mezza giornata) ad attivit\u00e0 extra-sede e domiciliari, in modo da favorire il mantenimento di piccoli gruppi, il distanziamento fisico e orari di ingresso e di uscita scaglionati.<\/span><\/span><\/p>\n<blockquote>\n<p align=\"JUSTIFY\"><em><strong><span style=\"color: #000000;\"><span style=\"font-size: medium;\">Norme dettagliate sono previste per il personale, dal cambio obbligatorio d\u2019abiti alla protezione con mascherine, per i servizi di trasporto da e per le strutture che dovranno rispettare i criteri del distanziamento fisico, e per il servizio mensa che verr\u00e0 gradualmente ripristinato, in una seconda fase.<\/span><\/span><\/strong><\/em><\/p>\n<\/blockquote>\n<p align=\"JUSTIFY\"><span style=\"color: #000000;\"><span style=\"font-size: medium;\"><strong>L&#8217;ASSESSORE MANUELA LANZARIN:<\/strong> <em>&#8220;Con gli esperti della Prevenzione sanitaria e in collaborazione con Ulss e gestori delle strutture la Regione ha messo a punto linee guida estremamente precise, che potranno orientare anche il riavvio di altre attivit\u00e0 educative e sociali sospese a causa delle misure di contenimento del contagio\u00a0 Abbiamo dato precedenza ai Ceod e ai servizi diurni per le persone disabili perch\u00e9 consapevoli delle grandi difficolt\u00e0 in cui versano le famiglie e le stesse persone disabili, per le quali questa fase di isolamento forzoso ha rappresentato un sacrificio immenso e difficile da comprendere. Sono certa che i criteri di prudenza e di precauzione introdotti possano rappresentare una sufficienza garanzia di sicurezza per gli operatori, i gestori, gli utenti, i volontari e i familiari: senza la loro collaborazione attiva e responsabile e la loro costante dedizione, questa fase cos\u00ec delicata di riavvio non sarebbe nemmeno immaginabile\u201d.<\/em><\/span><\/span><\/p>\n<hr \/>\n<p>&nbsp;<\/p>\n<p>&nbsp;<\/p>\n<p>&nbsp;<\/p>\n<blockquote>\n<h3>ATTIVIT\u00c0 MOTORIA PER I BAMBINI NEI PARCHI GIOVED\u00cc PARTE IL PROGETTO<\/h3>\n<\/blockquote>\n<p><strong><a class=\"dt-pswp-item\" href=\"https:\/\/www.radiopiu.net\/wordpress\/wp-content\/uploads\/2016\/05\/Poesie-bambini-estate-vacanze.jpg\" data-dt-img-description=\"\" data-large_image_width=\"588\" data-large_image_height=\"400\"><img loading=\"lazy\" decoding=\"async\" class=\"size-medium wp-image-19196 alignleft\" src=\"https:\/\/www.radiopiu.net\/wordpress\/wp-content\/uploads\/2016\/05\/Poesie-bambini-estate-vacanze-300x204.jpg\" alt=\"\" width=\"300\" height=\"204\" \/><\/a>BELLUNO<\/strong>\u00a0Nuova iniziativa del Comune di Belluno per aiutare i pi\u00f9 piccoli a trascorrere in maniera attiva questi giorni lontani da scuola e dagli amichetti: prendono il via gioved\u00ec mattina al Parco Citt\u00e0 di Bologna gli esercizi di attivit\u00e0 motoria che coinvolgeranno in giochi ed allenamenti i bambini \u2013 per ora &#8211; dai 5 ai 10 anni.\u00a0Tutto si svolger\u00e0 sotto gli occhi attenti del personale di Sportivamente Belluno e della Polisportiva Mondo Sport, e verranno chiaramente rispettate tutte le norme previste dai decreti nazionali e dalle ordinanze regionali: distanziamento, mascherine per i bambini sopra i 6 anni, obbligo di guanti o di gel idroalcolico.\u00a0\u00ab<em>Quando lo scorso 4 maggio si \u00e8 potuto riaprire i parchi, uno dei nostri primi pensieri \u00e8 andato ai pi\u00f9 piccoli, che non vanno a scuola ormai da fine febbraio e non possono vedere i loro amici da oltre due mesi. &#8211; commenta l&#8217;assessore allo sport, Marco Bogo \u2013 Oltre a tutto il disastro economico e sociale cui assistiamo, infatti, c&#8217;\u00e8 un grave disagio dal punto di vista sociale e di rapporti umani, e a soffrirne di pi\u00f9 in questo momento \u00e8 la categoria dei bambini. Per questo abbiamo voluto organizzare delle attivit\u00e0, completamente gratuite, per ricreare momenti di divertimento, nel rispetto di tutte le normative<\/em>\u00bb.\u00a0Si \u00e8 deciso quindi di \u201cscongelare\u201d il progetto \u201cBelluno dei bambini\u201d, sospeso causa lockdown, e di coinvolgere le societ\u00e0 gi\u00e0 inserite in questo progetto nelle attivit\u00e0.\u00a0Inizialmente, sono previste 20 giornate di attivit\u00e0, tutti i marted\u00ec e gioved\u00ec nel cortile della Scuola Gabelli al Parco Citt\u00e0 di Bologna, ma potranno essere individuati anche altre giornate e altri parchi dove svolgere le attivit\u00e0 in base al numero di iscrizioni raccolte, alle nuove normative che arriveranno nelle prossime settimane e alle eventuali aperture degli altri parchi decretate dal sindaco.<\/p>\n<p>&nbsp;<\/p>\n<p>&nbsp;<\/p>\n<hr \/>\n<p>&nbsp;<\/p>\n<p>&nbsp;<\/p>\n<blockquote>\n<h3>MOZIONE A FAVORE DELLE ATTIVIT\u00c0 PRODUTTIVE<\/h3>\n<\/blockquote>\n<p><strong><a class=\"dt-pswp-item\" href=\"https:\/\/www.radiopiu.net\/wordpress\/wp-content\/uploads\/2015\/11\/pontenellealpi-municipio.jpg\" data-dt-img-description=\"\" data-large_image_width=\"380\" data-large_image_height=\"285\"><img loading=\"lazy\" decoding=\"async\" class=\"size-medium wp-image-13207 alignleft\" src=\"https:\/\/www.radiopiu.net\/wordpress\/wp-content\/uploads\/2015\/11\/pontenellealpi-municipio-300x225.jpg\" alt=\"\" width=\"300\" height=\"225\" \/><\/a>PONTE NELLE ALPI<\/strong> Il gruppo consigliare di opposizione \u201cXPonte\u201d ha presentato una mozione da discutere durante il prossimo consiglio comunale previsto per mercoled\u00ec 20 maggio, in cui discutere delle azioni concrete a favore delle attivit\u00e0 produttive del territorio. &#8220;<em>La situazione straordinaria che stiamo vivendo impone di prendere delle decisioni immediate, di semplice attuazione e dal carattere emergenziale.\u00a0Soprattutto alla luce dell\u2019immobilismo dei poteri centrali e dei continui litigi e ritardi del Governo romano, i consiglieri di opposizione propongono delle azioni dirette da parte dell\u2019amministrazione comunale.\u00a0In prima battuta utilizzare l\u2019avanzo di amministrazione anche per le spese correnti a favore delle attivit\u00e0 del territorio; prevedere per le stesse il rinvio dei pagamenti dei tributi e delle imposte comunali al 31\/12\/2020, senza interessi ne sanzioni; individuare gli interventi necessari in conto capitale a favore delle piccole e medie imprese, attivit\u00e0 artigianali, esercizi commerciali e dei settori ricettivi, turistici e di somministrazione di cibi e bevande.Infine proponiamo di istituire una commissione composta dai rappresentanti di categoria al fine di affrontare con raziocinio e programmazione le azioni sopra elencate, senza cadere nel politichese o nella retorica propagandistica a meri fini di consenso elettorale.\u00a0Ricordiamo inoltre che le attivit\u00e0 commerciali di Ponte nelle Alpi avevano gi\u00e0 subito uno stop forzoso a causa della prolungata chiusura del ponte di Santa Caterina con perdite dal 20 al 60 per cento del fatturato, senza che l\u2019amministrazione attuasse alcuna misura a loro ristoro.\u00a0Questi ulteriori 3 mesi di chiusura rischiano di indebolire definitivamente le nostre attivit\u00e0 e pertanto l\u2019amministrazione deve intervenire con azioni straordinarie ed urgenti<\/em>.&#8221;<\/p>\n<p>&nbsp;<\/p>\n<p>&nbsp;<\/p>\n<hr \/>\n<p>&nbsp;<\/p>\n<h3>GRIDO DI AIUTO DALLA FONDAZIONE PAPA LUCIANI<\/h3>\n<div><strong><a class=\"dt-pswp-item\" href=\"https:\/\/www.radiopiu.net\/wordpress\/wp-content\/uploads\/2018\/08\/papa_luciani.jpg\" data-dt-img-description=\"\" data-large_image_width=\"560\" data-large_image_height=\"315\"><img loading=\"lazy\" decoding=\"async\" class=\"size-medium wp-image-58519 alignleft\" src=\"https:\/\/www.radiopiu.net\/wordpress\/wp-content\/uploads\/2018\/08\/papa_luciani-300x169.jpg\" alt=\"\" width=\"300\" height=\"169\" srcset=\"https:\/\/www.radiopiu.net\/wordpress\/wp-content\/uploads\/2018\/08\/papa_luciani-300x169.jpg 300w, https:\/\/www.radiopiu.net\/wordpress\/wp-content\/uploads\/2018\/08\/papa_luciani.jpg 560w\" sizes=\"auto, (max-width: 300px) 100vw, 300px\" \/><\/a>CANALE D&#8217; AGORDO<\/strong> La Fondazione Papa Luciani di Canale d&#8217;Agordo sta attraversando un momento molto difficile: a causa dell&#8217;emergenza Covid-19 sono, infatti, <b><u>venute a mancare completamente<\/u><\/b> le consuete entrate derivanti dai pellegrinaggi di gruppo e dalle scolaresche che erano solite visitare il Museo, la Casa ed il paese natale di Papa Luciani. Entrate che\u00a0 costituiscono l&#8217;<b><u>unica garanzia di sopravvivenza del Museo<\/u><\/b> che, a parte qualche rara eccezione, si mantiene solo ed esclusivamente attraverso i biglietti d&#8217;ingresso dei visitatori.\u00a0Da qui la campagna iniziata da un mese\u00a0 &#8220;Diventa amico del Museo e sostieni la Fondazione Papa Luciani&#8221;: con un&#8217;offerta di soli \u20ac 10,00 chiunque pu\u00f2 diventare a tutti gli effetti socio sostenitore del MusAL, ricevere a casa propria la tessera Amici del Museo e visitare i luoghi di Papa Luciani, Museo e Casa natale gratuitamente.\u00a0 Per chi lo volesse, vi \u00e8 inoltre, la facolt\u00e0 di donare il 5xmille alla Fondazione Papa Luciani (C.F: 93043680250).<b><u><\/u><\/b><\/div>\n<div><\/div>\n<div><\/div>\n<div><\/div>\n<div>\n<hr \/>\n<\/div>\n<p>&nbsp;<\/p>\n<blockquote>\n<h3>I BAMBINI DI \u201cINSIEME SI PU\u00d2\u2026\u201d HANNO A CUORE CHI SOFFRE<\/h3>\n<\/blockquote>\n<p><a class=\"dt-pswp-item\" href=\"https:\/\/www.radiopiu.net\/wordpress\/wp-content\/uploads\/2020\/05\/cuori-colibr\u00ec_2-scaled.jpg\" data-dt-img-description=\"dav\" data-large_image_width=\"2560\" data-large_image_height=\"1920\"><img loading=\"lazy\" decoding=\"async\" class=\"wp-image-137163 size-medium alignleft\" src=\"https:\/\/www.radiopiu.net\/wordpress\/wp-content\/uploads\/2020\/05\/cuori-colibr\u00ec_2-300x225.jpg\" alt=\"\" width=\"300\" height=\"225\" srcset=\"https:\/\/www.radiopiu.net\/wordpress\/wp-content\/uploads\/2020\/05\/cuori-colibr\u00ec_2-300x225.jpg 300w, https:\/\/www.radiopiu.net\/wordpress\/wp-content\/uploads\/2020\/05\/cuori-colibr\u00ec_2-1024x768.jpg 1024w, https:\/\/www.radiopiu.net\/wordpress\/wp-content\/uploads\/2020\/05\/cuori-colibr\u00ec_2-768x576.jpg 768w, https:\/\/www.radiopiu.net\/wordpress\/wp-content\/uploads\/2020\/05\/cuori-colibr\u00ec_2-1536x1152.jpg 1536w, https:\/\/www.radiopiu.net\/wordpress\/wp-content\/uploads\/2020\/05\/cuori-colibr\u00ec_2-2048x1536.jpg 2048w\" sizes=\"auto, (max-width: 300px) 100vw, 300px\" \/><\/a><\/p>\n<p><strong>BELLUNO<\/strong>\u00a0I Colibr\u00ec di \u201cInsieme si pu\u00f2\u2026\u201d, i gruppi dei bambini dell\u2019associazione, da sempre impegnati in iniziative di solidariet\u00e0 a favore di chi si trova in situazione di sofferenza o difficolt\u00e0 in varie parti del mondo, durante quest\u2019emergenza sanitaria non hanno voluto far mancare il proprio contributo.\u00a0Da alcune settimane i piccoli hanno lanciato l\u2019iniziativa \u201cAbbiamo a cuore chi ci sta vicino\u201d e con il loro entusiasmo hanno coinvolto anche i gruppi adulti dell\u2019associazione.\u00a0I bambini si stanno dedicando alla preparazione di tanti cuori di carta (2020 per la precisione), realizzati con origami, da donare come gesto simbolico di vicinanza a tutti coloro che in questo momento stanno particolarmente soffrendo perch\u00e9 ammalati o soli, lontani dalle proprie famiglie: gli anziani delle case di riposo e i malati di Coronavirus ricoverati nei reparti ospedalieri della Provincia di Belluno, ma un cuore sar\u00e0 donato anche a tutto il personale che si sta amorevolmente prendendo cura di loro.\u00a0Un gesto semplice ma straordinario, che si realizzer\u00e0 domenica 24 maggio con la consegna contemporanea dei cuori di carta in tutte le strutture coinvolte, seguendo i protocolli igienici previsti e grazie alla collaborazione degli operatori sanitari che faranno da tramite.\u00a0Ma l\u2019intento dei Colibr\u00ec \u00e8 quello di non essere soli in questa loro iniziativa: vogliono che l\u2019impegno che ci stanno mettendo nella realizzazione dei cuori di carta sia accompagnato dal pensiero e dal sostegno di quante pi\u00f9 persone possibili. <a class=\"dt-pswp-item\" href=\"https:\/\/www.radiopiu.net\/wordpress\/wp-content\/uploads\/2020\/05\/cuori-colibr\u00ec_1-scaled.jpg\" data-dt-img-description=\"\" data-large_image_width=\"2560\" data-large_image_height=\"1920\"><img loading=\"lazy\" decoding=\"async\" class=\"size-medium wp-image-137164 alignright\" src=\"https:\/\/www.radiopiu.net\/wordpress\/wp-content\/uploads\/2020\/05\/cuori-colibr\u00ec_1-300x225.jpg\" alt=\"\" width=\"300\" height=\"225\" srcset=\"https:\/\/www.radiopiu.net\/wordpress\/wp-content\/uploads\/2020\/05\/cuori-colibr\u00ec_1-300x225.jpg 300w, https:\/\/www.radiopiu.net\/wordpress\/wp-content\/uploads\/2020\/05\/cuori-colibr\u00ec_1-1024x768.jpg 1024w, https:\/\/www.radiopiu.net\/wordpress\/wp-content\/uploads\/2020\/05\/cuori-colibr\u00ec_1-768x576.jpg 768w, https:\/\/www.radiopiu.net\/wordpress\/wp-content\/uploads\/2020\/05\/cuori-colibr\u00ec_1-1536x1152.jpg 1536w, https:\/\/www.radiopiu.net\/wordpress\/wp-content\/uploads\/2020\/05\/cuori-colibr\u00ec_1-2048x1536.jpg 2048w\" sizes=\"auto, (max-width: 300px) 100vw, 300px\" \/><\/a>Questo perch\u00e9 a rendere ancora pi\u00f9 significativo il gesto, accanto al pensiero di affetto e vicinanza nei confronti di chi soffre, c\u2019\u00e8 la destinazione di quanto verr\u00e0 raccolto: chiunque voglia sostenere i Colibr\u00ec pu\u00f2 donare \u201cvirtualmente\u201d alcuni cuori facendo un\u2019offerta all\u2019associazione Insieme si pu\u00f2, donazioni che verranno interamente destinate alle famiglie bellunesi in difficolt\u00e0 economiche seguite dal progetto \u201cLa povert\u00e0 a casa nostra\u201d, per garantire buoni alimentari e la copertura di spese mediche, scolastiche o utenze domestiche.\u00a0Simbolicamente, con 10 euro si donano 5 cuori, con 20 euro si donano 10 cuori, con 100 euro, 50 cuori. I Colibr\u00ec consegneranno poi questi cuori \u201ca nome\u201d di chi ha fatto l\u2019offerta, che pu\u00f2 anche chiedere di scrivere una dedica personalizzata.<span class=\"Apple-converted-space\">\u00a0\u00a0<\/span>Le donazioni si potranno effettuare attraverso tutti i consueti canali: con carta di credito o Paypal tramite il sito www.365giorni.org, con bonifico bancario all\u2019IBAN IT 23 A 08511 61240 00000 0023078, con bollettino postale sul conto n\u00b0 13737325, con causale \u201cun cuore vicino\u201d.<\/p>\n<p>&nbsp;<\/p>\n<p>&nbsp;<\/p>\n<hr \/>\n<p>&nbsp;<\/p>\n<p>&nbsp;<\/p>\n<h2>LE ULTIME DA LONGARONE FIERE, MOSTRA INTERNAZIONALE DEL GELATO<\/h2>\n<p><strong>LONGARONE<\/strong> L\u2019emergenza sanitaria Covid-19, oltre alle tante problematiche create sul piano sociale ed economico generale, ha avuto pesanti ripercussioni anche sul sistema fieristico nazionale e internazionale. Tutte le manifestazioni in programma in questo periodo sono state, infatti, sospese o rinviate in attesa di poter valutare l\u2019evolversi della situazione e le direttive che saranno previste per la riapertura.\u00a0 In questa fase di incertezza appare evidente come sia difficile assumere decisioni e fare programmi&#8230; per approfondire clicca i link<\/p>\n<p>&nbsp;<\/p>\n<h2><span style=\"color: #0000ff;\"><a style=\"color: #0000ff;\" href=\"https:\/\/longaronefiere.us19.list-manage.com\/track\/click?u=95334468469e47e7d5f48aec7&amp;id=b7ed48fe8e&amp;e=ee4bd06471\">MIG: in attesa direttive precise si programmano nuove iniziative<\/a><\/span><\/h2>\n<p>&nbsp;<\/p>\n<table>\n<tbody>\n<tr>\n<td width=\"564\">\n<h2><span style=\"color: #0000ff;\"><a style=\"color: #0000ff;\" href=\"https:\/\/longaronefiere.us19.list-manage.com\/track\/click?u=95334468469e47e7d5f48aec7&amp;id=e877e4598b&amp;e=ee4bd06471\">GERMANIA: COME I GELATIERI VIVONO LA CRISI COVID-19<\/a><\/span><\/h2>\n<\/td>\n<\/tr>\n<\/tbody>\n<\/table>\n<p>&nbsp;<\/p>\n<table>\n<tbody>\n<tr>\n<td width=\"564\">\n<h2><span style=\"color: #0000ff;\"><a style=\"color: #0000ff;\" href=\"https:\/\/longaronefiere.us19.list-manage.com\/track\/click?u=95334468469e47e7d5f48aec7&amp;id=9a6e14a8cc&amp;e=ee4bd06471\">Accordo tra Longarone Fiere e CGIA di Mestre per analizzare i numeri del Gelato Artigianale <\/a><\/span><\/h2>\n<\/td>\n<\/tr>\n<\/tbody>\n<\/table>\n<p>&nbsp;<\/p>\n<p>&nbsp;<\/p>\n<p>&nbsp;<\/p>\n<hr \/>\n<p>&nbsp;<\/p>\n<p>&nbsp;<\/p>\n<p>&nbsp;<\/p>\n<blockquote class=\"wp-embedded-content\" data-secret=\"2En7tMppJZ\"><p><a href=\"https:\/\/www.radiopiu.net\/wordpress\/introvabile-volume-del-1934-auronzo-di-cadore-e-fascismo\/\">INTROVABILE VOLUME DEL 1934: AURONZO DI CADORE E FASCISMO di RENATO BONA\u00a0<\/a><\/p><\/blockquote>\n<p><iframe loading=\"lazy\" title=\"&#8220;INTROVABILE VOLUME DEL 1934: AURONZO DI CADORE E FASCISMO di RENATO BONA\u00a0&#8221; &#8212; Radio Pi\u00f9\" class=\"wp-embedded-content\" sandbox=\"allow-scripts\" security=\"restricted\" style=\"position: absolute; clip: rect(1px, 1px, 1px, 1px);\" src=\"https:\/\/www.radiopiu.net\/wordpress\/introvabile-volume-del-1934-auronzo-di-cadore-e-fascismo\/embed\/#?secret=2En7tMppJZ\" data-secret=\"2En7tMppJZ\" width=\"600\" height=\"338\" frameborder=\"0\" marginwidth=\"0\" marginheight=\"0\" scrolling=\"no\"><\/iframe><\/p>\n<p>&nbsp;<\/p>\n<p>&nbsp;<\/p>\n<blockquote class=\"wp-embedded-content\" data-secret=\"S4L2Z3z6ff\"><p><a href=\"https:\/\/www.radiopiu.net\/wordpress\/la-maestra-paola-e-il-piccolo-bruco-maisazio\/\">LA MAESTRA PAOLA E IL PICCOLO BRUCO MAISAZIO<\/a><\/p><\/blockquote>\n<p><iframe loading=\"lazy\" title=\"&#8220;LA MAESTRA PAOLA E IL PICCOLO BRUCO MAISAZIO&#8221; &#8212; Radio Pi\u00f9\" class=\"wp-embedded-content\" sandbox=\"allow-scripts\" security=\"restricted\" style=\"position: absolute; clip: rect(1px, 1px, 1px, 1px);\" src=\"https:\/\/www.radiopiu.net\/wordpress\/la-maestra-paola-e-il-piccolo-bruco-maisazio\/embed\/#?secret=S4L2Z3z6ff\" data-secret=\"S4L2Z3z6ff\" width=\"600\" height=\"338\" frameborder=\"0\" marginwidth=\"0\" marginheight=\"0\" scrolling=\"no\"><\/iframe><\/p>\n<p>&nbsp;<\/p>\n<hr \/>\n<p>&nbsp;<\/p>\n<h2>IERI ALLA RADIO<\/h2>\n<p><a class=\"dt-pswp-item\" href=\"https:\/\/www.radiopiu.net\/wordpress\/wp-content\/uploads\/2020\/05\/termoidraulica-agordina.jpg\" data-dt-img-description=\"\" data-large_image_width=\"640\" data-large_image_height=\"640\"><img loading=\"lazy\" decoding=\"async\" class=\"size-medium wp-image-137146 alignleft\" src=\"https:\/\/www.radiopiu.net\/wordpress\/wp-content\/uploads\/2020\/05\/termoidraulica-agordina-300x300.jpg\" alt=\"\" width=\"300\" height=\"300\" srcset=\"https:\/\/www.radiopiu.net\/wordpress\/wp-content\/uploads\/2020\/05\/termoidraulica-agordina-300x300.jpg 300w, https:\/\/www.radiopiu.net\/wordpress\/wp-content\/uploads\/2020\/05\/termoidraulica-agordina-150x150.jpg 150w, https:\/\/www.radiopiu.net\/wordpress\/wp-content\/uploads\/2020\/05\/termoidraulica-agordina.jpg 640w\" sizes=\"auto, (max-width: 300px) 100vw, 300px\" \/><\/a><strong>NICOLA AVOSCAN, TERMOIDRAULICA AGORDINA<\/strong><\/p>\n<p><strong>di Claudio Fontanive<\/strong><\/p>\n<audio class=\"wp-audio-shortcode\" id=\"audio-137114-9\" preload=\"none\" style=\"width: 100%;\" controls=\"controls\"><source type=\"audio\/mpeg\" src=\"https:\/\/www.radiopiu.net\/wordpress\/wp-content\/uploads\/2020\/04\/nicola-avosca-12-maggio.mp3?_=9\" \/><a href=\"https:\/\/www.radiopiu.net\/wordpress\/wp-content\/uploads\/2020\/04\/nicola-avosca-12-maggio.mp3\">https:\/\/www.radiopiu.net\/wordpress\/wp-content\/uploads\/2020\/04\/nicola-avosca-12-maggio.mp3<\/a><\/audio>\n<p>&nbsp;<\/p>\n<p>&nbsp;<\/p>\n<p>&nbsp;<\/p>\n<hr \/>\n<h3><span style=\"color: #993300;\">IL COLORE DEI CAPELLI di Paola Lanciato<\/span><\/h3>\n<audio class=\"wp-audio-shortcode\" id=\"audio-137114-10\" preload=\"none\" style=\"width: 100%;\" controls=\"controls\"><source type=\"audio\/mpeg\" src=\"https:\/\/www.radiopiu.net\/wordpress\/wp-content\/uploads\/2020\/04\/Il-colore-dei-capelli.mp3?_=10\" \/><a href=\"https:\/\/www.radiopiu.net\/wordpress\/wp-content\/uploads\/2020\/04\/Il-colore-dei-capelli.mp3\">https:\/\/www.radiopiu.net\/wordpress\/wp-content\/uploads\/2020\/04\/Il-colore-dei-capelli.mp3<\/a><\/audio>\n<p>&nbsp;<\/p>\n<p>&nbsp;<\/p>\n<hr \/>\n<h3><span style=\"color: #333399;\">LOS DIARIOS QUARANTENA (in spagnolo) di Alice Bettolo<\/span><\/h3>\n<audio class=\"wp-audio-shortcode\" id=\"audio-137114-11\" preload=\"none\" style=\"width: 100%;\" controls=\"controls\"><source type=\"audio\/mpeg\" src=\"https:\/\/www.radiopiu.net\/wordpress\/wp-content\/uploads\/2020\/04\/001-LOSdiarios40.mp3?_=11\" \/><a href=\"https:\/\/www.radiopiu.net\/wordpress\/wp-content\/uploads\/2020\/04\/001-LOSdiarios40.mp3\">https:\/\/www.radiopiu.net\/wordpress\/wp-content\/uploads\/2020\/04\/001-LOSdiarios40.mp3<\/a><\/audio>\n<p>&nbsp;<\/p>\n<p>&nbsp;<\/p>\n<hr \/>\n<h3><span style=\"color: #ff00ff;\">IN VIVO VERSO<\/span><\/h3>\n<p>&nbsp;<\/p>\n<p>COLLEZIONE COMPLETA<\/p>\n<blockquote class=\"wp-embedded-content\" data-secret=\"wuLSLb9dVF\"><p><a href=\"https:\/\/www.radiopiu.net\/wordpress\/in-vivo-verso\/\">In Vivo Verso<\/a><\/p><\/blockquote>\n<p><iframe loading=\"lazy\" title=\"&#8220;In Vivo Verso&#8221; &#8212; Radio Pi\u00f9\" class=\"wp-embedded-content\" sandbox=\"allow-scripts\" security=\"restricted\" style=\"position: absolute; clip: rect(1px, 1px, 1px, 1px);\" src=\"https:\/\/www.radiopiu.net\/wordpress\/in-vivo-verso\/embed\/#?secret=wuLSLb9dVF\" data-secret=\"wuLSLb9dVF\" width=\"600\" height=\"338\" frameborder=\"0\" marginwidth=\"0\" marginheight=\"0\" scrolling=\"no\"><\/iframe><\/p>\n<h3><\/h3>\n<hr \/>\n<h3><\/h3>\n<h3><span style=\"color: #0000ff;\">DUE MINUTI UN LIBRO<\/span><\/h3>\n<blockquote class=\"wp-embedded-content\" data-secret=\"u5zt3r6tFl\"><p><a href=\"https:\/\/www.radiopiu.net\/wordpress\/le-isole-della-morte-2\/\">LE ISOLE DELLA MORTE<\/a><\/p><\/blockquote>\n<p><iframe loading=\"lazy\" title=\"&#8220;LE ISOLE DELLA MORTE&#8221; &#8212; Radio Pi\u00f9\" class=\"wp-embedded-content\" sandbox=\"allow-scripts\" security=\"restricted\" style=\"position: absolute; clip: rect(1px, 1px, 1px, 1px);\" src=\"https:\/\/www.radiopiu.net\/wordpress\/le-isole-della-morte-2\/embed\/#?secret=u5zt3r6tFl\" data-secret=\"u5zt3r6tFl\" width=\"600\" height=\"338\" frameborder=\"0\" marginwidth=\"0\" marginheight=\"0\" scrolling=\"no\"><\/iframe><\/p>\n<p>LE ALTRE PUNTATE<\/p>\n<blockquote class=\"wp-embedded-content\" data-secret=\"ubmI8V59Mp\"><p><a href=\"https:\/\/www.radiopiu.net\/wordpress\/due-minuti-un-libro\/\">Due minuti un libro<\/a><\/p><\/blockquote>\n<p><iframe loading=\"lazy\" title=\"&#8220;Due minuti un libro&#8221; &#8212; Radio Pi\u00f9\" class=\"wp-embedded-content\" sandbox=\"allow-scripts\" security=\"restricted\" style=\"position: absolute; clip: rect(1px, 1px, 1px, 1px);\" src=\"https:\/\/www.radiopiu.net\/wordpress\/due-minuti-un-libro\/embed\/#?secret=ubmI8V59Mp\" data-secret=\"ubmI8V59Mp\" width=\"600\" height=\"338\" frameborder=\"0\" marginwidth=\"0\" marginheight=\"0\" scrolling=\"no\"><\/iframe><\/p>\n<h3><\/h3>\n<h3><\/h3>\n<hr \/>\n<h3><\/h3>\n<h3><\/h3>\n<h3><span style=\"color: #339966;\">AGORDINOMERON<\/span><\/h3>\n<blockquote class=\"wp-embedded-content\" data-secret=\"Xg61xfzx3a\"><p><a href=\"https:\/\/www.radiopiu.net\/wordpress\/agordinomeron\/\">AGORDINOMERON, IL TERRITORIO SI RACCONTA Da un&#8217;idea di Gianni Santomaso<\/a><\/p><\/blockquote>\n<p><iframe loading=\"lazy\" title=\"&#8220;AGORDINOMERON, IL TERRITORIO SI RACCONTA Da un&#8217;idea di Gianni Santomaso&#8221; &#8212; Radio Pi\u00f9\" class=\"wp-embedded-content\" sandbox=\"allow-scripts\" security=\"restricted\" style=\"position: absolute; clip: rect(1px, 1px, 1px, 1px);\" src=\"https:\/\/www.radiopiu.net\/wordpress\/agordinomeron\/embed\/#?secret=Xg61xfzx3a\" data-secret=\"Xg61xfzx3a\" width=\"600\" height=\"338\" frameborder=\"0\" marginwidth=\"0\" marginheight=\"0\" scrolling=\"no\"><\/iframe><\/p>\n<h3><\/h3>\n<h3><\/h3>\n<hr \/>\n<h3><\/h3>\n<h3><\/h3>\n<h3><span style=\"color: #33cccc;\">IL MESSAGGIO DEI SACERDOTI A RADIO PIU&#8217;<\/span><\/h3>\n<blockquote class=\"wp-embedded-content\" data-secret=\"94pLgkMcDp\"><p><a href=\"https:\/\/www.radiopiu.net\/wordpress\/il-messaggio-dai-sacerdoti-della-conca-su-radio-piu-alle-7-30-e-19-30\/\">IL MESSAGGIO DAI SACERDOTI SU RADIO PIU&#8217; ALLE 7.30 E 19.30<\/a><\/p><\/blockquote>\n<p><iframe loading=\"lazy\" title=\"&#8220;IL MESSAGGIO DAI SACERDOTI SU RADIO PIU&#8217; ALLE 7.30 E 19.30&#8221; &#8212; Radio Pi\u00f9\" class=\"wp-embedded-content\" sandbox=\"allow-scripts\" security=\"restricted\" style=\"position: absolute; clip: rect(1px, 1px, 1px, 1px);\" src=\"https:\/\/www.radiopiu.net\/wordpress\/il-messaggio-dai-sacerdoti-della-conca-su-radio-piu-alle-7-30-e-19-30\/embed\/#?secret=94pLgkMcDp\" data-secret=\"94pLgkMcDp\" width=\"600\" height=\"338\" frameborder=\"0\" marginwidth=\"0\" marginheight=\"0\" scrolling=\"no\"><\/iframe><\/p>\n<p>&nbsp;<\/p>\n<p>&nbsp;<\/p>\n<hr \/>\n<p>&nbsp;<\/p>\n<p><a class=\"dt-pswp-item\" href=\"https:\/\/www.radiopiu.net\/wordpress\/wp-content\/uploads\/2018\/09\/viabilita.jpeg\" data-dt-img-description=\"\" data-large_image_width=\"800\" data-large_image_height=\"100\"><img loading=\"lazy\" decoding=\"async\" class=\"aligncenter wp-image-61954 size-full\" src=\"https:\/\/www.radiopiu.net\/wordpress\/wp-content\/uploads\/2018\/09\/viabilita.jpeg\" alt=\"\" width=\"800\" height=\"100\" srcset=\"https:\/\/www.radiopiu.net\/wordpress\/wp-content\/uploads\/2018\/09\/viabilita.jpeg 800w, https:\/\/www.radiopiu.net\/wordpress\/wp-content\/uploads\/2018\/09\/viabilita-300x38.jpeg 300w, https:\/\/www.radiopiu.net\/wordpress\/wp-content\/uploads\/2018\/09\/viabilita-768x96.jpeg 768w\" sizes=\"auto, (max-width: 800px) 100vw, 800px\" \/><\/a><\/p>\n<p>PROVINCIALE 20 DELLA VAL FIORENTINA, SELVA DI CADORE: DAL 14 FEBBRAIO AL 13 GIUGNO, CHIUSURA TOTALE TRA SOLATOR E IL CENTRO DEL PAESE ANCHE NEI GIORNI FESTIVI E PREFESTIVI, DAL CHILOMETRO 4.850 AL CHILOMETRO 5.100. TRANSITO CONSENTITO AI LOCALI CON TEMPI DI ATTESA MASSIMI STIMATI IN 30 MINUTI IN LOCALITA\u2019 SOLATOR DAL CHILOMETRO 4.400 AL CHILOMETRO 4.850<\/p>\n<p>SP641 PASSO FEDAIA DAL 27 APRILE AL 15 MAGGIO (SABATO E DOMENICA COMPRESI) SENSO UNICO ALTERNATO PER SOSTITUZIONE BARRIERE LATERALI DI SICUREZZA E CONSLIDAMENTO CIGLIO STRADALE<\/p>\n<p>REGIONALE 48 DELLE DOLOMITI, LOCALIT\u00c0 POCOL INIZIO ABITATO CORTINA, DAL 4 MAGGIO AL 12 GIUGNO SEMAFORO PER TRATTI DI 250 METRI ANCHE NEI GIORNI FESTIVI E PREFESTIVI<\/p>\n<p>REGIONALE 203 AGORDINA FINO AL 15 GIUGNO IN LOCALIT\u00c0 LA MUDA DEVIAZIONE SU VIABILIT\u00c0 PROVVISORIA, PRUDENZA<\/p>\n<p>PROVINCIALE 346 SAN PELLEGRINO DAL 4 AL 22 MAGGIO IN COMUNE DI CANALE D\u2019AGORDO SENSO UNICO ALTERNATO ESCLUSI SABATO E DOMENICA<\/p>\n<p>PROVINCIALE 12 PEDEMONTANA LOCALIT\u00c0 PONTE MAS, CHIUSURA TOTALE DI PONTE MAS DAL 4 MAGGIO AL 30 GIUGNO<\/p>\n<p>STRADA REGIONALE 48 DELLE DOLOMITI, DAL KM 110,350 AL KM 112, SENSO UNICO ALTERNATO REGOLATO DA IMPIANTO SEMAFORICO ANCHE SABATO E FESTIVI DAL 30 APRILE AL 31 MAGGIO PER POSA ELETTRODOTTO INTERRATO<\/p>\n<p>PROVINCIALE 563 DI SALESEI, DAL 4 MAGGIO AL 3 LUGLIO, SENSO UNICO ALTERNATO REGOLATO DA IMPIANTO SEMAFORICO IN LOCALIT\u00c0 DIGONERA PER MESSA IN SICUREZZA PIANO VIABILE, SABATO E FESTIVI INCLUSI<\/p>\n<p>PROVINCIALE 251 DELLA VAL DI ZOLDO E VAL CELLINA, TRA LE LOCALIT\u00c0 SOFFRANCO E MEZZOCANALE IN COMUNE DI LONGARONE, SENSO UNICO ALTERNATO REGOLATO DA IMPIANTO SEMAFORICO CON POSSIBILI BREVI INTERRUZIONI DI 10 MINUTI. SABATO E DOMENICA ESCLUSI<\/p>\n<p>PROVINCIALE 347 PASSO DURAN, LOCALITA\u2019 SANT\u2019ANDREA DI GOSALDO. FINO AL 5 GIUGNO SENSO UNICO ALTERNATO<\/p>\n<p>STRADA PROVINCIA 251 DELLA VAL DI ZOLDO E VAL CELLINA, DAL 6 AL 15 MAGGIO, SABATO E DOMENICA ESCLUSI, SENSO UNICO ALTRNATO REGOLATO DA IMPIANTO SEMAFORICO PER LAVORI DI RIPRISTINO RETI DI PROTEZIONE DEI VERSANTI<\/p>\n<p class=\"photoswipe-wrapper\">STRADA REGIONALE 48 DELLE DOLOMITI, DALLE ORE 8 DEL 12 MAGGIO ALLE 18 DEL 13 MAGGIO, INTERDIZIONE TOTALE AL TRAFFICO TRA ARABBA E IL PASSO PORDOI PER LAVORI DI RIFACIMENTO TOMBINATURA<\/p>\n<p>STRADA PROVINCIALE 347 DEL PASSO CEREDA E DURAN, DALLE 7 ALLE 18 , DAL 7 AL 29 MAGGIO, POSSIBILI TEMPORANEE INTERRUZZIONI ALLA VIABILIT\u00e0 DELLA DURATA MASSIMA DI 30 MINUTI E SENSO UNICO ALTERNATO REGOLATO DA MOVIERI PER ASFALTATURA TRATTI DI STRADA TRA PASSO DURAN E DONT<\/p>\n<p>STRADA REGIONALE 50 BIS DELLE SCALE DI PRIMOLANO, IN LOCALITA\u2019 GIARONI DI ARSIE\u2019, DALLE 8 ALLE 18, DA L\u201911 AL 15 MAGGIO, SENSO UNICO ALTERNATO REGOLATO DA IMPIANTO SEMAFORICO<\/p>\n<p>STRADA PROVINCIALE 346 DEL PASSO SAN PELLEGRINO, DAL 11 MAGGIO AL 5 GIUGNO, SENSO UNICO ALTERNATO REGOLATO DA IMPIANTO SEMOFORICO TRA FALCADE E FALCADE ALTO PER POSA CAVIDOTTO FIBRA OTTICA<\/p>\n<p>STRADA PROVINCIALE 347 DEL PASSO CEREDA E DURAN, DAL 12 MAGGIO AL 01 GIUGNO ESCLUSE DOMENICHE E FESTIVI, SENSO UNICO ALTERNATO REGOLATO DA IMPIANTO SEMAFORICO O MOVIERI IN COMUNE DI VALLE DI CADORE PER SONDAGGI GEOTECNICI<\/p>\n<p>STRADA PROVINCIALE 3 VAL IMPERINA, TRA CORDE MOLE E VALLASIN IN COMUNE DI GOSALDO, FINO AL 15 MAGGIO DALLE 8 ALLE 11:45 E DALLE 13:30 ALLE 17:30, TEMPORANEE INTERRUZIONI ALLA VIABILIT\u00e0 DELLA DURATA MASSIMA DI 30 MINUTI PER LAVORI DI TAGLIO ESBOSCO PIANTE<\/p>\n<p>STRADA REGIONALE 203 AGORDINA, ABITATO DI MASARE\u2019 DI ROCCA PIETORE. DALL\u201911 AL 22 MAGGIO, ESCLUSO SABATO E DOMENICA, DALLE 8 ALLE 17 SENSO UNICO ALTERNATO REGOLATO DA IMPIANTO SEMAFORICO PER REALIZZAZIONE IMPIANTO ILLUMINAZIONE SU PASSAGGIO PEDONALE<\/p>\n<p>&nbsp;<\/p>\n<hr \/>\n<p>&nbsp;<\/p>\n<p><img decoding=\"async\" class=\"aligncenter jetpack-lazy-image jetpack-lazy-image--handled\" src=\"https:\/\/i0.wp.com\/www.radiopiu.net\/wordpress\/wp-content\/uploads\/2018\/09\/WhatsApp-Image-2018-09-20-at-16.04.06.jpeg?resize=800%2C100&amp;ssl=1\" data-lazy-loaded=\"1\" \/><\/p>\n<p>&nbsp;<\/p>\n<p><center><b>Mercoledi 13<\/b><\/center><b>Tempo atteso:\u00a0<\/b>Tempo discreto al mattino con ampi tratti soleggiati, banchi di altocumuli e qualche stratocumulo a ridosso delle cime. In seguito aumento della nuvolosit\u00e0 fino a cielo molto nuvoloso e l&#8217;instabilit\u00e0 riprender\u00e0 con nuovi fenomeni. Clima meno fresco per avvezione d&#8217;aria pi\u00f9 mite da sud-ovest.<br \/>\n<b>Precipitazioni:\u00a0<\/b>Qualche rovescio notturno (30\/40%). Al mattino perlopi\u00f9 assenti (0\/10%) e al pomeriggio nuovi rovesci sparsi (60\/70%), eventualmente temporaleschi in caso di prolungato soleggiamento nelle prime ore del giorno. Il limite della neve risalir\u00e0 oltre i 2600\/2700 m. A causa del carattere instabile dei fenomeni, i quantitativi saranno molto variabili (2-15 mm).<br \/>\n<b>Temperature:\u00a0<\/b>In quota in generale lieve rialzo rispetto a marted\u00ec per avvezione d&#8217;aria pi\u00f9 mite da sud-ovest; nelle valli minime in lieve calo e massime stazionarie o in lievissimo rialzo. Sono previste punte di 19\/21\u00b0C nel fondovalle prealpini e di 16\/17\u00b0C a 1000\/1200 m. Su Prealpi a 1500 m min 7\u00b0C max 12\u00b0C, a 2000 m min 4\u00b0C max 8\u00b0C. Su Dolomiti a 2000 m min 3\u00b0C max 7\u00b0C, a 3000 m min -1\u00b0C max 0\u00b0C.<br \/>\n<b>Venti:\u00a0<\/b>Deboli di direzione variabile nelle valli; moderati\/tesi da sud-ovest in quota, anche forti sulle cime dolomitiche pi\u00f9 alte e sulle dorsali prealpine, a 10-30 km\/h a 2000 m e 25\/50 km\/h a 3000 m.<\/p>\n<hr \/>\n<p><center><b>Giovedi 14<\/b><\/center><b>Tempo atteso:\u00a0<\/b>Dopo le nubi basse e medie stratiformi del primo mattino, il tempo migliorer\u00e0 con rasserenamenti ampi e stratocumuli a ridosso delle vette. Dalle ore centrali il sole predominer\u00e0 fino nel tardo pomeriggio, poi il cielo torner\u00e0 ad annuvolarsi alla sera, quando vi sar\u00e0 un crescente rischio di fenomeni.<br \/>\n<b>Precipitazioni:\u00a0<\/b>Residui piovaschi nella notte (30\/40%), in giornata perlopi\u00f9 assenti (0%), in serata probabilit\u00e0 in aumento per nuove precipitazioni ad iniziare dalle Prealpi, in trasferimento verso le Dolomiti (50\/70%). La neve interesser\u00e0 solo le cime dolomitiche pi\u00f9 alte.<br \/>\n<b>Temperature:\u00a0<\/b>In generale rialzo, anche sensibile in giornata nelle valli. Sono previste punte di 22\/23\u00b0C nel fondovalle prealpini e di 17\/19\u00b0C a 1000\/1200 m. Su Prealpi a 1500 m min 8\u00b0C max 15\u00b0C, a 2000 m min 6\u00b0C max 11\u00b0C. Su Dolomiti a 2000 m min 5\u00b0C max 10\u00b0C, a 3000 m min 0\u00b0C max 2\u00b0C.<br \/>\n<b>Venti:\u00a0<\/b>Deboli o localmente moderati a regime di brezza nelle valli; moderati da sud-ovest in quota, anche tesi oltre i 2200\/2400 m, a 5-15 km\/h a 2000 m e 10-30 km\/h a 3000 m.<\/p>\n<hr \/>\n<p><center><b>Venerdi 15<\/b><\/center>Nottetempo e al mattino cielo coperto con precipitazioni diffuse; nevose oltre i 2500\/2700 m. Nel corso del pomeriggio in prevalenza soleggiato con contenuta attivit\u00e0 cumuliforme. Temperature in contenuta flessione, salvo rialzo delle minime nelle valli. Venti deboli\/moderati per brezze nelle valli; moderati\/tesi da sud-est a 1500 m, tesi\/forti da sud-ovest in alta quota, in rotazione da nord e in sensibile attenuazione nel corso del pomeriggio.<\/p>\n<hr \/>\n<p><center><b>Sabato 16<\/b><\/center>Nottetempo ed al mattino cielo molto nuvoloso\/coperto con precipitazioni a carattere di rovescio, la neve cadr\u00e0 sulle cime dolomitiche pi\u00f9 alte. Al pomeriggio tendenza alla variabilit\u00e0 sulle Dolomiti, mentre il tempo migliorer\u00e0 sulle Prealpi. Clima inizialmente fresco con calo delle minime, mentre le massime potrebbero rialzarsi lievemente. Venti in quota deboli\/moderati da sud-ovest al mattino, disponendosi da ovest nord-ovest a fine giornata. Previsore: R.L.Th<\/p>\n","protected":false},"excerpt":{"rendered":"<p>PER RICEVERE QUESTO NOTIZIARIO DIRETTAMENTE SUL TUO CELLULARE ISCRIVITI AL CANALE TELEGRAM\u00a0\u201cRADIO PIU\u00a0 INFORMAZIONE\u201d &nbsp; &nbsp; Gestione Servizi Pubblici informa che a GOSALDO, nelle localit\u00e0 LE FOCHE, LAMBROI, DENEORE, MAGAIT, REN, SELLE, COL TAMAI, BITTI, GIARDOI, LE CASE, CURTI e INCASAL, l\u2019acqua erogata dall\u2019acquedotto non \u00e8 potabile e pu\u00f2 essere usata per scopi alimentari SOLO&hellip;<\/p>\n","protected":false},"author":4,"featured_media":137238,"comment_status":"closed","ping_status":"closed","sticky":false,"template":"","format":"standard","meta":{"_monsterinsights_skip_tracking":false,"_monsterinsights_sitenote_active":false,"_monsterinsights_sitenote_note":"","_monsterinsights_sitenote_category":0,"footnotes":""},"categories":[1,51,86],"tags":[],"class_list":["post-137114","post","type-post","status-publish","format-standard","has-post-thumbnail","hentry","category-senza-categoria","category-evidenza-top","category-gr","category-1","category-51","category-86","description-off"],"img_url":"https:\/\/www.radiopiu.net\/wordpress\/wp-content\/uploads\/2020\/05\/060e0872-1c29-4a01-9776-54989dab4e90-1.jpg","_links":{"self":[{"href":"https:\/\/www.radiopiu.net\/wordpress\/wp-json\/wp\/v2\/posts\/137114","targetHints":{"allow":["GET"]}}],"collection":[{"href":"https:\/\/www.radiopiu.net\/wordpress\/wp-json\/wp\/v2\/posts"}],"about":[{"href":"https:\/\/www.radiopiu.net\/wordpress\/wp-json\/wp\/v2\/types\/post"}],"author":[{"embeddable":true,"href":"https:\/\/www.radiopiu.net\/wordpress\/wp-json\/wp\/v2\/users\/4"}],"replies":[{"embeddable":true,"href":"https:\/\/www.radiopiu.net\/wordpress\/wp-json\/wp\/v2\/comments?post=137114"}],"version-history":[{"count":0,"href":"https:\/\/www.radiopiu.net\/wordpress\/wp-json\/wp\/v2\/posts\/137114\/revisions"}],"wp:featuredmedia":[{"embeddable":true,"href":"https:\/\/www.radiopiu.net\/wordpress\/wp-json\/wp\/v2\/media\/137238"}],"wp:attachment":[{"href":"https:\/\/www.radiopiu.net\/wordpress\/wp-json\/wp\/v2\/media?parent=137114"}],"wp:term":[{"taxonomy":"category","embeddable":true,"href":"https:\/\/www.radiopiu.net\/wordpress\/wp-json\/wp\/v2\/categories?post=137114"},{"taxonomy":"post_tag","embeddable":true,"href":"https:\/\/www.radiopiu.net\/wordpress\/wp-json\/wp\/v2\/tags?post=137114"}],"curies":[{"name":"wp","href":"https:\/\/api.w.org\/{rel}","templated":true}]}}