{"id":137130,"date":"2020-05-12T12:31:14","date_gmt":"2020-05-12T10:31:14","guid":{"rendered":"https:\/\/www.radiopiu.net\/wordpress\/?p=137130"},"modified":"2020-05-12T14:07:19","modified_gmt":"2020-05-12T12:07:19","slug":"conferenza-stampa-del-presidente-del-veneto-luca-zaia-12-maggio-2020","status":"publish","type":"post","link":"https:\/\/www.radiopiu.net\/wordpress\/conferenza-stampa-del-presidente-del-veneto-luca-zaia-12-maggio-2020\/","title":{"rendered":"ZAIA ATTACCA DI MAIO E I &#8220;TROMBONI&#8221; DELLE DICHIARAZIONE FACILI. CONFERENZA STAMPA DEL PRESIDENTE DEL VENETO LUCA ZAIA 12 MAGGIO 2020"},"content":{"rendered":"<p><strong>VENEZIA<\/strong>\u00a0Da Marghera il Presidente Luca Zaia fa il punto sull\u2019emergenza Covid-19<\/p>\n<h2><\/h2>\n<p>TAMPONI 455.000 (+10.000) POSITIVI 18782 (+41), ISOLAMENTO 4713 (-300) NUMERI RICOVERATI 759 (393 POSITIVI, 295 NEGATIVI), TERAPIA INTENSIVA 71 (33 POSITIVI E 38 NEGATIVI) DIMESSI 3033 (+42) MORTI 1272 (OSPEDALE) TOTALE 1686. NATI 86.<\/p>\n<p>&nbsp;<\/p>\n<blockquote>\n<h2>LEGGI LA CONFERENZA STAMPA DI LUCA ZAIA<\/h2>\n<p><em>Noi con al nostra ordinanza faremo la proposta a Roma, salvo impedimenti si riparte. Ci servono le linee guida dell&#8217;Inal, spero semplici. Seconde case da lunedi? Vedremo il Dpcm per capire se si potr\u00e0.Centri commerciali: Finch\u00e9 possiamo manterremo la chiusura domenicale.<\/em><\/p><\/blockquote>\n<p><strong>DONAZIONI<\/strong> 37702 DONATORI PER UN TOTALE DI 57.192.223 EURO, 370 euro dai donatori calcio di Ros\u00e0, le multe pagate per i ritardi o le assenze agli allenamenti. Siamo sommersi dai disegni dei bambini, sar\u00e0 necessaria una citt\u00e0 intera per esporli.<\/p>\n<p><strong>APERTURE<\/strong> Passata la linea che ho cercato di portare avanti con molti colleghi per molto tempo. Che il Governo faccia delle scelte di base e poi deleghi le Regioni a fare le altre scelte &#8220;sartoriali&#8221;, \u00e8 stato un incontro positivi. Ho detto al Presidente del Consiglio siamo allo spartiacque tra ordine (lavorare assieme) e disordine (andare per conto proprio) Se sar\u00e0 confermato ci sar\u00e0 un DPCM con le novit\u00e0 e demander\u00e0 alle Regioni le decisioni. Premesso che dovremo rispettare tutti i parametri del comitato tecnico scientifico con grande responsabilit\u00e0 la nostra idea che da lunedi se ci saranno i presupposti di provvedere all&#8217;apertura di tutto quello che si puo&#8217; aprire, palestre e piscine comprese se le carte mi daranno spazio per farlo. E&#8217; urgente conoscere le linee guida dell&#8217;Inail e che si sia la volont\u00e0 di guardarle con semplicit\u00e0. Lo si dica, scriva e codifichi ma il minimo per mettere in sicurezza lavoratori e clienti ma senza fare i &#8220;fenomeni&#8221; Domani incontro con la parti e l&#8217;assessore Manuela Lanzarin per presentare le linee guida, se c&#8217;\u00e8 qualche aggiustamento lo proporremo. Ai cittadini dico che ci giochiamo il futuro cerchiamo di non tornare alla casella di partenza, sarebbe la fine. Siamo sotti i riflettori per la virtuosit\u00e0 e una re infezione in Veneto sarebbe un disastro per il Veneto virtuoso. Ad oggi gli indicatori sanitari sono buoni se tutti ci proteggiamo vinciamo la sfida altrimenti dobbiamo dire al mondo intero che abbiamo sbagliato. Il mondo del turismo ha bisogno di aiuto cosi&#8217; come i commercianti e quanti in difficolt\u00e0<br \/>\n<strong>CASSA INTEGRAZIONE<\/strong> Ho sollevato il problema anche che di Maio non puo&#8217; andare in TV e raccontare bugie dando le colpe alle Regioni, noi abbiamo fatto tutto quindi non \u00e8 colpa nostra e la tragedia \u00e8 chi a casa aspetta i soldi. Oggi ci sar\u00e0 un tavolo per capire dove stanno gli inghippi su una procedura nazionale. Sfido i &#8220;tromboni&#8221; che fanno dichiarazione a dire cosa abbiamo sbagliato. Abbiamo fatto tutto, abbiamo lavorato bene con gli uffici con l&#8217;Inps con il quale non abbiamo problemi. Sono stipendi che devono arrivare ai lavoratori, la catena di trasmissione ha incagli ma non regionali non accuso nessuno ma c&#8217;\u00e8 un po&#8217; di ruggine su qualche ingranaggio ci vuole una goccia d&#8217;olio.<\/p>\n<p><strong>TURISMO E PALESTRE\u00a0<\/strong> Attendiamo le linee guida\u00a0 per regolamentare\u00a0 le aggregazioni in spiaggia, al lago. Per le palestre poche regole, chiare, severe, ma non acrobazie di norme e contronorme, le palestre possono stabilire turni e prenotazioni. Anche per musicisti e cantanti \u00e8 sufficiente rispettare il distanziamento sociale. Ci servono le linee guida dell&#8217;Inail, spero semplici. E&#8217; fondamentale cominciare a partire con\u00a0 aggiustamenti .Ristoranti:\u00a0con pochi tavoli non riapriranno mai. In Veneto sar\u00e0 4 metri da centro tavolo a centro tavolo.<\/p>\n<p><strong>MOBILITA&#8217; TRA REGIONI<\/strong> \u00a0Credo che gli accordi fra regioni devono essere portati avanti in attesa dell&#8217;apertura totale. La Campania, per esempio, vuole blindare i confini regionali, li rispettiamo. Noi abbiamo il problema dei congiunti divisi dal Po. Non escludo che ci sar\u00e0 gi\u00e0 una regolamentazione nell&#8217;ordinanza\u00a0 del 18 per la riapertura.<\/p>\n<p><strong>ELEZIONI<\/strong> Ne abbiamo parlato sono intervenuto io e gli altri colleghi. Conte ha riconosciuto che la condizione sanitaria \u00e8 mutata. Auspico che il 18 si apra e poi si vada anche a votare (d&#8217;estate ndr.)<\/p>\n<p><strong>LIBERAZIONE DI SILVIA ROMANO<\/strong> Chi si \u00e8 assunto la possibilit\u00e0 di mandare una cooperante in una zona come quella? Sono felice che Silvia sia tornata a casa, tanti non sono mai pi\u00f9 tornati.<\/p>\n<p><strong>MASCHERINE<\/strong> Introvabili? In Veneto no, non so nelle altre regioni. Noi le abbiamo distribuite e le stiamo ancora distribuendo<\/p>\n<p><strong>SCUOLA <\/strong>La Val d&#8217;Aosta sta aprendo le scuole a turnazione. Se una Regione lo ha fatto, con orari scaglionati, studenti non ammassati, allora possiamo farlo tutti, chiedo al ministro dell&#8217;Istruzione che chiarisca.<\/p>\n<blockquote><p><strong><em>COME VISITARE I PAZIENTI SENZA ANDARE IN AMBULATORIO O IN OSPEDALE, PROGETTO PER PAZIENTI AMBULATORIALI O DOMICILIARI. INTERESSATI GIA&#8217; 10 GRUPPI DI MEDICI PER UNA BACINO DI 150MILA PERSONE. L&#8217;OPERAZIONE COSTA COMPLESSIVAMENTE SUI 40MILA EURO PER UN ANNO E POSSIAMO CONTARE SU UNA DONAZIONE. A CASA E&#8217; SUFFICIENTE UN BANALE TELEFONINO NEMMENO DI ULTIMISSIMA GENERAZIONE, LAVORA CON APP SU GOOGLE E APPLE.<\/em><\/strong><\/p><\/blockquote>\n<p><strong>MEDICI DI BASE<\/strong>\u00a0 Domenico Crisar\u00e0, segretario regionale di Fimmg Veneto, presenta un progetto del Veneto con i medici di base.\u00a0 &#8220;SONO COME LA PANDA, SE NON DI FOSSERO BISOGNEREBBE INVENTARLI&#8221; Lanciano un programma importante e ambizioso. Visite in ambulatorio o\u00a0 domicilio senza ricorrrere all&#8217;ospedale, anche elettrocardiogramma, valutate direttamente dal medico che puo&#8217; rivolgersi in tempo reale ad un secondo livello di visita specialistica che referta. Si inizia da Padova per poi andare a Verona e Rovigo Interessati 30mila i pazienti , occorre fare il tampone a tutte queste persone.\u00a0 Abbiamo una piattaforma per la videovisita con\u00a0 aggiornamento della scheda del paziente attraverso dispositivi che possono essere lasciati a domicilio. La dimostrazione del funzionamento del metodo \u00e8 stata fatta in diretta con un paziente in quarantena, <b>\u00a0<\/b>il paziente \u00e8 faccia a faccia con il dottore e dotato di un dispositivo con il quale controlla la saturazione dell&#8217;ossigeno &#8211; si tratta di un paziente in quarantena per Covid. La scheda del paziente si apre, in modo da aggiornare i dati in tempo reale. Non manca il colloquio medico-paziente. L'&#8221; ambulatorio&#8221; \u00e8 grande come un telefonino da appoggiare sul torace, i dati vengono trasmessi direttamente al medico per la refertazione. Con lo stesso sistema l&#8217;uso dell&#8217;holter, dello strumento per la\u00a0 pressione e per il\u00a0 dermatoscopio digitale per avlutare macchie e lesioni cutanee.<\/p>\n<p>&nbsp;<\/p>\n<p>https:\/\/www.facebook.com\/zaiaufficiale\/videos\/1586223951524687<\/p>\n","protected":false},"excerpt":{"rendered":"<p>VENEZIA\u00a0Da Marghera il Presidente Luca Zaia fa il punto sull\u2019emergenza Covid-19 TAMPONI 455.000 (+10.000) POSITIVI 18782 (+41), ISOLAMENTO 4713 (-300) NUMERI RICOVERATI 759 (393 POSITIVI, 295 NEGATIVI), TERAPIA INTENSIVA 71 (33 POSITIVI E 38 NEGATIVI) DIMESSI 3033 (+42) MORTI 1272 (OSPEDALE) TOTALE 1686. NATI 86. &nbsp; LEGGI LA CONFERENZA STAMPA DI LUCA ZAIA Noi con&hellip;<\/p>\n","protected":false},"author":4,"featured_media":121391,"comment_status":"closed","ping_status":"closed","sticky":false,"template":"","format":"standard","meta":{"_monsterinsights_skip_tracking":false,"_monsterinsights_sitenote_active":false,"_monsterinsights_sitenote_note":"","_monsterinsights_sitenote_category":0,"footnotes":""},"categories":[51,49],"tags":[],"class_list":["post-137130","post","type-post","status-publish","format-standard","has-post-thumbnail","hentry","category-evidenza-top","category-news-18","category-51","category-49","description-off"],"img_url":"https:\/\/www.radiopiu.net\/wordpress\/wp-content\/uploads\/2020\/03\/covid-zaia.jpg","_links":{"self":[{"href":"https:\/\/www.radiopiu.net\/wordpress\/wp-json\/wp\/v2\/posts\/137130","targetHints":{"allow":["GET"]}}],"collection":[{"href":"https:\/\/www.radiopiu.net\/wordpress\/wp-json\/wp\/v2\/posts"}],"about":[{"href":"https:\/\/www.radiopiu.net\/wordpress\/wp-json\/wp\/v2\/types\/post"}],"author":[{"embeddable":true,"href":"https:\/\/www.radiopiu.net\/wordpress\/wp-json\/wp\/v2\/users\/4"}],"replies":[{"embeddable":true,"href":"https:\/\/www.radiopiu.net\/wordpress\/wp-json\/wp\/v2\/comments?post=137130"}],"version-history":[{"count":0,"href":"https:\/\/www.radiopiu.net\/wordpress\/wp-json\/wp\/v2\/posts\/137130\/revisions"}],"wp:featuredmedia":[{"embeddable":true,"href":"https:\/\/www.radiopiu.net\/wordpress\/wp-json\/wp\/v2\/media\/121391"}],"wp:attachment":[{"href":"https:\/\/www.radiopiu.net\/wordpress\/wp-json\/wp\/v2\/media?parent=137130"}],"wp:term":[{"taxonomy":"category","embeddable":true,"href":"https:\/\/www.radiopiu.net\/wordpress\/wp-json\/wp\/v2\/categories?post=137130"},{"taxonomy":"post_tag","embeddable":true,"href":"https:\/\/www.radiopiu.net\/wordpress\/wp-json\/wp\/v2\/tags?post=137130"}],"curies":[{"name":"wp","href":"https:\/\/api.w.org\/{rel}","templated":true}]}}