{"id":137162,"date":"2020-05-12T11:35:43","date_gmt":"2020-05-12T09:35:43","guid":{"rendered":"https:\/\/www.radiopiu.net\/wordpress\/?p=137162"},"modified":"2020-05-12T11:35:43","modified_gmt":"2020-05-12T09:35:43","slug":"i-bambini-di-insieme-si-puo-hanno-a-cuore-chi-soffre","status":"publish","type":"post","link":"https:\/\/www.radiopiu.net\/wordpress\/i-bambini-di-insieme-si-puo-hanno-a-cuore-chi-soffre\/","title":{"rendered":"I BAMBINI DI \u201cINSIEME SI PU\u00d2\u2026\u201d HANNO A CUORE CHI SOFFRE"},"content":{"rendered":"<p><a class=\"dt-pswp-item\" href=\"https:\/\/www.radiopiu.net\/wordpress\/wp-content\/uploads\/2020\/05\/cuori-colibr\u00ec_2-scaled.jpg\" data-dt-img-description=\"dav\" data-large_image_width=\"2560\" data-large_image_height=\"1920\"><img loading=\"lazy\" decoding=\"async\" class=\"wp-image-137163 size-medium alignleft\" src=\"https:\/\/www.radiopiu.net\/wordpress\/wp-content\/uploads\/2020\/05\/cuori-colibr\u00ec_2-300x225.jpg\" alt=\"\" width=\"300\" height=\"225\" srcset=\"https:\/\/www.radiopiu.net\/wordpress\/wp-content\/uploads\/2020\/05\/cuori-colibr\u00ec_2-300x225.jpg 300w, https:\/\/www.radiopiu.net\/wordpress\/wp-content\/uploads\/2020\/05\/cuori-colibr\u00ec_2-1024x768.jpg 1024w, https:\/\/www.radiopiu.net\/wordpress\/wp-content\/uploads\/2020\/05\/cuori-colibr\u00ec_2-768x576.jpg 768w, https:\/\/www.radiopiu.net\/wordpress\/wp-content\/uploads\/2020\/05\/cuori-colibr\u00ec_2-1536x1152.jpg 1536w, https:\/\/www.radiopiu.net\/wordpress\/wp-content\/uploads\/2020\/05\/cuori-colibr\u00ec_2-2048x1536.jpg 2048w\" sizes=\"auto, (max-width: 300px) 100vw, 300px\" \/><\/a><\/p>\n<p><strong>BELLUNO<\/strong>\u00a0I Colibr\u00ec di \u201cInsieme si pu\u00f2\u2026\u201d, i gruppi dei bambini dell\u2019associazione, da sempre impegnati in iniziative di solidariet\u00e0 a favore di chi si trova in situazione di sofferenza o difficolt\u00e0 in varie parti del mondo, durante quest\u2019emergenza sanitaria non hanno voluto far mancare il proprio contributo.\u00a0Da alcune settimane i piccoli hanno lanciato l\u2019iniziativa \u201cAbbiamo a cuore chi ci sta vicino\u201d e con il loro entusiasmo hanno coinvolto anche i gruppi adulti dell\u2019associazione.\u00a0I bambini si stanno dedicando alla preparazione di tanti cuori di carta (2020 per la precisione), realizzati con origami, da donare come gesto simbolico di vicinanza a tutti coloro che in questo momento stanno particolarmente soffrendo perch\u00e9 ammalati o soli, lontani dalle proprie famiglie: gli anziani delle case di riposo e i malati di Coronavirus ricoverati nei reparti ospedalieri della Provincia di Belluno, ma un cuore sar\u00e0 donato anche a tutto il personale che si sta amorevolmente prendendo cura di loro.\u00a0Un gesto semplice ma straordinario, che si realizzer\u00e0 domenica 24 maggio con la consegna contemporanea dei cuori di carta in tutte le strutture coinvolte, seguendo i protocolli igienici previsti e grazie alla collaborazione degli operatori sanitari che faranno da tramite.\u00a0Ma l\u2019intento dei Colibr\u00ec \u00e8 quello di non essere soli in questa loro iniziativa: vogliono che l\u2019impegno che ci stanno mettendo nella realizzazione dei cuori di carta sia accompagnato dal pensiero e dal sostegno di quante pi\u00f9 persone possibili. <a class=\"dt-pswp-item\" href=\"https:\/\/www.radiopiu.net\/wordpress\/wp-content\/uploads\/2020\/05\/cuori-colibr\u00ec_1-scaled.jpg\" data-dt-img-description=\"\" data-large_image_width=\"2560\" data-large_image_height=\"1920\"><img loading=\"lazy\" decoding=\"async\" class=\"size-medium wp-image-137164 alignright\" src=\"https:\/\/www.radiopiu.net\/wordpress\/wp-content\/uploads\/2020\/05\/cuori-colibr\u00ec_1-300x225.jpg\" alt=\"\" width=\"300\" height=\"225\" srcset=\"https:\/\/www.radiopiu.net\/wordpress\/wp-content\/uploads\/2020\/05\/cuori-colibr\u00ec_1-300x225.jpg 300w, https:\/\/www.radiopiu.net\/wordpress\/wp-content\/uploads\/2020\/05\/cuori-colibr\u00ec_1-1024x768.jpg 1024w, https:\/\/www.radiopiu.net\/wordpress\/wp-content\/uploads\/2020\/05\/cuori-colibr\u00ec_1-768x576.jpg 768w, https:\/\/www.radiopiu.net\/wordpress\/wp-content\/uploads\/2020\/05\/cuori-colibr\u00ec_1-1536x1152.jpg 1536w, https:\/\/www.radiopiu.net\/wordpress\/wp-content\/uploads\/2020\/05\/cuori-colibr\u00ec_1-2048x1536.jpg 2048w\" sizes=\"auto, (max-width: 300px) 100vw, 300px\" \/><\/a>Questo perch\u00e9 a rendere ancora pi\u00f9 significativo il gesto, accanto al pensiero di affetto e vicinanza nei confronti di chi soffre, c\u2019\u00e8 la destinazione di quanto verr\u00e0 raccolto: chiunque voglia sostenere i Colibr\u00ec pu\u00f2 donare \u201cvirtualmente\u201d alcuni cuori facendo un\u2019offerta all\u2019associazione Insieme si pu\u00f2, donazioni che verranno interamente destinate alle famiglie bellunesi in difficolt\u00e0 economiche seguite dal progetto \u201cLa povert\u00e0 a casa nostra\u201d, per garantire buoni alimentari e la copertura di spese mediche, scolastiche o utenze domestiche.\u00a0Simbolicamente, con 10 euro si donano 5 cuori, con 20 euro si donano 10 cuori, con 100 euro, 50 cuori. I Colibr\u00ec consegneranno poi questi cuori \u201ca nome\u201d di chi ha fatto l\u2019offerta, che pu\u00f2 anche chiedere di scrivere una dedica personalizzata.<span class=\"Apple-converted-space\">\u00a0\u00a0<\/span>Le donazioni si potranno effettuare attraverso tutti i consueti canali: con carta di credito o Paypal tramite il sito www.365giorni.org, con bonifico bancario all\u2019IBAN IT 23 A 08511 61240 00000 0023078, con bollettino postale sul conto n\u00b0 13737325, con causale \u201cun cuore vicino\u201d.<\/p>\n<p>A tutte le et\u00e0, insieme si pu\u00f2!<\/p>\n","protected":false},"excerpt":{"rendered":"<p>BELLUNO\u00a0I Colibr\u00ec di \u201cInsieme si pu\u00f2\u2026\u201d, i gruppi dei bambini dell\u2019associazione, da sempre impegnati in iniziative di solidariet\u00e0 a favore di chi si trova in situazione di sofferenza o difficolt\u00e0 in varie parti del mondo, durante quest\u2019emergenza sanitaria non hanno voluto far mancare il proprio contributo.\u00a0Da alcune settimane i piccoli hanno lanciato l\u2019iniziativa \u201cAbbiamo a&hellip;<\/p>\n","protected":false},"author":4,"featured_media":137165,"comment_status":"closed","ping_status":"closed","sticky":false,"template":"","format":"standard","meta":{"_monsterinsights_skip_tracking":false,"_monsterinsights_sitenote_active":false,"_monsterinsights_sitenote_note":"","_monsterinsights_sitenote_category":0,"footnotes":""},"categories":[49],"tags":[],"class_list":["post-137162","post","type-post","status-publish","format-standard","has-post-thumbnail","hentry","category-news-18","category-49","description-off"],"img_url":"https:\/\/www.radiopiu.net\/wordpress\/wp-content\/uploads\/2020\/05\/cuori-colibr\u00ec_3-scaled.jpg","_links":{"self":[{"href":"https:\/\/www.radiopiu.net\/wordpress\/wp-json\/wp\/v2\/posts\/137162","targetHints":{"allow":["GET"]}}],"collection":[{"href":"https:\/\/www.radiopiu.net\/wordpress\/wp-json\/wp\/v2\/posts"}],"about":[{"href":"https:\/\/www.radiopiu.net\/wordpress\/wp-json\/wp\/v2\/types\/post"}],"author":[{"embeddable":true,"href":"https:\/\/www.radiopiu.net\/wordpress\/wp-json\/wp\/v2\/users\/4"}],"replies":[{"embeddable":true,"href":"https:\/\/www.radiopiu.net\/wordpress\/wp-json\/wp\/v2\/comments?post=137162"}],"version-history":[{"count":0,"href":"https:\/\/www.radiopiu.net\/wordpress\/wp-json\/wp\/v2\/posts\/137162\/revisions"}],"wp:featuredmedia":[{"embeddable":true,"href":"https:\/\/www.radiopiu.net\/wordpress\/wp-json\/wp\/v2\/media\/137165"}],"wp:attachment":[{"href":"https:\/\/www.radiopiu.net\/wordpress\/wp-json\/wp\/v2\/media?parent=137162"}],"wp:term":[{"taxonomy":"category","embeddable":true,"href":"https:\/\/www.radiopiu.net\/wordpress\/wp-json\/wp\/v2\/categories?post=137162"},{"taxonomy":"post_tag","embeddable":true,"href":"https:\/\/www.radiopiu.net\/wordpress\/wp-json\/wp\/v2\/tags?post=137162"}],"curies":[{"name":"wp","href":"https:\/\/api.w.org\/{rel}","templated":true}]}}