{"id":137252,"date":"2020-05-12T17:21:25","date_gmt":"2020-05-12T15:21:25","guid":{"rendered":"https:\/\/www.radiopiu.net\/wordpress\/?p=137252"},"modified":"2020-05-12T17:25:49","modified_gmt":"2020-05-12T15:25:49","slug":"luxottica-buona-ladesione-ai-tamponi-per-i-turnisti-nessuna-novita-per-i-trasporti","status":"publish","type":"post","link":"https:\/\/www.radiopiu.net\/wordpress\/luxottica-buona-ladesione-ai-tamponi-per-i-turnisti-nessuna-novita-per-i-trasporti\/","title":{"rendered":"LUXOTTICA, BUONA L&#8217;ADESIONE AI TAMPONI PER I TURNISTI NESSUNA NOVITA&#8217; PER I TRASPORTI"},"content":{"rendered":"<p><strong><img loading=\"lazy\" decoding=\"async\" class=\"alignleft\" src=\"https:\/\/www.radiopiu.net\/wordpress\/wp-content\/uploads\/2020\/01\/NUOVA-INSEGNA-LUXOTTICA-scaled.jpg\" width=\"185\" height=\"139\" \/>AGORDO<\/strong> Oggi incontro esecutivo con la Femca Cisl, per i lavoratori turnisti definito il nuovo orario, dalle 5.45 alle 11.45, dalle 14.15 alle 20.15. Come gi\u00e0 noto la misura temporanea permette una migliore gestione dei flussi, tanto in entrata che in uscita, ma anche dei trasporti una volta ripristinati. L&#8217;orario della convocazione al lavoro sar\u00e0 resto noto tramite un sms. Ai lavoratori verr\u00e0 fornito un cestino in reparto prima dell&#8217;orario di uscita e conterr\u00e0 panini standard, appena possibile verr\u00e0 per\u00f2 ripristinato il sistema a prenotazione. Impossibile per i dipendenti recarsi in mensa perch\u00e9 verrebbero meno le concordate misure di sicurezza.<br \/>\n<strong>TAMPONI:<\/strong> L&#8217;adesione ai test volontari \u00e8 stata buona. Da oggi\u00a0 i dipendenti che hanno aderito ad effettuarlo saranno convocati in infermeria e in maniera scaglionata e contestualmente riceveranno il codice personale per il ritiro del referto on line che potranno confrontare sul sito dopo 48 ore.<br \/>\n<strong>TRASPORTI:<\/strong> Ad oggi non ci sono novit\u00e0 riguardo ai trasporti, ma la Rsu si \u00e8 impegnata ad informare di eventuali sviluppi<\/p>\n","protected":false},"excerpt":{"rendered":"<p>AGORDO Oggi incontro esecutivo con la Femca Cisl, per i lavoratori turnisti definito il nuovo orario, dalle 5.45 alle 11.45, dalle 14.15 alle 20.15. Come gi\u00e0 noto la misura temporanea permette una migliore gestione dei flussi, tanto in entrata che in uscita, ma anche dei trasporti una volta ripristinati. L&#8217;orario della convocazione al lavoro sar\u00e0&hellip;<\/p>\n","protected":false},"author":1,"featured_media":113444,"comment_status":"closed","ping_status":"closed","sticky":false,"template":"","format":"standard","meta":{"_monsterinsights_skip_tracking":false,"_monsterinsights_sitenote_active":false,"_monsterinsights_sitenote_note":"","_monsterinsights_sitenote_category":0,"footnotes":""},"categories":[49],"tags":[],"class_list":["post-137252","post","type-post","status-publish","format-standard","has-post-thumbnail","hentry","category-news-18","category-49","description-off"],"img_url":"https:\/\/www.radiopiu.net\/wordpress\/wp-content\/uploads\/2020\/01\/NUOVA-INSEGNA-LUXOTTICA-scaled.jpg","_links":{"self":[{"href":"https:\/\/www.radiopiu.net\/wordpress\/wp-json\/wp\/v2\/posts\/137252","targetHints":{"allow":["GET"]}}],"collection":[{"href":"https:\/\/www.radiopiu.net\/wordpress\/wp-json\/wp\/v2\/posts"}],"about":[{"href":"https:\/\/www.radiopiu.net\/wordpress\/wp-json\/wp\/v2\/types\/post"}],"author":[{"embeddable":true,"href":"https:\/\/www.radiopiu.net\/wordpress\/wp-json\/wp\/v2\/users\/1"}],"replies":[{"embeddable":true,"href":"https:\/\/www.radiopiu.net\/wordpress\/wp-json\/wp\/v2\/comments?post=137252"}],"version-history":[{"count":0,"href":"https:\/\/www.radiopiu.net\/wordpress\/wp-json\/wp\/v2\/posts\/137252\/revisions"}],"wp:featuredmedia":[{"embeddable":true,"href":"https:\/\/www.radiopiu.net\/wordpress\/wp-json\/wp\/v2\/media\/113444"}],"wp:attachment":[{"href":"https:\/\/www.radiopiu.net\/wordpress\/wp-json\/wp\/v2\/media?parent=137252"}],"wp:term":[{"taxonomy":"category","embeddable":true,"href":"https:\/\/www.radiopiu.net\/wordpress\/wp-json\/wp\/v2\/categories?post=137252"},{"taxonomy":"post_tag","embeddable":true,"href":"https:\/\/www.radiopiu.net\/wordpress\/wp-json\/wp\/v2\/tags?post=137252"}],"curies":[{"name":"wp","href":"https:\/\/api.w.org\/{rel}","templated":true}]}}