{"id":137402,"date":"2020-05-13T18:43:16","date_gmt":"2020-05-13T16:43:16","guid":{"rendered":"https:\/\/www.radiopiu.net\/wordpress\/?p=137402"},"modified":"2020-05-14T10:24:46","modified_gmt":"2020-05-14T08:24:46","slug":"giornale-radiopiu-14-maggio-2020-direttore-mirko-mezzacasa","status":"publish","type":"post","link":"https:\/\/www.radiopiu.net\/wordpress\/giornale-radiopiu-14-maggio-2020-direttore-mirko-mezzacasa\/","title":{"rendered":"GIORNALE RADIOPIU 14 MAGGIO 2020 DIRETTORE MIRKO MEZZACASA"},"content":{"rendered":"<h3><strong>PER RICEVERE QUESTO NOTIZIARIO DIRETTAMENTE SUL TUO CELLULARE ISCRIVITI AL CANALE TELEGRAM\u00a0<\/strong><strong>\u201cRADIO PIU\u00a0 INFORMAZIONE\u201d<\/strong><\/h3>\n<hr \/>\n<p><strong><em>Gestione Servizi Pubblici informa che a GOSALDO, nelle localit\u00e0 LE FOCHE, LAMBROI, DENEORE, MAGAIT, REN, SELLE, COL TAMAI, BITTI, GIARDOI, LE CASE, CURTI e INCASAL, l\u2019acqua erogata dall\u2019acquedotto non \u00e8 potabile e pu\u00f2 essere usata per scopi alimentari SOLO PREVIA bollitura<\/em><\/strong><\/p>\n<hr \/>\n<p><strong>CHIUDE PONTE MAS, FINO AL 30 GIUGNO PER I LAVORI DI CONSOLIDAMENTO:<\/strong>\u00a0 fino al\u00a0 30 giugno sar\u00e0 chiuso sia alle macchine sia ai pedoni. Percorso alternativo: da Ponte Mas a Vignole in Comune di Sedico.<\/p>\n<hr \/>\n<h3>Oggi riaprono con il consueto orario gli uffici postali di Cencenighe e Seren Del Grappa dalle 8.20 alle 13.45 dal lunedi al venerdi\u00a0 e al sabato\u00a0 dalle 8.20 alle 12.45<\/h3>\n<hr \/>\n<p>&nbsp;<\/p>\n<p>\u2022 Conte: &#8220;Introduciamo misure di rilancio e sostegno alle imprese per una pronta ripartenza. Aiutiamo le famiglie che hanno figli, abbiamo un reddito di emergenza. Per i lavoratori le risorse sono cospicue, sono pari a 25,6 miliardi di euro&#8221;; \u2022 Nuove assunzioni: 78mila nuovi insegnanti, 4mila ricercatori; \u2022 Interventi cospicui anche per la sanit\u00e0, pari a 3 miliardi e 250 milioni; \u2022 Conte: \u201cAbbiamo pagato l&#8217;85% di cassa integrazione, quasi 80% di bonus autonomi, misure per 4,6 milioni di lavoratori. Abbiamo lavorato per rendere meno farraginosi i passaggi e confidiamo di recuperare il tempo perduto, avendo snellito la procedura\u201d.\u2022 Speranza, in campo 9.600 infermieri.<\/p>\n<blockquote><p><em><strong>Il tweet del Ministro Federico D&#8217;Inc\u00e0<\/strong> Varato il <a dir=\"ltr\" href=\"https:\/\/mobile.twitter.com\/hashtag\/DecretoRilancio?src=hashtag_click\">#DecretoRilancio<\/a>. 55 miliardi per lavoratori, cittadini e imprese che saranno erogati in tempi molto pi\u00f9 rapidi. Previsti anche benefit fiscali, bonus baby sitter, finanziamenti per persone disabili, per politiche green, scuola e turismo.\u00a0 Quando il decreto arriver\u00e0 in Parlamento per la conversione auspico la collaborazione da parte di tutti i parlamentari di tutte le forze politiche affinch\u00e8 queste misure diventino il punto di partenza per rendere il nostro Paese pi\u00f9 forte, efficiente e consapevole.\u00a0<\/em><\/p><\/blockquote>\n<div dir=\"auto\" lang=\"it\"><\/div>\n<p><iframe loading=\"lazy\" title=\"Consiglio dei Ministri n. 45, conferenza stampa del Presidente Conte\" width=\"1200\" height=\"675\" src=\"https:\/\/www.youtube.com\/embed\/rjyAOtJ8Enw?feature=oembed\" frameborder=\"0\" allow=\"accelerometer; autoplay; clipboard-write; encrypted-media; gyroscope; picture-in-picture\" allowfullscreen><\/iframe><\/p>\n<h3><\/h3>\n<hr \/>\n<h3><\/h3>\n<h3><\/h3>\n<blockquote>\n<h2><span style=\"color: #000000;\"><strong>ULTIME DA LUXOTTICA AGORDO <\/strong><\/span><\/h2>\n<\/blockquote>\n<h3><span style=\"color: #0000ff;\"><strong>La prossima settimana tutti i reparti lavoreranno cinque\u00a0 giorni, solo stamperia metallo, saldatura e taglio lenti lavoreranno 4 giorni (dal marted\u00ec 19 a venerdi 22 maggio). La forza lavoro sar\u00e0 tra il 20\/50%. Continuer\u00e0 la rotazione in tutti i reparti. Chi dovr\u00e0 recarsi <a class=\"dt-pswp-item\" href=\"https:\/\/www.radiopiu.net\/wordpress\/wp-content\/uploads\/2020\/03\/NOVITA-LUXOTTICA.jpg\" data-dt-img-description=\"\" data-large_image_width=\"1600\" data-large_image_height=\"900\"><img loading=\"lazy\" decoding=\"async\" class=\"size-medium wp-image-124025 alignleft\" src=\"https:\/\/www.radiopiu.net\/wordpress\/wp-content\/uploads\/2020\/03\/NOVITA-LUXOTTICA-300x169.jpg\" alt=\"\" width=\"300\" height=\"169\" srcset=\"https:\/\/www.radiopiu.net\/wordpress\/wp-content\/uploads\/2020\/03\/NOVITA-LUXOTTICA-300x169.jpg 300w, https:\/\/www.radiopiu.net\/wordpress\/wp-content\/uploads\/2020\/03\/NOVITA-LUXOTTICA-1024x576.jpg 1024w, https:\/\/www.radiopiu.net\/wordpress\/wp-content\/uploads\/2020\/03\/NOVITA-LUXOTTICA-768x432.jpg 768w, https:\/\/www.radiopiu.net\/wordpress\/wp-content\/uploads\/2020\/03\/NOVITA-LUXOTTICA-1536x864.jpg 1536w, https:\/\/www.radiopiu.net\/wordpress\/wp-content\/uploads\/2020\/03\/NOVITA-LUXOTTICA.jpg 1600w\" sizes=\"auto, (max-width: 300px) 100vw, 300px\" \/><\/a>al lavoro ricever\u00e0 un messaggio aziendale\u00a0<\/strong><\/span><\/h3>\n<p>&nbsp;<\/p>\n<h3>RESOCONTO CALL LUXOTTICA DEL 13 MAGGIO 2020<\/h3>\n<blockquote><p><em>Presenti: per l&#8217;Azienda: Davide Schinetti, Francesco Sist, Giuseppe De Castro Presenti per le Organizzazioni Sindacali: Daniels Piras, Sonia Paoloni, Raffaele Salvatoni. <\/em><\/p><\/blockquote>\n<p>Dopo un esame della settimana in corso e l&#8217;analisi di alcune tematiche emerse trasversalmente a livello territoriale, le parti confermano la loro intenzione di affrontare in maniera tempestiva i temi legati al rinnovo della Cassa Integrazione Guadagni non appena verr\u00e0 promulgato il Decreto del Presidente del Consiglio. Sono stati in ogni caso ribaditi i programmi produttivi per le settimana del 18 e del 25 di Maggio 2020, che vedono un leggero incremento del piano produttivo rispetto alla settimana in corso, con una rimodulazione dell&#8217;orario settimanale prevalentemente su 5 giorni, compatibilmente con i processi\u00a0 produttivi. ln tal senso per tutti gli stabilimenti di Agordo, Cencenighe, Sedico, Pederobba, Rovereto, Lauriano occhiali, Silvi Marina e Sant&#8217;Angelo, si conferma una percentuale di presenze indicative media fra il 30% ed il 40% per la suddetta settimana, con aperture in parte scaglionate in alcuni reparti.<br \/>\nResta confermata anche la mancata attivazione la prossima settimana delle lenti\u00a0 da sole a Lauriano. La logistica distributiva (Sedico) continua, a lavorare sui consueti livelli. Una percentuale di presenze pi\u00f9 alta \u00e8 confermata ad Agordo nelle aree dell&#8217;Ufficio tecnico, Ufficio Prodotto ed Officina che continueranno a lavorare su 5 giorni al fine di garantire il processo dei nuovi prodotti. Sono inoltre previste le\u00a0 consuete attivit\u00e0 di manutenzione e messa in sicurezza degli impianti che\u00a0 verranno garantite in ogni sede. Nuovo appuntamento tra le parti la prossima settimana<\/p>\n<p>&nbsp;<\/p>\n<p>&nbsp;<\/p>\n<hr \/>\n<p>&nbsp;<\/p>\n<p>&nbsp;<\/p>\n<blockquote>\n<h3>LUTTO AD ALLEGHE, SCOMPARE IL SOCIO FONDATORE DI ALLEGHE FUNIVIE PLINIO DA PIAN<\/h3>\n<\/blockquote>\n<p><strong>DI GIANNI SANTOMASO<\/strong><\/p>\n<audio class=\"wp-audio-shortcode\" id=\"audio-137402-1\" preload=\"none\" style=\"width: 100%;\" controls=\"controls\"><source type=\"audio\/mpeg\" src=\"https:\/\/www.radiopiu.net\/wordpress\/wp-content\/uploads\/2020\/05\/PLINIO.mp3?_=1\" \/><a href=\"https:\/\/www.radiopiu.net\/wordpress\/wp-content\/uploads\/2020\/05\/PLINIO.mp3\">https:\/\/www.radiopiu.net\/wordpress\/wp-content\/uploads\/2020\/05\/PLINIO.mp3<\/a><\/audio>\n<p>&nbsp;<\/p>\n<p><strong><a class=\"dt-pswp-item\" href=\"https:\/\/www.radiopiu.net\/wordpress\/wp-content\/uploads\/2020\/05\/Schermata-2020-05-13-alle-11.43.44.png\" data-dt-img-description=\"\" data-large_image_width=\"586\" data-large_image_height=\"776\"><img loading=\"lazy\" decoding=\"async\" class=\"size-medium wp-image-137432 alignleft\" src=\"https:\/\/www.radiopiu.net\/wordpress\/wp-content\/uploads\/2020\/05\/Schermata-2020-05-13-alle-11.43.44-227x300.png\" alt=\"\" width=\"227\" height=\"300\" srcset=\"https:\/\/www.radiopiu.net\/wordpress\/wp-content\/uploads\/2020\/05\/Schermata-2020-05-13-alle-11.43.44-227x300.png 227w, https:\/\/www.radiopiu.net\/wordpress\/wp-content\/uploads\/2020\/05\/Schermata-2020-05-13-alle-11.43.44.png 586w\" sizes=\"auto, (max-width: 227px) 100vw, 227px\" \/><\/a>ALLEGHE\u00a0<\/strong>Dolore ad Alleghe per la scomparsa di Plinio Da Pian.<\/p>\n<blockquote><p><strong>IL RICORDO DI SERGIO PRA PRESIDENTE DI ALLEGHE FUNIVIE<\/strong><\/p>\n<p><em>Ricordo i tanti incontri negl\u2019anni 70 con Floriano Pra all\u2019Hotel alla Posta per la raccolta delle adesioni al progetto,oggi possiamo affermare che Plinio \u00e8 stato determinante con altri Amici nella realizzazione di un progetto che ha dato tanto benessere e visibilit\u00e0 ad Alleghe e al Comprensorio Sciistico del Civetta.\u00a0Plinio \u00e8 sempre stato molto attivo nella gestione della Societ\u00e0, Consigliere dal 1978 al 2011 poi sostituito dal Figlio Giorgio, Vice presidente dal 1997 al 1999 e dal 2003 al 2005, membro del Cda comprensorio Sciistico del Civetta ha partecipato di prima persona alla trattativa per portare il Civetta nel Superski, altra grande iniziativa per lo sviluppo del Comprensorio.\u00a0Da parte mia tanta riconoscenza, fin da quando sono entrato a far parte del cda mi ha insegnato tante cose, soprattutto l\u2019attaccamento all\u2019Alleghe Funivie nel gestirla comefosse un\u2019attivit\u00e0 di Famiglia.\u00a0Ci ha insegnato a tutti noi ad avere rispetto e considerazione di una Societ\u00e0 costruita con tanti sacrifici e tanto entusiasmo, dopo tanti anni di lavoro all\u2019estero nelle Sue gelaterie voleva lasciare qualcosa di importante alla Sua Localit\u00e0 Alleghe.\u00a0Ci raccontava tutte le vicissitudini passate per realizzare le piste e gli impianti, la volont\u00e0 di raggiungere obbiettivi che a quei tempi sembravano irrealizzabili, da una seggiovia e 4 ski-lift siamo passarti oggi a due cabinovie, tre seggiovie, due Skilift.\u00a0E tutto questo per merito di chi ci ha creduto in tempi difficili, uno di questi sicuramente \u00e8 Da Pian Plinio\u00a0Un grazie caloroso da parte di tutti i Soci e del Cda Alleghe Funivie Spa<\/em><\/p>\n<p><strong>IL MESSAGGIO ALLA RADIO\u00a0<\/strong><\/p><\/blockquote>\n<audio class=\"wp-audio-shortcode\" id=\"audio-137402-2\" preload=\"none\" style=\"width: 100%;\" controls=\"controls\"><source type=\"audio\/mpeg\" src=\"https:\/\/www.radiopiu.net\/wordpress\/wp-content\/uploads\/2020\/05\/SERGIO-PRA-RICORDO-PLINIO.mp3?_=2\" \/><a href=\"https:\/\/www.radiopiu.net\/wordpress\/wp-content\/uploads\/2020\/05\/SERGIO-PRA-RICORDO-PLINIO.mp3\">https:\/\/www.radiopiu.net\/wordpress\/wp-content\/uploads\/2020\/05\/SERGIO-PRA-RICORDO-PLINIO.mp3<\/a><\/audio>\n<p>&nbsp;<\/p>\n<p>&nbsp;<\/p>\n<hr \/>\n<p>&nbsp;<\/p>\n<blockquote>\n<h2>MEL &#8211; Fermato dai carabinieri per guida pericolosa, ma il conducente era stato colpito da Ictus<\/h2>\n<\/blockquote>\n<p><strong><img loading=\"lazy\" decoding=\"async\" class=\"alignleft\" src=\"https:\/\/www.radiopiu.net\/wordpress\/wp-content\/uploads\/2018\/07\/ambulanza.jpg\" width=\"143\" height=\"107\" \/>BORGOVALBELLUNA<\/strong> Nella tarda serata di mercoledi\u00a0 veniva segnalato lungo la sinistra Piave nel comune di Borgo Valbelluna un furgone che procedeva con andamento irregolare fino a urtare pi\u00f9 volte contro il guardrail. Il veicolo, Fiat scudo era condotto da un 69enne residente a Borgo Valbelluna che veniva fermato nei pressi della propria abitazione. I militari della stazione di Mel si sono accorti dei sintomi dell\u2019uomo tipici di un ictus in atto e hanno chiamato prontamente il 118 di Feltre. l&#8217;infortunato \u00e8 attualmente in prognosi riservata.<\/p>\n<p>&nbsp;<\/p>\n<p>&nbsp;<\/p>\n<hr \/>\n<p>&nbsp;<\/p>\n<p>&nbsp;<\/p>\n<blockquote>\n<h3>LA PROCURA A FIANCO DELLE PERSONE DEBOLI, 47enne SOTTOPOSTO A MISURA DI SICUREZZA, 45enne OBBLIGATO A PAGARE GLI ALIMENTI ALLA FAMIGLIA<\/h3>\n<\/blockquote>\n<blockquote><p><em>In tempi di coronavirus degni di\u00a0 attenzione gli esiti di due attivit\u00e0\u00a0 dopo le tempestive denunce. Interventi efficaci\u00a0 dell&#8217;autorit\u00e0 giudiziaria\u00a0<\/em><\/p><\/blockquote>\n<p><strong><img loading=\"lazy\" decoding=\"async\" class=\"alignleft\" src=\"https:\/\/www.radiopiu.net\/wordpress\/wp-content\/uploads\/2016\/08\/violenza-sulle-donne-generica-e1396027455181.jpg\" width=\"370\" height=\"207\" \/>BELLUNO<\/strong> Un 47 enne bellunese \u00e8 sottoposto a misura di sicurezza in una struttura sanitaria, dallo scorso anno e fino a gennaio\u00a0 ha maltrattato l&#8217;anziana mamma ottantenne, percuotendola in pi\u00f9 occasioni con schiaffi e calci,\u00a0 apostrofandola con epiteti ingiuriosi e minacciandola pi\u00f9 volte di ucciderla brandendo anche un coltello.\u00a0 L&#8217;uomo di indole violenta avrebbe danneggiato e distrutto gli arredi di casa. La situazione\u00a0 \u00e9 stata segnalata ai Carabinieri\u00a0 dai figli e dagli operatori sociali, per questo il Giudice per le indagini preliminari, su richiesta del Pubblico Ministero Roberta Gallego ha emesso l&#8217;ordinanza di sicurezza ed ora \u00e8 associato ad una struttura sanitaria della provincia dove dovr\u00e0 sottoporsi a specifici programmi e trattamenti terapeutici. Per l&#8217;anziana mamma \u00e8 finito l&#8217;incubo.<\/p>\n<p><strong>FELTRE<\/strong> Secondo episodio. Nel gennaio 2020 G.B. ungherese di\u00a0 45 anni residente a Feltre \u00e8 stato arrestato in flagranza di reato mentre maltrattava la moglie. Durante l&#8217;udienza di convalida\u00a0 disposta nei suoi confronti la misura cautelare del divieto di avvicinamento ai luoghi frequentati dalla moglie. L&#8217;uomo\u00a0 tra l&#8217;altro non ha contribuito al\u00a0 mantenimento della moglie e dei figli se non con 50 euro mensili , costringendo la donna a ricorrere a forme di aiuto assistenziale, eppure da\u00a0 accertamenti patrimoniali l&#8217;uomo percepisce mensilmente 2.100 euro come stipendio da operaio alle dipendenze di una ditta feltrina, ovvi che ha\u00a0 volutamente\u00a0 fatto mancare i mezzi di sussistenza alla famiglia.\u00a0 Il Gip con un &#8221; ordine di pagamento&#8221; ha disposto il\u00a0 prelievo diretto dallo stipendio di 950 euro tramite il datore di lavoro.<\/p>\n<p>&nbsp;<\/p>\n<hr \/>\n<p>&nbsp;<\/p>\n<p>&#x1f5de; <strong>RIEPILOGO DELLA GIORNATA <\/strong>\u2022 Protezione civile: il numero dei morti nelle ultime 24 ore \u00e8 risalito a 195 portando il totale a 31.106. I nuovi casi sono 888, i guariti crescono di 3500 unit\u00e0; \u2022 Varato il dl rilancio: 25,6 miliardi per i lavoratori, Conte: \u201caiutiamo famiglie e imprese\u201d; \u2022 Ancora bufera sulle mascherine, Federfarma replica ad Arcuri: &#8220;Avevamo chiesto di stabilire il prezzo per le mascherine il 7 marzo, ma \u00e8 stato introdotto il 28 aprile&#8221;; \u2022 Nel mondo oltre 4.2 milioni di casi e pi\u00f9 di 290mila morti.<\/p>\n<p>&nbsp;<\/p>\n<blockquote>\n<h3>DA LUNEDI SE SARANNO APPLICATE LE LINEE GUIDA DELL&#8217;INAIL SI CREERANNO SITUAZIONI IMBARAZZANTI. LE REGIONI AL GOVERNO CHIEDONO AUTONOMIA &#8220;LASCIATECI FARE DA SOLI&#8221;. PALESTRE APERTE DAL 25 MAGGIO, SCOMPARE L&#8217;AUTOCERTIFICAZIONE PER CHI SI SPOSTA IN REGIONE. IN VENETO\u00a0 CALANO I MALATI, STABILI I DECESSI, IN ITALIA DECESSI IN CRESCITA. A BELLUNO PER LA PRIMA VOLTA DA MARZO NESSUNO NUOVO CASO POSITIVO IN 24 ORE, OLTRE 100 I DECESSI.<\/h3>\n<\/blockquote>\n<p><strong>di Mirko Mezzacasa\u00a0<\/strong><\/p>\n<p><em>&#8220;Assurde e inapplicabili&#8221;,\u00a0<\/em>cos\u00ec il presidente del Veneto Luca Zaia in merito alle linee guida espresse in un documento dall&#8217;Inail. <em>&#8220;Auspichiamo di poter fissare le nostre regole in autonomia&#8221;<\/em> \u00e8 stato detto ieri a Venezia altrimenti non sar\u00e0 facile aprire le attivit\u00e0, tutte le attivit\u00e0 dal prossimo lunedi. La Regione vuole fissare nuovi criteri perch\u00e9<em> &#8220;I 4 metri di distanza per i tavoli nei ristoranti, o i 5 metri tra gli ombrelloni in spiaggia sono norme imbarazzanti, ci sono gestori che stanno pensando di non aprire mai pi\u00f9 come ad esempio l&#8217;Harrys Bar di Cipriani a Venezia&#8221;.\u00a0<\/em>In spiaggia saranno vietati i giochi sulla riva (vi immaginate i vigili che sequestrano il pallone o il fresbee tra le lacrime dei bambini?) le piscine non potranno riempirsi d&#8217;acqua solo di foglie. Al mare vige il divieto di annegare perch\u00e9 i bagnini non potranno praticare la respirazione bocca a bocca ed eventuali malori dovranno essere valutati a distanza. Nei negozi fino a 40 metri si potr\u00e0 entrare solo uno alla volta evitando l&#8217;incrocio tra clienti, norma chiara che si scontra con quanto deciso per il trasporto dei mezzi pubblici, viva la coerenza. <em>\u00a0<\/em>Il Governo con le sue scelte finisce sotto attacco ed \u00e8 fuoco amico con il sindaco di Venezia Brugnaro (da sempre filo governativo) che in merito al decreto aiuti in televisione\u00a0 rivolgendosi al Ministro Misiani del Pd ha detto <em>&#8220;Non siete cattivi, ma pazzi e incapaci&#8221;.<\/em> Da lunedi si riaccendono i phon e le estetiste sono pronte per le cerette, ieri hanno letto le linee guida dell&#8217;Inail. Palestre e circoli sportivi dovranno attendere ancora una settimana, la possibile riapertura il 25 maggio forse prima in alcune regioni in base all&#8217;andamento dei dati epidemiologici. Da lunedi scompare l&#8217;autocertificazione, non ci sar\u00e0 un sesto documento, non per chi si sposta all&#8217;interno della Regione. In conferenza stampa ieri \u00e8 intervenuta l&#8217;assessore Elena Donazzan, il Veneto \u00e8 la regione con il maggiore numero di cassintegrati, l&#8217;assegno lo hanno ricevuto solo 3 lavoratori su 10. <em>&#8220;Il Governo &#8211; ha detto l&#8217;assessore &#8211; ha scelto uno strumento non efficace e poi ha provato a scaricare le responsabilit\u00e0 sulle regioni&#8221;.<\/em> Ma c&#8217;\u00e8 una notizia rasserenante, i 300 milioni stanziati sono sufficienti a coprire tutte le richieste. Ieri duro attacco di Zaia al Ministro Di Maio mentre la Croazia apre i corridoi per Austria e Germania <em>&#8220;Ma il Ministro cosa sta facendo?&#8221;<\/em> ha sbottato il Governatore. IN VENETO IERI IN 24 ORE\u00a0 9 decessi in ospedale, totale decessi 22 \u00a0Nuovi casi di positivi 29\u00a0 (martedi 43) da inizio epidemia 18823 (+29),\u00a0 attualmente positivi\u00a0 4953 (-176)\u00a0 negativizzati\/guariti 12143\u00a0 (+183)\u00a0 \u00a0in isolamento domiciliare 4512 (-201)\u00a0 ricoverati 751 (-28), in ospedale 630 (-28) , ospedali di comunit\u00e0 121 (0), terapia intensiva 66 (-4),\u00a0 29 positivi, 37 negativi),\u00a0 dimessi 3313\u00a0 (+35). NELLE ULTIME 24 ORE IN PROVINCIA DI BELLUNO Casi positivi 0\u00a0 (martedi 1) dal 21 febbraio 1150 (0), attualmente positivi 430 (-29) , deceduti 101 (2),\u00a0 negativizzati\/guariti 619\u00a0 (+27), in isolamento domiciliare 741 (-29), ricoverati ospedale San Martino 9 (-1) , terapia intensiva 2 (0) , ospedale di Comunit\u00e0 di Belluno 14 (-1) Agordo 12 (-1). Ieri mattina nei nostri notiziari abbiamo reso nota la nuova mappa dei contagi. Questi i Comuni &#8220;puliti&#8221; ovvero covid free: Alleghe, Borca di Cadore, Canale d&#8217;Agordo, Cibiana, Colle Santa Lucia, Domegge, Falcade, Gosaldo, Livinallongo del Col di Lana, Longarone, Ospitale di Cadore, Perarolo, San Gregorio nelle Alpi, San Nicol\u00f2 Comelico, San Pietro di Cadore, San Vito di Cadore, Sospirolo, Soverzene, Val di Zoldo, Vallada, Vodo di Cadore e Zopp\u00e8, Selva di Cadore.\u00a0 Il comune con il pi\u00f9 alto numero di contagi e decessi \u00e8 Borgo Valbelluna (106 contagi, 26 lutti),\u00a0 Pedavena (98, 21,\u00a0 Feltre 41, Cortina d&#8217;Ampezzo 24, 4 decessi), Lamon 20, Alano di Piave 19, Belluno 18, Alpago 17 (8 decessi), Agordo 5, San Tomaso Agordino 2, Cencenighe,\u00a0 La Valle, Rivamonte, Rocca Pietore, Taibon Agordino, Tambre, Vigo di Cadore e Voltago 1.<\/p>\n<p>&nbsp;<\/p>\n<p>&nbsp;<\/p>\n<p>&nbsp;<\/p>\n<hr \/>\n<p>&nbsp;<\/p>\n<p>&nbsp;<\/p>\n<blockquote>\n<h2><a class=\"dt-pswp-item\" href=\"https:\/\/www.radiopiu.net\/wordpress\/wp-content\/uploads\/2018\/06\/depositphotos_47520511-stock-photo-radiologist-exam.jpg\" data-dt-img-description=\"\" data-large_image_width=\"1022\" data-large_image_height=\"497\"><img loading=\"lazy\" decoding=\"async\" class=\" wp-image-50636 alignleft\" src=\"https:\/\/www.radiopiu.net\/wordpress\/wp-content\/uploads\/2018\/06\/depositphotos_47520511-stock-photo-radiologist-exam-300x146.jpg\" alt=\"\" width=\"168\" height=\"82\" srcset=\"https:\/\/www.radiopiu.net\/wordpress\/wp-content\/uploads\/2018\/06\/depositphotos_47520511-stock-photo-radiologist-exam-300x146.jpg 300w, https:\/\/www.radiopiu.net\/wordpress\/wp-content\/uploads\/2018\/06\/depositphotos_47520511-stock-photo-radiologist-exam-768x373.jpg 768w, https:\/\/www.radiopiu.net\/wordpress\/wp-content\/uploads\/2018\/06\/depositphotos_47520511-stock-photo-radiologist-exam.jpg 1022w\" sizes=\"auto, (max-width: 168px) 100vw, 168px\" \/><\/a>RISCHIO RADIOLOGICO IN ULSS1, PARTE SECONDA<\/h2>\n<\/blockquote>\n<p><strong>L&#8217;INTERVENTO DI ANDREA FIOCCO fp cgil<\/strong><\/p>\n<audio class=\"wp-audio-shortcode\" id=\"audio-137402-3\" preload=\"none\" style=\"width: 100%;\" controls=\"controls\"><source type=\"audio\/mpeg\" src=\"https:\/\/www.radiopiu.net\/wordpress\/wp-content\/uploads\/2020\/05\/rischio-radiologico-parte-seconda.mp3?_=3\" \/><a href=\"https:\/\/www.radiopiu.net\/wordpress\/wp-content\/uploads\/2020\/05\/rischio-radiologico-parte-seconda.mp3\">https:\/\/www.radiopiu.net\/wordpress\/wp-content\/uploads\/2020\/05\/rischio-radiologico-parte-seconda.mp3<\/a><\/audio>\n<p>&nbsp;<\/p>\n<p>&nbsp;<\/p>\n<p>&nbsp;<\/p>\n<hr \/>\n<p>&nbsp;<\/p>\n<blockquote class=\"wp-embedded-content\" data-secret=\"PhWfBgMYfv\"><p><a href=\"https:\/\/www.radiopiu.net\/wordpress\/coronavirus-dati-nazionali-13-maggio-2020\/\">CORONAVIRUS DATI NAZIONALI 13 MAGGIO 2020<\/a><\/p><\/blockquote>\n<p><iframe loading=\"lazy\" title=\"&#8220;CORONAVIRUS DATI NAZIONALI 13 MAGGIO 2020&#8221; &#8212; Radio Pi\u00f9\" class=\"wp-embedded-content\" sandbox=\"allow-scripts\" security=\"restricted\" style=\"position: absolute; clip: rect(1px, 1px, 1px, 1px);\" src=\"https:\/\/www.radiopiu.net\/wordpress\/coronavirus-dati-nazionali-13-maggio-2020\/embed\/#?secret=PhWfBgMYfv\" data-secret=\"PhWfBgMYfv\" width=\"600\" height=\"338\" frameborder=\"0\" marginwidth=\"0\" marginheight=\"0\" scrolling=\"no\"><\/iframe><\/p>\n<p>&nbsp;<\/p>\n<p>&nbsp;<\/p>\n<p><span data-offset-key=\"27tq9-0-0\">IN PROVINCIA DI BELLUNO 0 POSITIVI, DECESSI OLTRE I 100<\/span><\/p>\n<blockquote class=\"wp-embedded-content\" data-secret=\"5Qi9E0kcoO\"><p><a href=\"https:\/\/www.radiopiu.net\/wordpress\/aggiornamento-mercoledi\/\">VENETO: +29 POSITIVI IN 24 ORE, 28 RICOVERATI IN MENO, 4 PAZIENTI IN MENO IN TERAPIA INTENSIVA, 22 DECESSI . AGGIORNAMENTO AZIENDA ZERO. IN PROVINCIA DI BELLUNO 0 POSITIVI, DECESSI OLTRE I 100<\/a><\/p><\/blockquote>\n<p><iframe loading=\"lazy\" title=\"&#8220;VENETO: +29 POSITIVI IN 24 ORE, 28 RICOVERATI IN MENO, 4 PAZIENTI IN MENO IN TERAPIA INTENSIVA, 22 DECESSI . AGGIORNAMENTO AZIENDA ZERO. IN PROVINCIA DI BELLUNO 0 POSITIVI, DECESSI OLTRE I 100&#8221; &#8212; Radio Pi\u00f9\" class=\"wp-embedded-content\" sandbox=\"allow-scripts\" security=\"restricted\" style=\"position: absolute; clip: rect(1px, 1px, 1px, 1px);\" src=\"https:\/\/www.radiopiu.net\/wordpress\/aggiornamento-mercoledi\/embed\/#?secret=5Qi9E0kcoO\" data-secret=\"5Qi9E0kcoO\" width=\"600\" height=\"338\" frameborder=\"0\" marginwidth=\"0\" marginheight=\"0\" scrolling=\"no\"><\/iframe><\/p>\n<p>&nbsp;<\/p>\n<p>&nbsp;<\/p>\n<blockquote class=\"wp-embedded-content\" data-secret=\"Ramvchvp87\"><p><a href=\"https:\/\/www.radiopiu.net\/wordpress\/dati-e-grafici-del-giorno-provincia-regione-13-maggio-2020\/\">DATI E GRAFICI DEL GIORNO, PROVINCIA \u2013 REGIONE 13 MAGGIO 2020<\/a><\/p><\/blockquote>\n<p><iframe loading=\"lazy\" title=\"&#8220;DATI E GRAFICI DEL GIORNO, PROVINCIA \u2013 REGIONE 13 MAGGIO 2020&#8221; &#8212; Radio Pi\u00f9\" class=\"wp-embedded-content\" sandbox=\"allow-scripts\" security=\"restricted\" style=\"position: absolute; clip: rect(1px, 1px, 1px, 1px);\" src=\"https:\/\/www.radiopiu.net\/wordpress\/dati-e-grafici-del-giorno-provincia-regione-13-maggio-2020\/embed\/#?secret=Ramvchvp87\" data-secret=\"Ramvchvp87\" width=\"600\" height=\"338\" frameborder=\"0\" marginwidth=\"0\" marginheight=\"0\" scrolling=\"no\"><\/iframe><\/p>\n<p>&nbsp;<\/p>\n<p>&nbsp;<\/p>\n<hr \/>\n<p>&nbsp;<\/p>\n<h2>I CONTAGI NELL&#8217; AGORDINO, I GRAFICI DI TIZIANO DE COL<\/h2>\n<p>&nbsp;<\/p>\n<p><a class=\"dt-pswp-item\" href=\"https:\/\/www.radiopiu.net\/wordpress\/wp-content\/uploads\/2020\/05\/09bb2206-6497-45f5-9c04-a824ac8008b7.jpg\" data-dt-img-description=\"\" data-large_image_width=\"778\" data-large_image_height=\"289\"><img loading=\"lazy\" decoding=\"async\" class=\"alignnone wp-image-137499 size-full\" src=\"https:\/\/www.radiopiu.net\/wordpress\/wp-content\/uploads\/2020\/05\/09bb2206-6497-45f5-9c04-a824ac8008b7.jpg\" alt=\"\" width=\"778\" height=\"289\" srcset=\"https:\/\/www.radiopiu.net\/wordpress\/wp-content\/uploads\/2020\/05\/09bb2206-6497-45f5-9c04-a824ac8008b7.jpg 778w, https:\/\/www.radiopiu.net\/wordpress\/wp-content\/uploads\/2020\/05\/09bb2206-6497-45f5-9c04-a824ac8008b7-300x111.jpg 300w, https:\/\/www.radiopiu.net\/wordpress\/wp-content\/uploads\/2020\/05\/09bb2206-6497-45f5-9c04-a824ac8008b7-768x285.jpg 768w\" sizes=\"auto, (max-width: 778px) 100vw, 778px\" \/><\/a><a class=\"dt-pswp-item\" href=\"https:\/\/www.radiopiu.net\/wordpress\/wp-content\/uploads\/2020\/05\/68606610-13e9-437c-b37a-175f605c1b1c.jpg\" data-dt-img-description=\"\" data-large_image_width=\"480\" data-large_image_height=\"289\"><img loading=\"lazy\" decoding=\"async\" class=\"alignnone wp-image-137497 size-full\" src=\"https:\/\/www.radiopiu.net\/wordpress\/wp-content\/uploads\/2020\/05\/68606610-13e9-437c-b37a-175f605c1b1c.jpg\" alt=\"\" width=\"480\" height=\"289\" srcset=\"https:\/\/www.radiopiu.net\/wordpress\/wp-content\/uploads\/2020\/05\/68606610-13e9-437c-b37a-175f605c1b1c.jpg 480w, https:\/\/www.radiopiu.net\/wordpress\/wp-content\/uploads\/2020\/05\/68606610-13e9-437c-b37a-175f605c1b1c-300x181.jpg 300w\" sizes=\"auto, (max-width: 480px) 100vw, 480px\" \/><\/a><\/p>\n<p>&nbsp;<\/p>\n<p>&nbsp;<\/p>\n<blockquote class=\"wp-embedded-content\" data-secret=\"sNkn6g1npM\"><p><a href=\"https:\/\/www.radiopiu.net\/wordpress\/contagi-al-13-maggio\/\">I CONTAGI COMUNE PER COMUNE, SITUAZIONE AL 13  MAGGIO, in allegato i dettagli dalle tabelle di Fabio Da Rolt<\/a><\/p><\/blockquote>\n<p><iframe loading=\"lazy\" title=\"&#8220;I CONTAGI COMUNE PER COMUNE, SITUAZIONE AL 13  MAGGIO, in allegato i dettagli dalle tabelle di Fabio Da Rolt&#8221; &#8212; Radio Pi\u00f9\" class=\"wp-embedded-content\" sandbox=\"allow-scripts\" security=\"restricted\" style=\"position: absolute; clip: rect(1px, 1px, 1px, 1px);\" src=\"https:\/\/www.radiopiu.net\/wordpress\/contagi-al-13-maggio\/embed\/#?secret=sNkn6g1npM\" data-secret=\"sNkn6g1npM\" width=\"600\" height=\"338\" frameborder=\"0\" marginwidth=\"0\" marginheight=\"0\" scrolling=\"no\"><\/iframe><\/p>\n<p>&nbsp;<\/p>\n<hr \/>\n<p>&nbsp;<\/p>\n<p>&nbsp;<\/p>\n<blockquote class=\"wp-embedded-content\" data-secret=\"ZUWmXbpChd\"><p><a href=\"https:\/\/www.radiopiu.net\/wordpress\/linee-guida-inail-per-parrucchieri-estetiste-cura-della-persona\/\">LINEE GUIDA INAIL PER PARRUCCHIERI, ESTETISTE, CURA DELLA PERSONA<\/a><\/p><\/blockquote>\n<p><iframe loading=\"lazy\" title=\"&#8220;LINEE GUIDA INAIL PER PARRUCCHIERI, ESTETISTE, CURA DELLA PERSONA&#8221; &#8212; Radio Pi\u00f9\" class=\"wp-embedded-content\" sandbox=\"allow-scripts\" security=\"restricted\" style=\"position: absolute; clip: rect(1px, 1px, 1px, 1px);\" src=\"https:\/\/www.radiopiu.net\/wordpress\/linee-guida-inail-per-parrucchieri-estetiste-cura-della-persona\/embed\/#?secret=ZUWmXbpChd\" data-secret=\"ZUWmXbpChd\" width=\"600\" height=\"338\" frameborder=\"0\" marginwidth=\"0\" marginheight=\"0\" scrolling=\"no\"><\/iframe><\/p>\n<p>&nbsp;<\/p>\n<p>&nbsp;<\/p>\n<hr \/>\n<p>&nbsp;<\/p>\n<p>&nbsp;<\/p>\n<blockquote class=\"wp-embedded-content\" data-secret=\"fWY8C51Q4v\"><p><a href=\"https:\/\/www.radiopiu.net\/wordpress\/aggiornamento-assessorato-protezione-civile-13-maggio-2020\/\">AGGIORNAMENTO ASSESSORATO PROTEZIONE CIVILE 13 MAGGIO 2020<\/a><\/p><\/blockquote>\n<p><iframe loading=\"lazy\" title=\"&#8220;AGGIORNAMENTO ASSESSORATO PROTEZIONE CIVILE 13 MAGGIO 2020&#8221; &#8212; Radio Pi\u00f9\" class=\"wp-embedded-content\" sandbox=\"allow-scripts\" security=\"restricted\" style=\"position: absolute; clip: rect(1px, 1px, 1px, 1px);\" src=\"https:\/\/www.radiopiu.net\/wordpress\/aggiornamento-assessorato-protezione-civile-13-maggio-2020\/embed\/#?secret=fWY8C51Q4v\" data-secret=\"fWY8C51Q4v\" width=\"600\" height=\"338\" frameborder=\"0\" marginwidth=\"0\" marginheight=\"0\" scrolling=\"no\"><\/iframe><\/p>\n<h2><\/h2>\n<h2>GIANPAOLO BOTTACIN, L&#8217;ASSESSORE ALLA PROTEZIONE CIVILE ALLA RADIO<\/h2>\n<audio class=\"wp-audio-shortcode\" id=\"audio-137402-4\" preload=\"none\" style=\"width: 100%;\" controls=\"controls\"><source type=\"audio\/mpeg\" src=\"https:\/\/www.radiopiu.net\/wordpress\/wp-content\/uploads\/2020\/05\/BOTTACIN-9.mp3?_=4\" \/><a href=\"https:\/\/www.radiopiu.net\/wordpress\/wp-content\/uploads\/2020\/05\/BOTTACIN-9.mp3\">https:\/\/www.radiopiu.net\/wordpress\/wp-content\/uploads\/2020\/05\/BOTTACIN-9.mp3<\/a><\/audio>\n<p>&nbsp;<\/p>\n<p>&nbsp;<\/p>\n<p>&nbsp;<\/p>\n<hr \/>\n<p>&nbsp;<\/p>\n<p>&nbsp;<\/p>\n<p align=\"CENTER\"><span style=\"font-family: Arial, serif;\"><span style=\"font-size: large;\"><b>NUOVA VIABILITA&#8217; OSPEDALE DI FELTRE <\/b><\/span><\/span><\/p>\n<p align=\"JUSTIFY\"><span style=\"font-size: medium;\"><span style=\"font-family: Calibri, serif;\"><span style=\"font-size: large;\"><b>Belluno. <\/b><\/span><\/span><span style=\"font-family: Calibri, serif;\">E\u2019 partita senza intoppi la nuova viabilit\u00e0 dell\u2019ospedale di Feltre. Nei prossimi giorni sar\u00e0 ulteriormente potenziata la segnaletica stradale. <\/span><\/span><span style=\"font-size: medium;\"><span style=\"font-family: Calibri, serif;\">Gli utenti si sono presentati regolarmente al nuovo ingresso SUD dove il personale addetto ha verificato il motivo dell\u2019accesso, misurato la temperatura e controllato l\u2019uso dei dispositivi di protezione individuale e l\u2019igiene delle mani, secondo le nuove indicazioni per la fase 2 dell\u2019emergenza COVID, e indirizzato verso il corretto percorso.<\/span> <\/span><\/p>\n<p align=\"JUSTIFY\"><a class=\"dt-pswp-item\" href=\"https:\/\/www.radiopiu.net\/wordpress\/wp-content\/uploads\/2020\/05\/feltre13maggio-1-scaled.jpg\" data-dt-img-description=\"\" data-large_image_width=\"2560\" data-large_image_height=\"1920\"><img loading=\"lazy\" decoding=\"async\" class=\"alignnone size-medium wp-image-137536\" src=\"https:\/\/www.radiopiu.net\/wordpress\/wp-content\/uploads\/2020\/05\/feltre13maggio-1-300x225.jpg\" alt=\"\" width=\"300\" height=\"225\" srcset=\"https:\/\/www.radiopiu.net\/wordpress\/wp-content\/uploads\/2020\/05\/feltre13maggio-1-300x225.jpg 300w, https:\/\/www.radiopiu.net\/wordpress\/wp-content\/uploads\/2020\/05\/feltre13maggio-1-1024x768.jpg 1024w, https:\/\/www.radiopiu.net\/wordpress\/wp-content\/uploads\/2020\/05\/feltre13maggio-1-768x576.jpg 768w, https:\/\/www.radiopiu.net\/wordpress\/wp-content\/uploads\/2020\/05\/feltre13maggio-1-1536x1152.jpg 1536w, https:\/\/www.radiopiu.net\/wordpress\/wp-content\/uploads\/2020\/05\/feltre13maggio-1-2048x1536.jpg 2048w\" sizes=\"auto, (max-width: 300px) 100vw, 300px\" \/><\/a><a class=\"dt-pswp-item\" href=\"https:\/\/www.radiopiu.net\/wordpress\/wp-content\/uploads\/2020\/05\/feltre13maggio2-scaled.jpg\" data-dt-img-description=\"\" data-large_image_width=\"2560\" data-large_image_height=\"2409\"><img loading=\"lazy\" decoding=\"async\" class=\"alignnone wp-image-137537\" src=\"https:\/\/www.radiopiu.net\/wordpress\/wp-content\/uploads\/2020\/05\/feltre13maggio2-300x282.jpg\" alt=\"\" width=\"241\" height=\"225\" \/><\/a><\/p>\n<p>&nbsp;<\/p>\n<p>&nbsp;<\/p>\n<p>&nbsp;<\/p>\n<hr \/>\n<p>&nbsp;<\/p>\n<p>&nbsp;<\/p>\n<p>&nbsp;<\/p>\n<blockquote>\n<h3>&#8220;LA CRISI MORDE ZAIA ATTACCA DI MAIO, COSA STA FACENDO IL MINISTRO DEGLI ESTERI?&#8221; CONFERENZA STAMPA DEL PRESIDENTE DEL VENETO LUCA ZAIA 13 MAGGIO 2020<\/h3>\n<\/blockquote>\n<p>&nbsp;<\/p>\n<blockquote>\n<h2>LEGGI LA CONFERENZA STAMPA DI LUCA ZAIA<\/h2>\n<\/blockquote>\n<p><em>Non siamo\u00a0 irresponsabili, ho detto a Conte di\u00a0 studiare le linee guida dell&#8217;Inail,\u00a0 in alcuni casi sono inapplicabili. Noi come Veneto con R0 delle 0,53 siamo in linea. Il Governo ci dia la stoffa, agli abiti sartoriali ci pensiamo noi, il turismo estero che non c&#8217;\u00e8: \u00e8 una tragedia, stiamo colpendo la prima industria del Veneto, quella del turismo. Cipriani dell&#8217;Harry&#8217;s Bar dice che non\u00a0 riaprir\u00e0 sulla scorta\u00a0 delle guide dell&#8217;Inail e ha ragione<\/em><\/p>\n<p>Sono passati 33 giorni dal 10 aprile e abbiamo tutti i dati positivi con il calo delle curve dei ricoverati e terapie intensive, ma anche delle uscite dall&#8217;isolamento. Oggi altro dato importante, tra i 18 mila positivi oggi abbiamo un +31 su 10mila tamponi. Bisogna ora affrontare l&#8217;apertura, quella del 18 maggio \u00e8 pi\u00f9 importante del 4 maggio. Da lunedi 18 la mascherina va usata non portata al collo. <strong>SPIAGGE<\/strong> Siamo la Regione pi\u00f9 turistica d&#8217;Italia con 32 milioni di presenze turistiche in spiaggia e quindi \u00e8 questione di vita e di morte, il distanziamento tra ombrelloni di 5 metri\u00a0 (tra file di 3 metri, tra ombrelloni di 2 metri). significa che possiamo fare entrare un camion di rimorchio. C&#8217;\u00e8 una sperequazione, ci sono attivit\u00e0 con centinaia di lavortori e sotto l&#8217;ombrellone sembra ci sia il &#8220;Vietnam&#8221; del virus. C&#8217;\u00e8 uno studio che dice che sopra il metro si puo&#8217; lavorare senza mascherina. <strong>RIAPERTURE<\/strong>\u00a0 vogliamo riaprire bar, ristoranti, spiagge, attivit\u00e0 commerciali, servizi alla persona, centri sportivi, palestre e piscine, se il Governo ci d\u00e0 la delega. L&#8217;ordinanza porter\u00e0 la mia firma&#8221;. <strong>RISTORANTI<\/strong> Per bar e ristoranti proponiamo due metri da tavolo a tavolo, gel sul tavolo, guanti e mascherina per dipendenti, mascherina per andare in bagno, misura della temperatura all&#8217;ingresso. <strong>LINEE INAIL<\/strong> per alcune attivit\u00e0 sono imbarazzantI, penso ai 4 metri da tavolo a tavolo nei ristoranti. Se passa la linea che le Regioni possono intervenire oltre le linee guida dell&#8217;Inail dopo il 1 giugno \u00e8 finita. Nel nuovo Dpcm dovr\u00e0 essere quindi essere scritto che si applicheranno le linee guida Inail se non vi siano linee guida regionali. Se il Dpcm sar\u00e0 rigido io firmo comunque l&#8217;ordinanza, ma sono fiducioso. <strong>CONSEGUENZE<\/strong> Abbiamo gi\u00e0 perso 50 mila posti di lavoro che non recupereremo in qualche ora, 35mila vengono dal turismo. Intanto la Croazia apre i corridoi con Austria e Germania, cosa sta facendo il Ministero degli Esteri? <strong>CASSA INTEGRAZIONE<\/strong> E Poi ci dicono che la cassa integrazione non \u00e8 pagata per colpa delle Regioni, e noi siamo una regione virtuosa. Non accuso nessuno. Non si inquietino i cittadini dando colpe alle regioni. Il cittadino lo abbiamo deciso ieri sera si collegher\u00e0 al portale Inps direttamente per avere un contatto diretto, per capire come mai non gli arriva lo stipendio. <strong>GRANDI EVENT<\/strong>I immagino restino queste limitazioni e slittino un po&#8217; pi\u00f9 in l\u00e0, ma sar\u00e0 scritto nel nuovo Dpcm. <strong>SPOSTAMENTI INTERREGIONALI <\/strong>stiamo\u00a0 lavorando per\u00a0 anticipare al 1 giugno e noi non chiuderemo i confini come diversamente intende fare la Campania. <strong>SECONDE CASE<\/strong> Ci saranno novit\u00e0 nell&#8217;ordinanza di lunedi, si va verso la liberalizzazione sul territorio regionale non capiamo perch\u00e9 la seconda casa sia ancora un tabu&#8217;.<\/p>\n<p>&nbsp;<\/p>\n<p>&nbsp;<\/p>\n<p>https:\/\/www.facebook.com\/zaiaufficiale\/videos\/2816363898461110<\/p>\n<p>&nbsp;<\/p>\n<p>&nbsp;<\/p>\n<hr \/>\n<p>&nbsp;<\/p>\n<p>&nbsp;<\/p>\n<blockquote>\n<h3>AMMORTIZZATORI SOCIALI, CASSA INTEGRAZIONE. PARERI E CHIARIMENTI DELL&#8217;ASSESSORE ELENA DONAZZAN<\/h3>\n<\/blockquote>\n<p><em><img loading=\"lazy\" decoding=\"async\" class=\"alignleft\" src=\"https:\/\/www.radiopiu.net\/wordpress\/wp-content\/uploads\/2020\/04\/DONAZZAN-300x300.jpg\" width=\"150\" height=\"150\" \/>Ci sono i soldi per tutti, per evadere tutte le domande del Veneto lavorate che sono gi\u00e0 all&#8217;Inps.Abbiamo processato 3000 domande al giorno l&#8217;Inps ha lavorato giorno e notte, domenica compresa. Sbagliate sono le procedure.\u00a0<\/em><\/p>\n<p><strong>INTERVENTO IN CONFERENZA STAMPA DELL&#8217;ASSESSORE ELENA DONAZZAN.<\/strong> Le Regioni non hanno competenza, decide lo Stato. La Donazzan spiega la procedura, la Regione deve fare verifiche e trasferire il materiale all&#8217;Inps che chiede i dati del lavoratore, poi l&#8217;Inps paga o la banca anticipa. Procedure della durata di 2 mesi. Non ci sono stati confronti, non siamo competenti ne&#8217; in materia ne&#8217; nei pagamenti. I presidenti hanno proposto una soluzione di interfacciarsi con l&#8217;Inps che ha competenze di norme e pagamenti.<\/p>\n<audio class=\"wp-audio-shortcode\" id=\"audio-137402-5\" preload=\"none\" style=\"width: 100%;\" controls=\"controls\"><source type=\"audio\/mpeg\" src=\"https:\/\/www.radiopiu.net\/wordpress\/wp-content\/uploads\/2020\/05\/donazzan.mp3?_=5\" \/><a href=\"https:\/\/www.radiopiu.net\/wordpress\/wp-content\/uploads\/2020\/05\/donazzan.mp3\">https:\/\/www.radiopiu.net\/wordpress\/wp-content\/uploads\/2020\/05\/donazzan.mp3<\/a><\/audio>\n<p><strong>il 70% E&#8217; ANCORA SENZA STIPENDIO, FINO A QUANDO?<\/strong><\/p>\n<audio class=\"wp-audio-shortcode\" id=\"audio-137402-6\" preload=\"none\" style=\"width: 100%;\" controls=\"controls\"><source type=\"audio\/mpeg\" src=\"https:\/\/www.radiopiu.net\/wordpress\/wp-content\/uploads\/2020\/05\/donazzan-tempi.mp3?_=6\" \/><a href=\"https:\/\/www.radiopiu.net\/wordpress\/wp-content\/uploads\/2020\/05\/donazzan-tempi.mp3\">https:\/\/www.radiopiu.net\/wordpress\/wp-content\/uploads\/2020\/05\/donazzan-tempi.mp3<\/a><\/audio>\n<p><strong>SCUOLA, ESAMI E RECUPERI.\u00a0<\/strong><\/p>\n<p><em>Sulla scuola dalla Donazzan solo critiche, &#8220;Azzolina ha incontrato una sola volta le Regione andandosene in fretta&#8221;. Non ci sono certezze, non ci sono scenari in una scuola dello Stato dove non possiamo intervenire ma solo proporre.<\/em><\/p>\n<audio class=\"wp-audio-shortcode\" id=\"audio-137402-7\" preload=\"none\" style=\"width: 100%;\" controls=\"controls\"><source type=\"audio\/mpeg\" src=\"https:\/\/www.radiopiu.net\/wordpress\/wp-content\/uploads\/2020\/05\/scuola.mp3?_=7\" \/><a href=\"https:\/\/www.radiopiu.net\/wordpress\/wp-content\/uploads\/2020\/05\/scuola.mp3\">https:\/\/www.radiopiu.net\/wordpress\/wp-content\/uploads\/2020\/05\/scuola.mp3<\/a><\/audio>\n<p>&nbsp;<\/p>\n<hr \/>\n<p>&nbsp;<\/p>\n<p>&nbsp;<\/p>\n<p>&nbsp;<\/p>\n<div class=\"page-title-head hgroup\">\n<blockquote>\n<h3 class=\"entry-title\">\u201cDE COCCIO\u201d: UNA GIORNATA SENZA SANZIONI<\/h3>\n<\/blockquote>\n<\/div>\n<div class=\"page-title-breadcrumbs\">\n<p><strong>BELLUNO<\/strong>\u00a0479 persone controllate e nessuna sanzione. Questo \u00e8 il dato distribuito dalla Prefettura di Belluno in base ai controlli effettuati per il contenimento del virus Covid-19. Nei primi due giorni della settimana una sola sanzione dopo 874 persone controllate. Continuano anche i controlli delle attivit\u00e0 commerciali. Nella giornata di marted\u00ec 858 esercizi controllati e nessuna sanzione o chiusura.<\/p>\n<p class=\"photoswipe-wrapper\"><a class=\"dt-pswp-item pspw-wrap-ready\" href=\"https:\/\/i2.wp.com\/www.radiopiu.net\/wordpress\/wp-content\/uploads\/2020\/05\/MONITORAGGIO_GIORNALIERO_DEI_SERVIZI_DI_CONTROLLO_DEL_12.05.jpg?ssl=1\" data-dt-img-description=\"\" data-large_image_width=\"1240\" data-large_image_height=\"1754\"><img loading=\"lazy\" decoding=\"async\" class=\"alignnone wp-image-137370 jetpack-lazy-image jetpack-lazy-image--handled\" src=\"https:\/\/i2.wp.com\/www.radiopiu.net\/wordpress\/wp-content\/uploads\/2020\/05\/MONITORAGGIO_GIORNALIERO_DEI_SERVIZI_DI_CONTROLLO_DEL_12.05.jpg?resize=724%2C1024&amp;ssl=1\" sizes=\"auto, (max-width: 724px) 100vw, 724px\" srcset=\"https:\/\/i2.wp.com\/www.radiopiu.net\/wordpress\/wp-content\/uploads\/2020\/05\/MONITORAGGIO_GIORNALIERO_DEI_SERVIZI_DI_CONTROLLO_DEL_12.05.jpg?resize=724%2C1024&amp;ssl=1 724w, https:\/\/i2.wp.com\/www.radiopiu.net\/wordpress\/wp-content\/uploads\/2020\/05\/MONITORAGGIO_GIORNALIERO_DEI_SERVIZI_DI_CONTROLLO_DEL_12.05.jpg?resize=212%2C300&amp;ssl=1 212w, https:\/\/i2.wp.com\/www.radiopiu.net\/wordpress\/wp-content\/uploads\/2020\/05\/MONITORAGGIO_GIORNALIERO_DEI_SERVIZI_DI_CONTROLLO_DEL_12.05.jpg?resize=768%2C1086&amp;ssl=1 768w, https:\/\/i2.wp.com\/www.radiopiu.net\/wordpress\/wp-content\/uploads\/2020\/05\/MONITORAGGIO_GIORNALIERO_DEI_SERVIZI_DI_CONTROLLO_DEL_12.05.jpg?resize=1086%2C1536&amp;ssl=1 1086w, https:\/\/i2.wp.com\/www.radiopiu.net\/wordpress\/wp-content\/uploads\/2020\/05\/MONITORAGGIO_GIORNALIERO_DEI_SERVIZI_DI_CONTROLLO_DEL_12.05.jpg?w=1240&amp;ssl=1 1240w\" alt=\"\" width=\"283\" height=\"400\" data-recalc-dims=\"1\" data-lazy-loaded=\"1\" \/><\/a><\/p>\n<p>&nbsp;<\/p>\n<p>&nbsp;<\/p>\n<hr \/>\n<p>&nbsp;<\/p>\n<blockquote>\n<h3>BOND INTERVIENE A DIFESA DELLE ESTETISTE ED OPERATORI DEL BENESSERE RICHIAMANDO AL BUON SENSO<\/h3>\n<\/blockquote>\n<\/div>\n<div style=\"width: 720px;\" class=\"wp-video\"><video class=\"wp-video-shortcode\" id=\"video-137402-1\" width=\"720\" height=\"576\" preload=\"metadata\" controls=\"controls\"><source type=\"video\/mp4\" src=\"https:\/\/www.radiopiu.net\/wordpress\/wp-content\/uploads\/2020\/05\/72deec27-324c-440a-a23f-17337179ab44.mp4?_=1\" \/><a href=\"https:\/\/www.radiopiu.net\/wordpress\/wp-content\/uploads\/2020\/05\/72deec27-324c-440a-a23f-17337179ab44.mp4\">https:\/\/www.radiopiu.net\/wordpress\/wp-content\/uploads\/2020\/05\/72deec27-324c-440a-a23f-17337179ab44.mp4<\/a><\/video><\/div>\n<div class=\"page-title-breadcrumbs\">\n<p>Ecco il perch\u00e9 dell&#8217;intervento del Deputato Dario Bond:<\/p>\n<p><strong>AUDIO<\/strong><\/p>\n<audio class=\"wp-audio-shortcode\" id=\"audio-137402-8\" preload=\"none\" style=\"width: 100%;\" controls=\"controls\"><source type=\"audio\/mpeg\" src=\"https:\/\/www.radiopiu.net\/wordpress\/wp-content\/uploads\/2020\/05\/BOND-ESTETISTE.mp3?_=8\" \/><a href=\"https:\/\/www.radiopiu.net\/wordpress\/wp-content\/uploads\/2020\/05\/BOND-ESTETISTE.mp3\">https:\/\/www.radiopiu.net\/wordpress\/wp-content\/uploads\/2020\/05\/BOND-ESTETISTE.mp3<\/a><\/audio>\n<p>&nbsp;<\/p>\n<p>&nbsp;<\/p>\n<hr \/>\n<\/div>\n<p>&nbsp;<\/p>\n<p>&nbsp;<\/p>\n<h3>BOND BENE FONDI UE PER DISASTRI METEOROLOGICI, ORA GOVERNO DIFENDA ITALIA PER LA PANDEMIA<\/h3>\n<p>Dario Bond, deputato di Forza Italia, interviene sul tema degli aiuti di emergenza per catastrofi, avendo appreso la notizia dello stanziamento di 279 milioni di euro da parte dell\u2019UE a beneficio di Portogallo, Spagna, Italia e Austria.<\/p>\n<audio class=\"wp-audio-shortcode\" id=\"audio-137402-9\" preload=\"none\" style=\"width: 100%;\" controls=\"controls\"><source type=\"audio\/mpeg\" src=\"https:\/\/www.radiopiu.net\/wordpress\/wp-content\/uploads\/2020\/05\/BOND.mp3?_=9\" \/><a href=\"https:\/\/www.radiopiu.net\/wordpress\/wp-content\/uploads\/2020\/05\/BOND.mp3\">https:\/\/www.radiopiu.net\/wordpress\/wp-content\/uploads\/2020\/05\/BOND.mp3<\/a><\/audio>\n<p>&nbsp;<\/p>\n<hr \/>\n<p>&nbsp;<\/p>\n<p>&nbsp;<\/p>\n<p>&nbsp;<\/p>\n<blockquote>\n<h2>L&#8217;AGORDINO TURISTICO, STRATEGIE PER LA RIPARTENZA<\/h2>\n<p><em><img loading=\"lazy\" decoding=\"async\" class=\"alignleft\" src=\"https:\/\/www.radiopiu.net\/wordpress\/wp-content\/uploads\/2018\/07\/vertical107_falcade.jpg\" width=\"210\" height=\"157\" \/>Colorare d&#8217;ottimismo il futuro turistico della vallata\u00a0<\/em><\/p><\/blockquote>\n<p>&nbsp;<\/p>\n<p><strong>DI GIANNI SANTOMASO\u00a0<\/strong><\/p>\n<audio class=\"wp-audio-shortcode\" id=\"audio-137402-10\" preload=\"none\" style=\"width: 100%;\" controls=\"controls\"><source type=\"audio\/mpeg\" src=\"https:\/\/www.radiopiu.net\/wordpress\/wp-content\/uploads\/2020\/05\/TURISMO-GIANNI.mp3?_=10\" \/><a href=\"https:\/\/www.radiopiu.net\/wordpress\/wp-content\/uploads\/2020\/05\/TURISMO-GIANNI.mp3\">https:\/\/www.radiopiu.net\/wordpress\/wp-content\/uploads\/2020\/05\/TURISMO-GIANNI.mp3<\/a><\/audio>\n<p>&nbsp;<\/p>\n<p>&nbsp;<\/p>\n<p>&nbsp;<\/p>\n<hr \/>\n<p>&nbsp;<\/p>\n<p>&nbsp;<\/p>\n<p>&nbsp;<\/p>\n<blockquote>\n<h3>NASCE PROMOFALCADE DOLOMITI: UNA TASK FORCE PER LA RIPRESA DEL TURISMO, <span style=\"color: #ff0000;\">oggi alle 16 e alle 21 lo speciale a RADIO PIU&#8217;<\/span><\/h3>\n<\/blockquote>\n<p><img loading=\"lazy\" decoding=\"async\" class=\"alignleft\" src=\"https:\/\/www.radiopiu.net\/wordpress\/wp-content\/uploads\/2020\/05\/zB8gEWWp-scaled.jpg\" width=\"301\" height=\"201\" \/><strong>FALCADE\u00a0<\/strong> lancia la sfida al post Covid-19 con una societ\u00e0 consortile per il rilancio del turismo. Si chiama \u201cPromoFalcade Dolomiti\u201d la nuova realt\u00e0 che unisce gli attori del territorio nella valorizzazione delle offerte turistiche e paesaggistiche della Valle del Biois che include Vallada e Canale d\u2019Agordo. La Valle del Bi\u00f2is si estende per 20 km, seguendo il corso dell&#8217;omonimo torrente, tra le Pale di San Martino, la Marmolada e il Monte Civetta, ai piedi del Gruppo del Focobon e della Catena dell&#8217;Auta. Incorniciata dalle Dolomiti patrimonio dell&#8217;umanit\u00e0 UNESCO, l\u2019area si prepara alla ripresa con un lavoro di squadra che coinvolge scuole sci, albergatori, ristoratori, rifugi, pro loco e impianti di risalita.\u00a0<em>\u00abCon la nascita di PromoFalcade Dolomiti ci proponiamo di dare una risposta concreta per il rilancio del territorio \u2013\u00a0<\/em>spiega Antonella Schena, presidente di PromoFalcade Dolomiti\u00a0<em>-. Abbiamo lavorato intensamente, con riunioni online durante il lockdown, per farci trovare pronti nel momento in cui sar\u00e0 possibile ripartire, affrontando le sfide che ci aspettano nell\u2019immediato futuro per la promocommercializzazione della Valle del Biois, delle sue bellezze, strutture e servizi per attirare flussi turistici a livello nazionale e internazionale. Ci auguriamo che anche tutti gli altri esercizi commerciali, artigiani e altre attivit\u00e0 si uniscano a noi per fare squadra insieme. <\/em><em>Grazie a PromoFalcade Dolomiti potremo sedere e portare le nostre istanze e prodotti sui tavoli strategici della Provincia, attraverso la DMO Dolomiti, e della Regione Veneto\u00bb <\/em>Con una\u00a0sede all\u2019interno del municipio di Falcade\u00a0e un\u00a0sito web che sar\u00e0 attivo a breve\u00a0(<a href=\"http:\/\/www.falcadedolomiti.it\/\">www.falcadedolomiti.it<\/a>) PromoFalcade Dolomiti ha gi\u00e0 messo in campo una strategia di comunicazione digitale attraverso i canali Instagram e Facebook \u201cFalcade Dolomiti\u201d che danno voce ai ristoratori del territorio, con video ricette, prodotti tipici, bellezze paesaggistiche, servizi e proposte culturali.\u00a0 Il tutto in attesa di poter riaprire le porte al turismo e annunciare il calendario di eventi a cui si sta lavorando.\u00a0\u00a0<em>\u00abSono molto felice che sia nata questa realt\u00e0 che unisce i diversi attori del territorio<\/em>\u00a0\u2013 afferma il sindaco di Falcade Michele Costa\u00a0<em>-. L\u2019intera Valle del Biois merita di essere promossa non solo per le bellezze naturalistiche che pu\u00f2 offrire ma anche perch\u00e9 sino ad oggi abbiamo saputo conservare la nostra identit\u00e0, rimanendo un paese di montagna che sa accogliere i turisti con eventi e proposte senza piegarsi alle logiche del turismo di massa.\u00a0 Che PromoFalcade Dolomiti nasca proprio in un momento cos\u00ec complesso dimostra come la nostra gente sappia rimboccarsi le maniche davanti alle difficolt\u00e0 e guardare al futuro con la tenacia di chi raggiunge la cima delle nostre vette e punta lo sguardo all\u2019orizzonte. Il Comune di Falcade \u00e8 al fianco di PromoFalcade Dolomiti ed \u00e8 pronto a fare squadra con i diversi attori coinvolti per il bene della nostra splendida valle<\/em><em>\u00bb. <\/em>Dopo anni di assenza di un ente locale di promozione turistica, il territorio torna cos\u00ec a fare squadra per guardare al futuro con ottimismo e ripartire dopo il lockdown. <strong><u>ORGANIGRAMMA: <\/u><\/strong>Presidente: Antonella Schena Soci: Mauro Vendruscolo per Societ\u00e0 Impianti Falcade Col Margherita, Fulvio Valt per Scuola Sci Equipe, Maurizio Piccolin per Scuola Sci Falcade e Antonella Schena per Associazione albergatori, ristoratori e rifugi Valle del Biois. Nel consiglio di amministrazione siedono Antonella Schena, Fulvio Valt, Rubina Foresi per la Scuola Sci Falcade e Renzo Minella per Societ\u00e0 Impianti Falcade Col Margherita.<\/p>\n<p>&nbsp;<\/p>\n<p>&nbsp;<\/p>\n<p>&nbsp;<\/p>\n<hr \/>\n<blockquote>\n<h2>A PROPOSITO DI CORRIDOI PER IL TURISMO E NON SOLO<\/h2>\n<\/blockquote>\n<p><strong>IL SINDACO DI LIVINALLONGO LEANDRO GRONES<\/strong><\/p>\n<audio class=\"wp-audio-shortcode\" id=\"audio-137402-11\" preload=\"none\" style=\"width: 100%;\" controls=\"controls\"><source type=\"audio\/mpeg\" src=\"https:\/\/www.radiopiu.net\/wordpress\/wp-content\/uploads\/2020\/05\/GTRONRD.mp3?_=11\" \/><a href=\"https:\/\/www.radiopiu.net\/wordpress\/wp-content\/uploads\/2020\/05\/GTRONRD.mp3\">https:\/\/www.radiopiu.net\/wordpress\/wp-content\/uploads\/2020\/05\/GTRONRD.mp3<\/a><\/audio>\n<p>&nbsp;<\/p>\n<p><strong>L&#8217;assessore alla protezione civile Gianpaolo Bottacin<\/strong> <em>&#8220;Trovo veramente di pessimo gusto questo schema che sta girando in Austria. Noi i numeri dei contagi li abbiamo sotto controllo ma veniamo trattati come untori. Nel frattempo invece via libera verso la Germania con i suoi quasi 180.000 casi. Mi auguro che intervenga il ministro degli esteri quanto prima&#8221;.<\/em><\/p>\n<p>&nbsp;<\/p>\n<p><a class=\"dt-pswp-item\" href=\"https:\/\/www.radiopiu.net\/wordpress\/wp-content\/uploads\/2020\/05\/b10d260f-85b1-4b81-b1c0-dbf722e5fa83.jpg\" data-dt-img-description=\"\" data-large_image_width=\"720\" data-large_image_height=\"1280\"><img loading=\"lazy\" decoding=\"async\" class=\"wp-image-137550 alignleft\" src=\"https:\/\/www.radiopiu.net\/wordpress\/wp-content\/uploads\/2020\/05\/b10d260f-85b1-4b81-b1c0-dbf722e5fa83.jpg\" alt=\"\" width=\"245\" height=\"435\" srcset=\"https:\/\/www.radiopiu.net\/wordpress\/wp-content\/uploads\/2020\/05\/b10d260f-85b1-4b81-b1c0-dbf722e5fa83.jpg 720w, https:\/\/www.radiopiu.net\/wordpress\/wp-content\/uploads\/2020\/05\/b10d260f-85b1-4b81-b1c0-dbf722e5fa83-169x300.jpg 169w, https:\/\/www.radiopiu.net\/wordpress\/wp-content\/uploads\/2020\/05\/b10d260f-85b1-4b81-b1c0-dbf722e5fa83-576x1024.jpg 576w\" sizes=\"auto, (max-width: 245px) 100vw, 245px\" \/><\/a><\/p>\n<p>&nbsp;<\/p>\n<p>&nbsp;<\/p>\n<p>&nbsp;<\/p>\n<p>&nbsp;<\/p>\n<p>&nbsp;<\/p>\n<p>&nbsp;<\/p>\n<p>&nbsp;<\/p>\n<p>&nbsp;<\/p>\n<p>&nbsp;<\/p>\n<p>&nbsp;<\/p>\n<p>&nbsp;<\/p>\n<p>&nbsp;<\/p>\n<p>&nbsp;<\/p>\n<p>&nbsp;<\/p>\n<p>&nbsp;<\/p>\n<p>&nbsp;<\/p>\n<p>&nbsp;<\/p>\n<hr \/>\n<p>&nbsp;<\/p>\n<p>&nbsp;<\/p>\n<h2>L\u2019AGORDINA CALCIO RACCOGLIE DOCUMENTI PER UN LIBRO CHE CELEBRA IL CINQUANTESIMO DELLA SOCIET\u00c0<\/h2>\n<p><strong><a class=\"dt-pswp-item\" href=\"https:\/\/www.radiopiu.net\/wordpress\/wp-content\/uploads\/2019\/09\/AGORDINA-CALCIO.jpeg\" data-dt-img-description=\"\" data-large_image_width=\"225\" data-large_image_height=\"225\"><img loading=\"lazy\" decoding=\"async\" class=\"size-full wp-image-97575 alignleft\" src=\"https:\/\/www.radiopiu.net\/wordpress\/wp-content\/uploads\/2019\/09\/AGORDINA-CALCIO.jpeg\" alt=\"\" width=\"225\" height=\"225\" srcset=\"https:\/\/www.radiopiu.net\/wordpress\/wp-content\/uploads\/2019\/09\/AGORDINA-CALCIO.jpeg 225w, https:\/\/www.radiopiu.net\/wordpress\/wp-content\/uploads\/2019\/09\/AGORDINA-CALCIO-150x150.jpeg 150w\" sizes=\"auto, (max-width: 225px) 100vw, 225px\" \/><\/a>AGORDO<\/strong> \u00c8 partita da qualche giorno la raccolta di materiale fotografico da parte dell\u2019Agordina Calcio. La societ\u00e0 del Presidente Cosmo Forcella compie prossimamente 50 anni di vita. Tante le storie da raccontare e tanto il materiale da raccogliere per celebrare al meglio questo traguardo. Intanto l\u2019Agordina si \u00e8 gi\u00e0 mossa tramite i social. Infatti da pochi giorni \u00e8 presente una pagina Facebook che si chiama \u201c50esimo Agordina Calcio\u201d. Gli utenti hanno gi\u00e0 mandato delle foto e dei reperti storici che si possono gi\u00e0 visualizzare su internet. Chi volesse contribuire alla realizzazione di questo progetto con foto, notizie o fatti pu\u00f2 inviare il materiale all\u2019indirizzo mail agordinacalciods@gmail.com<\/p>\n<p><strong>IL PRESIDENTE DELL&#8217;AGORDINA COSMO FORCELLA<\/strong><\/p>\n<audio class=\"wp-audio-shortcode\" id=\"audio-137402-12\" preload=\"none\" style=\"width: 100%;\" controls=\"controls\"><source type=\"audio\/mpeg\" src=\"https:\/\/www.radiopiu.net\/wordpress\/wp-content\/uploads\/2020\/04\/COSMO-50-AGO.mp3?_=12\" \/><a href=\"https:\/\/www.radiopiu.net\/wordpress\/wp-content\/uploads\/2020\/04\/COSMO-50-AGO.mp3\">https:\/\/www.radiopiu.net\/wordpress\/wp-content\/uploads\/2020\/04\/COSMO-50-AGO.mp3<\/a><\/audio>\n<p>&nbsp;<\/p>\n<p>&nbsp;<\/p>\n<hr \/>\n<p>&nbsp;<\/p>\n<p>&nbsp;<\/p>\n<div class=\"page-title-breadcrumbs\">\n<blockquote>\n<h3 style=\"text-align: left;\" align=\"center\"><span style=\"color: #000000;\">\u00abSALVIAMO LE RISORSE PER\u00a0GLI INVESTIMENTI DELLE PMI\u00bb\u00a0<\/span><span style=\"color: #000000;\">L\u2019APPELLO DI CONFAPI VENETO ALL\u2019INAIL<\/span><\/h3>\n<\/blockquote>\n<p style=\"text-align: left;\" align=\"center\"><strong><a class=\"dt-pswp-item\" href=\"https:\/\/www.radiopiu.net\/wordpress\/wp-content\/uploads\/2020\/05\/Ravetto.jpg\" data-dt-img-description=\"\" data-large_image_width=\"1800\" data-large_image_height=\"1200\"><img loading=\"lazy\" decoding=\"async\" class=\"size-medium wp-image-137465 alignleft\" src=\"https:\/\/www.radiopiu.net\/wordpress\/wp-content\/uploads\/2020\/05\/Ravetto-300x200.jpg\" alt=\"\" width=\"300\" height=\"200\" srcset=\"https:\/\/www.radiopiu.net\/wordpress\/wp-content\/uploads\/2020\/05\/Ravetto-300x200.jpg 300w, https:\/\/www.radiopiu.net\/wordpress\/wp-content\/uploads\/2020\/05\/Ravetto-1024x683.jpg 1024w, https:\/\/www.radiopiu.net\/wordpress\/wp-content\/uploads\/2020\/05\/Ravetto-768x512.jpg 768w, https:\/\/www.radiopiu.net\/wordpress\/wp-content\/uploads\/2020\/05\/Ravetto-1536x1024.jpg 1536w, https:\/\/www.radiopiu.net\/wordpress\/wp-content\/uploads\/2020\/05\/Ravetto.jpg 1800w\" sizes=\"auto, (max-width: 300px) 100vw, 300px\" \/><\/a>PADOVA<\/strong>\u00a0<span style=\"color: #000000;\"><span style=\"font-size: medium;\">\u00ab<em>Le nostre imprese rischiano di ripartire in sicurezza ma di morire per scarsa competitivit\u00e0<\/em>\u00bb. Non usa giri di parole il presidente di Confapi Veneto\u00a0Manfredi Ravetto\u00a0nella lettera indirizzata al direttore generale dell\u2019Inail Giuseppe Lucibello. \u00ab<em>S<\/em><\/span><em>tiamo assistendo ad una miriade di provvidenze, che il Governo ed altre Istituzioni stanno mettendo a disposizione delle imprese, per facilitare la ripartenza, attraverso l\u2019acquisto di dispositivi anti-Covid19 (Dpi). Ultima quella che ha messo in campo il vostro Istituto, trasferendo fondi ad Invitalia per un avviso specifico che luned\u00ec 11 maggio\u00a0ha preso\u00a0il via<\/em>\u00bb, si legge nel testo, che poi snocciola l\u2019elenco delle iniziative previste da Governo ed enti bilaterali per far fronte alle spese sostenute.\u00a0<\/span><span style=\"color: #000000;\">Il rischio oggi, evidenzia Confapi, \u00e8 che i fondi inizialmente destinati al Bando Isi (per il Veneto si tratta nel complesso di 20.994.401 euro, divisi fra cinque assi di finanziamento), vengano ulteriormente dirottati sui\u00a0bandi Invitalia per sostenere l\u2019acquisto di dispositivi di protezione individuale e, pertanto, privilegiando spesa corrente agli investimenti delle pmi. Si tratta di risorse preziose per le imprese del territorio, basti dire che ogni anno sono pi\u00f9 di 20 mila gli utenti che partecipano al click day per accedervi.\u00a0<\/span><span style=\"color: #000000;\">\u00ab<em>Pur comprendendo e condividendo l\u2019intento dell\u2019iniziativa, auspichiamo che vengano preservate le ulteriori residue risorse disponibili. Inail ha sempre dimostrato di comprendere e sostenere la necessit\u00e0 di sostegno delle pmi negli investimenti mirati all\u2019innovazione tecnologica. Con ulteriori decurtazioni di risorse o, peggio, con il loro azzeramento rischiano di ripartire in sicurezza, ma poi di morire per mancanza di competitivit\u00e0\u00bb, sottolinea il presidente Ravetto. Un appello, quello lanciato, con cui si ribadisce quanto gi\u00e0 evidenziato nei confronti della Regione Veneto riguardo ai fondi\u00a0FSE e FESR \u00abperch\u00e9 la riprogrammazione prevista, pur motivata, non deve finire col togliere fiato alle nostre aziende, gi\u00e0 in crisi<\/em>\u00bb.<\/span><\/p>\n<div class=\"page\" title=\"Page 1\">\n<div class=\"section\">\n<div class=\"layoutArea\">\n<div class=\"column\"><\/div>\n<div><\/div>\n<div>\n<hr \/>\n<\/div>\n<\/div>\n<div class=\"layoutArea\">\n<div class=\"column\">\n<p>&nbsp;<\/p>\n<\/div>\n<\/div>\n<\/div>\n<\/div>\n<blockquote>\n<h3>DECRETO RILANCIO, LA PROVINCIA CHIEDE L\u2019ESTENSIONE ALLE AREE MONTANE DEL \u201cBONUS MOBILIT\u00c0\u201d<\/h3>\n<\/blockquote>\n<p><strong><a class=\"dt-pswp-item\" href=\"https:\/\/www.radiopiu.net\/wordpress\/wp-content\/uploads\/2020\/05\/BICI.jpg\" data-dt-img-description=\"\" data-large_image_width=\"1920\" data-large_image_height=\"1440\"><img loading=\"lazy\" decoding=\"async\" class=\"size-medium wp-image-135149 alignleft\" src=\"https:\/\/www.radiopiu.net\/wordpress\/wp-content\/uploads\/2020\/05\/BICI-300x225.jpg\" alt=\"\" width=\"300\" height=\"225\" srcset=\"https:\/\/www.radiopiu.net\/wordpress\/wp-content\/uploads\/2020\/05\/BICI-300x225.jpg 300w, https:\/\/www.radiopiu.net\/wordpress\/wp-content\/uploads\/2020\/05\/BICI-1024x768.jpg 1024w, https:\/\/www.radiopiu.net\/wordpress\/wp-content\/uploads\/2020\/05\/BICI-768x576.jpg 768w, https:\/\/www.radiopiu.net\/wordpress\/wp-content\/uploads\/2020\/05\/BICI-1536x1152.jpg 1536w, https:\/\/www.radiopiu.net\/wordpress\/wp-content\/uploads\/2020\/05\/BICI.jpg 1920w\" sizes=\"auto, (max-width: 300px) 100vw, 300px\" \/><\/a>BELLUNO<\/strong> \u00ab<em>Il Governo non dimentichi le aree montane, soprattutto in questo momento. \u00c8 rischioso creare misure che acutizzano le differenze tra le zone urbanizzate di pianura e i territori come il nostro<\/em>\u00bb. \u00c8 quanto afferma il consigliere provinciale Dario Scopel, leggendo la bozza del \u201cDecreto Rilancio\u201d, che prevede incentivi per la mobilit\u00e0 dolce, ma con un occhio di riguardo per i centri urbani pi\u00f9 popolosi. Il documento, infatti, \u00e8 imperniato sulla necessit\u00e0 di evitare i congestionanti del traffico e gli assembramenti nei mezzi di trasporto pubblico; prevede finanziamenti di progetti relativi alle piste ciclabili, ma esclude i centri minori dal \u201cbuono mobilit\u00e0\u201d (un contributo per l\u2019acquisto di bici elettriche, segway, monopattini e simili), riservandolo solo ai residenti delle citt\u00e0 con almeno 50mila abitanti. \u00c8 per questo che il presidente Padrin e il consigliere provinciale delegato alla mobilit\u00e0 e ai trasporti, Dario Scopel, hanno inviato congiuntamente una lettera al premier Conte e alla Ministra dei Trasporti Paola De Micheli.<\/p>\n<p><strong>IL CONSIGLIERE PROVINCIALE DARIO SCOPEL<\/strong><\/p>\n<\/div>\n<audio class=\"wp-audio-shortcode\" id=\"audio-137402-13\" preload=\"none\" style=\"width: 100%;\" controls=\"controls\"><source type=\"audio\/mpeg\" src=\"https:\/\/www.radiopiu.net\/wordpress\/wp-content\/uploads\/2020\/05\/SCOPEL-BONUS-MOBILITA.mp3?_=13\" \/><a href=\"https:\/\/www.radiopiu.net\/wordpress\/wp-content\/uploads\/2020\/05\/SCOPEL-BONUS-MOBILITA.mp3\">https:\/\/www.radiopiu.net\/wordpress\/wp-content\/uploads\/2020\/05\/SCOPEL-BONUS-MOBILITA.mp3<\/a><\/audio>\n<p>&nbsp;<\/p>\n<p>&nbsp;<\/p>\n<p>&nbsp;<\/p>\n<div class=\"page-title-breadcrumbs\">\n<hr \/>\n<p>&nbsp;<\/p>\n<blockquote>\n<h3>DONAZIONE DI MASCHERINE: LA PROVINCIA CONSEGNA 10MILA EURO DI DPI ALLE CASE DI RIPOSO<\/h3>\n<\/blockquote>\n<p><a class=\"dt-pswp-item\" href=\"https:\/\/www.radiopiu.net\/wordpress\/wp-content\/uploads\/2020\/05\/IMG_1005.jpg\" data-dt-img-description=\"\" data-large_image_width=\"1632\" data-large_image_height=\"1224\"><img loading=\"lazy\" decoding=\"async\" class=\"size-medium wp-image-137462 alignleft\" src=\"https:\/\/www.radiopiu.net\/wordpress\/wp-content\/uploads\/2020\/05\/IMG_1005-300x225.jpg\" alt=\"\" width=\"300\" height=\"225\" srcset=\"https:\/\/www.radiopiu.net\/wordpress\/wp-content\/uploads\/2020\/05\/IMG_1005-300x225.jpg 300w, https:\/\/www.radiopiu.net\/wordpress\/wp-content\/uploads\/2020\/05\/IMG_1005-1024x768.jpg 1024w, https:\/\/www.radiopiu.net\/wordpress\/wp-content\/uploads\/2020\/05\/IMG_1005-768x576.jpg 768w, https:\/\/www.radiopiu.net\/wordpress\/wp-content\/uploads\/2020\/05\/IMG_1005-1536x1152.jpg 1536w, https:\/\/www.radiopiu.net\/wordpress\/wp-content\/uploads\/2020\/05\/IMG_1005.jpg 1632w\" sizes=\"auto, (max-width: 300px) 100vw, 300px\" \/><\/a><strong>BELLUNO<\/strong> La Provincia di Belluno ha donato oggi diversi pacchi mascherine alle case di riposo della Valbelluna. \u00ab<em>Si tratta di una misura che abbiamo fortemente voluto e organizzato nelle ultime settimane per dare una mano alle strutture pi\u00f9 provate dall\u2019emergenza coronavirus<\/em>\u00bb spiega il consigliere provinciale delegato alla Protezione Civile, Massimo Bortoluzzi, che stamattina \u00e8 stato personalmente alla casa di riposo di Mel, per consegnare le mascherine al direttore della Essepiuno servizi srl, Paolo Battocchio. Le mascherine sono state consegnate alle strutture di Mel, Trichiana, Pedavena, Alano di Piave, Alpago e Santa Croce del Lago. \u00ab<em>Si tratta di dispositivi ffp2, che in questo periodo tornano a scarseggiare, e che invece sono indispensabili per gli ospiti e per gli operatori delle case di riposo &#8211; commenta il consigliere Bortoluzzi -. Per questo abbiamo disposto un investimento di 10mila euro in mascherine proprio per dare un aiuto concreto a chi sta lavorando nella cura degli anziani, in questo momento particolarmente complicato, come da indicazioni dell\u2019Ulss. Non \u00e8 stato semplice far arrivare queste mascherine, che abbiamo ordinato ancora diverse settimane fa; speriamo che l\u2019emergenza possa essere superata in tempi rapidi, anche per consentire ai famigliari di tornare a fare visita a genitori e nonni ospitati nelle strutture di assistenz<\/em>a\u00bb.<\/p>\n<p>&nbsp;<\/p>\n<p>&nbsp;<\/p>\n<hr \/>\n<\/div>\n<p>&nbsp;<\/p>\n<p>&nbsp;<\/p>\n<blockquote>\n<h2>SARA DALLO &#8220;SPRINGAORT&#8221; AL SOGNO: UN BIO MARCHIO TUTTO AGORDINO<\/h2>\n<h3><a class=\"dt-pswp-item\" href=\"https:\/\/www.radiopiu.net\/wordpress\/wp-content\/uploads\/2020\/05\/48c4bde7-1ce0-4302-ae8a-3d245c50771c.jpg\" data-dt-img-description=\"\" data-large_image_width=\"1200\" data-large_image_height=\"1200\"><img loading=\"lazy\" decoding=\"async\" class=\"wp-image-137576 alignleft\" src=\"https:\/\/www.radiopiu.net\/wordpress\/wp-content\/uploads\/2020\/05\/48c4bde7-1ce0-4302-ae8a-3d245c50771c-300x300.jpg\" alt=\"\" width=\"215\" height=\"215\" srcset=\"https:\/\/www.radiopiu.net\/wordpress\/wp-content\/uploads\/2020\/05\/48c4bde7-1ce0-4302-ae8a-3d245c50771c-300x300.jpg 300w, https:\/\/www.radiopiu.net\/wordpress\/wp-content\/uploads\/2020\/05\/48c4bde7-1ce0-4302-ae8a-3d245c50771c-1024x1024.jpg 1024w, https:\/\/www.radiopiu.net\/wordpress\/wp-content\/uploads\/2020\/05\/48c4bde7-1ce0-4302-ae8a-3d245c50771c-150x150.jpg 150w, https:\/\/www.radiopiu.net\/wordpress\/wp-content\/uploads\/2020\/05\/48c4bde7-1ce0-4302-ae8a-3d245c50771c-768x768.jpg 768w, https:\/\/www.radiopiu.net\/wordpress\/wp-content\/uploads\/2020\/05\/48c4bde7-1ce0-4302-ae8a-3d245c50771c.jpg 1200w\" sizes=\"auto, (max-width: 215px) 100vw, 215px\" \/><\/a>Vincere le pendenze dove il sole batte forte in un ambiente naturale&#8230; da coltura<\/h3>\n<\/blockquote>\n<p>&nbsp;<\/p>\n<p><strong>SAN TOMASO\u00a0<\/strong><\/p>\n<audio class=\"wp-audio-shortcode\" id=\"audio-137402-14\" preload=\"none\" style=\"width: 100%;\" controls=\"controls\"><source type=\"audio\/mpeg\" src=\"https:\/\/www.radiopiu.net\/wordpress\/wp-content\/uploads\/2020\/05\/SARA-GIANNI.mp3?_=14\" \/><a href=\"https:\/\/www.radiopiu.net\/wordpress\/wp-content\/uploads\/2020\/05\/SARA-GIANNI.mp3\">https:\/\/www.radiopiu.net\/wordpress\/wp-content\/uploads\/2020\/05\/SARA-GIANNI.mp3<\/a><\/audio>\n<p><a class=\"dt-pswp-item\" href=\"https:\/\/www.radiopiu.net\/wordpress\/wp-content\/uploads\/2020\/05\/16c70c3e-56d4-40d5-bf57-5170bb71caa1.jpg\" data-dt-img-description=\"\" data-large_image_width=\"1200\" data-large_image_height=\"1600\"><img loading=\"lazy\" decoding=\"async\" class=\"alignnone size-medium wp-image-137574\" src=\"https:\/\/www.radiopiu.net\/wordpress\/wp-content\/uploads\/2020\/05\/16c70c3e-56d4-40d5-bf57-5170bb71caa1-225x300.jpg\" alt=\"\" width=\"225\" height=\"300\" srcset=\"https:\/\/www.radiopiu.net\/wordpress\/wp-content\/uploads\/2020\/05\/16c70c3e-56d4-40d5-bf57-5170bb71caa1-225x300.jpg 225w, https:\/\/www.radiopiu.net\/wordpress\/wp-content\/uploads\/2020\/05\/16c70c3e-56d4-40d5-bf57-5170bb71caa1-768x1024.jpg 768w, https:\/\/www.radiopiu.net\/wordpress\/wp-content\/uploads\/2020\/05\/16c70c3e-56d4-40d5-bf57-5170bb71caa1-1152x1536.jpg 1152w, https:\/\/www.radiopiu.net\/wordpress\/wp-content\/uploads\/2020\/05\/16c70c3e-56d4-40d5-bf57-5170bb71caa1.jpg 1200w\" sizes=\"auto, (max-width: 225px) 100vw, 225px\" \/><\/a><\/p>\n<p>&nbsp;<\/p>\n<p>&nbsp;<\/p>\n<hr \/>\n<blockquote>\n<h3><\/h3>\n<h3>IN ARRIVO I BUONI SCONTO PER CHI HA USATO IL RICICLATORE DI RIFIUTI<\/h3>\n<\/blockquote>\n<p><strong><a class=\"dt-pswp-item\" href=\"https:\/\/www.radiopiu.net\/wordpress\/wp-content\/uploads\/2020\/05\/98b73f88-1524-4916-b647-67ac51e92db1.jpg\" data-dt-img-description=\"\" data-large_image_width=\"1080\" data-large_image_height=\"810\"><img loading=\"lazy\" decoding=\"async\" class=\" wp-image-137368 alignleft\" src=\"https:\/\/www.radiopiu.net\/wordpress\/wp-content\/uploads\/2020\/05\/98b73f88-1524-4916-b647-67ac51e92db1-300x225.jpg\" alt=\"\" width=\"247\" height=\"185\" srcset=\"https:\/\/www.radiopiu.net\/wordpress\/wp-content\/uploads\/2020\/05\/98b73f88-1524-4916-b647-67ac51e92db1-300x225.jpg 300w, https:\/\/www.radiopiu.net\/wordpress\/wp-content\/uploads\/2020\/05\/98b73f88-1524-4916-b647-67ac51e92db1-1024x768.jpg 1024w, https:\/\/www.radiopiu.net\/wordpress\/wp-content\/uploads\/2020\/05\/98b73f88-1524-4916-b647-67ac51e92db1-768x576.jpg 768w, https:\/\/www.radiopiu.net\/wordpress\/wp-content\/uploads\/2020\/05\/98b73f88-1524-4916-b647-67ac51e92db1.jpg 1080w\" sizes=\"auto, (max-width: 247px) 100vw, 247px\" \/><\/a>FELTRE<\/strong> Sono in arrivo dai prossimi giorni i buoni sconto per chi ha utilizzato il riciclatore di rifiuti posizionato presso la scuola media Rocca. L&#8217;amministrazione ha destinato una somma complessiva di 7 mila euro quale premialit\u00e0 incentivante per gli anni 2018 e 2019. I buoni sconto, da un minimo di 5 ad un massimo di 105 euro annui per nominativo, saranno spendibili nelle farmacie che aderiscono all&#8217;iniziativa (al momento la farmacia &#8220;all&#8217;ospedale&#8221; e la farmacia Ricci).<\/p>\n<p><strong>ADIS ZATTA, ASSESSORE DEL COMUNE DI FELTRE<\/strong><\/p>\n<audio class=\"wp-audio-shortcode\" id=\"audio-137402-15\" preload=\"none\" style=\"width: 100%;\" controls=\"controls\"><source type=\"audio\/mpeg\" src=\"https:\/\/www.radiopiu.net\/wordpress\/wp-content\/uploads\/2020\/05\/ZATTA-BUONI.mp3?_=15\" \/><a href=\"https:\/\/www.radiopiu.net\/wordpress\/wp-content\/uploads\/2020\/05\/ZATTA-BUONI.mp3\">https:\/\/www.radiopiu.net\/wordpress\/wp-content\/uploads\/2020\/05\/ZATTA-BUONI.mp3<\/a><\/audio>\n<p>&nbsp;<\/p>\n<p>&nbsp;<\/p>\n<hr \/>\n<p>&nbsp;<\/p>\n<blockquote>\n<h3>SEGNALETICA ORIZZONTALE: CONCLUSO NEI GIORNI SCORSI L\u2019INTERVENTO A PALUDI<\/h3>\n<\/blockquote>\n<p><strong><a class=\"dt-pswp-item\" href=\"https:\/\/www.radiopiu.net\/wordpress\/wp-content\/uploads\/2020\/05\/287e8b52-584a-4050-b7f6-8034ea6aebc3.jpg\" data-dt-img-description=\"\" data-large_image_width=\"2048\" data-large_image_height=\"1536\"><img loading=\"lazy\" decoding=\"async\" class=\"size-medium wp-image-137467 alignleft\" src=\"https:\/\/www.radiopiu.net\/wordpress\/wp-content\/uploads\/2020\/05\/287e8b52-584a-4050-b7f6-8034ea6aebc3-300x225.jpg\" alt=\"\" width=\"300\" height=\"225\" srcset=\"https:\/\/www.radiopiu.net\/wordpress\/wp-content\/uploads\/2020\/05\/287e8b52-584a-4050-b7f6-8034ea6aebc3-300x225.jpg 300w, https:\/\/www.radiopiu.net\/wordpress\/wp-content\/uploads\/2020\/05\/287e8b52-584a-4050-b7f6-8034ea6aebc3-1024x768.jpg 1024w, https:\/\/www.radiopiu.net\/wordpress\/wp-content\/uploads\/2020\/05\/287e8b52-584a-4050-b7f6-8034ea6aebc3-768x576.jpg 768w, https:\/\/www.radiopiu.net\/wordpress\/wp-content\/uploads\/2020\/05\/287e8b52-584a-4050-b7f6-8034ea6aebc3-1536x1152.jpg 1536w, https:\/\/www.radiopiu.net\/wordpress\/wp-content\/uploads\/2020\/05\/287e8b52-584a-4050-b7f6-8034ea6aebc3.jpg 2048w\" sizes=\"auto, (max-width: 300px) 100vw, 300px\" \/><\/a>ALPAGO<\/strong> Si \u00e8 concluso nei giorni scorsi un importante intervento di manutenzione e integrazione della segnaletica stradale orizzontale, in particolar modo per quanto riguarda la zona industriale di Paludi. Nello specifico, nel piazzale in via dell&#8217;Industria dove vi erano 45 posti auto e 8 stalli per i camion, sono state realizzate 95 piazzole di sosta per autovetture; 14 nuovi stalli per i camion e gli autoarticolati sono stati invece individuati in un\u2019area adiacente, a circa 500 metri di distanza.\u00a0Non \u00e8 tutto. Sono stati infatti ripassati i passaggi pedonali della zona industriale e sono state tracciate, anche su richiesta di alcuni cittadini che frequentano quotidianamente la strada per recarsi al lavoro, le linee di demarcazione della carreggiata lungo via Iginio Lasta, dove la banchina era poco visibile.\u00a0\u201c<em>Sicurezza stradale per automobilisti e pedoni, decoro urbano e ottimizzazione degli spazi di sosta per aziende e lavoratori: sono questi gli obiettivi che hanno mosso l\u2019intervento sulla segnaletica a Paludi\u201d, commenta l\u2019assessore del Comune di Alpago Federico Costa, che aggiunge: \u201cVoglio ringraziare anche i cittadini che, grazie al modulo per le segnalazioni in uso, ci fanno pervenire le loro richieste e i loro suggerimenti spesso molto utili a programmare l\u2019attivit\u00e0 nella maniera pi\u00f9 utile per la collettivit\u00e0 e il territorio, come \u00e8 avvenuto in questo caso<\/em>\u201d.<\/p>\n<p>&nbsp;<\/p>\n<p>&nbsp;<\/p>\n<hr \/>\n<p>&nbsp;<\/p>\n<p>&nbsp;<\/p>\n<blockquote>\n<h3>INCONTRO COMUNE-ASCOM SULL&#8217;AMPLIAMENTO AGEVOLATO PLATEATICI, COLLABORAZIONE FONDAMENTALE.<\/h3>\n<\/blockquote>\n<p><a class=\"dt-pswp-item\" href=\"https:\/\/www.radiopiu.net\/wordpress\/wp-content\/uploads\/2020\/05\/Videoconferenza-Comune-Ascom.jpg\" data-dt-img-description=\"\" data-large_image_width=\"1899\" data-large_image_height=\"737\"><img loading=\"lazy\" decoding=\"async\" class=\"size-medium wp-image-137539 alignleft\" src=\"https:\/\/www.radiopiu.net\/wordpress\/wp-content\/uploads\/2020\/05\/Videoconferenza-Comune-Ascom-300x116.jpg\" alt=\"\" width=\"300\" height=\"116\" srcset=\"https:\/\/www.radiopiu.net\/wordpress\/wp-content\/uploads\/2020\/05\/Videoconferenza-Comune-Ascom-300x116.jpg 300w, https:\/\/www.radiopiu.net\/wordpress\/wp-content\/uploads\/2020\/05\/Videoconferenza-Comune-Ascom-1024x397.jpg 1024w, https:\/\/www.radiopiu.net\/wordpress\/wp-content\/uploads\/2020\/05\/Videoconferenza-Comune-Ascom-768x298.jpg 768w, https:\/\/www.radiopiu.net\/wordpress\/wp-content\/uploads\/2020\/05\/Videoconferenza-Comune-Ascom-1536x596.jpg 1536w, https:\/\/www.radiopiu.net\/wordpress\/wp-content\/uploads\/2020\/05\/Videoconferenza-Comune-Ascom.jpg 1899w\" sizes=\"auto, (max-width: 300px) 100vw, 300px\" \/><\/a><strong>BELLUNO<\/strong> Si \u00e8 tenuto ieri in videoconferenza l&#8217;incontro tra i rappresentanti del Comune di Belluno e i vertici di Confcommercio Belluno per illustrare alcuni passaggi tecnici delle nuove norme che agevolano l&#8217;ampliamento o la nuova occupazione di suolo pubblico da parte degli esercizi commerciali. Al confronto hanno partecipato il sindaco Jacopo Massaro, l&#8217;assessore Yuki d&#8217;Emilia, il comandante della Polizia Locale Roberto Rossetti, e il presidente e il direttore di Confcommercio Belluno, Paolo Doglioni e Luca Dal Poz. L&#8217;incontro di questa mattina \u00e8 servito soprattutto per chiarire la situazione in cui si trovano Comune e commercianti, e per definire alcune richieste e alcuni passaggi tecnici per inoltrare le richieste relative ai plateatici, come i contatti ai quali inviare la documentazione, formati e requisiti della planimetria, etc. Si \u00e8 anche gi\u00e0 definita una \u201cvia breve\u201d per la presentazione e l&#8217;approvazione delle richieste, cos\u00ec da accelerare le pratiche e poter riscontrare rapidamente eventuali aree in conflitto tra le diverse domande. \u00abAbbiamo ripreso il dialogo su questo tema con Ascom, dopo che avevamo sospeso la discussione in seguito ai decreti che hanno sancito la chiusura dei pubblici esercizi. &#8211; commenta Massaro \u2013 Prima del lockdown, infatti, proprio con Confcommercio avevamo steso la base per questa procedura agevolata di ampliamento; ora che il nostro provvedimento \u00e8 ufficiale e che pare si vada verso una piena riapertura di tutti gli esercizi commerciali in Veneto, abbiamo definito e comunicato gli ultimi particolari operativi, cos\u00ec da poter far arrivare i nostri commercianti pronti alla ripartenza. L&#8217;incontro \u00e8 stato utile per approfondire le necessit\u00e0 dei commercianti e raccogliere le loro osservazioni, ma anche per confrontarci sulle difficolt\u00e0 comuni. Pensiamo per esempio alla COSAP, di cui abbiamo gi\u00e0 sospeso il pagamento almeno fino a luglio in attesa di una cancellazione da parte del Governo che, per\u00f2, aprirebbe una nuova voragine nelle casse dei Comuni. Se non ci saranno provvedimenti economici seri e importanti per gli enti locali, non ci sar\u00e0 altra soluzione che tagliare i servizi\u00bb.<\/p>\n<p>&nbsp;<\/p>\n<hr \/>\n<p>&nbsp;<\/p>\n<div class=\"page-title-head hgroup\">\n<blockquote>\n<h3 class=\"entry-title\">DILLO A RADIO PIU\u2019: LA PANACE DI MANTEGAZZA<\/h3>\n<\/blockquote>\n<\/div>\n<div class=\"page-title-breadcrumbs\">\n<p><strong><a class=\"dt-pswp-item\" href=\"https:\/\/www.radiopiu.net\/wordpress\/wp-content\/uploads\/2020\/05\/panace.jpg\" data-dt-img-description=\"\" data-large_image_width=\"196\" data-large_image_height=\"257\"><img loading=\"lazy\" decoding=\"async\" class=\"size-full wp-image-137357 alignleft\" src=\"https:\/\/www.radiopiu.net\/wordpress\/wp-content\/uploads\/2020\/05\/panace.jpg\" alt=\"\" width=\"196\" height=\"257\" \/><\/a>RADIO PIU&#8217;<\/strong> Riceviamo e pubblichiamo una lettera arrivata in redazione<\/p>\n<blockquote><p><strong><em>LA LETTERA<\/em><\/strong><\/p>\n<p><em>L&#8217;anno scorso avete pubblicato un articolo dove si dava l&#8217;allarme per una pianta &#8220;Panace di Mantegazza&#8221; : la Panace di Manategazza \u00e8 una pianta di cui\u00a0 siero e polline causano ustioni alla pelle\u00a0 anche piuttosto gravi (addirittura cecit\u00e0 se toccano gli occhi). Grazie a quell&#8217;articolo e ad una consulenza del Comandante della stazione della forestale di Agordo ho individuato\u00a0 vicino all&#8217;orto di casa e nel prato del vicino alcuni esemplari, che sono stati estirpati con le dovute cautele. Cos\u00ec si \u00e8 risolta la misteriosa malattia della pelle che per anni aveva portato un conoscente\u00a0 a curarsi pi\u00f9 volte con antibiotici vari (le ustioni difatti poi degenerano in infezioni che si estendono). In questi giorni ho individuato altre piantine, ancora in via di crescita in vari luoghi a Veran, in genere sui bordi delle strade o in zone poco curate. Forse sarebbe meglio rinnovare l&#8217;allarme per gli abitanti (e non solo di Veran , visto che i semi possono diffondersi facilmente ovunque) magari pubblicando una foto. Allego una foto da internet: sono caratteristiche le foglie frastagliate, visto che ancora il fiore (per fortuna) non \u00e8 ancora apparso. Non \u00e8 una pianta locale, \u00e8 stata importata come pianta ornamentale: classificata &#8220;la pi\u00f9 pericolosa d&#8217;Europa&#8221;. Si deve estirpare possibilmente con tutta la sua lunga radice , indossando guanti e poi va gettata in un sacchetto nel secco (non nell&#8217;umido, perch\u00e8 si potrebbe riprodurre). Quell&#8217;articolo\u00a0 \u00e8 stato utilissimo . In caso per altre info si pu\u00f2 chiedere ai forestali, sempre gentilissimi.<\/em><\/p>\n<p><em>Lettera Firmata<\/em><\/p><\/blockquote>\n<p>&nbsp;<\/p>\n<p><strong>ECCO L&#8217;ARTICOLO PUBBICATO LO SCORSO 1 AGOSTO 2019<\/strong><\/p>\n<h2>Piante pericolose in Agordino, neanche la tempesta Vaia \u00e8 riuscita a estirparle.<\/h2>\n<p><em>inviato da Ylenia Vassere<\/em><\/p>\n<p>La Panace di Mantegazza (Heracleum Mantegazzianum, Hogweed in inglese) \u00e8 un\u2019ombrellifera che pu\u00f2 raggiungere i 2.5-4 metri d\u2019altezza nell\u2019arco di una stagione vegetativa, le sue foglie hanno grandi dimensioni ( molto pi\u00f9 grandi di quelle \u201csimili\u201d che normalmente troviamo nei nostri prati) , profondamente divise, con piccoli ricci di aculei.<br \/>\nLe infiorescenze, larghe anche mezzo metro, fioriscono in estate e le radici sono tenaci a tal punto che nemmeno Vaia \u00e8 stata in grado di estirpare completamente e in alcuni luoghi , purtroppo, hanno fatto la loro ricomparsa anche quest\u2019anno in Agordino. E\u2019 una pianta originaria del Caucaso, introdotta dagli inglesi a scopo decorativo quando ancora non si era a conoscenza della sua pericolosit\u00e0 e rapidamente diffusasi lungo i corsi d\u2019acqua di tutta Europa. E proprio lunghi i corsi d\u2019acqua dell\u2019Agordino gi\u00e0 era stata avvistata tra Cencenighe e Listolade e segnalata ufficialmente gli scorsi anni (zona La Stanga lungo la Statale Agordina nel 2006). Si tratta di una pianta pericolosa, perch\u00e9 il contatto con i fiori crea uno stato infiammatorio (fitofotodermatite) caratterizzato da arrossamenti, rash cutanei e lesioni papulovescicolari anche persistenti ed \u00e8 anche una pianta invasiva in grado di diffondersi velocemente e considerata una delle specie vegetali pi\u00f9 dannose in Europa. <strong>Attualmente in Agordino sono presenti tre esemplari lungo il torrente Missiaga, zona Crostolin di Agordo e sono sopravvissute incredibilmente alla furia della tempesta di Ottobre 2018 che ha portato via metri di argine ma non \u00e8 riuscita a scalfirne le radici che continuano a produrre piante e infiorescenze (vedi foto)<\/strong><\/p>\n\n\t\t\t<style type='text\/css'>\n\t\t\t\t#gallery-1 {\n\t\t\t\t\tmargin: auto;\n\t\t\t\t}\n\t\t\t\t#gallery-1 .gallery-item {\n\t\t\t\t\tfloat: left;\n\t\t\t\t\tmargin-top: 10px;\n\t\t\t\t\ttext-align: center;\n\t\t\t\t\twidth: 33%;\n\t\t\t\t}\n\t\t\t\t#gallery-1 img {\n\t\t\t\t\tborder: 2px solid #cfcfcf;\n\t\t\t\t}\n\t\t\t\t#gallery-1 .gallery-caption {\n\t\t\t\t\tmargin-left: 0;\n\t\t\t\t}\n\t\t\t\t\/* see gallery_shortcode() in wp-includes\/media.php *\/\n\t\t\t<\/style>\n\t\t<div id='gallery-1' class='dt-gallery-container gallery galleryid-137402 gallery-columns-3 gallery-size-medium'><dl class='gallery-item'>\n\t\t\t\t<dt class='gallery-icon portrait'>\n\t\t\t\t\t<a class=\"rollover rollover-zoom dt-pswp-item\" title=\"P_20180626_142056_SRES\" data-dt-img-description=\"\" data-large_image_width=\"1199\" data-large_image_height=\"1600\"href='https:\/\/www.radiopiu.net\/wordpress\/wp-content\/uploads\/2019\/07\/P_20180626_142056_SRES.jpg'><img loading=\"lazy\" decoding=\"async\" width=\"225\" height=\"300\" src=\"https:\/\/www.radiopiu.net\/wordpress\/wp-content\/uploads\/2019\/07\/P_20180626_142056_SRES-225x300.jpg\" class=\"attachment-medium size-medium\" alt=\"\" srcset=\"https:\/\/www.radiopiu.net\/wordpress\/wp-content\/uploads\/2019\/07\/P_20180626_142056_SRES-225x300.jpg 225w, https:\/\/www.radiopiu.net\/wordpress\/wp-content\/uploads\/2019\/07\/P_20180626_142056_SRES-768x1025.jpg 768w, https:\/\/www.radiopiu.net\/wordpress\/wp-content\/uploads\/2019\/07\/P_20180626_142056_SRES-767x1024.jpg 767w, https:\/\/www.radiopiu.net\/wordpress\/wp-content\/uploads\/2019\/07\/P_20180626_142056_SRES.jpg 1199w\" sizes=\"auto, (max-width: 225px) 100vw, 225px\" \/><\/a>\n\t\t\t\t<\/dt><\/dl><dl class='gallery-item'>\n\t\t\t\t<dt class='gallery-icon portrait'>\n\t\t\t\t\t<a class=\"rollover rollover-zoom dt-pswp-item\" title=\"2019pm\" data-dt-img-description=\"\" data-large_image_width=\"1200\" data-large_image_height=\"1600\"href='https:\/\/www.radiopiu.net\/wordpress\/wp-content\/uploads\/2019\/07\/2019pm.jpg'><img loading=\"lazy\" decoding=\"async\" width=\"225\" height=\"300\" src=\"https:\/\/www.radiopiu.net\/wordpress\/wp-content\/uploads\/2019\/07\/2019pm-225x300.jpg\" class=\"attachment-medium size-medium\" alt=\"\" srcset=\"https:\/\/www.radiopiu.net\/wordpress\/wp-content\/uploads\/2019\/07\/2019pm-225x300.jpg 225w, https:\/\/www.radiopiu.net\/wordpress\/wp-content\/uploads\/2019\/07\/2019pm-768x1024.jpg 768w, https:\/\/www.radiopiu.net\/wordpress\/wp-content\/uploads\/2019\/07\/2019pm.jpg 1200w\" sizes=\"auto, (max-width: 225px) 100vw, 225px\" \/><\/a>\n\t\t\t\t<\/dt><\/dl><dl class='gallery-item'>\n\t\t\t\t<dt class='gallery-icon portrait'>\n\t\t\t\t\t<a class=\"rollover rollover-zoom dt-pswp-item\" title=\"2019\" data-dt-img-description=\"\" data-large_image_width=\"1200\" data-large_image_height=\"1600\"href='https:\/\/www.radiopiu.net\/wordpress\/wp-content\/uploads\/2019\/07\/2019.jpg'><img loading=\"lazy\" decoding=\"async\" width=\"225\" height=\"300\" src=\"https:\/\/www.radiopiu.net\/wordpress\/wp-content\/uploads\/2019\/07\/2019-225x300.jpg\" class=\"attachment-medium size-medium\" alt=\"\" srcset=\"https:\/\/www.radiopiu.net\/wordpress\/wp-content\/uploads\/2019\/07\/2019-225x300.jpg 225w, https:\/\/www.radiopiu.net\/wordpress\/wp-content\/uploads\/2019\/07\/2019-768x1024.jpg 768w, https:\/\/www.radiopiu.net\/wordpress\/wp-content\/uploads\/2019\/07\/2019.jpg 1200w\" sizes=\"auto, (max-width: 225px) 100vw, 225px\" \/><\/a>\n\t\t\t\t<\/dt><\/dl><br style=\"clear: both\" \/>\n\t\t\t<\/div>\n\n<p>&nbsp;<\/p>\n<p>&nbsp;<\/p>\n<hr \/>\n<\/div>\n<p>&nbsp;<\/p>\n<p>&nbsp;<\/p>\n<blockquote>\n<h3>IL MESSAGGIO DAL CORO AGORDO IN ATTESA DEI PROSSIMI CONCERTI<\/h3>\n<\/blockquote>\n<div style=\"text-align: left;\"><a class=\" _3mf5 _3mg0\" tabindex=\"-1\" href=\"https:\/\/www.facebook.com\/roberta.conedera?comment_id=Y29tbWVudDozODI3NDQ2MTIzOTM4OTA2XzM4Mjc3MTcyMDcyNDUxMzE%3D\" aria-hidden=\"true\" data-hovercard=\"\/ajax\/hovercard\/user.php?id=1811797759\"><img loading=\"lazy\" decoding=\"async\" class=\"_3me- _3mf1 img alignleft\" src=\"https:\/\/scontent.fmxp1-1.fna.fbcdn.net\/v\/t1.0-1\/cp0\/c0.8.32.32a\/p32x32\/1972430_10200501409257037_1151353560_n.jpg?_nc_cat=106&amp;_nc_sid=7206a8&amp;_nc_ohc=xfVPJ2kVEgMAX8kkBih&amp;_nc_ht=scontent.fmxp1-1.fna&amp;oh=cdf33b918d49b2113d5f2403decda259&amp;oe=5EDFA97E\" alt=\"Roberta Conedera\" width=\"39\" height=\"39\" \/><\/a><strong>AGORDO<\/strong> \u00a0<a class=\"_6qw4\" href=\"https:\/\/www.facebook.com\/roberta.conedera?comment_id=Y29tbWVudDozODI3NDQ2MTIzOTM4OTA2XzM4Mjc3MTcyMDcyNDUxMzE%3D\" data-hovercard=\"\/ajax\/hovercard\/user.php?id=1811797759&amp;extragetparams={&quot;directed_target_id&quot;: &quot; &quot;}\">Roberta Conedera<\/a>\u00a0 direttore del Coro Agordo lancia un messaggio <span dir=\"ltr\"><span class=\"_3l3x\"><em>\u00a0&#8220;Anche se non ne sentiamo le voci. Il Coro \u00e8 nel cuore e nello spirito di chi si sta impegnando da casa per farlo vivere e rinascere appena si <a class=\"dt-pswp-item\" href=\"https:\/\/www.radiopiu.net\/wordpress\/wp-content\/uploads\/2020\/05\/14883463_1700043070012566_3854220570916248897_o.jpg\" data-dt-img-description=\"\" data-large_image_width=\"960\" data-large_image_height=\"960\"><img loading=\"lazy\" decoding=\"async\" class=\"wp-image-137501 alignright\" src=\"https:\/\/www.radiopiu.net\/wordpress\/wp-content\/uploads\/2020\/05\/14883463_1700043070012566_3854220570916248897_o-300x300.jpg\" alt=\"\" width=\"160\" height=\"160\" srcset=\"https:\/\/www.radiopiu.net\/wordpress\/wp-content\/uploads\/2020\/05\/14883463_1700043070012566_3854220570916248897_o-300x300.jpg 300w, https:\/\/www.radiopiu.net\/wordpress\/wp-content\/uploads\/2020\/05\/14883463_1700043070012566_3854220570916248897_o-150x150.jpg 150w, https:\/\/www.radiopiu.net\/wordpress\/wp-content\/uploads\/2020\/05\/14883463_1700043070012566_3854220570916248897_o-768x768.jpg 768w, https:\/\/www.radiopiu.net\/wordpress\/wp-content\/uploads\/2020\/05\/14883463_1700043070012566_3854220570916248897_o.jpg 960w\" sizes=\"auto, (max-width: 160px) 100vw, 160px\" \/><\/a>potr\u00e0. Vi aspettiamo ai nostri concerti per raccontarvi le nostre storie che poi sono quelle di tutti&#8221;.<\/em>\u00a0 E allora forza aggiungiamo noi per una ripartenza di slancio e a tutta musica, i sostenitori del buon canto di montagna non aspettano altro che risentire le nostre ugole d&#8217;oro per ri emezionarsi come da sempre. <em>&#8220;Infine &#8211; continua Roberta Conedera &#8211;\u00a0 una \u00a0riflessione per\u00a0 ricordare che, nonostante le difficolt\u00e0, noi ce la stiamo mettendo tutta per fare prove (in versione smart working) perch\u00e9 siamo certi che torneremo a cantare tutti insieme, prestissimo&#8221;<\/em><\/span><\/span><\/div>\n<blockquote><p><em>Quando la tempesta sar\u00e0 finita, probabilmente non saprai neanche tu come hai fatto ad attraversarla e a uscirne vivo. Anzi, non sarai neanche sicuro se sia finita per davvero. Ma su un punto non c&#8217;\u00e8 dubbio&#8230; Ed \u00e8 che tu, uscito da quel vento, non sarai lo stesso che vi \u00e8 entrato.\u201d<\/em><br \/>\n<em>H. Murakami<\/em><\/p>\n<p>&nbsp;<\/p><\/blockquote>\n<hr \/>\n<p>&nbsp;<\/p>\n<p>&nbsp;<\/p>\n<h3>RIPARTONO I CORSI PER DIVENTARE AGENTE DI COMMERCIO<\/h3>\n<p><strong>BELLUNO<\/strong>\u00a0 Ripartono i corsi per diventare agenti di commercio. Il primo al via gi\u00e0 il 18 maggio. A darne notizia \u00e8 Usarci \u2013 Unione sindacati agenti e rappresentanti di commercio italiani &#8211; che annuncia come la pandemia in corso e le restrizioni legate agli spostamenti non fermino la formazione della categoria che, semplicemente, diventa online. Il corso dar\u00e0 modo a chi non ha i requisiti di diventare agente di commercio regolarmente iscritto ad Enasarco. Le lezioni potranno essere comodamente seguite da casa propria e solo l\u2019esame finale dovr\u00e0 essere svolto a Napoli, sede dell\u2019ente erogatore. Il corso ha un costo di 380 euro (tutto compreso) e alle sedi verr\u00e0 riconosciuto dalla Federazione un contributo per ogni iscritto.<\/p>\n<p>&nbsp;<\/p>\n<p>&nbsp;<\/p>\n<hr \/>\n<p>&nbsp;<\/p>\n<blockquote class=\"wp-embedded-content\" data-secret=\"c9OnCRndEe\"><p><a href=\"https:\/\/www.radiopiu.net\/wordpress\/una-storia-sullamicizia-con-la-maestra-chiara\/\">UNA STORIA SULL&#8217;AMICIZIA CON LA MAESTRA CHIARA<\/a><\/p><\/blockquote>\n<p><iframe loading=\"lazy\" title=\"&#8220;UNA STORIA SULL&#8217;AMICIZIA CON LA MAESTRA CHIARA&#8221; &#8212; Radio Pi\u00f9\" class=\"wp-embedded-content\" sandbox=\"allow-scripts\" security=\"restricted\" style=\"position: absolute; clip: rect(1px, 1px, 1px, 1px);\" src=\"https:\/\/www.radiopiu.net\/wordpress\/una-storia-sullamicizia-con-la-maestra-chiara\/embed\/#?secret=c9OnCRndEe\" data-secret=\"c9OnCRndEe\" width=\"600\" height=\"338\" frameborder=\"0\" marginwidth=\"0\" marginheight=\"0\" scrolling=\"no\"><\/iframe><\/p>\n<p>&nbsp;<\/p>\n<hr \/>\n<p>&nbsp;<\/p>\n<p>&nbsp;<\/p>\n<blockquote class=\"wp-embedded-content\" data-secret=\"JRaEOpjTX3\"><p><a href=\"https:\/\/www.radiopiu.net\/wordpress\/il-cadorino-di-pieve-jacobi-giurista-e-cultore-di-tiziano-di-renato-bona\/\">IL CADORINO (DI PIEVE) JACOBI: GIURISTA E CULTORE DI TIZIANO di RENATO BONA<\/a><\/p><\/blockquote>\n<p><iframe loading=\"lazy\" title=\"&#8220;IL CADORINO (DI PIEVE) JACOBI: GIURISTA E CULTORE DI TIZIANO di RENATO BONA&#8221; &#8212; Radio Pi\u00f9\" class=\"wp-embedded-content\" sandbox=\"allow-scripts\" security=\"restricted\" style=\"position: absolute; clip: rect(1px, 1px, 1px, 1px);\" src=\"https:\/\/www.radiopiu.net\/wordpress\/il-cadorino-di-pieve-jacobi-giurista-e-cultore-di-tiziano-di-renato-bona\/embed\/#?secret=JRaEOpjTX3\" data-secret=\"JRaEOpjTX3\" width=\"600\" height=\"338\" frameborder=\"0\" marginwidth=\"0\" marginheight=\"0\" scrolling=\"no\"><\/iframe><\/p>\n<p>&nbsp;<\/p>\n<hr \/>\n<p>&nbsp;<\/p>\n<p>&nbsp;<\/p>\n<blockquote class=\"wp-embedded-content\" data-secret=\"0kBuBqS2iX\"><p><a href=\"https:\/\/www.radiopiu.net\/wordpress\/la-vacanza-sicura-a-sagron-mis-venerdi-alle-16-lo-speciale-alla-radio\/\">LA VACANZA SICURA A SAGRON MIS, VENERDI ALLE 16  LO SPECIALE ALLA RADIO<\/a><\/p><\/blockquote>\n<p><iframe loading=\"lazy\" title=\"&#8220;LA VACANZA SICURA A SAGRON MIS, VENERDI ALLE 16  LO SPECIALE ALLA RADIO&#8221; &#8212; Radio Pi\u00f9\" class=\"wp-embedded-content\" sandbox=\"allow-scripts\" security=\"restricted\" style=\"position: absolute; clip: rect(1px, 1px, 1px, 1px);\" src=\"https:\/\/www.radiopiu.net\/wordpress\/la-vacanza-sicura-a-sagron-mis-venerdi-alle-16-lo-speciale-alla-radio\/embed\/#?secret=0kBuBqS2iX\" data-secret=\"0kBuBqS2iX\" width=\"600\" height=\"338\" frameborder=\"0\" marginwidth=\"0\" marginheight=\"0\" scrolling=\"no\"><\/iframe><\/p>\n<p>&nbsp;<\/p>\n<p>&nbsp;<\/p>\n<hr \/>\n<p>&nbsp;<\/p>\n<p>&nbsp;<\/p>\n<h2>IERI ALLA RADIO<\/h2>\n<p><a class=\"dt-pswp-item\" href=\"https:\/\/www.radiopiu.net\/wordpress\/wp-content\/uploads\/2020\/05\/OSPI.jpg\" data-dt-img-description=\"\" data-large_image_width=\"1300\" data-large_image_height=\"1300\"><img loading=\"lazy\" decoding=\"async\" class=\"size-medium wp-image-137411 alignleft\" src=\"https:\/\/www.radiopiu.net\/wordpress\/wp-content\/uploads\/2020\/05\/OSPI-300x300.jpg\" alt=\"\" width=\"300\" height=\"300\" srcset=\"https:\/\/www.radiopiu.net\/wordpress\/wp-content\/uploads\/2020\/05\/OSPI-300x300.jpg 300w, https:\/\/www.radiopiu.net\/wordpress\/wp-content\/uploads\/2020\/05\/OSPI-1024x1024.jpg 1024w, https:\/\/www.radiopiu.net\/wordpress\/wp-content\/uploads\/2020\/05\/OSPI-150x150.jpg 150w, https:\/\/www.radiopiu.net\/wordpress\/wp-content\/uploads\/2020\/05\/OSPI-768x768.jpg 768w, https:\/\/www.radiopiu.net\/wordpress\/wp-content\/uploads\/2020\/05\/OSPI.jpg 1300w\" sizes=\"auto, (max-width: 300px) 100vw, 300px\" \/><\/a><strong>LAURA GOBBIS, OSPITALIT\u00c0 DIFFUSA CONCA AGORDINA<\/strong><\/p>\n<p><strong>di Claudio Fontanive\u00a0<\/strong><\/p>\n<audio class=\"wp-audio-shortcode\" id=\"audio-137402-16\" preload=\"none\" style=\"width: 100%;\" controls=\"controls\"><source type=\"audio\/mpeg\" src=\"https:\/\/www.radiopiu.net\/wordpress\/wp-content\/uploads\/2020\/05\/laura-gobbis-ospitalia-13-maggio.mp3?_=16\" \/><a href=\"https:\/\/www.radiopiu.net\/wordpress\/wp-content\/uploads\/2020\/05\/laura-gobbis-ospitalia-13-maggio.mp3\">https:\/\/www.radiopiu.net\/wordpress\/wp-content\/uploads\/2020\/05\/laura-gobbis-ospitalia-13-maggio.mp3<\/a><\/audio>\n<p>&nbsp;<\/p>\n<p>&nbsp;<\/p>\n<hr \/>\n<p>&nbsp;<\/p>\n<p><strong><a class=\"dt-pswp-item\" href=\"https:\/\/www.radiopiu.net\/wordpress\/wp-content\/uploads\/2020\/04\/FEMCA-CISL.png\" data-dt-img-description=\"\" data-large_image_width=\"225\" data-large_image_height=\"225\"><img loading=\"lazy\" decoding=\"async\" class=\"size-full wp-image-127312 alignleft\" src=\"https:\/\/www.radiopiu.net\/wordpress\/wp-content\/uploads\/2020\/04\/FEMCA-CISL.png\" alt=\"\" width=\"225\" height=\"225\" srcset=\"https:\/\/www.radiopiu.net\/wordpress\/wp-content\/uploads\/2020\/04\/FEMCA-CISL.png 225w, https:\/\/www.radiopiu.net\/wordpress\/wp-content\/uploads\/2020\/04\/FEMCA-CISL-150x150.png 150w\" sizes=\"auto, (max-width: 225px) 100vw, 225px\" \/><\/a>CISL, LA VOCE DEI LAVORATORI<\/strong><\/p>\n<p>Con Nicola Brancher e Paolo Chissal\u00e8 si parla di ripartenza<\/p>\n<audio class=\"wp-audio-shortcode\" id=\"audio-137402-17\" preload=\"none\" style=\"width: 100%;\" controls=\"controls\"><source type=\"audio\/mpeg\" src=\"https:\/\/www.radiopiu.net\/wordpress\/wp-content\/uploads\/2020\/05\/CISL-LA-VOCE-DEI-LAVORATORI-CON-NICOLA-BRANCHER-E-PAOLO-CHISSALE-LA-RIPARTENZA.mp3?_=17\" \/><a href=\"https:\/\/www.radiopiu.net\/wordpress\/wp-content\/uploads\/2020\/05\/CISL-LA-VOCE-DEI-LAVORATORI-CON-NICOLA-BRANCHER-E-PAOLO-CHISSALE-LA-RIPARTENZA.mp3\">https:\/\/www.radiopiu.net\/wordpress\/wp-content\/uploads\/2020\/05\/CISL-LA-VOCE-DEI-LAVORATORI-CON-NICOLA-BRANCHER-E-PAOLO-CHISSALE-LA-RIPARTENZA.mp3<\/a><\/audio>\n<p>&nbsp;<\/p>\n<h3><span style=\"color: #ff00ff;\">IN VIVO VERSO<\/span><\/h3>\n<p>&nbsp;<\/p>\n<blockquote class=\"wp-embedded-content\" data-secret=\"tp90H3fZNV\"><p><a href=\"https:\/\/www.radiopiu.net\/wordpress\/ancora-sera-di-emy-franceschini\/\">ANCORA SERA di EMY FRANCESCHINI<\/a><\/p><\/blockquote>\n<p><iframe loading=\"lazy\" title=\"&#8220;ANCORA SERA di EMY FRANCESCHINI&#8221; &#8212; Radio Pi\u00f9\" class=\"wp-embedded-content\" sandbox=\"allow-scripts\" security=\"restricted\" style=\"position: absolute; clip: rect(1px, 1px, 1px, 1px);\" src=\"https:\/\/www.radiopiu.net\/wordpress\/ancora-sera-di-emy-franceschini\/embed\/#?secret=tp90H3fZNV\" data-secret=\"tp90H3fZNV\" width=\"600\" height=\"338\" frameborder=\"0\" marginwidth=\"0\" marginheight=\"0\" scrolling=\"no\"><\/iframe><\/p>\n<p>&nbsp;<\/p>\n<p>LA COLLEZIONE COMPLETA<\/p>\n<blockquote class=\"wp-embedded-content\" data-secret=\"EOh2IDGGSh\"><p><a href=\"https:\/\/www.radiopiu.net\/wordpress\/in-vivo-verso\/\">In Vivo Verso<\/a><\/p><\/blockquote>\n<p><iframe loading=\"lazy\" title=\"&#8220;In Vivo Verso&#8221; &#8212; Radio Pi\u00f9\" class=\"wp-embedded-content\" sandbox=\"allow-scripts\" security=\"restricted\" style=\"position: absolute; clip: rect(1px, 1px, 1px, 1px);\" src=\"https:\/\/www.radiopiu.net\/wordpress\/in-vivo-verso\/embed\/#?secret=EOh2IDGGSh\" data-secret=\"EOh2IDGGSh\" width=\"600\" height=\"338\" frameborder=\"0\" marginwidth=\"0\" marginheight=\"0\" scrolling=\"no\"><\/iframe><\/p>\n<h3><span style=\"color: #ff0000;\">DUE MINUTI UN LIBRO<\/span><\/h3>\n<blockquote class=\"wp-embedded-content\" data-secret=\"nnHECAcyul\"><p><a href=\"https:\/\/www.radiopiu.net\/wordpress\/lavvocato-degli-innocenti-3\/\">L&#8217;AVVOCATO DEGLI INNOCENTI<\/a><\/p><\/blockquote>\n<p><iframe loading=\"lazy\" title=\"&#8220;L&#8217;AVVOCATO DEGLI INNOCENTI&#8221; &#8212; Radio Pi\u00f9\" class=\"wp-embedded-content\" sandbox=\"allow-scripts\" security=\"restricted\" style=\"position: absolute; clip: rect(1px, 1px, 1px, 1px);\" src=\"https:\/\/www.radiopiu.net\/wordpress\/lavvocato-degli-innocenti-3\/embed\/#?secret=nnHECAcyul\" data-secret=\"nnHECAcyul\" width=\"600\" height=\"338\" frameborder=\"0\" marginwidth=\"0\" marginheight=\"0\" scrolling=\"no\"><\/iframe><\/p>\n<p>LE ALTRE PUNTATE<\/p>\n<blockquote class=\"wp-embedded-content\" data-secret=\"Iij4mxxvyc\"><p><a href=\"https:\/\/www.radiopiu.net\/wordpress\/due-minuti-un-libro\/\">Due minuti un libro<\/a><\/p><\/blockquote>\n<p><iframe loading=\"lazy\" title=\"&#8220;Due minuti un libro&#8221; &#8212; Radio Pi\u00f9\" class=\"wp-embedded-content\" sandbox=\"allow-scripts\" security=\"restricted\" style=\"position: absolute; clip: rect(1px, 1px, 1px, 1px);\" src=\"https:\/\/www.radiopiu.net\/wordpress\/due-minuti-un-libro\/embed\/#?secret=Iij4mxxvyc\" data-secret=\"Iij4mxxvyc\" width=\"600\" height=\"338\" frameborder=\"0\" marginwidth=\"0\" marginheight=\"0\" scrolling=\"no\"><\/iframe><\/p>\n<h3><span style=\"color: #0000ff;\">AGORDINOMERON<\/span><\/h3>\n<blockquote class=\"wp-embedded-content\" data-secret=\"HqJ5fqIvPq\"><p><a href=\"https:\/\/www.radiopiu.net\/wordpress\/agordinomeron\/\">AGORDINOMERON, IL TERRITORIO SI RACCONTA Da un&#8217;idea di Gianni Santomaso<\/a><\/p><\/blockquote>\n<p><iframe loading=\"lazy\" title=\"&#8220;AGORDINOMERON, IL TERRITORIO SI RACCONTA Da un&#8217;idea di Gianni Santomaso&#8221; &#8212; Radio Pi\u00f9\" class=\"wp-embedded-content\" sandbox=\"allow-scripts\" security=\"restricted\" style=\"position: absolute; clip: rect(1px, 1px, 1px, 1px);\" src=\"https:\/\/www.radiopiu.net\/wordpress\/agordinomeron\/embed\/#?secret=HqJ5fqIvPq\" data-secret=\"HqJ5fqIvPq\" width=\"600\" height=\"338\" frameborder=\"0\" marginwidth=\"0\" marginheight=\"0\" scrolling=\"no\"><\/iframe><\/p>\n<h3><span style=\"color: #808080;\">IL MESSAGGIO DEI SACERDOTI A RADIO PIU&#8217;<\/span><\/h3>\n<blockquote class=\"wp-embedded-content\" data-secret=\"5drYXJgHfU\"><p><a href=\"https:\/\/www.radiopiu.net\/wordpress\/il-messaggio-dai-sacerdoti-della-conca-su-radio-piu-alle-7-30-e-19-30\/\">IL MESSAGGIO DAI SACERDOTI SU RADIO PIU&#8217; ALLE 7.30 E 19.30<\/a><\/p><\/blockquote>\n<p><iframe loading=\"lazy\" title=\"&#8220;IL MESSAGGIO DAI SACERDOTI SU RADIO PIU&#8217; ALLE 7.30 E 19.30&#8221; &#8212; Radio Pi\u00f9\" class=\"wp-embedded-content\" sandbox=\"allow-scripts\" security=\"restricted\" style=\"position: absolute; clip: rect(1px, 1px, 1px, 1px);\" src=\"https:\/\/www.radiopiu.net\/wordpress\/il-messaggio-dai-sacerdoti-della-conca-su-radio-piu-alle-7-30-e-19-30\/embed\/#?secret=5drYXJgHfU\" data-secret=\"5drYXJgHfU\" width=\"600\" height=\"338\" frameborder=\"0\" marginwidth=\"0\" marginheight=\"0\" scrolling=\"no\"><\/iframe><\/p>\n<p>&nbsp;<\/p>\n<hr \/>\n<p>&nbsp;<\/p>\n<p class=\"photoswipe-wrapper\"><a class=\"dt-pswp-item pspw-wrap-ready\" href=\"https:\/\/i0.wp.com\/www.radiopiu.net\/wordpress\/wp-content\/uploads\/2018\/09\/viabilita.jpeg?ssl=1\" data-dt-img-description=\"\" data-large_image_width=\"800\" data-large_image_height=\"100\"><img loading=\"lazy\" decoding=\"async\" class=\"aligncenter wp-image-61954 size-full jetpack-lazy-image jetpack-lazy-image--handled\" src=\"https:\/\/i0.wp.com\/www.radiopiu.net\/wordpress\/wp-content\/uploads\/2018\/09\/viabilita.jpeg?resize=800%2C100&amp;ssl=1\" sizes=\"auto, (max-width: 800px) 100vw, 800px\" srcset=\"https:\/\/i0.wp.com\/www.radiopiu.net\/wordpress\/wp-content\/uploads\/2018\/09\/viabilita.jpeg?w=800&amp;ssl=1 800w, https:\/\/i0.wp.com\/www.radiopiu.net\/wordpress\/wp-content\/uploads\/2018\/09\/viabilita.jpeg?resize=300%2C38&amp;ssl=1 300w, https:\/\/i0.wp.com\/www.radiopiu.net\/wordpress\/wp-content\/uploads\/2018\/09\/viabilita.jpeg?resize=768%2C96&amp;ssl=1 768w\" alt=\"\" width=\"800\" height=\"100\" data-recalc-dims=\"1\" data-lazy-loaded=\"1\" \/><\/a><\/p>\n<p>PROVINCIALE 20 DELLA VAL FIORENTINA, SELVA DI CADORE: DAL 14 FEBBRAIO AL 13 GIUGNO, CHIUSURA TOTALE TRA SOLATOR E IL CENTRO DEL PAESE ANCHE NEI GIORNI FESTIVI E PREFESTIVI, DAL CHILOMETRO 4.850 AL CHILOMETRO 5.100. TRANSITO CONSENTITO AI LOCALI CON TEMPI DI ATTESA MASSIMI STIMATI IN 30 MINUTI IN LOCALITA\u2019 SOLATOR DAL CHILOMETRO 4.400 AL CHILOMETRO 4.850<\/p>\n<p>SP641 PASSO FEDAIA DAL 27 APRILE AL 15 MAGGIO (SABATO E DOMENICA COMPRESI) SENSO UNICO ALTERNATO PER SOSTITUZIONE BARRIERE LATERALI DI SICUREZZA E CONSLIDAMENTO CIGLIO STRADALE<\/p>\n<p>REGIONALE 48 DELLE DOLOMITI, LOCALIT\u00c0 POCOL INIZIO ABITATO CORTINA, DAL 4 MAGGIO AL 12 GIUGNO SEMAFORO PER TRATTI DI 250 METRI ANCHE NEI GIORNI FESTIVI E PREFESTIVI<\/p>\n<p>REGIONALE 203 AGORDINA FINO AL 15 GIUGNO IN LOCALIT\u00c0 LA MUDA DEVIAZIONE SU VIABILIT\u00c0 PROVVISORIA, PRUDENZA<\/p>\n<p>PROVINCIALE 346 SAN PELLEGRINO DAL 4 AL 22 MAGGIO IN COMUNE DI CANALE D\u2019AGORDO SENSO UNICO ALTERNATO ESCLUSI SABATO E DOMENICA<\/p>\n<p>PROVINCIALE 12 PEDEMONTANA LOCALIT\u00c0 PONTE MAS, CHIUSURA TOTALE DI PONTE MAS DAL 4 MAGGIO AL 30 GIUGNO<\/p>\n<p>STRADA REGIONALE 48 DELLE DOLOMITI, DAL KM 110,350 AL KM 112, SENSO UNICO ALTERNATO REGOLATO DA IMPIANTO SEMAFORICO ANCHE SABATO E FESTIVI DAL 30 APRILE AL 31 MAGGIO PER POSA ELETTRODOTTO INTERRATO<\/p>\n<p>PROVINCIALE 563 DI SALESEI, DAL 4 MAGGIO AL 3 LUGLIO, SENSO UNICO ALTERNATO REGOLATO DA IMPIANTO SEMAFORICO IN LOCALIT\u00c0 DIGONERA PER MESSA IN SICUREZZA PIANO VIABILE, SABATO E FESTIVI INCLUSI<\/p>\n<p>PROVINCIALE 251 DELLA VAL DI ZOLDO E VAL CELLINA, TRA LE LOCALIT\u00c0 SOFFRANCO E MEZZOCANALE IN COMUNE DI LONGARONE, SENSO UNICO ALTERNATO REGOLATO DA IMPIANTO SEMAFORICO CON POSSIBILI BREVI INTERRUZIONI DI 10 MINUTI. SABATO E DOMENICA ESCLUSI<\/p>\n<p>PROVINCIALE 347 PASSO DURAN, LOCALITA\u2019 SANT\u2019ANDREA DI GOSALDO. FINO AL 5 GIUGNO SENSO UNICO ALTERNATO<\/p>\n<p>STRADA PROVINCIA 251 DELLA VAL DI ZOLDO E VAL CELLINA, DAL 6 AL 15 MAGGIO, SABATO E DOMENICA ESCLUSI, SENSO UNICO ALTRNATO REGOLATO DA IMPIANTO SEMAFORICO PER LAVORI DI RIPRISTINO RETI DI PROTEZIONE DEI VERSANTI<\/p>\n<p class=\"photoswipe-wrapper\">STRADA REGIONALE 48 DELLE DOLOMITI, DALLE ORE 8 DEL 12 MAGGIO ALLE 18 DEL 13 MAGGIO, INTERDIZIONE TOTALE AL TRAFFICO TRA ARABBA E IL PASSO PORDOI PER LAVORI DI RIFACIMENTO TOMBINATURA<\/p>\n<p>STRADA PROVINCIALE 347 DEL PASSO CEREDA E DURAN, DALLE 7 ALLE 18 , DAL 7 AL 29 MAGGIO, POSSIBILI TEMPORANEE INTERRUZZIONI ALLA VIABILIT\u00e0 DELLA DURATA MASSIMA DI 30 MINUTI E SENSO UNICO ALTERNATO REGOLATO DA MOVIERI PER ASFALTATURA TRATTI DI STRADA TRA PASSO DURAN E DONT<\/p>\n<p>STRADA REGIONALE 50 BIS DELLE SCALE DI PRIMOLANO, IN LOCALITA\u2019 GIARONI DI ARSIE\u2019, DALLE 8 ALLE 18, DA L\u201911 AL 15 MAGGIO, SENSO UNICO ALTERNATO REGOLATO DA IMPIANTO SEMAFORICO<\/p>\n<p>STRADA PROVINCIALE 346 DEL PASSO SAN PELLEGRINO, DAL 11 MAGGIO AL 5 GIUGNO, SENSO UNICO ALTERNATO REGOLATO DA IMPIANTO SEMOFORICO TRA FALCADE E FALCADE ALTO PER POSA CAVIDOTTO FIBRA OTTICA<\/p>\n<p>STRADA PROVINCIALE 347 DEL PASSO CEREDA E DURAN, DAL 12 MAGGIO AL 01 GIUGNO ESCLUSE DOMENICHE E FESTIVI, SENSO UNICO ALTERNATO REGOLATO DA IMPIANTO SEMAFORICO O MOVIERI IN COMUNE DI VALLE DI CADORE PER SONDAGGI GEOTECNICI<\/p>\n<p>STRADA PROVINCIALE 3 VAL IMPERINA, TRA CORDE MOLE E VALLASIN IN COMUNE DI GOSALDO, FINO AL 15 MAGGIO DALLE 8 ALLE 11:45 E DALLE 13:30 ALLE 17:30, TEMPORANEE INTERRUZIONI ALLA VIABILIT\u00e0 DELLA DURATA MASSIMA DI 30 MINUTI PER LAVORI DI TAGLIO ESBOSCO PIANTE<\/p>\n<p>STRADA REGIONALE 203 AGORDINA, ABITATO DI MASARE\u2019 DI ROCCA PIETORE. DALL\u201911 AL 22 MAGGIO, ESCLUSO SABATO E DOMENICA, DALLE 8 ALLE 17 SENSO UNICO ALTERNATO REGOLATO DA IMPIANTO SEMAFORICO PER REALIZZAZIONE IMPIANTO ILLUMINAZIONE SU PASSAGGIO PEDONALE<\/p>\n<p>&nbsp;<\/p>\n<hr \/>\n<p>&nbsp;<\/p>\n<p>&nbsp;<\/p>\n<p><a class=\"dt-pswp-item\" href=\"https:\/\/www.radiopiu.net\/wordpress\/wp-content\/uploads\/2018\/09\/sport.jpg\" data-dt-img-description=\"\" data-large_image_width=\"800\" data-large_image_height=\"100\"><img loading=\"lazy\" decoding=\"async\" class=\"alignnone wp-image-60761 size-full\" src=\"https:\/\/www.radiopiu.net\/wordpress\/wp-content\/uploads\/2018\/09\/sport.jpg\" alt=\"\" width=\"800\" height=\"100\" srcset=\"https:\/\/www.radiopiu.net\/wordpress\/wp-content\/uploads\/2018\/09\/sport.jpg 800w, https:\/\/www.radiopiu.net\/wordpress\/wp-content\/uploads\/2018\/09\/sport-300x38.jpg 300w, https:\/\/www.radiopiu.net\/wordpress\/wp-content\/uploads\/2018\/09\/sport-768x96.jpg 768w\" sizes=\"auto, (max-width: 800px) 100vw, 800px\" \/><\/a><\/p>\n<p>&nbsp;<\/p>\n<p>&nbsp;<\/p>\n<blockquote>\n<h2>TROFEO 16 COMUNI CANCELLATO DAL CORONAVIRUS<\/h2>\n<\/blockquote>\n<p><strong><a class=\"dt-pswp-item\" href=\"https:\/\/www.radiopiu.net\/wordpress\/wp-content\/uploads\/2020\/05\/92023889_2864366423790354_7189324135909031936_n.jpg\" data-dt-img-description=\"\" data-large_image_width=\"952\" data-large_image_height=\"740\"><img loading=\"lazy\" decoding=\"async\" class=\" wp-image-137500 alignleft\" src=\"https:\/\/www.radiopiu.net\/wordpress\/wp-content\/uploads\/2020\/05\/92023889_2864366423790354_7189324135909031936_n-300x233.jpg\" alt=\"\" width=\"151\" height=\"117\" srcset=\"https:\/\/www.radiopiu.net\/wordpress\/wp-content\/uploads\/2020\/05\/92023889_2864366423790354_7189324135909031936_n-300x233.jpg 300w, https:\/\/www.radiopiu.net\/wordpress\/wp-content\/uploads\/2020\/05\/92023889_2864366423790354_7189324135909031936_n-768x597.jpg 768w, https:\/\/www.radiopiu.net\/wordpress\/wp-content\/uploads\/2020\/05\/92023889_2864366423790354_7189324135909031936_n.jpg 952w\" sizes=\"auto, (max-width: 151px) 100vw, 151px\" \/><\/a>CANALE D&#8217;AGORDO<\/strong> Con un messaggio l&#8217;organizzazione canalina ha comunicato il rinvio del Trofeo 16 Comuni al prossimo anno 2021 &#8220;Abbiamo aspettato qualche settimana nella speranza che qualcosa potesse cambiare ed arrivasse qualche buona notizia, ma ad oggi non ci sono le condizioni e le garanzie per poter organizzare la manifestazione in sicurezza e serenit\u00e0. Il trofeo 16 Comuni \u00e8 la festa di tutti , \u00e8 sport, ma soprattutto divertimento, noi eravamo pronti ad accogliervi con entusiasmo ma non ci sono i presupposti per quest&#8217;anno. Un ringraziamento a tutti i volontari e associazioni che con generosit\u00e0 avevano dato la loro disponibilit\u00e0. Arrivederci all&#8217;edizione 2021.<\/p>\n<p>&nbsp;<\/p>\n<hr \/>\n<p>&nbsp;<\/p>\n<p>&nbsp;<\/p>\n<blockquote>\n<h3>LE SOCIETA&#8217; DI IHL AL LAVORO PER LA NUOVA STAGIONE<\/h3>\n<\/blockquote>\n<p><img loading=\"lazy\" decoding=\"async\" class=\"alignleft\" src=\"https:\/\/www.radiopiu.net\/wordpress\/wp-content\/uploads\/2019\/01\/HOCKEY-PORTA.jpg\" width=\"264\" height=\"132\" \/>I presidente delle societ\u00e0 di Ihl stanno lavorando per la nuova stagione in questo periodo di continue incertezze. Le societ\u00e0 intendono proseguire sulla strada gi\u00e0 percorsa. Partite, numero di stranieri e ultime novit\u00e0 presentate al pubblico nello scorso campionato, sono confermate. Si prevede la ripartenza degli incontri entro i termini delle stagioni scorse compatibilmente con la situazione pandemica. I criteri principali rimangono quelli di mantenere il buon livello tecnico proseguendo lo sviluppo delle squadre giovanili, con pronto inserimento dei giocatori pi\u00f9 preparati e meritevoli nei roster delle squadre della IHL. L\u2019obiettivo \u00e8 quello di far crescere i giovani giocatori italiani, anche in prospettiva delle future Olimpiadi invernali che si disputeranno in Italia nel 2026. La crescita dell&#8217;intero movimento non potr\u00e0 prescindere da una fattiva collaborazione con la Federazione.<\/p>\n<p>&nbsp;<\/p>\n<hr \/>\n<p>&nbsp;<\/p>\n<blockquote>\n<h2>FRANZONI SI AFFIDA ALLA FA CONSULTING PER LA GESTIONE DELL&#8217;IMMAGINE<\/h2>\n<p><em>Giovanni Franzoni \u00e8 cresciuto nello Ski College Veneto di Falcade e con il Club Agordino ha gareggiato fino alla stagione 2018-2019. Dallo scorso anno \u00e8 nelle Fiamme Gialle.\u00a0<\/em><\/p><\/blockquote>\n<div dir=\"ltr\">\n<p><span style=\"font-family: verdana, sans-serif;\"><b><a class=\"dt-pswp-item\" href=\"https:\/\/www.radiopiu.net\/wordpress\/wp-content\/uploads\/2020\/05\/da-sx-Giovanni-FRANZONI-e-Flavio-ALBERTI-2.jpeg\" data-dt-img-description=\"\" data-large_image_width=\"1600\" data-large_image_height=\"1600\"><img loading=\"lazy\" decoding=\"async\" class=\" wp-image-137512 alignleft\" src=\"https:\/\/www.radiopiu.net\/wordpress\/wp-content\/uploads\/2020\/05\/da-sx-Giovanni-FRANZONI-e-Flavio-ALBERTI-2-300x300.jpeg\" alt=\"\" width=\"228\" height=\"228\" srcset=\"https:\/\/www.radiopiu.net\/wordpress\/wp-content\/uploads\/2020\/05\/da-sx-Giovanni-FRANZONI-e-Flavio-ALBERTI-2-300x300.jpeg 300w, https:\/\/www.radiopiu.net\/wordpress\/wp-content\/uploads\/2020\/05\/da-sx-Giovanni-FRANZONI-e-Flavio-ALBERTI-2-1024x1024.jpeg 1024w, https:\/\/www.radiopiu.net\/wordpress\/wp-content\/uploads\/2020\/05\/da-sx-Giovanni-FRANZONI-e-Flavio-ALBERTI-2-150x150.jpeg 150w, https:\/\/www.radiopiu.net\/wordpress\/wp-content\/uploads\/2020\/05\/da-sx-Giovanni-FRANZONI-e-Flavio-ALBERTI-2-768x768.jpeg 768w, https:\/\/www.radiopiu.net\/wordpress\/wp-content\/uploads\/2020\/05\/da-sx-Giovanni-FRANZONI-e-Flavio-ALBERTI-2-1536x1536.jpeg 1536w, https:\/\/www.radiopiu.net\/wordpress\/wp-content\/uploads\/2020\/05\/da-sx-Giovanni-FRANZONI-e-Flavio-ALBERTI-2.jpeg 1600w\" sizes=\"auto, (max-width: 228px) 100vw, 228px\" \/><\/a>BRESCIA\u00a0 <\/b><\/span><span style=\"font-family: verdana, sans-serif;\">Giovanni Franzoni, uno dei giovani pi\u00f9 interessanti nel panorama italiano dello sci alpino, si \u00e8 affidato a\u00a0 Fa Consulting del cortinese Flavio Alberti per la gestione e la promozione della sua immagine. Franzoni, diciannove anni compiuti lo scorso 30 marzo, portacolori del Gruppo\u00a0 sciatori Fiamme Gialle, protagonista ai Mondiali Juniores la scorsa stagione (5. nel superG) e azzurro di Coppa Europa nella prossima, ha firmato un contratto biennale con l&#8217;azienda veneta che nel mondo dello sci alpino gi\u00e0 lavora con un azzurro di Coppa del mondo. <\/span><span style=\"font-family: verdana, sans-serif;\"><em>\u00abIl progetto di Flavio Alberti mi \u00e8 parso da subito valido e sono felice di aver stretto un accordo per le prossime due stagioni con un professionista che conosce a fondo il mondo dello sci alpino\u00bb <\/em>dice Giovanni Franzoni<em>.<\/em> \u00a0<\/span><em><span style=\"font-family: verdana, sans-serif;\">\u00abGiovanni \u00e8 un ragazzo di talento: lo scorso anno, ai campionati italiani assoluti di Cortina, vidi da vicino la sua gara di gigante, rimanendo impressionato non solo dal suo piazzamento, ottavo al cospetto di atleti molto pi\u00f9 esperti di lui, ma anche anche dall&#8217;approccio alla gara, condotta senza alcun timore reverenziale\u00bb <\/span><\/em>sottolinea Flavio Alberti<span style=\"font-family: verdana, sans-serif;\">. <\/span><span style=\"font-family: verdana, sans-serif;\">In attesa di tornare sulla neve, in questo periodo\u00a0 Giovanni lavora a casa insieme al fratello Alessandro, con allenamenti in bicicletta, esercizi e corpo libero e palestra. Per la prossima stagione l&#8217;obiettivo \u00e8 fare bene in Coppa Europa, cercando di crescere in particolare nello slalom.<\/span><\/p>\n<\/div>\n<p>&nbsp;<\/p>\n<p>&nbsp;<\/p>\n<p>&nbsp;<\/p>\n<p><img decoding=\"async\" class=\"aligncenter jetpack-lazy-image jetpack-lazy-image--handled\" src=\"https:\/\/i0.wp.com\/www.radiopiu.net\/wordpress\/wp-content\/uploads\/2018\/09\/WhatsApp-Image-2018-09-20-at-16.04.06.jpeg?resize=800%2C100&amp;ssl=1\" data-lazy-loaded=\"1\" \/><\/p>\n<p>&nbsp;<\/p>\n<p><center><b>Giovedi 14<\/b><\/center><b>Tempo atteso:\u00a0<\/b>Dopo le nubi basse e medie stratiformi del primo mattino, il tempo migliorer\u00e0 con rasserenamenti ampi, residui stratocumuli a ridosso delle vette e transito di nubi alte in grado di velare temporaneamente il cielo. Nel tardo pomeriggio nuvolosit\u00e0 in aumento fino a cielo coperto,con crescente rischio di fenomeni alla sera. Clima pi\u00f9 caldo a tutte le quote.<br \/>\n<b>Precipitazioni:\u00a0<\/b>Residui piovaschi nella notte (10\/20%), in giornata perlopi\u00f9 assenti (0%), in serata probabilit\u00e0 in aumento per nuove precipitazioni ad iniziare dalle Prealpi, in trasferimento verso le Dolomiti (60\/80%). La neve interesser\u00e0 solo le cime dolomitiche pi\u00f9 alte.<br \/>\n<b>Temperature:\u00a0<\/b>In generale rialzo, anche sensibile in giornata nelle valli. Sono previste punte di 21\/22\u00b0C nel fondovalle prealpini e di 16\/18\u00b0C a 1000\/1200 m. Su Prealpi a 1500 m min 8\u00b0C max 15\u00b0C, a 2000 m min 6\u00b0C max 11\u00b0C. Su Dolomiti a 2000 m min 5\u00b0C max 10\u00b0C, a 3000 m min 0\u00b0C max 2\u00b0C.<br \/>\n<b>Venti:\u00a0<\/b>Deboli, localmente moderati, anche a regime di brezza nelle valli; moderati da sud-ovest in quota, anche tesi oltre i 2200\/2400 m, a 5-20 km\/h a 2000 m e 20-35 km\/h a 3000 m.<\/p>\n<hr \/>\n<p><center><b>Venerdi 15<\/b><\/center><b>Tempo atteso:\u00a0<\/b>Nottetempo e al mattino cielo coperto con precipitazioni diffuse. Nel corso del pomeriggio parziale diradamento della nuvolosit\u00e0, ma gli addensament cumuliformi continueranno a predominare, specie sulle Prealpi. Clima di nuovo pi\u00f9 fresco in giornata, anche pi\u00f9 umido.<br \/>\n<b>Precipitazioni:\u00a0<\/b>Nottetempo e al mattino precipitazioni diffuse (80\/90%); nevose oltre i 2600\/2700 m al mattino e in calo fino sui 2500 m a fine episodio. Al pomeriggio i fenomeni diventeranno pi\u00f9 discontinui e sparsi, pi\u00f9 frequenti sulle Prealpi (60\/70%), mentre la probabilit\u00e0 sar\u00e0 minore sulle Dolomiti, assieme all&#8217;ingresso di correnti da nord-ovest.<br \/>\n<b>Temperature:\u00a0<\/b>In quota in diminuzione con minime osservate alla sera; nelle valli minime in rialzo e massime in contenuto calo. Sono previsti massimi di 16\/17\u00b0C nel fondovalle prealpini e di 11\/14\u00b0C a 1000\/1200 m. Su Prealpi a 1500 m min 7\u00b0C max 6\u00b0C, a 2000 m min 4\u00b0C max 7\u00b0C. Su Dolomiti a 2000 m min 3\u00b0C max 6\u00b0C, a 3000 m min -2\u00b0C max 0\u00b0C.<br \/>\n<b>Venti:\u00a0<\/b>Deboli di direzione variabile nelle valli; moderati da sud-est a 1500\/2000 m, anche tesi sulle dorsali prealpine, tesi\/forti da sud-ovest in alta quota al mattino, in rotazione da nord e in sensibile attenuazione nel corso del pomeriggio, a 5-25 km\/h a 2000 m e 10-35 km\/h a 3000 m.<\/p>\n<hr \/>\n<p><center><b>Sabato 16<\/b><\/center>Nottetempo ed al mattino cielo molto nuvoloso\/coperto con precipitazioni a carattere di rovescio, la neve cadr\u00e0 sulle cime dolomitiche pi\u00f9 alte. Al pomeriggio tendenza alla variabilit\u00e0 sulle Dolomiti, mentre il tempo migliorer\u00e0 parzialmente sulle Prealpi. Clima inizialmente fresco con calo delle minime nelle valli, mentre le massime saranno in lieve ripresa. Venti in quota deboli\/moderati da sud-ovest al mattino, disponendosi da ovest nord-ovest a fine giornata.<\/p>\n<hr \/>\n<p><center><b>Domenica 17<\/b><\/center>Tratti soleggiati e primi annuvolamenti stratiformi al mattino. Al pomeriggio riduzione del soleggiamento per moderata\/intensa attivit\u00e0 cumuliforme, localmente associata a qualche rovescio. Rispetto a sabato il sole sar\u00e0 pi\u00f9 presente ed i fenomeni saranno molto pi\u00f9 sporadici, anche assenti sulle Prealpi. Temperature minime in lieve calo e massime in aumento. Venti deboli\/moderati a regime di brezza nelle valli; perlopi\u00f9 deboli da sud-ovest in quota. Previsore: R.L.Th<\/p>\n","protected":false},"excerpt":{"rendered":"<p>PER RICEVERE QUESTO NOTIZIARIO DIRETTAMENTE SUL TUO CELLULARE ISCRIVITI AL CANALE TELEGRAM\u00a0\u201cRADIO PIU\u00a0 INFORMAZIONE\u201d Gestione Servizi Pubblici informa che a GOSALDO, nelle localit\u00e0 LE FOCHE, LAMBROI, DENEORE, MAGAIT, REN, SELLE, COL TAMAI, BITTI, GIARDOI, LE CASE, CURTI e INCASAL, l\u2019acqua erogata dall\u2019acquedotto non \u00e8 potabile e pu\u00f2 essere usata per scopi alimentari SOLO PREVIA bollitura&hellip;<\/p>\n","protected":false},"author":4,"featured_media":137537,"comment_status":"closed","ping_status":"closed","sticky":false,"template":"","format":"standard","meta":{"_monsterinsights_skip_tracking":false,"_monsterinsights_sitenote_active":false,"_monsterinsights_sitenote_note":"","_monsterinsights_sitenote_category":0,"footnotes":""},"categories":[1,51,86],"tags":[],"class_list":["post-137402","post","type-post","status-publish","format-standard","has-post-thumbnail","hentry","category-senza-categoria","category-evidenza-top","category-gr","category-1","category-51","category-86","description-off"],"img_url":"https:\/\/www.radiopiu.net\/wordpress\/wp-content\/uploads\/2020\/05\/feltre13maggio2-scaled.jpg","_links":{"self":[{"href":"https:\/\/www.radiopiu.net\/wordpress\/wp-json\/wp\/v2\/posts\/137402","targetHints":{"allow":["GET"]}}],"collection":[{"href":"https:\/\/www.radiopiu.net\/wordpress\/wp-json\/wp\/v2\/posts"}],"about":[{"href":"https:\/\/www.radiopiu.net\/wordpress\/wp-json\/wp\/v2\/types\/post"}],"author":[{"embeddable":true,"href":"https:\/\/www.radiopiu.net\/wordpress\/wp-json\/wp\/v2\/users\/4"}],"replies":[{"embeddable":true,"href":"https:\/\/www.radiopiu.net\/wordpress\/wp-json\/wp\/v2\/comments?post=137402"}],"version-history":[{"count":0,"href":"https:\/\/www.radiopiu.net\/wordpress\/wp-json\/wp\/v2\/posts\/137402\/revisions"}],"wp:featuredmedia":[{"embeddable":true,"href":"https:\/\/www.radiopiu.net\/wordpress\/wp-json\/wp\/v2\/media\/137537"}],"wp:attachment":[{"href":"https:\/\/www.radiopiu.net\/wordpress\/wp-json\/wp\/v2\/media?parent=137402"}],"wp:term":[{"taxonomy":"category","embeddable":true,"href":"https:\/\/www.radiopiu.net\/wordpress\/wp-json\/wp\/v2\/categories?post=137402"},{"taxonomy":"post_tag","embeddable":true,"href":"https:\/\/www.radiopiu.net\/wordpress\/wp-json\/wp\/v2\/tags?post=137402"}],"curies":[{"name":"wp","href":"https:\/\/api.w.org\/{rel}","templated":true}]}}