{"id":137440,"date":"2020-05-13T17:03:43","date_gmt":"2020-05-13T15:03:43","guid":{"rendered":"https:\/\/www.radiopiu.net\/wordpress\/?p=137440"},"modified":"2020-05-13T19:13:12","modified_gmt":"2020-05-13T17:13:12","slug":"la-procura-a-fianco-delle-persone-deboli-47enne-sottoposto-a-misura-di-sicurezza-45enne-obbligato-a-pagare-gli-alimenti-alla-famiglia","status":"publish","type":"post","link":"https:\/\/www.radiopiu.net\/wordpress\/la-procura-a-fianco-delle-persone-deboli-47enne-sottoposto-a-misura-di-sicurezza-45enne-obbligato-a-pagare-gli-alimenti-alla-famiglia\/","title":{"rendered":"LA PROCURA A FIANCO DELLE PERSONE DEBOLI, 47enne SOTTOPOSTO A MISURA DI SICUREZZA, 45enne OBBLIGATO A PAGARE GLI ALIMENTI ALLA FAMIGLIA"},"content":{"rendered":"<blockquote><p><em>In tempi di coronavirus degni di\u00a0 attenzione gli esiti di due attivit\u00e0\u00a0 dopo le tempestive denunce. Interventi efficaci\u00a0 dell&#8217;autorit\u00e0 giudiziaria\u00a0<\/em><\/p><\/blockquote>\n<p><strong><img loading=\"lazy\" decoding=\"async\" class=\"alignleft\" src=\"https:\/\/www.radiopiu.net\/wordpress\/wp-content\/uploads\/2016\/08\/violenza-sulle-donne-generica-e1396027455181.jpg\" width=\"370\" height=\"207\" \/>BELLUNO<\/strong> Un 47 enne bellunese \u00e8 sottoposto a misura di sicurezza in una struttura sanitaria, dallo scorso anno e fino a gennaio\u00a0 ha maltrattato l&#8217;anziana mamma ottantenne, percuotendola in pi\u00f9 occasioni con schiaffi e calci,\u00a0 apostrofandola con epiteti ingiuriosi e minacciandola pi\u00f9 volte di ucciderla brandendo anche un coltello.\u00a0 L&#8217;uomo di indole violenta avrebbe danneggiato e distrutto gli arredi di casa. La situazione\u00a0 \u00e9 stata segnalata ai Carabinieri\u00a0 dai figli e dagli operatori sociali, per questo il Giudice per le indagini preliminari, su richiesta del Pubblico Ministero Roberta Gallego ha emesso l&#8217;ordinanza di sicurezza ed ora \u00e8 associato ad una struttura sanitaria della provincia dove dovr\u00e0 sottoporsi a specifici programmi e trattamenti terapeutici. Per l&#8217;anziana mamma \u00e8 finito l&#8217;incubo.<\/p>\n<p><strong>FELTRE<\/strong> Secondo episodio. Nel gennaio 2020 G.B. ungherese di\u00a0 45 anni residente a Feltre \u00e8 stato arrestato in flagranza di reato mentre maltrattava la moglie. Durante l&#8217;udienza di convalida \u00e8 stata disposta nei suoi confronti la misura cautelare del divieto di avvicinamento ai luoghi frequentati dalla moglie. L&#8217;uomo\u00a0 tra l&#8217;altro non ha contribuito al\u00a0 mantenimento della moglie e dei figli se non con 50 euro mensili , costringendo la donna a ricorrere a forme di aiuto assistenziale, eppure da\u00a0 accertamenti patrimoniali l&#8217;uomo percepisce mensilmente 2.100 euro come stipendio da operaio alle dipendenze di una ditta feltrina, ovvi che ha\u00a0 volutamente\u00a0 fatto mancare i mezzi di sussistenza alla famiglia.\u00a0 Il Gip con un &#8221; ordine di pagamento&#8221; ha disposto il\u00a0 prelievo diretto dallo stipendio di 950 euro tramite il datore di lavoro.<\/p>\n<p>&nbsp;<\/p>\n","protected":false},"excerpt":{"rendered":"<p>In tempi di coronavirus degni di\u00a0 attenzione gli esiti di due attivit\u00e0\u00a0 dopo le tempestive denunce. Interventi efficaci\u00a0 dell&#8217;autorit\u00e0 giudiziaria\u00a0 BELLUNO Un 47 enne bellunese \u00e8 sottoposto a misura di sicurezza in una struttura sanitaria, dallo scorso anno e fino a gennaio\u00a0 ha maltrattato l&#8217;anziana mamma ottantenne, percuotendola in pi\u00f9 occasioni con schiaffi e calci,\u00a0&hellip;<\/p>\n","protected":false},"author":1,"featured_media":0,"comment_status":"closed","ping_status":"closed","sticky":false,"template":"","format":"standard","meta":{"_monsterinsights_skip_tracking":false,"_monsterinsights_sitenote_active":false,"_monsterinsights_sitenote_note":"","_monsterinsights_sitenote_category":0,"footnotes":""},"categories":[51,49],"tags":[],"class_list":["post-137440","post","type-post","status-publish","format-standard","hentry","category-evidenza-top","category-news-18","category-51","category-49","description-off"],"img_url":false,"_links":{"self":[{"href":"https:\/\/www.radiopiu.net\/wordpress\/wp-json\/wp\/v2\/posts\/137440","targetHints":{"allow":["GET"]}}],"collection":[{"href":"https:\/\/www.radiopiu.net\/wordpress\/wp-json\/wp\/v2\/posts"}],"about":[{"href":"https:\/\/www.radiopiu.net\/wordpress\/wp-json\/wp\/v2\/types\/post"}],"author":[{"embeddable":true,"href":"https:\/\/www.radiopiu.net\/wordpress\/wp-json\/wp\/v2\/users\/1"}],"replies":[{"embeddable":true,"href":"https:\/\/www.radiopiu.net\/wordpress\/wp-json\/wp\/v2\/comments?post=137440"}],"version-history":[{"count":0,"href":"https:\/\/www.radiopiu.net\/wordpress\/wp-json\/wp\/v2\/posts\/137440\/revisions"}],"wp:attachment":[{"href":"https:\/\/www.radiopiu.net\/wordpress\/wp-json\/wp\/v2\/media?parent=137440"}],"wp:term":[{"taxonomy":"category","embeddable":true,"href":"https:\/\/www.radiopiu.net\/wordpress\/wp-json\/wp\/v2\/categories?post=137440"},{"taxonomy":"post_tag","embeddable":true,"href":"https:\/\/www.radiopiu.net\/wordpress\/wp-json\/wp\/v2\/tags?post=137440"}],"curies":[{"name":"wp","href":"https:\/\/api.w.org\/{rel}","templated":true}]}}