{"id":137441,"date":"2020-05-13T12:30:57","date_gmt":"2020-05-13T10:30:57","guid":{"rendered":"https:\/\/www.radiopiu.net\/wordpress\/?p=137441"},"modified":"2020-05-13T13:55:00","modified_gmt":"2020-05-13T11:55:00","slug":"conferenza-stampa-del-presidente-del-veneto-luca-zaia-13-maggio-2020","status":"publish","type":"post","link":"https:\/\/www.radiopiu.net\/wordpress\/conferenza-stampa-del-presidente-del-veneto-luca-zaia-13-maggio-2020\/","title":{"rendered":"&#8220;LA CRISI MORDE ZAIA ATTACCA DI MAIO, COSA STA FACENDO IL MINISTRO DEGLI ESTERI?&#8221; CONFERENZA STAMPA DEL PRESIDENTE DEL VENETO LUCA ZAIA 13 MAGGIO 2020"},"content":{"rendered":"<p><strong>VENEZIA<\/strong>\u00a0Da Marghera il Presidente Luca Zaia fa il punto sull\u2019emergenza Covid-19<\/p>\n<p><span style=\"color: #ff0000;\">NUMERI: TAMPONI 463.692 (+9000), ISOLAMENTO 4512 (-200), POSITIVI 18813 (+31), RICOVERATI 714 (-45, 364 POSITIVI E 281 NEGATIVIZZATI), TERAPIE INTENSIVE 69 (-2, 30 POSITIVI E 39 NEGATIVI. DIMESSI 3077 (+44), MORTI OSPEDALE\u00a0 1281 TOTALE 1712 (+9). NATI 86<\/span><\/p>\n<p>&nbsp;<\/p>\n<blockquote>\n<h2>LEGGI LA CONFERENZA STAMPA DI LUCA ZAIA<\/h2>\n<\/blockquote>\n<p><em>Non siamo\u00a0 irresponsabili, ho detto a Conte di\u00a0 studiare le linee guida dell&#8217;Inail,\u00a0 in alcuni casi sono inapplicabili. Noi come Veneto con R0 delle 0,53 siamo in linea. Il Governo ci dia la stoffa, agli abiti sartoriali ci pensiamo noi, il turismo estero che non c&#8217;\u00e8: \u00e8 una tragedia, stiamo colpendo la prima industria del Veneto, quella del turismo. Cipriani dell&#8217;Harry&#8217;s Bar dice che non\u00a0 riaprir\u00e0 sulla scorta\u00a0 delle guide dell&#8217;Inail e ha ragione<\/em><\/p>\n<p>Sono passati 33 giorni dal 10 aprile e abbiamo tutti i dati positivi con il calo delle curve dei ricoverati e terapie intensive, ma anche delle uscite dall&#8217;isolamento. Oggi altro dato importante, tra i 18 mila positivi oggi abbiamo un +31 su 10mila tamponi. Bisogna ora affrontare l&#8217;apertura, quella del 18 maggio \u00e8 pi\u00f9 importante del 4 maggio. Da lunedi 18 la mascherina va usata non portata al collo. <strong>SPIAGGE<\/strong> Siamo la Regione pi\u00f9 turistica d&#8217;Italia con 32 milioni di presenze turistiche in spiaggia e quindi \u00e8 questione di vita e di morte, il distanziamento tra ombrelloni di 5 metri\u00a0 (tra file di 3 metri, tra ombrelloni di 2 metri). significa che possiamo fare entrare un camion di rimorchio. C&#8217;\u00e8 una sperequazione, ci sono attivit\u00e0 con centinaia di lavortori e sotto l&#8217;ombrellone sembra ci sia il &#8220;Vietnam&#8221; del virus. C&#8217;\u00e8 uno studio che dice che sopra il metro si puo&#8217; lavorare senza mascherina. <strong>RIAPERTURE<\/strong>\u00a0 vogliamo riaprire bar, ristoranti, spiagge, attivit\u00e0 commerciali, servizi alla persona, centri sportivi, palestre e piscine, se il Governo ci d\u00e0 la delega. L&#8217;ordinanza porter\u00e0 la mia firma&#8221;. <strong>RISTORANTI<\/strong> Per bar e ristoranti proponiamo due metri da tavolo a tavolo, gel sul tavolo, guanti e mascherina per dipendenti, mascherina per andare in bagno, misura della temperatura all&#8217;ingresso. <strong>LINEE INAIL<\/strong> per alcune attivit\u00e0 sono imbarazzantI, penso ai 4 metri da tavolo a tavolo nei ristoranti. Se passa la linea che le Regioni possono intervenire oltre le linee guida dell&#8217;Inail dopo il 1 giugno \u00e8 finita. Nel nuovo Dpcm dovr\u00e0 essere quindi essere scritto che si applicheranno le linee guida Inail se non vi siano linee guida regionali. Se il Dpcm sar\u00e0 rigido io firmo comunque l&#8217;ordinanza, ma sono fiducioso. <strong>CONSEGUENZE<\/strong> Abbiamo gi\u00e0 perso 50 mila posti di lavoro che non recupereremo in qualche ora, 35mila vengono dal turismo. Intanto la Croazia apre i corridoi con Austria e Germania, cosa sta facendo il Ministero degli Esteri? <strong>CASSA INTEGRAZIONE<\/strong> E Poi ci dicono che la cassa integrazione non \u00e8 pagata per colpa delle Regioni, e noi siamo una regione virtuosa. Non accuso nessuno. Non si inquietino i cittadini dando colpe alle regioni. Il cittadino lo abbiamo deciso ieri sera si collegher\u00e0 al portale Inps direttamente per avere un contatto diretto, per capire come mai non gli arriva lo stipendio. <strong>GRANDI EVENT<\/strong>I immagino restino queste limitazioni e slittino un po&#8217; pi\u00f9 in l\u00e0, ma sar\u00e0 scritto nel nuovo Dpcm. <strong>SPOSTAMENTI INTERREGIONALI <\/strong>stiamo\u00a0 lavorando per\u00a0 anticipare al 1 giugno e noi non chiuderemo i confini come diversamente intende fare la Campania. <strong>SECONDE CASE<\/strong> Ci saranno novit\u00e0 nell&#8217;ordinanza di lunedi, si va verso la liberalizzazione sul territorio regionale non capiamo perch\u00e9 la seconda casa sia ancora un tabu&#8217;.<\/p>\n<p>&nbsp;<\/p>\n<p>&nbsp;<\/p>\n<p>https:\/\/www.facebook.com\/zaiaufficiale\/videos\/2816363898461110<\/p>\n","protected":false},"excerpt":{"rendered":"<p>VENEZIA\u00a0Da Marghera il Presidente Luca Zaia fa il punto sull\u2019emergenza Covid-19 NUMERI: TAMPONI 463.692 (+9000), ISOLAMENTO 4512 (-200), POSITIVI 18813 (+31), RICOVERATI 714 (-45, 364 POSITIVI E 281 NEGATIVIZZATI), TERAPIE INTENSIVE 69 (-2, 30 POSITIVI E 39 NEGATIVI. DIMESSI 3077 (+44), MORTI OSPEDALE\u00a0 1281 TOTALE 1712 (+9). NATI 86 &nbsp; LEGGI LA CONFERENZA STAMPA DI&hellip;<\/p>\n","protected":false},"author":4,"featured_media":121391,"comment_status":"closed","ping_status":"closed","sticky":false,"template":"","format":"standard","meta":{"_monsterinsights_skip_tracking":false,"_monsterinsights_sitenote_active":false,"_monsterinsights_sitenote_note":"","_monsterinsights_sitenote_category":0,"footnotes":""},"categories":[49],"tags":[],"class_list":["post-137441","post","type-post","status-publish","format-standard","has-post-thumbnail","hentry","category-news-18","category-49","description-off"],"img_url":"https:\/\/www.radiopiu.net\/wordpress\/wp-content\/uploads\/2020\/03\/covid-zaia.jpg","_links":{"self":[{"href":"https:\/\/www.radiopiu.net\/wordpress\/wp-json\/wp\/v2\/posts\/137441","targetHints":{"allow":["GET"]}}],"collection":[{"href":"https:\/\/www.radiopiu.net\/wordpress\/wp-json\/wp\/v2\/posts"}],"about":[{"href":"https:\/\/www.radiopiu.net\/wordpress\/wp-json\/wp\/v2\/types\/post"}],"author":[{"embeddable":true,"href":"https:\/\/www.radiopiu.net\/wordpress\/wp-json\/wp\/v2\/users\/4"}],"replies":[{"embeddable":true,"href":"https:\/\/www.radiopiu.net\/wordpress\/wp-json\/wp\/v2\/comments?post=137441"}],"version-history":[{"count":0,"href":"https:\/\/www.radiopiu.net\/wordpress\/wp-json\/wp\/v2\/posts\/137441\/revisions"}],"wp:featuredmedia":[{"embeddable":true,"href":"https:\/\/www.radiopiu.net\/wordpress\/wp-json\/wp\/v2\/media\/121391"}],"wp:attachment":[{"href":"https:\/\/www.radiopiu.net\/wordpress\/wp-json\/wp\/v2\/media?parent=137441"}],"wp:term":[{"taxonomy":"category","embeddable":true,"href":"https:\/\/www.radiopiu.net\/wordpress\/wp-json\/wp\/v2\/categories?post=137441"},{"taxonomy":"post_tag","embeddable":true,"href":"https:\/\/www.radiopiu.net\/wordpress\/wp-json\/wp\/v2\/tags?post=137441"}],"curies":[{"name":"wp","href":"https:\/\/api.w.org\/{rel}","templated":true}]}}