{"id":137493,"date":"2020-05-13T17:00:00","date_gmt":"2020-05-13T15:00:00","guid":{"rendered":"https:\/\/www.radiopiu.net\/wordpress\/?p=137493"},"modified":"2020-05-13T17:00:00","modified_gmt":"2020-05-13T15:00:00","slug":"trofeo-16-comuni-cancellato-dal-coronavirus","status":"publish","type":"post","link":"https:\/\/www.radiopiu.net\/wordpress\/trofeo-16-comuni-cancellato-dal-coronavirus\/","title":{"rendered":"TROFEO 16 COMUNI CANCELLATO DAL CORONAVIRUS"},"content":{"rendered":"<p><strong><a class=\"dt-pswp-item\" href=\"https:\/\/www.radiopiu.net\/wordpress\/wp-content\/uploads\/2020\/05\/92023889_2864366423790354_7189324135909031936_n.jpg\" data-dt-img-description=\"\" data-large_image_width=\"952\" data-large_image_height=\"740\"><img loading=\"lazy\" decoding=\"async\" class=\" wp-image-137500 alignleft\" src=\"https:\/\/www.radiopiu.net\/wordpress\/wp-content\/uploads\/2020\/05\/92023889_2864366423790354_7189324135909031936_n-300x233.jpg\" alt=\"\" width=\"151\" height=\"117\" srcset=\"https:\/\/www.radiopiu.net\/wordpress\/wp-content\/uploads\/2020\/05\/92023889_2864366423790354_7189324135909031936_n-300x233.jpg 300w, https:\/\/www.radiopiu.net\/wordpress\/wp-content\/uploads\/2020\/05\/92023889_2864366423790354_7189324135909031936_n-768x597.jpg 768w, https:\/\/www.radiopiu.net\/wordpress\/wp-content\/uploads\/2020\/05\/92023889_2864366423790354_7189324135909031936_n.jpg 952w\" sizes=\"auto, (max-width: 151px) 100vw, 151px\" \/><\/a>CANALE D&#8217;AGORDO<\/strong> Con un messaggio l&#8217;organizzazione canalina ha comunicato il rinvio del Trofeo 16 Comuni al prossimo anno 2021 &#8220;Abbiamo aspettato qualche settimana nella speranza che qualcosa potesse cambiare ed arrivasse qualche buona notizia, ma ad oggi non ci sono le condizioni e le garanzie per poter organizzare la manifestazione in sicurezza e serenit\u00e0. Il trofeo 16 Comuni \u00e8 la festa di tutti , \u00e8 sport, ma soprattutto divertimento, noi eravamo pronti ad accogliervi con entusiasmo ma non ci sono i presupposti per quest&#8217;anno. Un ringraziamento a tutti i volontari e associazioni che con generosit\u00e0 avevano dato la loro disponibilit\u00e0. Arrivederci all&#8217;edizione 2021.<\/p>\n","protected":false},"excerpt":{"rendered":"<p>CANALE D&#8217;AGORDO Con un messaggio l&#8217;organizzazione canalina ha comunicato il rinvio del Trofeo 16 Comuni al prossimo anno 2021 &#8220;Abbiamo aspettato qualche settimana nella speranza che qualcosa potesse cambiare ed arrivasse qualche buona notizia, ma ad oggi non ci sono le condizioni e le garanzie per poter organizzare la manifestazione in sicurezza e serenit\u00e0. Il&hellip;<\/p>\n","protected":false},"author":1,"featured_media":137500,"comment_status":"closed","ping_status":"closed","sticky":false,"template":"","format":"standard","meta":{"_monsterinsights_skip_tracking":false,"_monsterinsights_sitenote_active":false,"_monsterinsights_sitenote_note":"","_monsterinsights_sitenote_category":0,"footnotes":""},"categories":[1,49],"tags":[],"class_list":["post-137493","post","type-post","status-publish","format-standard","has-post-thumbnail","hentry","category-senza-categoria","category-news-18","category-1","category-49","description-off"],"img_url":"https:\/\/www.radiopiu.net\/wordpress\/wp-content\/uploads\/2020\/05\/92023889_2864366423790354_7189324135909031936_n.jpg","_links":{"self":[{"href":"https:\/\/www.radiopiu.net\/wordpress\/wp-json\/wp\/v2\/posts\/137493","targetHints":{"allow":["GET"]}}],"collection":[{"href":"https:\/\/www.radiopiu.net\/wordpress\/wp-json\/wp\/v2\/posts"}],"about":[{"href":"https:\/\/www.radiopiu.net\/wordpress\/wp-json\/wp\/v2\/types\/post"}],"author":[{"embeddable":true,"href":"https:\/\/www.radiopiu.net\/wordpress\/wp-json\/wp\/v2\/users\/1"}],"replies":[{"embeddable":true,"href":"https:\/\/www.radiopiu.net\/wordpress\/wp-json\/wp\/v2\/comments?post=137493"}],"version-history":[{"count":0,"href":"https:\/\/www.radiopiu.net\/wordpress\/wp-json\/wp\/v2\/posts\/137493\/revisions"}],"wp:featuredmedia":[{"embeddable":true,"href":"https:\/\/www.radiopiu.net\/wordpress\/wp-json\/wp\/v2\/media\/137500"}],"wp:attachment":[{"href":"https:\/\/www.radiopiu.net\/wordpress\/wp-json\/wp\/v2\/media?parent=137493"}],"wp:term":[{"taxonomy":"category","embeddable":true,"href":"https:\/\/www.radiopiu.net\/wordpress\/wp-json\/wp\/v2\/categories?post=137493"},{"taxonomy":"post_tag","embeddable":true,"href":"https:\/\/www.radiopiu.net\/wordpress\/wp-json\/wp\/v2\/tags?post=137493"}],"curies":[{"name":"wp","href":"https:\/\/api.w.org\/{rel}","templated":true}]}}