{"id":137495,"date":"2020-05-13T16:40:35","date_gmt":"2020-05-13T14:40:35","guid":{"rendered":"https:\/\/www.radiopiu.net\/wordpress\/?p=137495"},"modified":"2020-05-13T19:58:40","modified_gmt":"2020-05-13T17:58:40","slug":"il-messaggio-dal-coro-agordo-in-attesa-dei-prossimi-concerti","status":"publish","type":"post","link":"https:\/\/www.radiopiu.net\/wordpress\/il-messaggio-dal-coro-agordo-in-attesa-dei-prossimi-concerti\/","title":{"rendered":"IL MESSAGGIO DAL CORO AGORDO IN ATTESA DEI PROSSIMI CONCERTI"},"content":{"rendered":"<div class=\"_1dwg _1w_m _q7o\" data-vc-ignore-dynamic=\"1\">\n<div id=\"js_1w\" class=\"_5pbx userContent _3ds9 _3576\" data-testid=\"post_message\" data-ft=\"{&quot;tn&quot;:&quot;K&quot;}\">\n<div class=\"_ohe lfloat\"><a class=\" _3mf5 _3mg0\" tabindex=\"-1\" href=\"https:\/\/www.facebook.com\/roberta.conedera?comment_id=Y29tbWVudDozODI3NDQ2MTIzOTM4OTA2XzM4Mjc3MTcyMDcyNDUxMzE%3D\" aria-hidden=\"true\" data-hovercard=\"\/ajax\/hovercard\/user.php?id=1811797759\">\u00a0<\/a><\/div>\n<div style=\"text-align: left;\"><a class=\" _3mf5 _3mg0\" tabindex=\"-1\" href=\"https:\/\/www.facebook.com\/roberta.conedera?comment_id=Y29tbWVudDozODI3NDQ2MTIzOTM4OTA2XzM4Mjc3MTcyMDcyNDUxMzE%3D\" aria-hidden=\"true\" data-hovercard=\"\/ajax\/hovercard\/user.php?id=1811797759\"><img loading=\"lazy\" decoding=\"async\" class=\"_3me- _3mf1 img alignleft\" src=\"https:\/\/scontent.fmxp1-1.fna.fbcdn.net\/v\/t1.0-1\/cp0\/c0.8.32.32a\/p32x32\/1972430_10200501409257037_1151353560_n.jpg?_nc_cat=106&amp;_nc_sid=7206a8&amp;_nc_ohc=xfVPJ2kVEgMAX8kkBih&amp;_nc_ht=scontent.fmxp1-1.fna&amp;oh=cdf33b918d49b2113d5f2403decda259&amp;oe=5EDFA97E\" alt=\"Roberta Conedera\" width=\"39\" height=\"39\" \/><\/a><strong>AGORDO<\/strong> \u00a0<a class=\"_6qw4\" href=\"https:\/\/www.facebook.com\/roberta.conedera?comment_id=Y29tbWVudDozODI3NDQ2MTIzOTM4OTA2XzM4Mjc3MTcyMDcyNDUxMzE%3D\" data-hovercard=\"\/ajax\/hovercard\/user.php?id=1811797759&amp;extragetparams={&quot;directed_target_id&quot;: &quot; &quot;}\">Roberta Conedera<\/a>\u00a0 direttore del Coro Agordo lancia un messaggio <span dir=\"ltr\"><span class=\"_3l3x\"><em>\u00a0&#8220;Anche se non ne sentiamo le voci. Il Coro \u00e8 nel cuore e nello spirito di chi si sta impegnando da casa per farlo vivere e rinascere appena si potr\u00e0. Vi aspettiamo ai nostri concerti per raccontarvi le nostre storie che poi sono quelle di tutti&#8221;.<\/em>\u00a0 E allora forza aggiungiamo noi per una ripartenza di slancio e a tutta musica, i sostenitori del buon canto di montagna non aspettano altro che risentire le nostre ugole d&#8217;oro per ri emozionarsi come da sempre. <em>&#8220;Infine &#8211; continua Roberta Conedera &#8211;\u00a0 una \u00a0riflessione per\u00a0 ricordare che, nonostante le difficolt\u00e0, noi ce la stiamo mettendo tutta per fare prove (in versione smart working) perch\u00e9 siamo certi che torneremo a cantare tutti insieme, prestissimo&#8221;<\/em><\/span><\/span><\/div>\n<blockquote><p><em>Quando la tempesta sar\u00e0 finita, probabilmente non saprai neanche tu come hai fatto ad attraversarla e a uscirne vivo. Anzi, non sarai neanche sicuro se sia finita per davvero. Ma su un punto non c&#8217;\u00e8 dubbio&#8230; Ed \u00e8 che tu, uscito da quel vento, non sarai lo stesso che vi \u00e8 entrato.\u201d<\/em><br \/>\n<em>H. Murakami<\/em><\/p><\/blockquote>\n<\/div>\n<div class=\"_3x-2\" data-ft=\"{&quot;tn&quot;:&quot;H&quot;}\"><\/div>\n<\/div>\n<div>\n<form id=\"u_0_1e\" class=\"commentable_item\" action=\"https:\/\/www.facebook.com\/ajax\/ufi\/modify.php\" method=\"post\" data-ft=\"{&quot;tn&quot;:&quot;]&quot;}\">\n<div class=\"_4299\">\n<div class=\"_3w53\">\n<div class=\"_3tz_ _7790\">\n<div class=\"_2pln\">\n<div>\n<div>\n<div class=\"_2pm1 _21ij\">\n<div class=\"_21iq uiPopover _6a\"><\/div>\n<\/div>\n<\/div>\n<\/div>\n<\/div>\n<\/div>\n<div>\n<div class=\"_4eek clearfix _4eez _7793 clearfix\" role=\"article\" aria-label=\"Commento\" data-ft=\"{&quot;tn&quot;:&quot;R&quot;,&quot;ct&quot;:&quot;Y29tbWVudDozODI3NDQ2MTIzOTM4OTA2XzM4Mjc3MTcyMDcyNDUxMzE=&quot;}\">\n<div class=\"\">\n<div class=\"_42ef\">\n<div>\n<div class=\"_6c7j\"><a class=\"dt-pswp-item\" href=\"https:\/\/www.radiopiu.net\/wordpress\/wp-content\/uploads\/2020\/05\/14711290_1700043873345819_8897715166893637203_o.jpg\" data-dt-img-description=\"\" data-large_image_width=\"960\" data-large_image_height=\"638\"><img loading=\"lazy\" decoding=\"async\" class=\"alignnone wp-image-137498 size-full\" src=\"https:\/\/www.radiopiu.net\/wordpress\/wp-content\/uploads\/2020\/05\/14711290_1700043873345819_8897715166893637203_o.jpg\" alt=\"\" width=\"960\" height=\"638\" srcset=\"https:\/\/www.radiopiu.net\/wordpress\/wp-content\/uploads\/2020\/05\/14711290_1700043873345819_8897715166893637203_o.jpg 960w, https:\/\/www.radiopiu.net\/wordpress\/wp-content\/uploads\/2020\/05\/14711290_1700043873345819_8897715166893637203_o-300x199.jpg 300w, https:\/\/www.radiopiu.net\/wordpress\/wp-content\/uploads\/2020\/05\/14711290_1700043873345819_8897715166893637203_o-768x510.jpg 768w\" sizes=\"auto, (max-width: 960px) 100vw, 960px\" \/><\/a><\/div>\n<\/div>\n<\/div>\n<\/div>\n<\/div>\n<\/div>\n<\/div>\n<\/div>\n<\/form>\n<\/div>\n","protected":false},"excerpt":{"rendered":"<p>\u00a0 AGORDO \u00a0Roberta Conedera\u00a0 direttore del Coro Agordo lancia un messaggio \u00a0&#8220;Anche se non ne sentiamo le voci. Il Coro \u00e8 nel cuore e nello spirito di chi si sta impegnando da casa per farlo vivere e rinascere appena si potr\u00e0. Vi aspettiamo ai nostri concerti per raccontarvi le nostre storie che poi sono quelle&hellip;<\/p>\n","protected":false},"author":1,"featured_media":137501,"comment_status":"closed","ping_status":"closed","sticky":false,"template":"","format":"standard","meta":{"_monsterinsights_skip_tracking":false,"_monsterinsights_sitenote_active":false,"_monsterinsights_sitenote_note":"","_monsterinsights_sitenote_category":0,"footnotes":""},"categories":[1,49],"tags":[],"class_list":["post-137495","post","type-post","status-publish","format-standard","has-post-thumbnail","hentry","category-senza-categoria","category-news-18","category-1","category-49","description-off"],"img_url":"https:\/\/www.radiopiu.net\/wordpress\/wp-content\/uploads\/2020\/05\/14883463_1700043070012566_3854220570916248897_o.jpg","_links":{"self":[{"href":"https:\/\/www.radiopiu.net\/wordpress\/wp-json\/wp\/v2\/posts\/137495","targetHints":{"allow":["GET"]}}],"collection":[{"href":"https:\/\/www.radiopiu.net\/wordpress\/wp-json\/wp\/v2\/posts"}],"about":[{"href":"https:\/\/www.radiopiu.net\/wordpress\/wp-json\/wp\/v2\/types\/post"}],"author":[{"embeddable":true,"href":"https:\/\/www.radiopiu.net\/wordpress\/wp-json\/wp\/v2\/users\/1"}],"replies":[{"embeddable":true,"href":"https:\/\/www.radiopiu.net\/wordpress\/wp-json\/wp\/v2\/comments?post=137495"}],"version-history":[{"count":0,"href":"https:\/\/www.radiopiu.net\/wordpress\/wp-json\/wp\/v2\/posts\/137495\/revisions"}],"wp:featuredmedia":[{"embeddable":true,"href":"https:\/\/www.radiopiu.net\/wordpress\/wp-json\/wp\/v2\/media\/137501"}],"wp:attachment":[{"href":"https:\/\/www.radiopiu.net\/wordpress\/wp-json\/wp\/v2\/media?parent=137495"}],"wp:term":[{"taxonomy":"category","embeddable":true,"href":"https:\/\/www.radiopiu.net\/wordpress\/wp-json\/wp\/v2\/categories?post=137495"},{"taxonomy":"post_tag","embeddable":true,"href":"https:\/\/www.radiopiu.net\/wordpress\/wp-json\/wp\/v2\/tags?post=137495"}],"curies":[{"name":"wp","href":"https:\/\/api.w.org\/{rel}","templated":true}]}}